{"id":100232,"date":"2025-12-09T12:53:36","date_gmt":"2025-12-09T11:53:36","guid":{"rendered":"https:\/\/www.nebrija.com\/medios\/actualidadnebrija\/?p=100232"},"modified":"2025-12-09T12:53:36","modified_gmt":"2025-12-09T11:53:36","slug":"economia-espanola-talento-cualificado-pwc","status":"publish","type":"post","link":"https:\/\/www.nebrija.com\/medios\/actualidadnebrija\/2025\/12\/09\/economia-espanola-talento-cualificado-pwc\/","title":{"rendered":"La econom\u00eda espa\u00f1ola alerta de la escasez del talento cualificado"},"content":{"rendered":"<p>La falta de talento cualificado se consolida como uno de los principales frenos estructurales de la econom\u00eda espa\u00f1ola. As\u00ed lo advierte el informe del <strong>Consenso Econ\u00f3mico y Empresarial, correspondiente al cuarto trimestre del a\u00f1o,<\/strong>\u00a0que elabora<a href=\"https:\/\/www.pwc.es\/es\">\u00a0PwC<\/a> desde 1999, a partir de la opini\u00f3n de un panel de 450 expertos, empresarios y directivos.<strong>\u00a0<\/strong>El economista y profesor\u00a0<strong>Fernando Tom\u00e9<\/strong>\u00a0(Universidad Nebrija) participa en este an\u00e1lisis.<\/p>\n<p>El <a href=\"https:\/\/www.pwc.es\/es\/publicaciones\/economia\/consenso-economico-empresarial-cuarto-trimestre-2025.html\">informe<\/a> subraya que miles de vacantes contin\u00faan sin cubrirse cada a\u00f1o en sectores estrat\u00e9gicos como tecnolog\u00eda, ingenier\u00eda, salud o industria avanzada, pese a que Espa\u00f1a mantiene una de las tasas de desempleo m\u00e1s elevadas de la UE. Esta paradoja, se\u00f1alan los autores, refleja una brecha creciente entre las necesidades reales de las empresas y la formaci\u00f3n de los profesionales disponibles.<\/p>\n<p>El impacto de la inteligencia artificial sobre este escenario es otro de los puntos clave del estudio. El 62 % de los encuestados cree que la IA generar\u00e1 nuevas oportunidades laborales, aunque advierten de que esto solo ocurrir\u00e1 si el sistema educativo y formativo es capaz de adaptarse con rapidez a las nuevas competencias que exige la digitalizaci\u00f3n. Un 19 % considera, por el contrario, que la IA podr\u00eda ampliar la brecha de talento por la falta de perfiles cualificados. La conclusi\u00f3n general apunta a un desaf\u00edo urgente: actualizar la educaci\u00f3n y la formaci\u00f3n para no quedar rezagados en un mercado laboral en transformaci\u00f3n acelerada.<\/p>\n<h3><strong>Cambios en el sistema educativo<\/strong><\/h3>\n<p>La encuesta identifica con claridad las ra\u00edces del problema. Un 43 % de los panelistas atribuye la falta de talento a la escasa conexi\u00f3n entre el sistema educativo y las necesidades reales del mercado laboral, mientras que un 21 % destaca la insuficiente inversi\u00f3n en formaci\u00f3n y la falta de preparaci\u00f3n del profesorado ante los retos tecnol\u00f3gicos. A estas causas se suman otros factores, como la poca competitividad salarial \u2014apuntada por otro 21 %\u2014 o la limitada oferta de formaci\u00f3n profesional especializada. En conjunto, el diagn\u00f3stico se\u00f1ala un ecosistema formativo que necesita cambios profundos para garantizar perfiles preparados y alineados con la demanda empresarial.<\/p>\n<p>El estudio tambi\u00e9n analiza otros elementos que influyen en la productividad y en el desarrollo del talento. El 48,8 % de los expertos considera que la falta de talento cualificado es el principal lastre de la productividad en Espa\u00f1a, mientras que la temporalidad y la alta rotaci\u00f3n laboral siguen consider\u00e1ndose obst\u00e1culos. Tras la reforma laboral, la temporalidad ha descendido al 15 %, pero un 58 % de los encuestados cree que a\u00fan dificulta la formaci\u00f3n y las posibilidades de promoci\u00f3n. Adem\u00e1s, m\u00e1s de la mitad estima que los frecuentes cambios de empleo \u2014que afectan a 3,4 millones de personas cada trimestre\u2014 erosionan la continuidad del aprendizaje y la especializaci\u00f3n de los trabajadores.<\/p>\n<h3><strong>Pol\u00edticas s\u00f3lidas de integraci\u00f3n y formaci\u00f3n profesional<\/strong><\/h3>\n<p>Por \u00faltimo, la encuesta aborda posibles soluciones. Casi la mitad de los participantes la apoyar\u00eda una regularizaci\u00f3n extraordinaria de inmigrantes solo si va acompa\u00f1ada de pol\u00edticas s\u00f3lidas de integraci\u00f3n y formaci\u00f3n profesional. El estudio concluye que Espa\u00f1a no solo enfrenta un problema coyuntural, sino un reto estructural en la formaci\u00f3n del talento, cuya resoluci\u00f3n exige una transformaci\u00f3n coordinada entre empresas, administraciones y el sistema educativo. De lo contrario, advierten los expertos, el pa\u00eds corre el riesgo de impedir su propio crecimiento econ\u00f3mico en los pr\u00f3ximos a\u00f1os.<\/p>\n","protected":false},"excerpt":{"rendered":"<p>El economista y profesor Fernando Tom\u00e9 participa en este panel de 450 expertos, empresarios y directivos.\u00a0<\/p>\n","protected":false},"author":326,"featured_media":100233,"comment_status":"open","ping_status":"open","sticky":false,"template":"","format":"standard","meta":{"_acf_changed":false,"_monsterinsights_skip_tracking":false,"_monsterinsights_sitenote_active":false,"_monsterinsights_sitenote_note":"","_monsterinsights_sitenote_category":0,"footnotes":""},"categories":[3,5017],"tags":[3357,6777,4182,4377],"acf":[],"yoast_head":"<!-- This site is optimized with the Yoast SEO plugin v22.1 - https:\/\/yoast.com\/wordpress\/plugins\/seo\/ -->\n<title>La econom\u00eda espa\u00f1ola alerta de la escasez del talento cualificado - Actualidad Nebrija<\/title>\n<meta name=\"description\" content=\"La econom\u00eda espa\u00f1ola alerta de la escasez del talento cualificado. Esta conclusi\u00f3n corresponde al informe elaborado por PwC.\" \/>\n<meta name=\"robots\" content=\"index, follow, max-snippet:-1, max-image-preview:large, max-video-preview:-1\" \/>\n<link rel=\"canonical\" href=\"https:\/\/www.nebrija.com\/medios\/actualidadnebrija\/2025\/12\/09\/economia-espanola-talento-cualificado-pwc\/\" \/>\n<meta property=\"og:locale\" content=\"es_ES\" \/>\n<meta property=\"og:type\" content=\"article\" \/>\n<meta property=\"og:title\" content=\"La econom\u00eda espa\u00f1ola alerta de la escasez del talento cualificado - Actualidad Nebrija\" \/>\n<meta property=\"og:description\" content=\"La econom\u00eda espa\u00f1ola alerta de la escasez del talento cualificado. Esta conclusi\u00f3n corresponde al informe elaborado por PwC.\" \/>\n<meta property=\"og:url\" content=\"https:\/\/www.nebrija.com\/medios\/actualidadnebrija\/2025\/12\/09\/economia-espanola-talento-cualificado-pwc\/\" \/>\n<meta property=\"og:site_name\" content=\"Actualidad Nebrija\" \/>\n<meta property=\"article:published_time\" content=\"2025-12-09T11:53:36+00:00\" \/>\n<meta property=\"og:image\" content=\"https:\/\/www.nebrija.com\/medios\/actualidadnebrija\/wp-content\/uploads\/sites\/2\/2025\/12\/shutterstock_2218109627.jpg\" \/>\n\t<meta property=\"og:image:width\" content=\"1100\" \/>\n\t<meta property=\"og:image:height\" content=\"770\" \/>\n\t<meta property=\"og:image:type\" content=\"image\/jpeg\" \/>\n<meta name=\"author\" content=\"jpicos\" \/>\n<meta name=\"twitter:card\" content=\"summary_large_image\" \/>\n<meta name=\"twitter:label1\" content=\"Escrito por\" \/>\n\t<meta name=\"twitter:data1\" content=\"jpicos\" \/>\n\t<meta name=\"twitter:label2\" content=\"Tiempo de lectura\" \/>\n\t<meta name=\"twitter:data2\" content=\"3 minutos\" \/>\n<!-- \/ Yoast SEO plugin. -->","yoast_head_json":{"title":"La econom\u00eda espa\u00f1ola alerta de la escasez del talento cualificado - Actualidad Nebrija","description":"La econom\u00eda espa\u00f1ola alerta de la escasez del talento cualificado. Esta conclusi\u00f3n corresponde al informe elaborado por PwC.","robots":{"index":"index","follow":"follow","max-snippet":"max-snippet:-1","max-image-preview":"max-image-preview:large","max-video-preview":"max-video-preview:-1"},"canonical":"https:\/\/www.nebrija.com\/medios\/actualidadnebrija\/2025\/12\/09\/economia-espanola-talento-cualificado-pwc\/","og_locale":"es_ES","og_type":"article","og_title":"La econom\u00eda espa\u00f1ola alerta de la escasez del talento cualificado - Actualidad Nebrija","og_description":"La econom\u00eda espa\u00f1ola alerta de la escasez del talento cualificado. Esta conclusi\u00f3n corresponde al informe elaborado por PwC.","og_url":"https:\/\/www.nebrija.com\/medios\/actualidadnebrija\/2025\/12\/09\/economia-espanola-talento-cualificado-pwc\/","og_site_name":"Actualidad Nebrija","article_published_time":"2025-12-09T11:53:36+00:00","og_image":[{"width":1100,"height":770,"url":"https:\/\/www.nebrija.com\/medios\/actualidadnebrija\/wp-content\/uploads\/sites\/2\/2025\/12\/shutterstock_2218109627.jpg","type":"image\/jpeg"}],"author":"jpicos","twitter_card":"summary_large_image","twitter_misc":{"Escrito por":"jpicos","Tiempo de lectura":"3 minutos"},"schema":{"@context":"https:\/\/schema.org","@graph":[{"@type":"WebPage","@id":"https:\/\/www.nebrija.com\/medios\/actualidadnebrija\/2025\/12\/09\/economia-espanola-talento-cualificado-pwc\/","url":"https:\/\/www.nebrija.com\/medios\/actualidadnebrija\/2025\/12\/09\/economia-espanola-talento-cualificado-pwc\/","name":"La econom\u00eda espa\u00f1ola alerta de la escasez del talento cualificado - Actualidad Nebrija","isPartOf":{"@id":"https:\/\/www.nebrija.com\/medios\/actualidadnebrija\/#website"},"datePublished":"2025-12-09T11:53:36+00:00","dateModified":"2025-12-09T11:53:36+00:00","author":{"@id":"https:\/\/www.nebrija.com\/medios\/actualidadnebrija\/#\/schema\/person\/0cd40b7dd3f54459e2cfc009dbd255c6"},"description":"La econom\u00eda espa\u00f1ola alerta de la escasez del talento cualificado. Esta conclusi\u00f3n corresponde al informe elaborado por PwC.","breadcrumb":{"@id":"https:\/\/www.nebrija.com\/medios\/actualidadnebrija\/2025\/12\/09\/economia-espanola-talento-cualificado-pwc\/#breadcrumb"},"inLanguage":"es","potentialAction":[{"@type":"ReadAction","target":["https:\/\/www.nebrija.com\/medios\/actualidadnebrija\/2025\/12\/09\/economia-espanola-talento-cualificado-pwc\/"]}]},{"@type":"BreadcrumbList","@id":"https:\/\/www.nebrija.com\/medios\/actualidadnebrija\/2025\/12\/09\/economia-espanola-talento-cualificado-pwc\/#breadcrumb","itemListElement":[{"@type":"ListItem","position":1,"name":"Home","item":"https:\/\/www.nebrija.com\/medios\/actualidadnebrija\/"},{"@type":"ListItem","position":2,"name":"La econom\u00eda espa\u00f1ola alerta de la escasez del talento cualificado"}]},{"@type":"WebSite","@id":"https:\/\/www.nebrija.com\/medios\/actualidadnebrija\/#website","url":"https:\/\/www.nebrija.com\/medios\/actualidadnebrija\/","name":"Actualidad Nebrija","description":"Noticias de la Universidad Nebrija","potentialAction":[{"@type":"SearchAction","target":{"@type":"EntryPoint","urlTemplate":"https:\/\/www.nebrija.com\/medios\/actualidadnebrija\/?s={search_term_string}"},"query-input":"required name=search_term_string"}],"inLanguage":"es"},{"@type":"Person","@id":"https:\/\/www.nebrija.com\/medios\/actualidadnebrija\/#\/schema\/person\/0cd40b7dd3f54459e2cfc009dbd255c6","name":"jpicos","image":{"@type":"ImageObject","inLanguage":"es","@id":"https:\/\/www.nebrija.com\/medios\/actualidadnebrija\/#\/schema\/person\/image\/","url":"https:\/\/secure.gravatar.com\/avatar\/c4a1005cff3fd9bb5185e9671f4f3e9b?s=96&d=mm&r=g","contentUrl":"https:\/\/secure.gravatar.com\/avatar\/c4a1005cff3fd9bb5185e9671f4f3e9b?s=96&d=mm&r=g","caption":"jpicos"},"url":"https:\/\/www.nebrija.com\/medios\/actualidadnebrija\/author\/jpicos\/"}]}},"_links":{"self":[{"href":"https:\/\/www.nebrija.com\/medios\/actualidadnebrija\/wp-json\/wp\/v2\/posts\/100232"}],"collection":[{"href":"https:\/\/www.nebrija.com\/medios\/actualidadnebrija\/wp-json\/wp\/v2\/posts"}],"about":[{"href":"https:\/\/www.nebrija.com\/medios\/actualidadnebrija\/wp-json\/wp\/v2\/types\/post"}],"author":[{"embeddable":true,"href":"https:\/\/www.nebrija.com\/medios\/actualidadnebrija\/wp-json\/wp\/v2\/users\/326"}],"replies":[{"embeddable":true,"href":"https:\/\/www.nebrija.com\/medios\/actualidadnebrija\/wp-json\/wp\/v2\/comments?post=100232"}],"version-history":[{"count":1,"href":"https:\/\/www.nebrija.com\/medios\/actualidadnebrija\/wp-json\/wp\/v2\/posts\/100232\/revisions"}],"predecessor-version":[{"id":100234,"href":"https:\/\/www.nebrija.com\/medios\/actualidadnebrija\/wp-json\/wp\/v2\/posts\/100232\/revisions\/100234"}],"wp:featuredmedia":[{"embeddable":true,"href":"https:\/\/www.nebrija.com\/medios\/actualidadnebrija\/wp-json\/wp\/v2\/media\/100233"}],"wp:attachment":[{"href":"https:\/\/www.nebrija.com\/medios\/actualidadnebrija\/wp-json\/wp\/v2\/media?parent=100232"}],"wp:term":[{"taxonomy":"category","embeddable":true,"href":"https:\/\/www.nebrija.com\/medios\/actualidadnebrija\/wp-json\/wp\/v2\/categories?post=100232"},{"taxonomy":"post_tag","embeddable":true,"href":"https:\/\/www.nebrija.com\/medios\/actualidadnebrija\/wp-json\/wp\/v2\/tags?post=100232"}],"curies":[{"name":"wp","href":"https:\/\/api.w.org\/{rel}","templated":true}]}}