{"id":100294,"date":"2025-12-15T11:03:28","date_gmt":"2025-12-15T10:03:28","guid":{"rendered":"https:\/\/www.nebrija.com\/medios\/actualidadnebrija\/?p=100294"},"modified":"2025-12-15T11:03:28","modified_gmt":"2025-12-15T10:03:28","slug":"matilde-pelegri-la-fundacion-edadvida-y-hablando-en-plata-premios-belsilver-2025","status":"publish","type":"post","link":"https:\/\/www.nebrija.com\/medios\/actualidadnebrija\/2025\/12\/15\/matilde-pelegri-la-fundacion-edadvida-y-hablando-en-plata-premios-belsilver-2025\/","title":{"rendered":"Matilde Pelegr\u00ed, la Fundaci\u00f3n Edad&amp;Vida y Hablando en Plata, Premios BELSILVER 2025"},"content":{"rendered":"<p>La primera edici\u00f3n de los Premios BELSILVER, una iniciativa de la <a href=\"https:\/\/www.nebrija.com\/catedras\/nebrija-loreal-groupe\/\">C\u00e1tedra BELSILVER Nebrija-L\u2019Or\u00e9al Groupe en Comunicaci\u00f3n, Imagen y Bienestar de la Generaci\u00f3n Silver<\/a>, ya tiene ganadores: la empresaria Matilde Pelegr\u00ed, en la categor\u00eda de Persona F\u00edsica; la Fundaci\u00f3n Edad&amp;Vida, en la categor\u00eda de Instituciones\/Asociaciones; y el programa <em>Hablando en Plata<\/em>, de Atresmedia, en la categor\u00eda de Medios de comunicaci\u00f3n.<\/p>\n<p>La Facultad de Comunicaci\u00f3n y Artes de la Universidad Nebrija, en su campus de Madrid\u2013San Francisco de Sales, alberg\u00f3 un encuentro que reconoci\u00f3 el impulso de las nuevas miradas sobre la generaci\u00f3n <em>silver<\/em> (de m\u00e1s de 55 a\u00f1os) integradas en proyectos e iniciativas que \u201ccontribuyen a una representaci\u00f3n actual, diversa y rigurosa de los <em>silver<\/em> en el \u00e1mbito de la comunicaci\u00f3n, la imagen y el bienestar\u201d.<\/p>\n<p><img loading=\"lazy\" decoding=\"async\" class=\"alignnone size-full wp-image-100307\" src=\"https:\/\/www.nebrija.com\/medios\/actualidadnebrija\/wp-content\/uploads\/sites\/2\/2025\/12\/Premios-Belsilver-2025-13.jpg\" alt=\"\" width=\"1100\" height=\"734\" \/><\/p>\n<p>Matilde Pelegr\u00ed, fundadora y presidenta de <a href=\"https:\/\/www.gruposenda.es\">Grupo Senda<\/a>, grupo editorial fundado en 1986 con especial dedicaci\u00f3n al colectivo senior, y presidenta de la <a href=\"https:\/\/fundacionmayoresdehoy.org\">Fundaci\u00f3n Mayores de Hoy<\/a>, record\u00f3 que la publicaci\u00f3n <em>Senior 50<\/em> comenz\u00f3 su andadura en los inicios del siglo XXI tratando temas como el envejecimiento activo con \u201cla sensaci\u00f3n de arar en el desierto\u201d. A partir de ah\u00ed hubo otras iniciativas de comunicaci\u00f3n y de empresa. \u201cLa generaci\u00f3n<em> silver<\/em> est\u00e1 de moda, se habla mucho de nosotros, pero a veces no desde una perspectiva real, por eso animo a la C\u00e1tedra a seguir en esta l\u00ednea\u201d.<\/p>\n<p><img loading=\"lazy\" decoding=\"async\" class=\"alignnone wp-image-100303 size-full\" src=\"https:\/\/www.nebrija.com\/medios\/actualidadnebrija\/wp-content\/uploads\/sites\/2\/2025\/12\/Premios-Belsilver-2025-9.jpg\" alt=\"\" width=\"1100\" height=\"734\" \/><\/p>\n<h3><strong>Envejecer con calidad de vida<\/strong><\/h3>\n<p>En el acto auspiciado por la Universidad Nebrija, Maria Jos\u00e9 Abraham, directora de la <a href=\"https:\/\/www.edad-vida.org\/\">Fundaci\u00f3n Edad&amp;Vida<\/a>, recogi\u00f3 el premio en la categor\u00eda de Instituciones\/Asociaciones. \u201cCuando nadie hablaba de envejecimiento surgi\u00f3 un grupo de empresarios locos que vio que el cambio demogr\u00e1fico era una realidad que no pod\u00edamos parar. Envejecer con calidad de vida es un proceso al que todos nos sentiremos abocados y debemos planificarlo con la mayor dignidad posible\u201d, afirm\u00f3.<\/p>\n<p>Fundaci\u00f3n Edad&amp;Vida es una entidad de referencia en el \u00e1mbito del envejecimiento activo, la calidad de vida y la longevidad en Espa\u00f1a. Impulsa desde hace m\u00e1s de veinte a\u00f1os estudios, propuestas de pol\u00edtica p\u00fablica e innovaci\u00f3n social dirigidas a mejorar el bienestar de las personas mayores desde una perspectiva positiva, t\u00e9cnica y no asistencialista.<\/p>\n<p><img loading=\"lazy\" decoding=\"async\" class=\"alignnone size-full wp-image-100298\" src=\"https:\/\/www.nebrija.com\/medios\/actualidadnebrija\/wp-content\/uploads\/sites\/2\/2025\/12\/Premios-Belsilver-2025-4.jpg\" alt=\"\" width=\"1100\" height=\"734\" \/><\/p>\n<h3><strong>Galard\u00f3n a <em>Hablando en Plata<\/em><\/strong><\/h3>\n<p>En representaci\u00f3n de <a href=\"https:\/\/www.hablandoenplata.es\/\">Hablando en Plata<\/a>, su directora, Raquel del Castillo, se refiri\u00f3 al \u201cprop\u00f3sito transformador\u201d del programa, que pone en valor a las personas mayores y combate el edadismo: \u201cLas personas mayores han de situarse en el centro del debate p\u00fablico, no como un colectivo vulnerable, sino como una parte valiosa de nuestra sociedad\u201d.<\/p>\n<p><em>Hablando en plata<\/em> es un programa especial de Antena 3 y La Sexta, sobre el mundo senior, que cuenta con la presentadora Sonsoles \u00d3nega y ha lanzado entre otras iniciativas el <a href=\"https:\/\/www.antena3.com\/noticias\/sociedad\/barometro-e\">Primer Bar\u00f3metro de Edadismo<\/a>, una radiograf\u00eda del problema de la discriminaci\u00f3n por raz\u00f3n de edad que sufren los mayores de 55 a\u00f1os.<\/p>\n<p><img loading=\"lazy\" decoding=\"async\" class=\"alignnone size-full wp-image-100301\" src=\"https:\/\/www.nebrija.com\/medios\/actualidadnebrija\/wp-content\/uploads\/sites\/2\/2025\/12\/Premios-Belsilver-2025-7.jpg\" alt=\"\" width=\"1100\" height=\"734\" \/><\/p>\n<p>Adem\u00e1s de los galardonados, la primera edici\u00f3n de los Premios BELSILVER tambi\u00e9n distingui\u00f3 la labor de los finalistas C\u00e8lia Hil (consultora, formadora y conferenciante sobre talento s\u00e9nior), I\u00f1aki Ortega (director general de LLYC en Madrid y autor de <em>La revoluci\u00f3n de\u00a0 las canas<\/em> y <em>De los zeta a los silvers<\/em>), la Fundaci\u00f3n MAPFRE y su programa Generaci\u00f3n S\u00e9nior, la Fundaci\u00f3n \u201cla Caixa\u201d y su Programa de Personas Mayores, el medio digital <em>65ym\u00e1s<\/em>, y el diario digital <em>El Espa\u00f1ol<\/em> y su Foro sobre <em>Silver Economy<\/em>.<\/p>\n<h3><strong>Transferencia social<\/strong><\/h3>\n<p>En representaci\u00f3n de un jurado compuesto por una docena de personalidades del mundo de la empresa, la comunicaci\u00f3n y la academia, entregaron los premios Encarna Samitier, presidenta del diario <em>20minutos<\/em>; Agust\u00edn Medina y Francisco Gonz\u00e1lez, socios fundadores de Presidentex; y Javier L\u00f3pez Zafra, secretario del Consejo y director de Relaciones Institucionales de L\u2019Or\u00e9al Groupe Espa\u00f1a y Portugal.<\/p>\n<p><img loading=\"lazy\" decoding=\"async\" class=\"alignnone size-full wp-image-100296\" src=\"https:\/\/www.nebrija.com\/medios\/actualidadnebrija\/wp-content\/uploads\/sites\/2\/2025\/12\/Premios-Belsilver-2025-2.jpg\" alt=\"\" width=\"1100\" height=\"734\" \/><\/p>\n<p>Marta Perlado, directora de la C\u00e1tedra BELSILVER Nebrija-L\u2019Or\u00e9al Groupe en Comunicaci\u00f3n, Imagen y Bienestar de la Generaci\u00f3n Silver y decana de la Facultad de Comunicaci\u00f3n y Artes de la Universidad Nebrija, mostr\u00f3 su agradecimiento a L\u2019Or\u00e9al Groupe, Presidentex y Nebrija en \u201cuna uni\u00f3n de universidad y empresa con el objetivo de la transferencia social\u201d.<\/p>\n<p>Como cierre del acto, Gregorio Mart\u00ednez, director de Relaciones Institucionales de la Universidad Nebrija, felicit\u00f3 a la C\u00e1tedra por su implicaci\u00f3n en la conversaci\u00f3n social para que la generaci\u00f3n <em>silver sea <\/em>entendida \u201ccomo parte de una soluci\u00f3n y no un problema\u201d.<\/p>\n<p>La gala, conducida por la periodista y profesora Laura M. Ot\u00f3n, tambi\u00e9n cont\u00f3 con v\u00eddeos relacionados con la C\u00e1tedra y los galardonados, con un desayuno de intercambio de ideas y con una <em>performance<\/em> de lectura de fragmentos de poemas sobre \u201cel paso del tiempo, la plenitud de vivir y el poder de ser y de estar presentes\u201d. M\u00f3nica Asensio, alumna egresada del grado en Artes Esc\u00e9nicas de la Universidad Nebrija, alent\u00f3 a todos a no perderse el ahora de una vida hecha solo de momentos.<\/p>\n<p><img loading=\"lazy\" decoding=\"async\" class=\"alignnone size-full wp-image-100305\" src=\"https:\/\/www.nebrija.com\/medios\/actualidadnebrija\/wp-content\/uploads\/sites\/2\/2025\/12\/Premios-Belsilver-2025-11.jpg\" alt=\"\" width=\"1100\" height=\"734\" \/><\/p>\n<h3><strong>Estudios y colaboraciones<\/strong><\/h3>\n<p>La C\u00e1tedra BELSILVER Nebrija-L\u2019Or\u00e9al Groupe en Comunicaci\u00f3n, Imagen y Bienestar de la Generaci\u00f3n Silver ofrece un espacio de an\u00e1lisis y debate donde investigadores especializados exploran la generaci\u00f3n <em>silver<\/em> desde el punto de vista de su comportamiento de consumo y su relaci\u00f3n con los medios de comunicaci\u00f3n. La C\u00e1tedra cuenta con la colaboraci\u00f3n de <a href=\"https:\/\/presidentex.com\/\">Presidentex<\/a>, un laboratorio de ideas con amplia experiencia en consultor\u00eda y asesoramiento estrat\u00e9gico.<\/p>\n<p>Uno de los \u00faltimos hitos de la C\u00e1tedra es el I Estudio en Comunicaci\u00f3n, Imagen y Bienestar de la Generaci\u00f3n Silver, en la que han participado Presidentex, Toluna, Inma Arag\u00f3n, The ROOM Research &amp; Solutions y Symanto Psychology AI, as\u00ed como el equipo investigador asignado a la c\u00e1tedra de la Facultad de Comunicaci\u00f3n y Artes de la Universidad Nebrija.<\/p>\n<p>Seg\u00fan el informe, las mujeres de entre 55 y 75 a\u00f1os son las responsables de la mitad de todo el consumo femenino de productos de belleza en Espa\u00f1a. Contando con ambos sexos, la generaci\u00f3n <em>silver<\/em> supone el 28 % de la poblaci\u00f3n y es la que tiene un mayor poder adquisitivo. Representa el 60 % del consumo privado y el 25 % del PIB.<\/p>\n<p><em>Texto: Javier Picos \/ Fotos: Zaida del R\u00edo.<\/em><\/p>\n\n\t\t<style type=\"text\/css\">\n\t\t\t#gallery-1 {\n\t\t\t\tmargin: auto;\n\t\t\t}\n\t\t\t#gallery-1 .gallery-item {\n\t\t\t\tfloat: left;\n\t\t\t\tmargin-top: 10px;\n\t\t\t\ttext-align: center;\n\t\t\t\twidth: 33%;\n\t\t\t}\n\t\t\t#gallery-1 img {\n\t\t\t\tborder: 2px solid #cfcfcf;\n\t\t\t}\n\t\t\t#gallery-1 .gallery-caption {\n\t\t\t\tmargin-left: 0;\n\t\t\t}\n\t\t\t\/* see gallery_shortcode() in wp-includes\/media.php *\/\n\t\t<\/style>\n\t\t<div id='gallery-1' class='gallery galleryid-100294 gallery-columns-3 gallery-size-thumbnail'><dl class='gallery-item'>\n\t\t\t<dt class='gallery-icon landscape'>\n\t\t\t\t<a href='https:\/\/www.nebrija.com\/medios\/actualidadnebrija\/wp-content\/uploads\/sites\/2\/2025\/12\/Premios-Belsilver-2025-10.jpg'><img loading=\"lazy\" decoding=\"async\" width=\"150\" height=\"100\" src=\"https:\/\/www.nebrija.com\/medios\/actualidadnebrija\/wp-content\/uploads\/sites\/2\/2025\/12\/Premios-Belsilver-2025-10-150x100.jpg\" class=\"attachment-thumbnail size-thumbnail\" alt=\"\" \/><\/a>\n\t\t\t<\/dt><\/dl><dl class='gallery-item'>\n\t\t\t<dt class='gallery-icon landscape'>\n\t\t\t\t<a href='https:\/\/www.nebrija.com\/medios\/actualidadnebrija\/wp-content\/uploads\/sites\/2\/2025\/12\/Premios-Belsilver-2025-8.jpg'><img loading=\"lazy\" decoding=\"async\" width=\"150\" height=\"100\" src=\"https:\/\/www.nebrija.com\/medios\/actualidadnebrija\/wp-content\/uploads\/sites\/2\/2025\/12\/Premios-Belsilver-2025-8-150x100.jpg\" class=\"attachment-thumbnail size-thumbnail\" alt=\"\" \/><\/a>\n\t\t\t<\/dt><\/dl><dl class='gallery-item'>\n\t\t\t<dt class='gallery-icon landscape'>\n\t\t\t\t<a href='https:\/\/www.nebrija.com\/medios\/actualidadnebrija\/wp-content\/uploads\/sites\/2\/2025\/12\/Premios-Belsilver-2025-6.jpg'><img loading=\"lazy\" decoding=\"async\" width=\"150\" height=\"100\" src=\"https:\/\/www.nebrija.com\/medios\/actualidadnebrija\/wp-content\/uploads\/sites\/2\/2025\/12\/Premios-Belsilver-2025-6-150x100.jpg\" class=\"attachment-thumbnail size-thumbnail\" alt=\"\" \/><\/a>\n\t\t\t<\/dt><\/dl><br style=\"clear: both\" \/><dl class='gallery-item'>\n\t\t\t<dt class='gallery-icon landscape'>\n\t\t\t\t<a href='https:\/\/www.nebrija.com\/medios\/actualidadnebrija\/wp-content\/uploads\/sites\/2\/2025\/12\/Premios-Belsilver-2025-5.jpg'><img loading=\"lazy\" decoding=\"async\" width=\"150\" height=\"100\" src=\"https:\/\/www.nebrija.com\/medios\/actualidadnebrija\/wp-content\/uploads\/sites\/2\/2025\/12\/Premios-Belsilver-2025-5-150x100.jpg\" class=\"attachment-thumbnail size-thumbnail\" alt=\"\" \/><\/a>\n\t\t\t<\/dt><\/dl><dl class='gallery-item'>\n\t\t\t<dt class='gallery-icon landscape'>\n\t\t\t\t<a href='https:\/\/www.nebrija.com\/medios\/actualidadnebrija\/wp-content\/uploads\/sites\/2\/2025\/12\/Premios-Belsilver-2025-3.jpg'><img loading=\"lazy\" decoding=\"async\" width=\"150\" height=\"100\" src=\"https:\/\/www.nebrija.com\/medios\/actualidadnebrija\/wp-content\/uploads\/sites\/2\/2025\/12\/Premios-Belsilver-2025-3-150x100.jpg\" class=\"attachment-thumbnail size-thumbnail\" alt=\"\" \/><\/a>\n\t\t\t<\/dt><\/dl><dl class='gallery-item'>\n\t\t\t<dt class='gallery-icon landscape'>\n\t\t\t\t<a href='https:\/\/www.nebrija.com\/medios\/actualidadnebrija\/wp-content\/uploads\/sites\/2\/2025\/12\/Premios-Belsilver-2025-1.jpg'><img loading=\"lazy\" decoding=\"async\" width=\"150\" height=\"100\" src=\"https:\/\/www.nebrija.com\/medios\/actualidadnebrija\/wp-content\/uploads\/sites\/2\/2025\/12\/Premios-Belsilver-2025-1-150x100.jpg\" class=\"attachment-thumbnail size-thumbnail\" alt=\"\" \/><\/a>\n\t\t\t<\/dt><\/dl><br style=\"clear: both\" \/>\n\t\t<\/div>\n\n","protected":false},"excerpt":{"rendered":"<p>Los galardones son una iniciativa de la C\u00e1tedra BELSILVER Nebrija-L\u2019Or\u00e9al Groupe en Comunicaci\u00f3n, Imagen y Bienestar de la Generaci\u00f3n Silver.<\/p>\n","protected":false},"author":326,"featured_media":100306,"comment_status":"open","ping_status":"open","sticky":false,"template":"","format":"standard","meta":{"_acf_changed":false,"_monsterinsights_skip_tracking":false,"_monsterinsights_sitenote_active":false,"_monsterinsights_sitenote_note":"","_monsterinsights_sitenote_category":0,"footnotes":""},"categories":[3050],"tags":[6118,6114,6253,3124,6787,6788,4298,6786,4218,6790,3780,6791,6792,6117,6789,6116],"acf":[],"yoast_head":"<!-- This site is optimized with the Yoast SEO plugin v22.1 - https:\/\/yoast.com\/wordpress\/plugins\/seo\/ -->\n<title>Matilde Pelegr\u00ed, la Fundaci\u00f3n Edad&amp;Vida y Hablando en Plata, Premios BELSILVER 2025 - Actualidad Nebrija<\/title>\n<meta name=\"description\" content=\"Matilde Pelegr\u00ed, la Fundaci\u00f3n Edad&amp;Vida y Hablando en Plata, Premios BELSILVER 2025, en su primera edici\u00f3n.\" \/>\n<meta name=\"robots\" content=\"index, follow, max-snippet:-1, max-image-preview:large, max-video-preview:-1\" \/>\n<link rel=\"canonical\" href=\"https:\/\/www.nebrija.com\/medios\/actualidadnebrija\/2025\/12\/15\/matilde-pelegri-la-fundacion-edadvida-y-hablando-en-plata-premios-belsilver-2025\/\" \/>\n<meta property=\"og:locale\" content=\"es_ES\" \/>\n<meta property=\"og:type\" content=\"article\" \/>\n<meta property=\"og:title\" content=\"Matilde Pelegr\u00ed, la Fundaci\u00f3n Edad&amp;Vida y Hablando en Plata, Premios BELSILVER 2025 - Actualidad Nebrija\" \/>\n<meta property=\"og:description\" content=\"Matilde Pelegr\u00ed, la Fundaci\u00f3n Edad&amp;Vida y Hablando en Plata, Premios BELSILVER 2025, en su primera edici\u00f3n.\" \/>\n<meta property=\"og:url\" content=\"https:\/\/www.nebrija.com\/medios\/actualidadnebrija\/2025\/12\/15\/matilde-pelegri-la-fundacion-edadvida-y-hablando-en-plata-premios-belsilver-2025\/\" \/>\n<meta property=\"og:site_name\" content=\"Actualidad Nebrija\" \/>\n<meta property=\"article:published_time\" content=\"2025-12-15T10:03:28+00:00\" \/>\n<meta property=\"og:image\" content=\"https:\/\/www.nebrija.com\/medios\/actualidadnebrija\/wp-content\/uploads\/sites\/2\/2025\/12\/Premios-Belsilver-2025-12.jpg\" \/>\n\t<meta property=\"og:image:width\" content=\"1100\" \/>\n\t<meta property=\"og:image:height\" content=\"734\" \/>\n\t<meta property=\"og:image:type\" content=\"image\/jpeg\" \/>\n<meta name=\"author\" content=\"jpicos\" \/>\n<meta name=\"twitter:card\" content=\"summary_large_image\" \/>\n<meta name=\"twitter:label1\" content=\"Escrito por\" \/>\n\t<meta name=\"twitter:data1\" content=\"jpicos\" \/>\n\t<meta name=\"twitter:label2\" content=\"Tiempo de lectura\" \/>\n\t<meta name=\"twitter:data2\" content=\"6 minutos\" \/>\n<!-- \/ Yoast SEO plugin. -->","yoast_head_json":{"title":"Matilde Pelegr\u00ed, la Fundaci\u00f3n Edad&amp;Vida y Hablando en Plata, Premios BELSILVER 2025 - Actualidad Nebrija","description":"Matilde Pelegr\u00ed, la Fundaci\u00f3n Edad&Vida y Hablando en Plata, Premios BELSILVER 2025, en su primera edici\u00f3n.","robots":{"index":"index","follow":"follow","max-snippet":"max-snippet:-1","max-image-preview":"max-image-preview:large","max-video-preview":"max-video-preview:-1"},"canonical":"https:\/\/www.nebrija.com\/medios\/actualidadnebrija\/2025\/12\/15\/matilde-pelegri-la-fundacion-edadvida-y-hablando-en-plata-premios-belsilver-2025\/","og_locale":"es_ES","og_type":"article","og_title":"Matilde Pelegr\u00ed, la Fundaci\u00f3n Edad&amp;Vida y Hablando en Plata, Premios BELSILVER 2025 - Actualidad Nebrija","og_description":"Matilde Pelegr\u00ed, la Fundaci\u00f3n Edad&Vida y Hablando en Plata, Premios BELSILVER 2025, en su primera edici\u00f3n.","og_url":"https:\/\/www.nebrija.com\/medios\/actualidadnebrija\/2025\/12\/15\/matilde-pelegri-la-fundacion-edadvida-y-hablando-en-plata-premios-belsilver-2025\/","og_site_name":"Actualidad Nebrija","article_published_time":"2025-12-15T10:03:28+00:00","og_image":[{"width":1100,"height":734,"url":"https:\/\/www.nebrija.com\/medios\/actualidadnebrija\/wp-content\/uploads\/sites\/2\/2025\/12\/Premios-Belsilver-2025-12.jpg","type":"image\/jpeg"}],"author":"jpicos","twitter_card":"summary_large_image","twitter_misc":{"Escrito por":"jpicos","Tiempo de lectura":"6 minutos"},"schema":{"@context":"https:\/\/schema.org","@graph":[{"@type":"WebPage","@id":"https:\/\/www.nebrija.com\/medios\/actualidadnebrija\/2025\/12\/15\/matilde-pelegri-la-fundacion-edadvida-y-hablando-en-plata-premios-belsilver-2025\/","url":"https:\/\/www.nebrija.com\/medios\/actualidadnebrija\/2025\/12\/15\/matilde-pelegri-la-fundacion-edadvida-y-hablando-en-plata-premios-belsilver-2025\/","name":"Matilde Pelegr\u00ed, la Fundaci\u00f3n Edad&amp;Vida y Hablando en Plata, Premios BELSILVER 2025 - Actualidad Nebrija","isPartOf":{"@id":"https:\/\/www.nebrija.com\/medios\/actualidadnebrija\/#website"},"datePublished":"2025-12-15T10:03:28+00:00","dateModified":"2025-12-15T10:03:28+00:00","author":{"@id":"https:\/\/www.nebrija.com\/medios\/actualidadnebrija\/#\/schema\/person\/0cd40b7dd3f54459e2cfc009dbd255c6"},"description":"Matilde Pelegr\u00ed, la Fundaci\u00f3n Edad&Vida y Hablando en Plata, Premios BELSILVER 2025, en su primera edici\u00f3n.","breadcrumb":{"@id":"https:\/\/www.nebrija.com\/medios\/actualidadnebrija\/2025\/12\/15\/matilde-pelegri-la-fundacion-edadvida-y-hablando-en-plata-premios-belsilver-2025\/#breadcrumb"},"inLanguage":"es","potentialAction":[{"@type":"ReadAction","target":["https:\/\/www.nebrija.com\/medios\/actualidadnebrija\/2025\/12\/15\/matilde-pelegri-la-fundacion-edadvida-y-hablando-en-plata-premios-belsilver-2025\/"]}]},{"@type":"BreadcrumbList","@id":"https:\/\/www.nebrija.com\/medios\/actualidadnebrija\/2025\/12\/15\/matilde-pelegri-la-fundacion-edadvida-y-hablando-en-plata-premios-belsilver-2025\/#breadcrumb","itemListElement":[{"@type":"ListItem","position":1,"name":"Home","item":"https:\/\/www.nebrija.com\/medios\/actualidadnebrija\/"},{"@type":"ListItem","position":2,"name":"Matilde Pelegr\u00ed, la Fundaci\u00f3n Edad&amp;Vida y Hablando en Plata, Premios BELSILVER 2025"}]},{"@type":"WebSite","@id":"https:\/\/www.nebrija.com\/medios\/actualidadnebrija\/#website","url":"https:\/\/www.nebrija.com\/medios\/actualidadnebrija\/","name":"Actualidad Nebrija","description":"Noticias de la Universidad Nebrija","potentialAction":[{"@type":"SearchAction","target":{"@type":"EntryPoint","urlTemplate":"https:\/\/www.nebrija.com\/medios\/actualidadnebrija\/?s={search_term_string}"},"query-input":"required name=search_term_string"}],"inLanguage":"es"},{"@type":"Person","@id":"https:\/\/www.nebrija.com\/medios\/actualidadnebrija\/#\/schema\/person\/0cd40b7dd3f54459e2cfc009dbd255c6","name":"jpicos","image":{"@type":"ImageObject","inLanguage":"es","@id":"https:\/\/www.nebrija.com\/medios\/actualidadnebrija\/#\/schema\/person\/image\/","url":"https:\/\/secure.gravatar.com\/avatar\/c4a1005cff3fd9bb5185e9671f4f3e9b?s=96&d=mm&r=g","contentUrl":"https:\/\/secure.gravatar.com\/avatar\/c4a1005cff3fd9bb5185e9671f4f3e9b?s=96&d=mm&r=g","caption":"jpicos"},"url":"https:\/\/www.nebrija.com\/medios\/actualidadnebrija\/author\/jpicos\/"}]}},"_links":{"self":[{"href":"https:\/\/www.nebrija.com\/medios\/actualidadnebrija\/wp-json\/wp\/v2\/posts\/100294"}],"collection":[{"href":"https:\/\/www.nebrija.com\/medios\/actualidadnebrija\/wp-json\/wp\/v2\/posts"}],"about":[{"href":"https:\/\/www.nebrija.com\/medios\/actualidadnebrija\/wp-json\/wp\/v2\/types\/post"}],"author":[{"embeddable":true,"href":"https:\/\/www.nebrija.com\/medios\/actualidadnebrija\/wp-json\/wp\/v2\/users\/326"}],"replies":[{"embeddable":true,"href":"https:\/\/www.nebrija.com\/medios\/actualidadnebrija\/wp-json\/wp\/v2\/comments?post=100294"}],"version-history":[{"count":1,"href":"https:\/\/www.nebrija.com\/medios\/actualidadnebrija\/wp-json\/wp\/v2\/posts\/100294\/revisions"}],"predecessor-version":[{"id":100308,"href":"https:\/\/www.nebrija.com\/medios\/actualidadnebrija\/wp-json\/wp\/v2\/posts\/100294\/revisions\/100308"}],"wp:featuredmedia":[{"embeddable":true,"href":"https:\/\/www.nebrija.com\/medios\/actualidadnebrija\/wp-json\/wp\/v2\/media\/100306"}],"wp:attachment":[{"href":"https:\/\/www.nebrija.com\/medios\/actualidadnebrija\/wp-json\/wp\/v2\/media?parent=100294"}],"wp:term":[{"taxonomy":"category","embeddable":true,"href":"https:\/\/www.nebrija.com\/medios\/actualidadnebrija\/wp-json\/wp\/v2\/categories?post=100294"},{"taxonomy":"post_tag","embeddable":true,"href":"https:\/\/www.nebrija.com\/medios\/actualidadnebrija\/wp-json\/wp\/v2\/tags?post=100294"}],"curies":[{"name":"wp","href":"https:\/\/api.w.org\/{rel}","templated":true}]}}