{"id":100477,"date":"2026-01-19T10:46:02","date_gmt":"2026-01-19T09:46:02","guid":{"rendered":"https:\/\/www.nebrija.com\/medios\/actualidadnebrija\/?p=100477"},"modified":"2026-01-19T10:46:02","modified_gmt":"2026-01-19T09:46:02","slug":"por-un-dia-contra-la-soledad-no-deseada","status":"publish","type":"post","link":"https:\/\/www.nebrija.com\/medios\/actualidadnebrija\/2026\/01\/19\/por-un-dia-contra-la-soledad-no-deseada\/","title":{"rendered":"Por un D\u00eda contra la Soledad No Deseada"},"content":{"rendered":"<p><iframe loading=\"lazy\" title=\"Con enfoque | Por un D\u00eda contra la Soledad No Deseada\" src=\"https:\/\/player.vimeo.com\/video\/1152486262?dnt=1&amp;app_id=122963\" width=\"584\" height=\"329\" frameborder=\"0\" allow=\"autoplay; fullscreen; picture-in-picture; clipboard-write; encrypted-media; web-share\" referrerpolicy=\"strict-origin-when-cross-origin\"><\/iframe><\/p>\n","protected":false},"excerpt":{"rendered":"<p>La Fundaci\u00f3n Social Padre \u00c1ngel y la Fundaci\u00f3n Nebrija piden a la ONU que el 16 de diciembre sea el D\u00eda Internacional contra la Soledad No Deseada.<\/p>\n","protected":false},"author":1182,"featured_media":0,"comment_status":"open","ping_status":"open","sticky":false,"template":"","format":"standard","meta":{"_acf_changed":false,"_monsterinsights_skip_tracking":false,"_monsterinsights_sitenote_active":false,"_monsterinsights_sitenote_note":"","_monsterinsights_sitenote_category":0,"footnotes":""},"categories":[3058,15,3072],"tags":[6815,5754,6295,6298],"acf":[],"yoast_head":"<!-- This site is optimized with the Yoast SEO plugin v22.1 - https:\/\/yoast.com\/wordpress\/plugins\/seo\/ -->\n<title>Por un D\u00eda contra la Soledad No Deseada - Actualidad Nebrija<\/title>\n<meta name=\"description\" content=\"La Fundaci\u00f3n Social Padre \u00c1ngel y la Fundaci\u00f3n Nebrija piden un D\u00eda Internacional contra la Soledad No Deseada.\" \/>\n<meta name=\"robots\" content=\"index, follow, max-snippet:-1, max-image-preview:large, max-video-preview:-1\" \/>\n<link rel=\"canonical\" href=\"https:\/\/www.nebrija.com\/medios\/actualidadnebrija\/2026\/01\/19\/por-un-dia-contra-la-soledad-no-deseada\/\" \/>\n<meta property=\"og:locale\" content=\"es_ES\" \/>\n<meta property=\"og:type\" content=\"article\" \/>\n<meta property=\"og:title\" content=\"Por un D\u00eda contra la Soledad No Deseada - Actualidad Nebrija\" \/>\n<meta property=\"og:description\" content=\"La Fundaci\u00f3n Social Padre \u00c1ngel y la Fundaci\u00f3n Nebrija piden un D\u00eda Internacional contra la Soledad No Deseada.\" \/>\n<meta property=\"og:url\" content=\"https:\/\/www.nebrija.com\/medios\/actualidadnebrija\/2026\/01\/19\/por-un-dia-contra-la-soledad-no-deseada\/\" \/>\n<meta property=\"og:site_name\" content=\"Actualidad Nebrija\" \/>\n<meta property=\"article:published_time\" content=\"2026-01-19T09:46:02+00:00\" \/>\n<meta name=\"author\" content=\"mcamposd\" \/>\n<meta name=\"twitter:card\" content=\"summary_large_image\" \/>\n<meta name=\"twitter:label1\" content=\"Escrito por\" \/>\n\t<meta name=\"twitter:data1\" content=\"mcamposd\" \/>\n\t<meta name=\"twitter:label2\" content=\"Tiempo de lectura\" \/>\n\t<meta name=\"twitter:data2\" content=\"1 minuto\" \/>\n<!-- \/ Yoast SEO plugin. -->","yoast_head_json":{"title":"Por un D\u00eda contra la Soledad No Deseada - Actualidad Nebrija","description":"La Fundaci\u00f3n Social Padre \u00c1ngel y la Fundaci\u00f3n Nebrija piden un D\u00eda Internacional contra la Soledad No Deseada.","robots":{"index":"index","follow":"follow","max-snippet":"max-snippet:-1","max-image-preview":"max-image-preview:large","max-video-preview":"max-video-preview:-1"},"canonical":"https:\/\/www.nebrija.com\/medios\/actualidadnebrija\/2026\/01\/19\/por-un-dia-contra-la-soledad-no-deseada\/","og_locale":"es_ES","og_type":"article","og_title":"Por un D\u00eda contra la Soledad No Deseada - Actualidad Nebrija","og_description":"La Fundaci\u00f3n Social Padre \u00c1ngel y la Fundaci\u00f3n Nebrija piden un D\u00eda Internacional contra la Soledad No Deseada.","og_url":"https:\/\/www.nebrija.com\/medios\/actualidadnebrija\/2026\/01\/19\/por-un-dia-contra-la-soledad-no-deseada\/","og_site_name":"Actualidad Nebrija","article_published_time":"2026-01-19T09:46:02+00:00","author":"mcamposd","twitter_card":"summary_large_image","twitter_misc":{"Escrito por":"mcamposd","Tiempo de lectura":"1 minuto"},"schema":{"@context":"https:\/\/schema.org","@graph":[{"@type":"WebPage","@id":"https:\/\/www.nebrija.com\/medios\/actualidadnebrija\/2026\/01\/19\/por-un-dia-contra-la-soledad-no-deseada\/","url":"https:\/\/www.nebrija.com\/medios\/actualidadnebrija\/2026\/01\/19\/por-un-dia-contra-la-soledad-no-deseada\/","name":"Por un D\u00eda contra la Soledad No Deseada - Actualidad Nebrija","isPartOf":{"@id":"https:\/\/www.nebrija.com\/medios\/actualidadnebrija\/#website"},"datePublished":"2026-01-19T09:46:02+00:00","dateModified":"2026-01-19T09:46:02+00:00","author":{"@id":"https:\/\/www.nebrija.com\/medios\/actualidadnebrija\/#\/schema\/person\/205582e65069359d9f07d260f6d48a9c"},"description":"La Fundaci\u00f3n Social Padre \u00c1ngel y la Fundaci\u00f3n Nebrija piden un D\u00eda Internacional contra la Soledad No Deseada.","breadcrumb":{"@id":"https:\/\/www.nebrija.com\/medios\/actualidadnebrija\/2026\/01\/19\/por-un-dia-contra-la-soledad-no-deseada\/#breadcrumb"},"inLanguage":"es","potentialAction":[{"@type":"ReadAction","target":["https:\/\/www.nebrija.com\/medios\/actualidadnebrija\/2026\/01\/19\/por-un-dia-contra-la-soledad-no-deseada\/"]}]},{"@type":"BreadcrumbList","@id":"https:\/\/www.nebrija.com\/medios\/actualidadnebrija\/2026\/01\/19\/por-un-dia-contra-la-soledad-no-deseada\/#breadcrumb","itemListElement":[{"@type":"ListItem","position":1,"name":"Home","item":"https:\/\/www.nebrija.com\/medios\/actualidadnebrija\/"},{"@type":"ListItem","position":2,"name":"Por un D\u00eda contra la Soledad No Deseada"}]},{"@type":"WebSite","@id":"https:\/\/www.nebrija.com\/medios\/actualidadnebrija\/#website","url":"https:\/\/www.nebrija.com\/medios\/actualidadnebrija\/","name":"Actualidad Nebrija","description":"Noticias de la Universidad Nebrija","potentialAction":[{"@type":"SearchAction","target":{"@type":"EntryPoint","urlTemplate":"https:\/\/www.nebrija.com\/medios\/actualidadnebrija\/?s={search_term_string}"},"query-input":"required name=search_term_string"}],"inLanguage":"es"},{"@type":"Person","@id":"https:\/\/www.nebrija.com\/medios\/actualidadnebrija\/#\/schema\/person\/205582e65069359d9f07d260f6d48a9c","name":"mcamposd","image":{"@type":"ImageObject","inLanguage":"es","@id":"https:\/\/www.nebrija.com\/medios\/actualidadnebrija\/#\/schema\/person\/image\/","url":"https:\/\/secure.gravatar.com\/avatar\/d0592be503e718fe4bc82c9a3b03724e?s=96&d=mm&r=g","contentUrl":"https:\/\/secure.gravatar.com\/avatar\/d0592be503e718fe4bc82c9a3b03724e?s=96&d=mm&r=g","caption":"mcamposd"},"url":"https:\/\/www.nebrija.com\/medios\/actualidadnebrija\/author\/mcamposd\/"}]}},"_links":{"self":[{"href":"https:\/\/www.nebrija.com\/medios\/actualidadnebrija\/wp-json\/wp\/v2\/posts\/100477"}],"collection":[{"href":"https:\/\/www.nebrija.com\/medios\/actualidadnebrija\/wp-json\/wp\/v2\/posts"}],"about":[{"href":"https:\/\/www.nebrija.com\/medios\/actualidadnebrija\/wp-json\/wp\/v2\/types\/post"}],"author":[{"embeddable":true,"href":"https:\/\/www.nebrija.com\/medios\/actualidadnebrija\/wp-json\/wp\/v2\/users\/1182"}],"replies":[{"embeddable":true,"href":"https:\/\/www.nebrija.com\/medios\/actualidadnebrija\/wp-json\/wp\/v2\/comments?post=100477"}],"version-history":[{"count":1,"href":"https:\/\/www.nebrija.com\/medios\/actualidadnebrija\/wp-json\/wp\/v2\/posts\/100477\/revisions"}],"predecessor-version":[{"id":100478,"href":"https:\/\/www.nebrija.com\/medios\/actualidadnebrija\/wp-json\/wp\/v2\/posts\/100477\/revisions\/100478"}],"wp:attachment":[{"href":"https:\/\/www.nebrija.com\/medios\/actualidadnebrija\/wp-json\/wp\/v2\/media?parent=100477"}],"wp:term":[{"taxonomy":"category","embeddable":true,"href":"https:\/\/www.nebrija.com\/medios\/actualidadnebrija\/wp-json\/wp\/v2\/categories?post=100477"},{"taxonomy":"post_tag","embeddable":true,"href":"https:\/\/www.nebrija.com\/medios\/actualidadnebrija\/wp-json\/wp\/v2\/tags?post=100477"}],"curies":[{"name":"wp","href":"https:\/\/api.w.org\/{rel}","templated":true}]}}