{"id":101142,"date":"2026-03-05T09:01:34","date_gmt":"2026-03-05T08:01:34","guid":{"rendered":"https:\/\/www.nebrija.com\/medios\/actualidadnebrija\/?p=101142"},"modified":"2026-03-05T09:01:34","modified_gmt":"2026-03-05T08:01:34","slug":"espana-ya-no-exporta-artistas-musicales-en-espanol","status":"publish","type":"post","link":"https:\/\/www.nebrija.com\/medios\/actualidadnebrija\/2026\/03\/05\/espana-ya-no-exporta-artistas-musicales-en-espanol\/","title":{"rendered":"Espa\u00f1a ya no exporta artistas musicales en espa\u00f1ol, los\u00a0importa"},"content":{"rendered":"<p class=\"theconversation-article-title\"><span style=\"font-weight: 300; color: #333333;\">A finales del siglo XX, Espa\u00f1a pod\u00eda reconocer en el mundo con claridad \u201csu\u201d m\u00fasica, desde el mel\u00f3dico Julio Iglesias, el pop luminoso de Mecano o la fuerza de H\u00e9roes del Silencio a la sensibilidad con toques aflamencados de Alejandro Sanz o el <\/span><em style=\"font-weight: 300; color: #333333;\">indie<\/em><span style=\"font-weight: 300; color: #333333;\"> que marc\u00f3 a una generaci\u00f3n.<\/span><\/p>\n<div class=\"theconversation-article-body\">\n<p>Sin embargo, en 2025 la pregunta ya no es qu\u00e9 define la identidad de la m\u00fasica espa\u00f1ola, sino si ese concepto sigue teniendo sentido dentro de un ecosistema en el que el espa\u00f1ol se ha vuelto global, h\u00edbrido y profundamente interconectado.<\/p>\n<p>Esta es una de las reflexiones del <a href=\"https:\/\/doi.org\/10.5281\/zenodo.17454256\">nuevo informe del Observatorio Nebrija del Espa\u00f1ol<\/a>, donde se detecta c\u00f3mo Espa\u00f1a ha pasado de exportar voces a formar parte de una red transnacional en la que los acentos se cruzan y los ritmos se comparten.<\/p>\n<h2>De la exportaci\u00f3n de artistas a la importaci\u00f3n de \u00e9xitos<\/h2>\n<p>Espa\u00f1a ha actuado como uno de los grandes emisores de m\u00fasica en espa\u00f1ol. Durante los a\u00f1os 80 y 90 se produjo la profesionalizaci\u00f3n de la industria espa\u00f1ola, marcada por la concentraci\u00f3n del mercado en manos de compa\u00f1\u00edas multinacionales. A diferencia de lo que suced\u00eda en otras naciones europeas, la transformaci\u00f3n fue vertiginosa.<\/p>\n<p>As\u00ed, si en 1980 siete sellos globales controlaban un 52\u00a0% del mercado, ya <a href=\"https:\/\/dialnet.unirioja.es\/servlet\/articulo?codigo=2128664\">en 1985 solo cinco discogr\u00e1ficas aglutinaban el 87\u00a0%<\/a>. Este crecimiento se sum\u00f3 a la confluencia de una explosi\u00f3n creativa y al apoyo de la radio, algunos programas de televisi\u00f3n y las revistas musicales. Tambi\u00e9n las nuevas tecnolog\u00edas de consumo f\u00edsico musical \u2013como el CD\u2013 interpretaron su papel en la expansi\u00f3n internacional de los grandes referentes del pop espa\u00f1ol.<\/p>\n<p>Pero a partir de los a\u00f1os 2000, esa f\u00f3rmula de \u00e9xito comenz\u00f3 a cambiar, primero de una manera t\u00edmida y luego de forma estructural. As\u00ed, pasamos de lo f\u00edsico a lo digital impulsados por el auge de una pirater\u00eda que sumi\u00f3 a la industria en una crisis de ventas que acab\u00f3 afectando a todo el sistema.<\/p>\n<p>En ese punto de inflexi\u00f3n, en 2005, una colaboraci\u00f3n entre la colombiana Shakira y el espa\u00f1ol Alejandro Sanz revel\u00f3 que el idioma era un vector m\u00e1s poderoso que cualquier identidad nacional. La canci\u00f3n \u201cLa tortura\u201d anticip\u00f3 la explosi\u00f3n de un pop latino-global cuya arquitectura ya no depend\u00eda del pa\u00eds de origen del artista sino de su conexi\u00f3n con una comunidad ling\u00fc\u00edstica transcontinental.<\/p>\n<p>Desde entonces, Espa\u00f1a comenz\u00f3 a importar sonidos, estilos, productores y narrativas que proven\u00edan de Am\u00e9rica Latina. Los datos son reveladores: cuando analizamos el consumo musical en Espa\u00f1a de las \u00faltimas dos d\u00e9cadas, siete de cada diez canciones se cantan en espa\u00f1ol. De hecho, el 94\u00a0% de la m\u00fasica que consume esta audiencia en YouTube se canta en espa\u00f1ol, al igual que el 87\u00a0% de lo que escuchan en Spotify. Pero solo una cuarta parte de esas canciones son de int\u00e9rpretes originarios de Espa\u00f1a. Es decir, el espa\u00f1ol que est\u00e1 dominando las listas de \u00e9xitos posee muchos acentos.<\/p>\n<figure><iframe loading=\"lazy\" src=\"https:\/\/www.youtube.com\/embed\/Dsp_8Lm1eSk?wmode=transparent&amp;start=0\" width=\"440\" height=\"260\" frameborder=\"0\" allowfullscreen=\"allowfullscreen\"><\/iframe><\/figure>\n<p>No obstante, esto no indica una p\u00e9rdida de relevancia cultural de los artistas espa\u00f1oles, sino un desplazamiento del eje. Podr\u00eda decirse que la identidad musical est\u00e1 dejando de ser local para convertirse en ling\u00fc\u00edstica y relacional. As\u00ed el <em>Spanish sound<\/em> ya no se entiende como una est\u00e9tica propia y diferenciada de un pa\u00eds sino como parte de un espacio com\u00fan compartido, el \u201corgullo latino\u201d que puede surgir desde Medell\u00edn, San Juan o Buenos Aires a Ciudad de M\u00e9xico, Miami, Cuenca, Terrassa o las islas Canarias.<\/p>\n<h2>La identidad musical por contribuci\u00f3n<\/h2>\n<p>El auge de la m\u00fasica en espa\u00f1ol en el escenario global no surge de la nada, ni es simplemente algo que el viento del mercado haya tra\u00eddo consigo. Es m\u00e1s bien el punto de encuentro de corrientes hist\u00f3ricas y tecnolog\u00edas que, en los \u00faltimos 20 a\u00f1os, han ido reconfigurando las rutas por las que viaja la cultura en un planeta interconectado.<\/p>\n<p>En los a\u00f1os 90 la m\u00fasica en espa\u00f1ol funcionaba como un mercado fragmentado, jerarquizado, con flujos unidireccionales (en Espa\u00f1a ligado al pop y en Estados Unidos, al <em>Spanglish<\/em>). Hoy, sin embargo, act\u00faa como una comunidad digital, fluida, global y dopada por los algoritmos. Las plataformas que han borrado fronteras tambi\u00e9n han revelado un dato fundamental: el espa\u00f1ol es uno de los idiomas m\u00e1s escuchados del mundo en las listas de \u00e9xitos.<\/p>\n<p>En este contexto, los artistas espa\u00f1oles navegan entre la idea de preservar ciertas ra\u00edces culturales mientras adoptan sonidos y est\u00e9ticas que conectan con audiencias globales. Se observa un cambio generacional de artistas superventas del pop espa\u00f1ol como Estopa, Pablo Albor\u00e1n o Dani Mart\u00edn para pasar a Juan Mag\u00e1n, Rosal\u00eda, Quevedo y RVFV, referentes de propuestas que se integran en un lenguaje musical m\u00e1s amplio.<\/p>\n<hr \/>\n<p><em><strong>\u00bfQuiere recibir m\u00e1s art\u00edculos como este?<\/strong> <a href=\"https:\/\/theconversation.com\/es\/newsletters?promoted=suplemento-cultural-175\">Suscr\u00edbase a Suplemento Cultural<\/a> y reciba la actualidad cultural y una selecci\u00f3n de los mejores art\u00edculos de historia, literatura, cine, arte o m\u00fasica, seleccionados por nuestra editora de Cultura Claudia Lorenzo.<\/em><\/p>\n<hr \/>\n<h2>Las mujeres facturan<\/h2>\n<p>Otro vector clave que impulsa la m\u00fasica en espa\u00f1ol es el femenino.<\/p>\n<p>La presencia de Karol G y Rosal\u00eda en las listas de \u00e9xitos globales, junto a una figura transgeneracional como Shakira \u2013quien constituye un caso singular de reinvenci\u00f3n sostenida dentro de la industria latina\u2013, permite observar un cambio de ciclo en la m\u00fasica popular contempor\u00e1nea.<\/p>\n<p>A ellas se suman int\u00e9rpretes espa\u00f1olas con fuerte impronta internacional. As\u00ed, y seg\u00fan <a href=\"https:\/\/chartmetric.com\/es\">Chartmetric<\/a>, para Aitana, Bad Gyal y Ana Mena M\u00e9xico es su mercado secundario, mientras que Argentina lo es para Lola \u00cdndigo. Por tanto, la relevancia de estas artistas no puede entenderse ya como regional o local, sino como parte de un ecosistema cultural crecientemente interconectado que les permite disputar espacios simb\u00f3licos hist\u00f3ricamente masculinizados.<\/p>\n<figure><iframe loading=\"lazy\" src=\"https:\/\/www.youtube.com\/embed\/UDGA0hRElBQ?wmode=transparent&amp;start=0\" width=\"440\" height=\"260\" frameborder=\"0\" allowfullscreen=\"allowfullscreen\"><\/iframe><figcaption><span class=\"caption\">En uno de sus conciertos en Madrid en 2024, Karol G subi\u00f3 al escenario a Amaia Montero, entonces excantante de La oreja de Van Gogh, en un momento que ejemplificaba la uni\u00f3n de dos generaciones musicales en espa\u00f1ol.<\/span><\/figcaption><\/figure>\n<p>Su visibilidad y su forma de reinterpretar el g\u00e9nero, lejos de ser un fen\u00f3meno aislado marca un hito en la historia de la representaci\u00f3n femenina. Este empoderamiento femenino y latino que encarnan abre puertas para nuevas generaciones y legitima una diversidad de expresiones que ampl\u00edan los m\u00e1rgenes en la cultura popular contempor\u00e1nea desde el espa\u00f1ol.<\/p>\n<p>Al final, la m\u00fasica en este idioma no es un tema de banderas, sino voces que conquistan. Lo que importa no es el origen del sonido, sino la amplitud de su eco.<!-- Below is The Conversation's page counter tag. Please DO NOT REMOVE. --><img loading=\"lazy\" decoding=\"async\" style=\"border: none !important; box-shadow: none !important; margin: 0 !important; max-height: 1px !important; max-width: 1px !important; min-height: 1px !important; min-width: 1px !important; opacity: 0 !important; outline: none !important; padding: 0 !important;\" src=\"https:\/\/counter.theconversation.com\/content\/268594\/count.gif?distributor=republish-lightbox-basic\" alt=\"The Conversation\" width=\"1\" height=\"1\" \/><!-- Fin del c\u00f3digo. Si no ve ning\u00fan c\u00f3digo arriba, por favor, obtenga el nuevo c\u00f3digo de la pesta\u00f1a Avanzado despu\u00e9s de hacer clic en el bot\u00f3n de republicar. El contador de p\u00e1ginas no recoge ning\u00fan dato personal. M\u00e1s informaci\u00f3n: http:\/\/theconversation.com\/es\/republishing-guidelines --><\/p>\n<p>&#8212;&#8212;&#8212;&#8212;&#8212;<\/p>\n<p><a href=\"https:\/\/theconversation.com\/profiles\/lourdes-moreno-cazalla-1494145\">Lourdes Moreno Cazalla<\/a>, doctora en Comunicaci\u00f3n\u00a0 y autora del estudio para el Observatorio Nebrija del Espa\u00f1ol <em>El boom de la m\u00fasica urbana latina y la expansi\u00f3n del espa\u00f1ol a nivel global<\/em>, <em><a href=\"https:\/\/theconversation.com\/institutions\/universidad-nebrija-3497\">Universidad Nebrija<\/a><\/em><\/p>\n<p>Foto de portada: Shakira act\u00faa durante el Festival Global Citizen 2025 en el Great Lawn de Central Park en la Nueva York, NY, en septiembre de 2025.<br \/>\n<span class=\"attribution\"><a class=\"source\" href=\"https:\/\/www.shutterstock.com\/es\/image-photo\/shakira-performs-on-stage-during-2025-2687330085?trackingId=2bbd5a89-d4b2-4cc8-85e4-ca1c43c26830\">lev radin\/Shutterstock<\/a><\/span><\/p>\n<p>Este art\u00edculo fue publicado originalmente en <a href=\"https:\/\/theconversation.com\">The Conversation<\/a>. Lea el <a href=\"https:\/\/theconversation.com\/espana-ya-no-exporta-artistas-musicales-en-espanol-los-importa-268594\">original<\/a>.<\/p>\n<\/div>\n","protected":false},"excerpt":{"rendered":"<p>Art\u00edculo de Lourdes Moreno Cazalla, doctora en Comunicaci\u00f3n e investigadora del Observatorio Nebrija del Espa\u00f1ol (ONE).<\/p>\n","protected":false},"author":326,"featured_media":101143,"comment_status":"open","ping_status":"open","sticky":false,"template":"","format":"standard","meta":{"_acf_changed":false,"_monsterinsights_skip_tracking":false,"_monsterinsights_sitenote_active":false,"_monsterinsights_sitenote_note":"","_monsterinsights_sitenote_category":0,"footnotes":""},"categories":[3083],"tags":[5502,6665,5092,6667,6666,4920,4921],"acf":[],"yoast_head":"<!-- This site is optimized with the Yoast SEO plugin v22.1 - https:\/\/yoast.com\/wordpress\/plugins\/seo\/ -->\n<title>Espa\u00f1a ya no exporta artistas musicales en espa\u00f1ol, los\u00a0importa - Actualidad Nebrija<\/title>\n<meta name=\"description\" content=\"Espa\u00f1a ya no exporta artistas musicales en espa\u00f1ol, los\u00a0importa. Art\u00edculo de opini\u00f3n de la investigadora Lourdes Moreno.\" \/>\n<meta name=\"robots\" content=\"index, follow, max-snippet:-1, max-image-preview:large, max-video-preview:-1\" \/>\n<link rel=\"canonical\" href=\"https:\/\/www.nebrija.com\/medios\/actualidadnebrija\/2026\/03\/05\/espana-ya-no-exporta-artistas-musicales-en-espanol\/\" \/>\n<meta property=\"og:locale\" content=\"es_ES\" \/>\n<meta property=\"og:type\" content=\"article\" \/>\n<meta property=\"og:title\" content=\"Espa\u00f1a ya no exporta artistas musicales en espa\u00f1ol, los\u00a0importa - Actualidad Nebrija\" \/>\n<meta property=\"og:description\" content=\"Espa\u00f1a ya no exporta artistas musicales en espa\u00f1ol, los\u00a0importa. Art\u00edculo de opini\u00f3n de la investigadora Lourdes Moreno.\" \/>\n<meta property=\"og:url\" content=\"https:\/\/www.nebrija.com\/medios\/actualidadnebrija\/2026\/03\/05\/espana-ya-no-exporta-artistas-musicales-en-espanol\/\" \/>\n<meta property=\"og:site_name\" content=\"Actualidad Nebrija\" \/>\n<meta property=\"article:published_time\" content=\"2026-03-05T08:01:34+00:00\" \/>\n<meta property=\"og:image\" content=\"https:\/\/www.nebrija.com\/medios\/actualidadnebrija\/wp-content\/uploads\/sites\/2\/2026\/03\/shutterstock_2687330085.jpg\" \/>\n\t<meta property=\"og:image:width\" content=\"1200\" \/>\n\t<meta property=\"og:image:height\" content=\"708\" \/>\n\t<meta property=\"og:image:type\" content=\"image\/jpeg\" \/>\n<meta name=\"author\" content=\"jpicos\" \/>\n<meta name=\"twitter:card\" content=\"summary_large_image\" \/>\n<meta name=\"twitter:label1\" content=\"Escrito por\" \/>\n\t<meta name=\"twitter:data1\" content=\"jpicos\" \/>\n\t<meta name=\"twitter:label2\" content=\"Tiempo de lectura\" \/>\n\t<meta name=\"twitter:data2\" content=\"6 minutos\" \/>\n<!-- \/ Yoast SEO plugin. -->","yoast_head_json":{"title":"Espa\u00f1a ya no exporta artistas musicales en espa\u00f1ol, los\u00a0importa - Actualidad Nebrija","description":"Espa\u00f1a ya no exporta artistas musicales en espa\u00f1ol, los\u00a0importa. Art\u00edculo de opini\u00f3n de la investigadora Lourdes Moreno.","robots":{"index":"index","follow":"follow","max-snippet":"max-snippet:-1","max-image-preview":"max-image-preview:large","max-video-preview":"max-video-preview:-1"},"canonical":"https:\/\/www.nebrija.com\/medios\/actualidadnebrija\/2026\/03\/05\/espana-ya-no-exporta-artistas-musicales-en-espanol\/","og_locale":"es_ES","og_type":"article","og_title":"Espa\u00f1a ya no exporta artistas musicales en espa\u00f1ol, los\u00a0importa - Actualidad Nebrija","og_description":"Espa\u00f1a ya no exporta artistas musicales en espa\u00f1ol, los\u00a0importa. Art\u00edculo de opini\u00f3n de la investigadora Lourdes Moreno.","og_url":"https:\/\/www.nebrija.com\/medios\/actualidadnebrija\/2026\/03\/05\/espana-ya-no-exporta-artistas-musicales-en-espanol\/","og_site_name":"Actualidad Nebrija","article_published_time":"2026-03-05T08:01:34+00:00","og_image":[{"width":1200,"height":708,"url":"https:\/\/www.nebrija.com\/medios\/actualidadnebrija\/wp-content\/uploads\/sites\/2\/2026\/03\/shutterstock_2687330085.jpg","type":"image\/jpeg"}],"author":"jpicos","twitter_card":"summary_large_image","twitter_misc":{"Escrito por":"jpicos","Tiempo de lectura":"6 minutos"},"schema":{"@context":"https:\/\/schema.org","@graph":[{"@type":"WebPage","@id":"https:\/\/www.nebrija.com\/medios\/actualidadnebrija\/2026\/03\/05\/espana-ya-no-exporta-artistas-musicales-en-espanol\/","url":"https:\/\/www.nebrija.com\/medios\/actualidadnebrija\/2026\/03\/05\/espana-ya-no-exporta-artistas-musicales-en-espanol\/","name":"Espa\u00f1a ya no exporta artistas musicales en espa\u00f1ol, los\u00a0importa - Actualidad Nebrija","isPartOf":{"@id":"https:\/\/www.nebrija.com\/medios\/actualidadnebrija\/#website"},"datePublished":"2026-03-05T08:01:34+00:00","dateModified":"2026-03-05T08:01:34+00:00","author":{"@id":"https:\/\/www.nebrija.com\/medios\/actualidadnebrija\/#\/schema\/person\/0cd40b7dd3f54459e2cfc009dbd255c6"},"description":"Espa\u00f1a ya no exporta artistas musicales en espa\u00f1ol, los\u00a0importa. Art\u00edculo de opini\u00f3n de la investigadora Lourdes Moreno.","breadcrumb":{"@id":"https:\/\/www.nebrija.com\/medios\/actualidadnebrija\/2026\/03\/05\/espana-ya-no-exporta-artistas-musicales-en-espanol\/#breadcrumb"},"inLanguage":"es","potentialAction":[{"@type":"ReadAction","target":["https:\/\/www.nebrija.com\/medios\/actualidadnebrija\/2026\/03\/05\/espana-ya-no-exporta-artistas-musicales-en-espanol\/"]}]},{"@type":"BreadcrumbList","@id":"https:\/\/www.nebrija.com\/medios\/actualidadnebrija\/2026\/03\/05\/espana-ya-no-exporta-artistas-musicales-en-espanol\/#breadcrumb","itemListElement":[{"@type":"ListItem","position":1,"name":"Home","item":"https:\/\/www.nebrija.com\/medios\/actualidadnebrija\/"},{"@type":"ListItem","position":2,"name":"Espa\u00f1a ya no exporta artistas musicales en espa\u00f1ol, los\u00a0importa"}]},{"@type":"WebSite","@id":"https:\/\/www.nebrija.com\/medios\/actualidadnebrija\/#website","url":"https:\/\/www.nebrija.com\/medios\/actualidadnebrija\/","name":"Actualidad Nebrija","description":"Noticias de la Universidad Nebrija","potentialAction":[{"@type":"SearchAction","target":{"@type":"EntryPoint","urlTemplate":"https:\/\/www.nebrija.com\/medios\/actualidadnebrija\/?s={search_term_string}"},"query-input":"required name=search_term_string"}],"inLanguage":"es"},{"@type":"Person","@id":"https:\/\/www.nebrija.com\/medios\/actualidadnebrija\/#\/schema\/person\/0cd40b7dd3f54459e2cfc009dbd255c6","name":"jpicos","image":{"@type":"ImageObject","inLanguage":"es","@id":"https:\/\/www.nebrija.com\/medios\/actualidadnebrija\/#\/schema\/person\/image\/","url":"https:\/\/secure.gravatar.com\/avatar\/c4a1005cff3fd9bb5185e9671f4f3e9b?s=96&d=mm&r=g","contentUrl":"https:\/\/secure.gravatar.com\/avatar\/c4a1005cff3fd9bb5185e9671f4f3e9b?s=96&d=mm&r=g","caption":"jpicos"},"url":"https:\/\/www.nebrija.com\/medios\/actualidadnebrija\/author\/jpicos\/"}]}},"_links":{"self":[{"href":"https:\/\/www.nebrija.com\/medios\/actualidadnebrija\/wp-json\/wp\/v2\/posts\/101142"}],"collection":[{"href":"https:\/\/www.nebrija.com\/medios\/actualidadnebrija\/wp-json\/wp\/v2\/posts"}],"about":[{"href":"https:\/\/www.nebrija.com\/medios\/actualidadnebrija\/wp-json\/wp\/v2\/types\/post"}],"author":[{"embeddable":true,"href":"https:\/\/www.nebrija.com\/medios\/actualidadnebrija\/wp-json\/wp\/v2\/users\/326"}],"replies":[{"embeddable":true,"href":"https:\/\/www.nebrija.com\/medios\/actualidadnebrija\/wp-json\/wp\/v2\/comments?post=101142"}],"version-history":[{"count":1,"href":"https:\/\/www.nebrija.com\/medios\/actualidadnebrija\/wp-json\/wp\/v2\/posts\/101142\/revisions"}],"predecessor-version":[{"id":101144,"href":"https:\/\/www.nebrija.com\/medios\/actualidadnebrija\/wp-json\/wp\/v2\/posts\/101142\/revisions\/101144"}],"wp:featuredmedia":[{"embeddable":true,"href":"https:\/\/www.nebrija.com\/medios\/actualidadnebrija\/wp-json\/wp\/v2\/media\/101143"}],"wp:attachment":[{"href":"https:\/\/www.nebrija.com\/medios\/actualidadnebrija\/wp-json\/wp\/v2\/media?parent=101142"}],"wp:term":[{"taxonomy":"category","embeddable":true,"href":"https:\/\/www.nebrija.com\/medios\/actualidadnebrija\/wp-json\/wp\/v2\/categories?post=101142"},{"taxonomy":"post_tag","embeddable":true,"href":"https:\/\/www.nebrija.com\/medios\/actualidadnebrija\/wp-json\/wp\/v2\/tags?post=101142"}],"curies":[{"name":"wp","href":"https:\/\/api.w.org\/{rel}","templated":true}]}}