{"id":101335,"date":"2026-03-23T09:50:40","date_gmt":"2026-03-23T08:50:40","guid":{"rendered":"https:\/\/www.nebrija.com\/medios\/actualidadnebrija\/?p=101335"},"modified":"2026-03-23T09:50:40","modified_gmt":"2026-03-23T08:50:40","slug":"resena-genocidio-y-destruccion-de-la-franja-de-gaza","status":"publish","type":"post","link":"https:\/\/www.nebrija.com\/medios\/actualidadnebrija\/2026\/03\/23\/resena-genocidio-y-destruccion-de-la-franja-de-gaza\/","title":{"rendered":"Rese\u00f1a. Genocidio y destrucci\u00f3n de la Franja de Gaza"},"content":{"rendered":"<p>En <a href=\"https:\/\/biblioteca.nebrija.es\/opac\/baratzcl?TITN=144706\"><strong><em>\u2019Operaci\u00f3n Carros de Gede\u00f3n: c\u00f3mo hacer Gaza inhabitable\u2019<\/em><\/strong><strong>,<\/strong><\/a> Ignacio \u00c1lvarez-Ossorio Alvari\u00f1o, explica las consecuencias de m\u00e1s de veinte meses de de ataque estructural y continuo a la poblaci\u00f3n gazat\u00ed, aplicando la Doctrina Dahiye, que no distingue entre objetivos civiles y militares.<\/p>\n<p>El doble objetivo de la llamada Operaci\u00f3n Carros de Gede\u00f3n es derrotar a Ham\u00e1s y concentrar a la poblaci\u00f3n en la frontera con Egipto para forzar su expulsion de la Franja de Gaza. Desde el inicio del plan de destrucci\u00f3n, tras los atentados del 7 de octubre de 2023 contra Israel, se han contabilizado m\u00e1s de 55.000 personas asesinadas.<\/p>\n<p>Durante estos meses de destrucci\u00f3n, la Corte Internacional de Justicia ha recopilado todas las declaraciones del Gobierno de Israel que podr\u00edan ser constitutivas de genocidio. A pesar de la cat\u00e1strofe humanitaria y de la denuncia de las organizaciones internacionales de Derechos Humanos, la mayor parte de los pa\u00edses occidentales legitiman la actuaci\u00f3n del Estado de Israel sustentado en el derecho de defensa.<\/p>\n<p>Encontrar\u00e1s este art\u00edculo de plena actualidad en la revista <em>Pol\u00edtica Exterior, <\/em>n\u00famero 226, julio\/agosto 2025, y su localizaci\u00f3n en el <a href=\"https:\/\/biblioteca.nebrija.es\/opac\/baratzcl?TITN=1580\"><strong>Cat\u00e1logo-OPAC ~ Web Portal<\/strong><\/a> de la Red de Bibliotecas.<\/p>\n","protected":false},"excerpt":{"rendered":"<p>En \u2019Operaci\u00f3n Carros de Gede\u00f3n: c\u00f3mo hacer Gaza inhabitable\u2019, Ignacio \u00c1lvarez-Ossorio Alvari\u00f1o, explica las consecuencias de m\u00e1s de veinte meses de de ataque estructural y continuo a la poblaci\u00f3n gazat\u00ed, aplicando la Doctrina Dahiye, que no distingue entre objetivos civiles<\/p>\n","protected":false},"author":326,"featured_media":101341,"comment_status":"open","ping_status":"open","sticky":false,"template":"","format":"standard","meta":{"_acf_changed":false,"_monsterinsights_skip_tracking":false,"_monsterinsights_sitenote_active":false,"_monsterinsights_sitenote_note":"","_monsterinsights_sitenote_category":0,"footnotes":""},"categories":[3063],"tags":[3143,5603],"acf":[],"yoast_head":"<!-- This site is optimized with the Yoast SEO plugin v22.1 - https:\/\/yoast.com\/wordpress\/plugins\/seo\/ -->\n<title>Rese\u00f1a. Genocidio y destrucci\u00f3n de la Franja de Gaza - Actualidad Nebrija<\/title>\n<meta name=\"robots\" content=\"index, follow, max-snippet:-1, max-image-preview:large, max-video-preview:-1\" \/>\n<link rel=\"canonical\" href=\"https:\/\/www.nebrija.com\/medios\/actualidadnebrija\/2026\/03\/23\/resena-genocidio-y-destruccion-de-la-franja-de-gaza\/\" \/>\n<meta property=\"og:locale\" content=\"es_ES\" \/>\n<meta property=\"og:type\" content=\"article\" \/>\n<meta property=\"og:title\" content=\"Rese\u00f1a. Genocidio y destrucci\u00f3n de la Franja de Gaza - Actualidad Nebrija\" \/>\n<meta property=\"og:description\" content=\"En \u2019Operaci\u00f3n Carros de Gede\u00f3n: c\u00f3mo hacer Gaza inhabitable\u2019, Ignacio \u00c1lvarez-Ossorio Alvari\u00f1o, explica las consecuencias de m\u00e1s de veinte meses de de ataque estructural y continuo a la poblaci\u00f3n gazat\u00ed, aplicando la Doctrina Dahiye, que no distingue entre objetivos civiles\" \/>\n<meta property=\"og:url\" content=\"https:\/\/www.nebrija.com\/medios\/actualidadnebrija\/2026\/03\/23\/resena-genocidio-y-destruccion-de-la-franja-de-gaza\/\" \/>\n<meta property=\"og:site_name\" content=\"Actualidad Nebrija\" \/>\n<meta property=\"article:published_time\" content=\"2026-03-23T08:50:40+00:00\" \/>\n<meta property=\"og:image\" content=\"https:\/\/www.nebrija.com\/medios\/actualidadnebrija\/wp-content\/uploads\/sites\/2\/2026\/03\/tag-2-sep-25.jpg\" \/>\n\t<meta property=\"og:image:width\" content=\"506\" \/>\n\t<meta property=\"og:image:height\" content=\"176\" \/>\n\t<meta property=\"og:image:type\" content=\"image\/jpeg\" \/>\n<meta name=\"author\" content=\"jpicos\" \/>\n<meta name=\"twitter:card\" content=\"summary_large_image\" \/>\n<meta name=\"twitter:label1\" content=\"Escrito por\" \/>\n\t<meta name=\"twitter:data1\" content=\"jpicos\" \/>\n\t<meta name=\"twitter:label2\" content=\"Tiempo de lectura\" \/>\n\t<meta name=\"twitter:data2\" content=\"2 minutos\" \/>\n<!-- \/ Yoast SEO plugin. -->","yoast_head_json":{"title":"Rese\u00f1a. Genocidio y destrucci\u00f3n de la Franja de Gaza - Actualidad Nebrija","robots":{"index":"index","follow":"follow","max-snippet":"max-snippet:-1","max-image-preview":"max-image-preview:large","max-video-preview":"max-video-preview:-1"},"canonical":"https:\/\/www.nebrija.com\/medios\/actualidadnebrija\/2026\/03\/23\/resena-genocidio-y-destruccion-de-la-franja-de-gaza\/","og_locale":"es_ES","og_type":"article","og_title":"Rese\u00f1a. Genocidio y destrucci\u00f3n de la Franja de Gaza - Actualidad Nebrija","og_description":"En \u2019Operaci\u00f3n Carros de Gede\u00f3n: c\u00f3mo hacer Gaza inhabitable\u2019, Ignacio \u00c1lvarez-Ossorio Alvari\u00f1o, explica las consecuencias de m\u00e1s de veinte meses de de ataque estructural y continuo a la poblaci\u00f3n gazat\u00ed, aplicando la Doctrina Dahiye, que no distingue entre objetivos civiles","og_url":"https:\/\/www.nebrija.com\/medios\/actualidadnebrija\/2026\/03\/23\/resena-genocidio-y-destruccion-de-la-franja-de-gaza\/","og_site_name":"Actualidad Nebrija","article_published_time":"2026-03-23T08:50:40+00:00","og_image":[{"width":506,"height":176,"url":"https:\/\/www.nebrija.com\/medios\/actualidadnebrija\/wp-content\/uploads\/sites\/2\/2026\/03\/tag-2-sep-25.jpg","type":"image\/jpeg"}],"author":"jpicos","twitter_card":"summary_large_image","twitter_misc":{"Escrito por":"jpicos","Tiempo de lectura":"2 minutos"},"schema":{"@context":"https:\/\/schema.org","@graph":[{"@type":"WebPage","@id":"https:\/\/www.nebrija.com\/medios\/actualidadnebrija\/2026\/03\/23\/resena-genocidio-y-destruccion-de-la-franja-de-gaza\/","url":"https:\/\/www.nebrija.com\/medios\/actualidadnebrija\/2026\/03\/23\/resena-genocidio-y-destruccion-de-la-franja-de-gaza\/","name":"Rese\u00f1a. Genocidio y destrucci\u00f3n de la Franja de Gaza - Actualidad Nebrija","isPartOf":{"@id":"https:\/\/www.nebrija.com\/medios\/actualidadnebrija\/#website"},"datePublished":"2026-03-23T08:50:40+00:00","dateModified":"2026-03-23T08:50:40+00:00","author":{"@id":"https:\/\/www.nebrija.com\/medios\/actualidadnebrija\/#\/schema\/person\/0cd40b7dd3f54459e2cfc009dbd255c6"},"breadcrumb":{"@id":"https:\/\/www.nebrija.com\/medios\/actualidadnebrija\/2026\/03\/23\/resena-genocidio-y-destruccion-de-la-franja-de-gaza\/#breadcrumb"},"inLanguage":"es","potentialAction":[{"@type":"ReadAction","target":["https:\/\/www.nebrija.com\/medios\/actualidadnebrija\/2026\/03\/23\/resena-genocidio-y-destruccion-de-la-franja-de-gaza\/"]}]},{"@type":"BreadcrumbList","@id":"https:\/\/www.nebrija.com\/medios\/actualidadnebrija\/2026\/03\/23\/resena-genocidio-y-destruccion-de-la-franja-de-gaza\/#breadcrumb","itemListElement":[{"@type":"ListItem","position":1,"name":"Home","item":"https:\/\/www.nebrija.com\/medios\/actualidadnebrija\/"},{"@type":"ListItem","position":2,"name":"Rese\u00f1a. Genocidio y destrucci\u00f3n de la Franja de Gaza"}]},{"@type":"WebSite","@id":"https:\/\/www.nebrija.com\/medios\/actualidadnebrija\/#website","url":"https:\/\/www.nebrija.com\/medios\/actualidadnebrija\/","name":"Actualidad Nebrija","description":"Noticias de la Universidad Nebrija","potentialAction":[{"@type":"SearchAction","target":{"@type":"EntryPoint","urlTemplate":"https:\/\/www.nebrija.com\/medios\/actualidadnebrija\/?s={search_term_string}"},"query-input":"required name=search_term_string"}],"inLanguage":"es"},{"@type":"Person","@id":"https:\/\/www.nebrija.com\/medios\/actualidadnebrija\/#\/schema\/person\/0cd40b7dd3f54459e2cfc009dbd255c6","name":"jpicos","image":{"@type":"ImageObject","inLanguage":"es","@id":"https:\/\/www.nebrija.com\/medios\/actualidadnebrija\/#\/schema\/person\/image\/","url":"https:\/\/secure.gravatar.com\/avatar\/c4a1005cff3fd9bb5185e9671f4f3e9b?s=96&d=mm&r=g","contentUrl":"https:\/\/secure.gravatar.com\/avatar\/c4a1005cff3fd9bb5185e9671f4f3e9b?s=96&d=mm&r=g","caption":"jpicos"},"url":"https:\/\/www.nebrija.com\/medios\/actualidadnebrija\/author\/jpicos\/"}]}},"_links":{"self":[{"href":"https:\/\/www.nebrija.com\/medios\/actualidadnebrija\/wp-json\/wp\/v2\/posts\/101335"}],"collection":[{"href":"https:\/\/www.nebrija.com\/medios\/actualidadnebrija\/wp-json\/wp\/v2\/posts"}],"about":[{"href":"https:\/\/www.nebrija.com\/medios\/actualidadnebrija\/wp-json\/wp\/v2\/types\/post"}],"author":[{"embeddable":true,"href":"https:\/\/www.nebrija.com\/medios\/actualidadnebrija\/wp-json\/wp\/v2\/users\/326"}],"replies":[{"embeddable":true,"href":"https:\/\/www.nebrija.com\/medios\/actualidadnebrija\/wp-json\/wp\/v2\/comments?post=101335"}],"version-history":[{"count":1,"href":"https:\/\/www.nebrija.com\/medios\/actualidadnebrija\/wp-json\/wp\/v2\/posts\/101335\/revisions"}],"predecessor-version":[{"id":101342,"href":"https:\/\/www.nebrija.com\/medios\/actualidadnebrija\/wp-json\/wp\/v2\/posts\/101335\/revisions\/101342"}],"wp:featuredmedia":[{"embeddable":true,"href":"https:\/\/www.nebrija.com\/medios\/actualidadnebrija\/wp-json\/wp\/v2\/media\/101341"}],"wp:attachment":[{"href":"https:\/\/www.nebrija.com\/medios\/actualidadnebrija\/wp-json\/wp\/v2\/media?parent=101335"}],"wp:term":[{"taxonomy":"category","embeddable":true,"href":"https:\/\/www.nebrija.com\/medios\/actualidadnebrija\/wp-json\/wp\/v2\/categories?post=101335"},{"taxonomy":"post_tag","embeddable":true,"href":"https:\/\/www.nebrija.com\/medios\/actualidadnebrija\/wp-json\/wp\/v2\/tags?post=101335"}],"curies":[{"name":"wp","href":"https:\/\/api.w.org\/{rel}","templated":true}]}}