{"id":101345,"date":"2026-03-23T09:55:01","date_gmt":"2026-03-23T08:55:01","guid":{"rendered":"https:\/\/www.nebrija.com\/medios\/actualidadnebrija\/?p=101345"},"modified":"2026-03-23T09:55:01","modified_gmt":"2026-03-23T08:55:01","slug":"resena-gestion-del-riesgo","status":"publish","type":"post","link":"https:\/\/www.nebrija.com\/medios\/actualidadnebrija\/2026\/03\/23\/resena-gestion-del-riesgo\/","title":{"rendered":"Rese\u00f1a. Gesti\u00f3n del riesgo"},"content":{"rendered":"<p><em>En monta\u00f1a y en actividades al aire libre <\/em><\/p>\n<p>\u00bfEstamos ante una sentencia judicial? Si observamos el t\u00edtulo de este libro, <a href=\"https:\/\/biblioteca.nebrija.es\/opac\/baratzcl?TITN=123302\"><strong><em>Gesti\u00f3n del riesgo en monta\u00f1a y en actividades al aire libre<\/em><\/strong><\/a> no lo parecer\u00eda. Sin embargo, nada m\u00e1s abrir la primera p\u00e1gina encontramos una estructura similar a la de cualquier sentencia, con sus antecedentes de hecho y sus fundamentos de derecho, que termina incluso a modo de veredicto final. \u00bfAnte qu\u00e9 estamos entonces?<\/p>\n<p>Pues estamos ante una obra a la que su autor ha querido darle forma compacta y con empaque para que parezca que de un texto legal se trata. Pues la intenci\u00f3n de Alberto Ayora, coronel del Ej\u00e9rcito Espa\u00f1ol y presidente hasta el pasado a\u00f1o 2024 de la Federaci\u00f3n Espa\u00f1ola de Deportes de Monta\u00f1a y Escalada, es remarcar que el deporte al aire libre y, de manera especial, las actividades practicadas en monta\u00f1a comportan una serie de riesgos que cualquier escalador, andinista o alpinista deber\u00eda saber evaluar y gestionar.<\/p>\n<p>Con este prop\u00f3sito, Ayora divide el libro en dos partes. En la primera nos esboza sus experiencias, los riesgos que hay que asumir en los inicios de las primeras expediciones, y nos presenta una serie de estrategias de aprendizaje en actividades de altura derivadas y aprendidas de los accidentes que ha tenido que asumir o en los que se ha visto involucrado a lo largo de su carrera. En la segunda parte se enfoca en el riesgo y su gesti\u00f3n desde una panor\u00e1mica global y general, introduciendo elementos para saber minimizarlos o explic\u00e1ndonos algunas de las herramientas que est\u00e1n en nuestra mano para evaluar dicho riesgo, ya estemos en zona de alta monta\u00f1a, en barrancos o en aguas bravas. Concluye la obra con una gu\u00eda de seguros y, como \u00faltimo toque, nos plantea que el \u00e9xito o la asunci\u00f3n del riesgo final, el veredicto, depende de las decisiones que nosotros tomemos en cada momento y situaci\u00f3n, depende, en \u00faltima instancia, de nuestro juicio.<\/p>\n<p>Esta obra resulta \u00fatil tanto para deportistas como aficionados a la escalada y los deportes al aire libre, as\u00ed como tambi\u00e9n para los gestores de \u00e1mbitos empresariales, pues las lecciones que nos presenta el autor pueden extrapolarse a muchos otros \u00e1mbitos de nuestras vidas. Es sin duda un libro pr\u00e1ctico donde los haya que tienes al alcance de tu mano a trav\u00e9s del <a href=\"https:\/\/biblioteca.nebrija.es\/opac\"><strong>Cat\u00e1logo-OPAC ~ Web Portal<\/strong><\/a> de la Red de Bibliotecas Nebrija.<\/p>\n","protected":false},"excerpt":{"rendered":"<p>En monta\u00f1a y en actividades al aire libre \u00bfEstamos ante una sentencia judicial? Si observamos el t\u00edtulo de este libro, Gesti\u00f3n del riesgo en monta\u00f1a y en actividades al aire libre no lo parecer\u00eda. Sin embargo, nada m\u00e1s abrir la<\/p>\n","protected":false},"author":326,"featured_media":101339,"comment_status":"open","ping_status":"open","sticky":false,"template":"","format":"standard","meta":{"_acf_changed":false,"_monsterinsights_skip_tracking":false,"_monsterinsights_sitenote_active":false,"_monsterinsights_sitenote_note":"","_monsterinsights_sitenote_category":0,"footnotes":""},"categories":[3063],"tags":[3143,5603],"acf":[],"yoast_head":"<!-- This site is optimized with the Yoast SEO plugin v22.1 - https:\/\/yoast.com\/wordpress\/plugins\/seo\/ -->\n<title>Rese\u00f1a. Gesti\u00f3n del riesgo - Actualidad Nebrija<\/title>\n<meta name=\"robots\" content=\"index, follow, max-snippet:-1, max-image-preview:large, max-video-preview:-1\" \/>\n<link rel=\"canonical\" href=\"https:\/\/www.nebrija.com\/medios\/actualidadnebrija\/2026\/03\/23\/resena-gestion-del-riesgo\/\" \/>\n<meta property=\"og:locale\" content=\"es_ES\" \/>\n<meta property=\"og:type\" content=\"article\" \/>\n<meta property=\"og:title\" content=\"Rese\u00f1a. Gesti\u00f3n del riesgo - Actualidad Nebrija\" \/>\n<meta property=\"og:description\" content=\"En monta\u00f1a y en actividades al aire libre \u00bfEstamos ante una sentencia judicial? Si observamos el t\u00edtulo de este libro, Gesti\u00f3n del riesgo en monta\u00f1a y en actividades al aire libre no lo parecer\u00eda. Sin embargo, nada m\u00e1s abrir la\" \/>\n<meta property=\"og:url\" content=\"https:\/\/www.nebrija.com\/medios\/actualidadnebrija\/2026\/03\/23\/resena-gestion-del-riesgo\/\" \/>\n<meta property=\"og:site_name\" content=\"Actualidad Nebrija\" \/>\n<meta property=\"article:published_time\" content=\"2026-03-23T08:55:01+00:00\" \/>\n<meta property=\"og:image\" content=\"https:\/\/www.nebrija.com\/medios\/actualidadnebrija\/wp-content\/uploads\/sites\/2\/2026\/03\/pje-2-jul-25.jpg\" \/>\n\t<meta property=\"og:image:width\" content=\"375\" \/>\n\t<meta property=\"og:image:height\" content=\"500\" \/>\n\t<meta property=\"og:image:type\" content=\"image\/jpeg\" \/>\n<meta name=\"author\" content=\"jpicos\" \/>\n<meta name=\"twitter:card\" content=\"summary_large_image\" \/>\n<meta name=\"twitter:label1\" content=\"Escrito por\" \/>\n\t<meta name=\"twitter:data1\" content=\"jpicos\" \/>\n\t<meta name=\"twitter:label2\" content=\"Tiempo de lectura\" \/>\n\t<meta name=\"twitter:data2\" content=\"3 minutos\" \/>\n<!-- \/ Yoast SEO plugin. -->","yoast_head_json":{"title":"Rese\u00f1a. Gesti\u00f3n del riesgo - Actualidad Nebrija","robots":{"index":"index","follow":"follow","max-snippet":"max-snippet:-1","max-image-preview":"max-image-preview:large","max-video-preview":"max-video-preview:-1"},"canonical":"https:\/\/www.nebrija.com\/medios\/actualidadnebrija\/2026\/03\/23\/resena-gestion-del-riesgo\/","og_locale":"es_ES","og_type":"article","og_title":"Rese\u00f1a. Gesti\u00f3n del riesgo - Actualidad Nebrija","og_description":"En monta\u00f1a y en actividades al aire libre \u00bfEstamos ante una sentencia judicial? Si observamos el t\u00edtulo de este libro, Gesti\u00f3n del riesgo en monta\u00f1a y en actividades al aire libre no lo parecer\u00eda. Sin embargo, nada m\u00e1s abrir la","og_url":"https:\/\/www.nebrija.com\/medios\/actualidadnebrija\/2026\/03\/23\/resena-gestion-del-riesgo\/","og_site_name":"Actualidad Nebrija","article_published_time":"2026-03-23T08:55:01+00:00","og_image":[{"width":375,"height":500,"url":"https:\/\/www.nebrija.com\/medios\/actualidadnebrija\/wp-content\/uploads\/sites\/2\/2026\/03\/pje-2-jul-25.jpg","type":"image\/jpeg"}],"author":"jpicos","twitter_card":"summary_large_image","twitter_misc":{"Escrito por":"jpicos","Tiempo de lectura":"3 minutos"},"schema":{"@context":"https:\/\/schema.org","@graph":[{"@type":"WebPage","@id":"https:\/\/www.nebrija.com\/medios\/actualidadnebrija\/2026\/03\/23\/resena-gestion-del-riesgo\/","url":"https:\/\/www.nebrija.com\/medios\/actualidadnebrija\/2026\/03\/23\/resena-gestion-del-riesgo\/","name":"Rese\u00f1a. Gesti\u00f3n del riesgo - Actualidad Nebrija","isPartOf":{"@id":"https:\/\/www.nebrija.com\/medios\/actualidadnebrija\/#website"},"datePublished":"2026-03-23T08:55:01+00:00","dateModified":"2026-03-23T08:55:01+00:00","author":{"@id":"https:\/\/www.nebrija.com\/medios\/actualidadnebrija\/#\/schema\/person\/0cd40b7dd3f54459e2cfc009dbd255c6"},"breadcrumb":{"@id":"https:\/\/www.nebrija.com\/medios\/actualidadnebrija\/2026\/03\/23\/resena-gestion-del-riesgo\/#breadcrumb"},"inLanguage":"es","potentialAction":[{"@type":"ReadAction","target":["https:\/\/www.nebrija.com\/medios\/actualidadnebrija\/2026\/03\/23\/resena-gestion-del-riesgo\/"]}]},{"@type":"BreadcrumbList","@id":"https:\/\/www.nebrija.com\/medios\/actualidadnebrija\/2026\/03\/23\/resena-gestion-del-riesgo\/#breadcrumb","itemListElement":[{"@type":"ListItem","position":1,"name":"Home","item":"https:\/\/www.nebrija.com\/medios\/actualidadnebrija\/"},{"@type":"ListItem","position":2,"name":"Rese\u00f1a. Gesti\u00f3n del riesgo"}]},{"@type":"WebSite","@id":"https:\/\/www.nebrija.com\/medios\/actualidadnebrija\/#website","url":"https:\/\/www.nebrija.com\/medios\/actualidadnebrija\/","name":"Actualidad Nebrija","description":"Noticias de la Universidad Nebrija","potentialAction":[{"@type":"SearchAction","target":{"@type":"EntryPoint","urlTemplate":"https:\/\/www.nebrija.com\/medios\/actualidadnebrija\/?s={search_term_string}"},"query-input":"required name=search_term_string"}],"inLanguage":"es"},{"@type":"Person","@id":"https:\/\/www.nebrija.com\/medios\/actualidadnebrija\/#\/schema\/person\/0cd40b7dd3f54459e2cfc009dbd255c6","name":"jpicos","image":{"@type":"ImageObject","inLanguage":"es","@id":"https:\/\/www.nebrija.com\/medios\/actualidadnebrija\/#\/schema\/person\/image\/","url":"https:\/\/secure.gravatar.com\/avatar\/c4a1005cff3fd9bb5185e9671f4f3e9b?s=96&d=mm&r=g","contentUrl":"https:\/\/secure.gravatar.com\/avatar\/c4a1005cff3fd9bb5185e9671f4f3e9b?s=96&d=mm&r=g","caption":"jpicos"},"url":"https:\/\/www.nebrija.com\/medios\/actualidadnebrija\/author\/jpicos\/"}]}},"_links":{"self":[{"href":"https:\/\/www.nebrija.com\/medios\/actualidadnebrija\/wp-json\/wp\/v2\/posts\/101345"}],"collection":[{"href":"https:\/\/www.nebrija.com\/medios\/actualidadnebrija\/wp-json\/wp\/v2\/posts"}],"about":[{"href":"https:\/\/www.nebrija.com\/medios\/actualidadnebrija\/wp-json\/wp\/v2\/types\/post"}],"author":[{"embeddable":true,"href":"https:\/\/www.nebrija.com\/medios\/actualidadnebrija\/wp-json\/wp\/v2\/users\/326"}],"replies":[{"embeddable":true,"href":"https:\/\/www.nebrija.com\/medios\/actualidadnebrija\/wp-json\/wp\/v2\/comments?post=101345"}],"version-history":[{"count":1,"href":"https:\/\/www.nebrija.com\/medios\/actualidadnebrija\/wp-json\/wp\/v2\/posts\/101345\/revisions"}],"predecessor-version":[{"id":101346,"href":"https:\/\/www.nebrija.com\/medios\/actualidadnebrija\/wp-json\/wp\/v2\/posts\/101345\/revisions\/101346"}],"wp:featuredmedia":[{"embeddable":true,"href":"https:\/\/www.nebrija.com\/medios\/actualidadnebrija\/wp-json\/wp\/v2\/media\/101339"}],"wp:attachment":[{"href":"https:\/\/www.nebrija.com\/medios\/actualidadnebrija\/wp-json\/wp\/v2\/media?parent=101345"}],"wp:term":[{"taxonomy":"category","embeddable":true,"href":"https:\/\/www.nebrija.com\/medios\/actualidadnebrija\/wp-json\/wp\/v2\/categories?post=101345"},{"taxonomy":"post_tag","embeddable":true,"href":"https:\/\/www.nebrija.com\/medios\/actualidadnebrija\/wp-json\/wp\/v2\/tags?post=101345"}],"curies":[{"name":"wp","href":"https:\/\/api.w.org\/{rel}","templated":true}]}}