{"id":101739,"date":"2026-04-27T09:33:56","date_gmt":"2026-04-27T07:33:56","guid":{"rendered":"https:\/\/www.nebrija.com\/medios\/actualidadnebrija\/?p=101739"},"modified":"2026-04-27T09:33:56","modified_gmt":"2026-04-27T07:33:56","slug":"resena-migraciones-y-derecho-de-asilo","status":"publish","type":"post","link":"https:\/\/www.nebrija.com\/medios\/actualidadnebrija\/2026\/04\/27\/resena-migraciones-y-derecho-de-asilo\/","title":{"rendered":"Rese\u00f1a. Migraciones y derecho de asilo"},"content":{"rendered":"<p>En <a href=\"https:\/\/biblioteca.nebrija.es\/opac\/baratzcl?TITN=144948\"><strong><em>La instrumentalizaci\u00f3n de las migraciones en la frontera exterior oriental de la UE: el derecho de asilo en la encrucijada<\/em><\/strong><\/a>, Eva D\u00edez Peralta, reflexiona\u00a0sobre la respuesta europea a la instrumentalizaci\u00f3n estatal de la migraci\u00f3n.<\/p>\n<p>El concepto de instrumentalizaci\u00f3n est\u00e1 regulado en las normas del Pacto sobre Migraci\u00f3n y Asilo, no obstante, la pol\u00edtica com\u00fan de migraci\u00f3n y asilo es todav\u00eda una quimera. Se habla, tanto de descuido en la protecci\u00f3n internacional de los migrantes, como de criminalizaci\u00f3n de quienes les prestan ayuda. La migraci\u00f3n dirigida desde una pol\u00edtica de seguridad, contribuye inevitablemente a menoscabar la protecci\u00f3n de las personas refugiadas.<\/p>\n<p>Los Estados miembros no pueden suspender el derecho de asilo. Las excepciones requieren la evaluaci\u00f3n de la Comisi\u00f3n, previa solicitud del Estado miembro con la consiguiente aprobaci\u00f3n del Consejo.<\/p>\n<p>Pese a la primac\u00eda del respeto a los derechos fundamentales, en la Uni\u00f3n Europea, algunas fuerzas antidemocr\u00e1ticas comienzan a amenazar el proceso de integraci\u00f3n fomentando el sentimiento antiinmigraci\u00f3n.<\/p>\n<p>Encontrar\u00e1s este art\u00edculo en la <em>Revista de Derecho Comunitario Europeo, volumen <\/em>29, n\u00famero 81, mayo\/agosto 2025, en la Biblioteca de la Universidad, y puedes localizarlo a trav\u00e9s del <a href=\"https:\/\/biblioteca.nebrija.es\/opac\"><strong>Cat\u00e1logo-OPAC ~ Web Portal.<\/strong><\/a><\/p>\n","protected":false},"excerpt":{"rendered":"<p>En La instrumentalizaci\u00f3n de las migraciones en la frontera exterior oriental de la UE: el derecho de asilo en la encrucijada, Eva D\u00edez Peralta, reflexiona\u00a0sobre la respuesta europea a la instrumentalizaci\u00f3n estatal de la migraci\u00f3n. El concepto de instrumentalizaci\u00f3n est\u00e1<\/p>\n","protected":false},"author":326,"featured_media":101747,"comment_status":"open","ping_status":"open","sticky":false,"template":"","format":"standard","meta":{"_acf_changed":false,"_monsterinsights_skip_tracking":false,"_monsterinsights_sitenote_active":false,"_monsterinsights_sitenote_note":"","_monsterinsights_sitenote_category":0,"footnotes":""},"categories":[3063],"tags":[3143,5603],"acf":[],"yoast_head":"<!-- This site is optimized with the Yoast SEO plugin v22.1 - https:\/\/yoast.com\/wordpress\/plugins\/seo\/ -->\n<title>Rese\u00f1a. Migraciones y derecho de asilo - Actualidad Nebrija<\/title>\n<meta name=\"robots\" content=\"index, follow, max-snippet:-1, max-image-preview:large, max-video-preview:-1\" \/>\n<link rel=\"canonical\" href=\"https:\/\/www.nebrija.com\/medios\/actualidadnebrija\/2026\/04\/27\/resena-migraciones-y-derecho-de-asilo\/\" \/>\n<meta property=\"og:locale\" content=\"es_ES\" \/>\n<meta property=\"og:type\" content=\"article\" \/>\n<meta property=\"og:title\" content=\"Rese\u00f1a. Migraciones y derecho de asilo - Actualidad Nebrija\" \/>\n<meta property=\"og:description\" content=\"En La instrumentalizaci\u00f3n de las migraciones en la frontera exterior oriental de la UE: el derecho de asilo en la encrucijada, Eva D\u00edez Peralta, reflexiona\u00a0sobre la respuesta europea a la instrumentalizaci\u00f3n estatal de la migraci\u00f3n. El concepto de instrumentalizaci\u00f3n est\u00e1\" \/>\n<meta property=\"og:url\" content=\"https:\/\/www.nebrija.com\/medios\/actualidadnebrija\/2026\/04\/27\/resena-migraciones-y-derecho-de-asilo\/\" \/>\n<meta property=\"og:site_name\" content=\"Actualidad Nebrija\" \/>\n<meta property=\"article:published_time\" content=\"2026-04-27T07:33:56+00:00\" \/>\n<meta property=\"og:image\" content=\"https:\/\/www.nebrija.com\/medios\/actualidadnebrija\/wp-content\/uploads\/sites\/2\/2026\/04\/tag-1-oct-25.jpg\" \/>\n\t<meta property=\"og:image:width\" content=\"516\" \/>\n\t<meta property=\"og:image:height\" content=\"282\" \/>\n\t<meta property=\"og:image:type\" content=\"image\/jpeg\" \/>\n<meta name=\"author\" content=\"jpicos\" \/>\n<meta name=\"twitter:card\" content=\"summary_large_image\" \/>\n<meta name=\"twitter:label1\" content=\"Escrito por\" \/>\n\t<meta name=\"twitter:data1\" content=\"jpicos\" \/>\n\t<meta name=\"twitter:label2\" content=\"Tiempo de lectura\" \/>\n\t<meta name=\"twitter:data2\" content=\"2 minutos\" \/>\n<!-- \/ Yoast SEO plugin. -->","yoast_head_json":{"title":"Rese\u00f1a. Migraciones y derecho de asilo - Actualidad Nebrija","robots":{"index":"index","follow":"follow","max-snippet":"max-snippet:-1","max-image-preview":"max-image-preview:large","max-video-preview":"max-video-preview:-1"},"canonical":"https:\/\/www.nebrija.com\/medios\/actualidadnebrija\/2026\/04\/27\/resena-migraciones-y-derecho-de-asilo\/","og_locale":"es_ES","og_type":"article","og_title":"Rese\u00f1a. Migraciones y derecho de asilo - Actualidad Nebrija","og_description":"En La instrumentalizaci\u00f3n de las migraciones en la frontera exterior oriental de la UE: el derecho de asilo en la encrucijada, Eva D\u00edez Peralta, reflexiona\u00a0sobre la respuesta europea a la instrumentalizaci\u00f3n estatal de la migraci\u00f3n. El concepto de instrumentalizaci\u00f3n est\u00e1","og_url":"https:\/\/www.nebrija.com\/medios\/actualidadnebrija\/2026\/04\/27\/resena-migraciones-y-derecho-de-asilo\/","og_site_name":"Actualidad Nebrija","article_published_time":"2026-04-27T07:33:56+00:00","og_image":[{"width":516,"height":282,"url":"https:\/\/www.nebrija.com\/medios\/actualidadnebrija\/wp-content\/uploads\/sites\/2\/2026\/04\/tag-1-oct-25.jpg","type":"image\/jpeg"}],"author":"jpicos","twitter_card":"summary_large_image","twitter_misc":{"Escrito por":"jpicos","Tiempo de lectura":"2 minutos"},"schema":{"@context":"https:\/\/schema.org","@graph":[{"@type":"WebPage","@id":"https:\/\/www.nebrija.com\/medios\/actualidadnebrija\/2026\/04\/27\/resena-migraciones-y-derecho-de-asilo\/","url":"https:\/\/www.nebrija.com\/medios\/actualidadnebrija\/2026\/04\/27\/resena-migraciones-y-derecho-de-asilo\/","name":"Rese\u00f1a. Migraciones y derecho de asilo - Actualidad Nebrija","isPartOf":{"@id":"https:\/\/www.nebrija.com\/medios\/actualidadnebrija\/#website"},"datePublished":"2026-04-27T07:33:56+00:00","dateModified":"2026-04-27T07:33:56+00:00","author":{"@id":"https:\/\/www.nebrija.com\/medios\/actualidadnebrija\/#\/schema\/person\/0cd40b7dd3f54459e2cfc009dbd255c6"},"breadcrumb":{"@id":"https:\/\/www.nebrija.com\/medios\/actualidadnebrija\/2026\/04\/27\/resena-migraciones-y-derecho-de-asilo\/#breadcrumb"},"inLanguage":"es","potentialAction":[{"@type":"ReadAction","target":["https:\/\/www.nebrija.com\/medios\/actualidadnebrija\/2026\/04\/27\/resena-migraciones-y-derecho-de-asilo\/"]}]},{"@type":"BreadcrumbList","@id":"https:\/\/www.nebrija.com\/medios\/actualidadnebrija\/2026\/04\/27\/resena-migraciones-y-derecho-de-asilo\/#breadcrumb","itemListElement":[{"@type":"ListItem","position":1,"name":"Home","item":"https:\/\/www.nebrija.com\/medios\/actualidadnebrija\/"},{"@type":"ListItem","position":2,"name":"Rese\u00f1a. Migraciones y derecho de asilo"}]},{"@type":"WebSite","@id":"https:\/\/www.nebrija.com\/medios\/actualidadnebrija\/#website","url":"https:\/\/www.nebrija.com\/medios\/actualidadnebrija\/","name":"Actualidad Nebrija","description":"Noticias de la Universidad Nebrija","potentialAction":[{"@type":"SearchAction","target":{"@type":"EntryPoint","urlTemplate":"https:\/\/www.nebrija.com\/medios\/actualidadnebrija\/?s={search_term_string}"},"query-input":"required name=search_term_string"}],"inLanguage":"es"},{"@type":"Person","@id":"https:\/\/www.nebrija.com\/medios\/actualidadnebrija\/#\/schema\/person\/0cd40b7dd3f54459e2cfc009dbd255c6","name":"jpicos","image":{"@type":"ImageObject","inLanguage":"es","@id":"https:\/\/www.nebrija.com\/medios\/actualidadnebrija\/#\/schema\/person\/image\/","url":"https:\/\/secure.gravatar.com\/avatar\/c4a1005cff3fd9bb5185e9671f4f3e9b?s=96&d=mm&r=g","contentUrl":"https:\/\/secure.gravatar.com\/avatar\/c4a1005cff3fd9bb5185e9671f4f3e9b?s=96&d=mm&r=g","caption":"jpicos"},"url":"https:\/\/www.nebrija.com\/medios\/actualidadnebrija\/author\/jpicos\/"}]}},"_links":{"self":[{"href":"https:\/\/www.nebrija.com\/medios\/actualidadnebrija\/wp-json\/wp\/v2\/posts\/101739"}],"collection":[{"href":"https:\/\/www.nebrija.com\/medios\/actualidadnebrija\/wp-json\/wp\/v2\/posts"}],"about":[{"href":"https:\/\/www.nebrija.com\/medios\/actualidadnebrija\/wp-json\/wp\/v2\/types\/post"}],"author":[{"embeddable":true,"href":"https:\/\/www.nebrija.com\/medios\/actualidadnebrija\/wp-json\/wp\/v2\/users\/326"}],"replies":[{"embeddable":true,"href":"https:\/\/www.nebrija.com\/medios\/actualidadnebrija\/wp-json\/wp\/v2\/comments?post=101739"}],"version-history":[{"count":1,"href":"https:\/\/www.nebrija.com\/medios\/actualidadnebrija\/wp-json\/wp\/v2\/posts\/101739\/revisions"}],"predecessor-version":[{"id":101748,"href":"https:\/\/www.nebrija.com\/medios\/actualidadnebrija\/wp-json\/wp\/v2\/posts\/101739\/revisions\/101748"}],"wp:featuredmedia":[{"embeddable":true,"href":"https:\/\/www.nebrija.com\/medios\/actualidadnebrija\/wp-json\/wp\/v2\/media\/101747"}],"wp:attachment":[{"href":"https:\/\/www.nebrija.com\/medios\/actualidadnebrija\/wp-json\/wp\/v2\/media?parent=101739"}],"wp:term":[{"taxonomy":"category","embeddable":true,"href":"https:\/\/www.nebrija.com\/medios\/actualidadnebrija\/wp-json\/wp\/v2\/categories?post=101739"},{"taxonomy":"post_tag","embeddable":true,"href":"https:\/\/www.nebrija.com\/medios\/actualidadnebrija\/wp-json\/wp\/v2\/tags?post=101739"}],"curies":[{"name":"wp","href":"https:\/\/api.w.org\/{rel}","templated":true}]}}