{"id":101754,"date":"2026-04-27T09:41:23","date_gmt":"2026-04-27T07:41:23","guid":{"rendered":"https:\/\/www.nebrija.com\/medios\/actualidadnebrija\/?p=101754"},"modified":"2026-04-27T09:41:23","modified_gmt":"2026-04-27T07:41:23","slug":"resena-enfermeria-y-cuidados-transnacionales","status":"publish","type":"post","link":"https:\/\/www.nebrija.com\/medios\/actualidadnebrija\/2026\/04\/27\/resena-enfermeria-y-cuidados-transnacionales\/","title":{"rendered":"Rese\u00f1a. Enfermer\u00eda y cuidados transnacionales"},"content":{"rendered":"<p><em>En contextos de guerra (1914-1945)<\/em><\/p>\n<p>El libro <a href=\"https:\/\/biblioteca.nebrija.es\/opac\/baratzcl?TITN=144369\"><strong><em>Enfermer\u00eda y cuidados transnacionales: en contextos de guerra (1914-1945)<\/em><\/strong><\/a><em>,<\/em> cuenta c\u00f3mo fue el trabajo de las enfermeras durante las guerras del siglo XX, como la Primera y Segunda Guerra Mundial y la Guerra Civil Espa\u00f1ola. Explica que muchas enfermeras de distintos pa\u00edses ayudaron juntas a cuidar a los heridos, aunque las condiciones fueran muy duras.<\/p>\n<p>Tambi\u00e9n habla de c\u00f3mo su trabajo estaba influido por las ideas pol\u00edticas y por c\u00f3mo se ve\u00eda a las mujeres en ese tiempo. A trav\u00e9s de ejemplos reales, el libro muestra que las enfermeras no solo cuidaban, sino que tambi\u00e9n luchaban por ayudar y mejorar su profesi\u00f3n.<\/p>\n<p>Es un libro muy \u00fatil para entender c\u00f3mo se desarroll\u00f3 el trabajo de la enfermer\u00eda en momentos dif\u00edciles.<\/p>\n<p>Si te interesa, este libro electr\u00f3nico se encuentra disponible en la Biblioteca de la Universidad y puedes localizarlo a trav\u00e9s del <a href=\"https:\/\/biblioteca.nebrija.es\/opac\"><strong>Cat\u00e1logo-OPAC ~ Web Portal<\/strong>.<\/a><\/p>\n","protected":false},"excerpt":{"rendered":"<p>En contextos de guerra (1914-1945) El libro Enfermer\u00eda y cuidados transnacionales: en contextos de guerra (1914-1945), cuenta c\u00f3mo fue el trabajo de las enfermeras durante las guerras del siglo XX, como la Primera y Segunda Guerra Mundial y la Guerra<\/p>\n","protected":false},"author":326,"featured_media":101743,"comment_status":"open","ping_status":"open","sticky":false,"template":"","format":"standard","meta":{"_acf_changed":false,"_monsterinsights_skip_tracking":false,"_monsterinsights_sitenote_active":false,"_monsterinsights_sitenote_note":"","_monsterinsights_sitenote_category":0,"footnotes":""},"categories":[3063],"tags":[3143,5603],"acf":[],"yoast_head":"<!-- This site is optimized with the Yoast SEO plugin v22.1 - https:\/\/yoast.com\/wordpress\/plugins\/seo\/ -->\n<title>Rese\u00f1a. Enfermer\u00eda y cuidados transnacionales - Actualidad Nebrija<\/title>\n<meta name=\"robots\" content=\"index, follow, max-snippet:-1, max-image-preview:large, max-video-preview:-1\" \/>\n<link rel=\"canonical\" href=\"https:\/\/www.nebrija.com\/medios\/actualidadnebrija\/2026\/04\/27\/resena-enfermeria-y-cuidados-transnacionales\/\" \/>\n<meta property=\"og:locale\" content=\"es_ES\" \/>\n<meta property=\"og:type\" content=\"article\" \/>\n<meta property=\"og:title\" content=\"Rese\u00f1a. Enfermer\u00eda y cuidados transnacionales - Actualidad Nebrija\" \/>\n<meta property=\"og:description\" content=\"En contextos de guerra (1914-1945) El libro Enfermer\u00eda y cuidados transnacionales: en contextos de guerra (1914-1945), cuenta c\u00f3mo fue el trabajo de las enfermeras durante las guerras del siglo XX, como la Primera y Segunda Guerra Mundial y la Guerra\" \/>\n<meta property=\"og:url\" content=\"https:\/\/www.nebrija.com\/medios\/actualidadnebrija\/2026\/04\/27\/resena-enfermeria-y-cuidados-transnacionales\/\" \/>\n<meta property=\"og:site_name\" content=\"Actualidad Nebrija\" \/>\n<meta property=\"article:published_time\" content=\"2026-04-27T07:41:23+00:00\" \/>\n<meta property=\"og:image\" content=\"https:\/\/www.nebrija.com\/medios\/actualidadnebrija\/wp-content\/uploads\/sites\/2\/2026\/04\/oag-2-ago-25.jpg\" \/>\n\t<meta property=\"og:image:width\" content=\"220\" \/>\n\t<meta property=\"og:image:height\" content=\"320\" \/>\n\t<meta property=\"og:image:type\" content=\"image\/jpeg\" \/>\n<meta name=\"author\" content=\"jpicos\" \/>\n<meta name=\"twitter:card\" content=\"summary_large_image\" \/>\n<meta name=\"twitter:label1\" content=\"Escrito por\" \/>\n\t<meta name=\"twitter:data1\" content=\"jpicos\" \/>\n\t<meta name=\"twitter:label2\" content=\"Tiempo de lectura\" \/>\n\t<meta name=\"twitter:data2\" content=\"1 minuto\" \/>\n<!-- \/ Yoast SEO plugin. -->","yoast_head_json":{"title":"Rese\u00f1a. Enfermer\u00eda y cuidados transnacionales - Actualidad Nebrija","robots":{"index":"index","follow":"follow","max-snippet":"max-snippet:-1","max-image-preview":"max-image-preview:large","max-video-preview":"max-video-preview:-1"},"canonical":"https:\/\/www.nebrija.com\/medios\/actualidadnebrija\/2026\/04\/27\/resena-enfermeria-y-cuidados-transnacionales\/","og_locale":"es_ES","og_type":"article","og_title":"Rese\u00f1a. Enfermer\u00eda y cuidados transnacionales - Actualidad Nebrija","og_description":"En contextos de guerra (1914-1945) El libro Enfermer\u00eda y cuidados transnacionales: en contextos de guerra (1914-1945), cuenta c\u00f3mo fue el trabajo de las enfermeras durante las guerras del siglo XX, como la Primera y Segunda Guerra Mundial y la Guerra","og_url":"https:\/\/www.nebrija.com\/medios\/actualidadnebrija\/2026\/04\/27\/resena-enfermeria-y-cuidados-transnacionales\/","og_site_name":"Actualidad Nebrija","article_published_time":"2026-04-27T07:41:23+00:00","og_image":[{"width":220,"height":320,"url":"https:\/\/www.nebrija.com\/medios\/actualidadnebrija\/wp-content\/uploads\/sites\/2\/2026\/04\/oag-2-ago-25.jpg","type":"image\/jpeg"}],"author":"jpicos","twitter_card":"summary_large_image","twitter_misc":{"Escrito por":"jpicos","Tiempo de lectura":"1 minuto"},"schema":{"@context":"https:\/\/schema.org","@graph":[{"@type":"WebPage","@id":"https:\/\/www.nebrija.com\/medios\/actualidadnebrija\/2026\/04\/27\/resena-enfermeria-y-cuidados-transnacionales\/","url":"https:\/\/www.nebrija.com\/medios\/actualidadnebrija\/2026\/04\/27\/resena-enfermeria-y-cuidados-transnacionales\/","name":"Rese\u00f1a. Enfermer\u00eda y cuidados transnacionales - Actualidad Nebrija","isPartOf":{"@id":"https:\/\/www.nebrija.com\/medios\/actualidadnebrija\/#website"},"datePublished":"2026-04-27T07:41:23+00:00","dateModified":"2026-04-27T07:41:23+00:00","author":{"@id":"https:\/\/www.nebrija.com\/medios\/actualidadnebrija\/#\/schema\/person\/0cd40b7dd3f54459e2cfc009dbd255c6"},"breadcrumb":{"@id":"https:\/\/www.nebrija.com\/medios\/actualidadnebrija\/2026\/04\/27\/resena-enfermeria-y-cuidados-transnacionales\/#breadcrumb"},"inLanguage":"es","potentialAction":[{"@type":"ReadAction","target":["https:\/\/www.nebrija.com\/medios\/actualidadnebrija\/2026\/04\/27\/resena-enfermeria-y-cuidados-transnacionales\/"]}]},{"@type":"BreadcrumbList","@id":"https:\/\/www.nebrija.com\/medios\/actualidadnebrija\/2026\/04\/27\/resena-enfermeria-y-cuidados-transnacionales\/#breadcrumb","itemListElement":[{"@type":"ListItem","position":1,"name":"Home","item":"https:\/\/www.nebrija.com\/medios\/actualidadnebrija\/"},{"@type":"ListItem","position":2,"name":"Rese\u00f1a. Enfermer\u00eda y cuidados transnacionales"}]},{"@type":"WebSite","@id":"https:\/\/www.nebrija.com\/medios\/actualidadnebrija\/#website","url":"https:\/\/www.nebrija.com\/medios\/actualidadnebrija\/","name":"Actualidad Nebrija","description":"Noticias de la Universidad Nebrija","potentialAction":[{"@type":"SearchAction","target":{"@type":"EntryPoint","urlTemplate":"https:\/\/www.nebrija.com\/medios\/actualidadnebrija\/?s={search_term_string}"},"query-input":"required name=search_term_string"}],"inLanguage":"es"},{"@type":"Person","@id":"https:\/\/www.nebrija.com\/medios\/actualidadnebrija\/#\/schema\/person\/0cd40b7dd3f54459e2cfc009dbd255c6","name":"jpicos","image":{"@type":"ImageObject","inLanguage":"es","@id":"https:\/\/www.nebrija.com\/medios\/actualidadnebrija\/#\/schema\/person\/image\/","url":"https:\/\/secure.gravatar.com\/avatar\/c4a1005cff3fd9bb5185e9671f4f3e9b?s=96&d=mm&r=g","contentUrl":"https:\/\/secure.gravatar.com\/avatar\/c4a1005cff3fd9bb5185e9671f4f3e9b?s=96&d=mm&r=g","caption":"jpicos"},"url":"https:\/\/www.nebrija.com\/medios\/actualidadnebrija\/author\/jpicos\/"}]}},"_links":{"self":[{"href":"https:\/\/www.nebrija.com\/medios\/actualidadnebrija\/wp-json\/wp\/v2\/posts\/101754"}],"collection":[{"href":"https:\/\/www.nebrija.com\/medios\/actualidadnebrija\/wp-json\/wp\/v2\/posts"}],"about":[{"href":"https:\/\/www.nebrija.com\/medios\/actualidadnebrija\/wp-json\/wp\/v2\/types\/post"}],"author":[{"embeddable":true,"href":"https:\/\/www.nebrija.com\/medios\/actualidadnebrija\/wp-json\/wp\/v2\/users\/326"}],"replies":[{"embeddable":true,"href":"https:\/\/www.nebrija.com\/medios\/actualidadnebrija\/wp-json\/wp\/v2\/comments?post=101754"}],"version-history":[{"count":1,"href":"https:\/\/www.nebrija.com\/medios\/actualidadnebrija\/wp-json\/wp\/v2\/posts\/101754\/revisions"}],"predecessor-version":[{"id":101755,"href":"https:\/\/www.nebrija.com\/medios\/actualidadnebrija\/wp-json\/wp\/v2\/posts\/101754\/revisions\/101755"}],"wp:featuredmedia":[{"embeddable":true,"href":"https:\/\/www.nebrija.com\/medios\/actualidadnebrija\/wp-json\/wp\/v2\/media\/101743"}],"wp:attachment":[{"href":"https:\/\/www.nebrija.com\/medios\/actualidadnebrija\/wp-json\/wp\/v2\/media?parent=101754"}],"wp:term":[{"taxonomy":"category","embeddable":true,"href":"https:\/\/www.nebrija.com\/medios\/actualidadnebrija\/wp-json\/wp\/v2\/categories?post=101754"},{"taxonomy":"post_tag","embeddable":true,"href":"https:\/\/www.nebrija.com\/medios\/actualidadnebrija\/wp-json\/wp\/v2\/tags?post=101754"}],"curies":[{"name":"wp","href":"https:\/\/api.w.org\/{rel}","templated":true}]}}