{"id":101756,"date":"2026-04-27T11:06:15","date_gmt":"2026-04-27T09:06:15","guid":{"rendered":"https:\/\/www.nebrija.com\/medios\/actualidadnebrija\/?p=101756"},"modified":"2026-04-27T11:07:12","modified_gmt":"2026-04-27T09:07:12","slug":"4-000-jovenes-corredores-participan-en-la-vii-minimaraton-madrid-nebrija","status":"publish","type":"post","link":"https:\/\/www.nebrija.com\/medios\/actualidadnebrija\/2026\/04\/27\/4-000-jovenes-corredores-participan-en-la-vii-minimaraton-madrid-nebrija\/","title":{"rendered":"4 000 j\u00f3venes corredores participan en la VII MiniMarat\u00f3n Madrid-Nebrija"},"content":{"rendered":"<p>La <a href=\"https:\/\/www.minimaratonmadrid.com\/\" target=\"_blank\" rel=\"noopener\">VII edici\u00f3n<\/a> de la MiniMarat\u00f3n Madrid-Nebrija reuni\u00f3 a 4 000 corredores de 5\u00ba de Primaria a 2\u00ba de Bachillerato y universitarios. La carrera, la \u00fanica de estas caracter\u00edsticas convocada para j\u00f3venes en Espa\u00f1a, tiene como objetivo promover el deporte y la salud entre los m\u00e1s j\u00f3venes, y contribuir a la sostenibilidad, la inclusi\u00f3n y la diversidad.<\/p>\n<p>Distribuidos en 5 categor\u00edas, procedentes de 46 colegios e institutos de Secundaria y Bachillerato y de 9 universidades, los corredores hicieron un recorrido de 4,2 kil\u00f3metros (el 10 % de una marat\u00f3n) en el parque de El Retiro de Madrid, con salida y meta en el Paseo Fern\u00e1n N\u00fa\u00f1ez.<\/p>\n<p>Jos\u00e9 Manuel Rodr\u00edguez Uribes, presidente del <a href=\"https:\/\/www.csd.gob.es\/es\" target=\"_blank\" rel=\"noopener\">Consejo Superior de Deportes<\/a>, destac\u00f3 que la MiniMarat\u00f3n Madrid-Nebrija es \u201cun proyecto magn\u00edfico que cada a\u00f1o se va consolidando\u201d, y supone \u201cuna primera toma de contacto para que los j\u00f3venes, con sus compa\u00f1eros, se inicien en la pr\u00e1ctica del deporte que, m\u00e1s all\u00e1 del ejercicio f\u00edsico, es salud, bienestar, compa\u00f1erismo; todos ellos elementos muy positivos para su formaci\u00f3n como personas\u201d.<\/p>\n<p>Paula Sevilla, atleta y doble medallista mundial <em>indoor<\/em>, celebr\u00f3 la implementaci\u00f3n de \u201cuna iniciativa que fomenta los h\u00e1bitos saludables, hace que los chicos disfruten, socialicen y hagan deporte\u201d.<\/p>\n<p><a href=\"https:\/\/www.nebrija.com\/medios\/actualidadnebrija\/wp-content\/uploads\/sites\/2\/2026\/04\/Paula-Sevilla.jpg\"><img loading=\"lazy\" decoding=\"async\" class=\"alignnone size-full wp-image-101763\" src=\"https:\/\/www.nebrija.com\/medios\/actualidadnebrija\/wp-content\/uploads\/sites\/2\/2026\/04\/Paula-Sevilla.jpg\" alt=\"Paula Sevilla\" width=\"1100\" height=\"734\" \/><\/a><\/p>\n<h2>La Fundaci\u00f3n Deporte Joven, con la MiniMarat\u00f3n<\/h2>\n<p>Por su parte, Ra\u00fal Entrerr\u00edos, coordinador de Colaboraci\u00f3n Empresarial de la <a href=\"https:\/\/deportejoven.es\/\" target=\"_blank\" rel=\"noopener\">Fundaci\u00f3n Deporte Joven<\/a>, doble medallista ol\u00edmpico y campe\u00f3n del mundo y de Europa de balonmano, coincidi\u00f3 en que el deporte \u201ces una fuente de valores fundamental para la formaci\u00f3n de los j\u00f3venes\u201d, tales como el esfuerzo, la inclusi\u00f3n y la diversidad.<\/p>\n<p>La Fundaci\u00f3n Nebrija ha asumido por tercera vez la organizaci\u00f3n de la MiniMarat\u00f3n Madrid-Nebrija (las cuatro primeras ediciones corrieron a cargo de la Fundaci\u00f3n Cr\u00e9ate) y ha vuelto a contar con la colaboraci\u00f3n del Ayuntamiento de Madrid y de la Fundaci\u00f3n Deporte Joven, a trav\u00e9s del Plan 2030 de Apoyo al Deporte Base impulsado junto al Consejo Superior de Deportes.<\/p>\n<p><a href=\"https:\/\/www.nebrija.com\/medios\/actualidadnebrija\/wp-content\/uploads\/sites\/2\/2026\/04\/Minimaraton-Madrid-Nebrija-8.jpg\"><img loading=\"lazy\" decoding=\"async\" class=\"alignnone size-full wp-image-101759\" src=\"https:\/\/www.nebrija.com\/medios\/actualidadnebrija\/wp-content\/uploads\/sites\/2\/2026\/04\/Minimaraton-Madrid-Nebrija-8.jpg\" alt=\"MiniMarat\u00f3n\" width=\"979\" height=\"734\" \/><\/a><\/p>\n<p>En esta ocasi\u00f3n ha participado por segunda vez la <a href=\"https:\/\/www.fundacionsocialpadreangel.org\/\" target=\"_blank\" rel=\"noopener\">Fundaci\u00f3n Social Padre \u00c1ngel<\/a>. La directora de esta instituci\u00f3n, D\u00e9bora Guti\u00e9rrez, destac\u00f3 que la MiniMarat\u00f3n Madrid-Nebrija aporta un valor a\u00f1adido a la sociedad, al posicionarse junto a los j\u00f3venes. \u201cTenemos que estar a su lado, escucharlos, acompa\u00f1arlos y apoyarlos, porque tienen mucho que aportar\u201d, record\u00f3.<\/p>\n<h3>Colaboradores y voluntarios<\/h3>\n<p>La carrera ha se ha desarrollado con el apoyo de 60 voluntarios de la Universidad y la Fundaci\u00f3n Nebrija, entre ellos estudiantes de los grados en Fisioterapia, Enfermer\u00eda, Ciencias de la Actividad F\u00edsica y del Deporte; y Comunicaci\u00f3n Estrat\u00e9gica, Protocolo y Organizaci\u00f3n de Eventos; y del M\u00e1ster en Comunicaci\u00f3n, Marketing y Retransmisiones Deportivas de la Universidad Nebrija; as\u00ed como con la colaboraci\u00f3n de 20 miembros de la organizaci\u00f3n Voluntarios por Madrid.<\/p>\n<p>En sus siete convocatorias, la MiniMarat\u00f3n Madrid-Nebrija ya suma la participaci\u00f3n de 31 000 corredores, 280 centros educativos, 25 universidades y 648 voluntarios en total de todas las ediciones. Al respaldo institucional de la MiniMarat\u00f3n Madrid-Nebrija y a la Fundaci\u00f3n Social Padre \u00c1ngel, en esta ocasi\u00f3n tambi\u00e9n se han sumado patrocinadores y colaboradores como El Corte Ingl\u00e9s y OTIS; y los <em>media partners<\/em> <em>Magisterio<\/em> y <em>Sapos y Princesas<\/em>.<\/p>\n<h3>Becas Nebrija Excellence<\/h3>\n<p>Por segunda vez, la Fundaci\u00f3n Nebrija y la Universidad Nebrija han entregado dos becas Nebrija Excellence MiniMarat\u00f3n\u202fMadrid-Nebrija del 50 % al joven y la joven m\u00e1s r\u00e1pidos de 2\u00ba de Bachillerato. Estas becas cubren el 50 % de los honorarios de docencia y podr\u00e1n renovarlas a\u00f1o a a\u00f1o, previa solicitud y cumplimiento de los requisitos.<\/p>\n<p><a href=\"https:\/\/www.nebrija.com\/medios\/actualidadnebrija\/wp-content\/uploads\/sites\/2\/2026\/04\/Ganadores-minimaraton.jpg\"><img loading=\"lazy\" decoding=\"async\" class=\"alignnone size-full wp-image-101764\" src=\"https:\/\/www.nebrija.com\/medios\/actualidadnebrija\/wp-content\/uploads\/sites\/2\/2026\/04\/Ganadores-minimaraton.jpg\" alt=\"Ganadores minimarat\u00f3n\" width=\"1100\" height=\"734\" \/><\/a><\/p>\n<p>Junto a Rodr\u00edguez Uribes, Sevilla y Entrerr\u00edos, en la entrega de premios han participado Jos\u00e9 Mar\u00eda de Moya, director general de Siena (<em>Magisterio<\/em> y Fundaci\u00f3n Di\u00e1logos); y Carmen Reyero, <em>Office Manager<\/em> de <em>Sapos y Princesas<\/em>. Junto a ellos, tambi\u00e9n estuvieron Jos\u00e9 Mar\u00eda Ortiz, Rector de la Universidad Nebrija; Cristina Villalonga, Vicerrectora de Educaci\u00f3n Digital y Tecnolog\u00eda y Luis D\u00edaz Marcos, Director General de la instituci\u00f3n. En representaci\u00f3n de la <a href=\"https:\/\/www.fundacionnebrija.org\/\" target=\"_blank\" rel=\"noopener\">Fundaci\u00f3n Nebrija<\/a>, organizadora de esta prueba, estuvo su director, Jorge Galv\u00e1n y Aldara Pereira, subdirectora.<\/p>\n<p>El colegio con m\u00e1s participantes fue el\u00a0Sagrado Coraz\u00f3n de Jes\u00fas, con 339.<\/p>\n<p><a href=\"https:\/\/www.nebrija.com\/medios\/actualidadnebrija\/wp-content\/uploads\/sites\/2\/2026\/04\/Minimaraton-Madrid.jpg\"><img loading=\"lazy\" decoding=\"async\" class=\"alignnone size-full wp-image-101758\" src=\"https:\/\/www.nebrija.com\/medios\/actualidadnebrija\/wp-content\/uploads\/sites\/2\/2026\/04\/Minimaraton-Madrid.jpg\" alt=\"Minimarat\u00f3n Madrid\" width=\"1100\" height=\"734\" \/><\/a><\/p>\n","protected":false},"excerpt":{"rendered":"<p>Corredores de 5 \u00ba de Primaria a 2\u00ba de Bachillerato y universitarios recorrieron 4,2 kil\u00f3metros en el madrile\u00f1o Parque de El Retiro.<\/p>\n","protected":false},"author":1182,"featured_media":101757,"comment_status":"open","ping_status":"open","sticky":false,"template":"","format":"standard","meta":{"_acf_changed":false,"_monsterinsights_skip_tracking":false,"_monsterinsights_sitenote_active":false,"_monsterinsights_sitenote_note":"","_monsterinsights_sitenote_category":0,"footnotes":""},"categories":[1,3058],"tags":[6979,3124,6978,6297,5982,6037],"acf":[],"yoast_head":"<!-- This site is optimized with the Yoast SEO plugin v22.1 - https:\/\/yoast.com\/wordpress\/plugins\/seo\/ -->\n<title>4 000 j\u00f3venes corredores participan en la VII MiniMarat\u00f3n Madrid-Nebrija - Actualidad Nebrija<\/title>\n<meta name=\"description\" content=\"La Fundaci\u00f3n Nebrija celebra la VII edici\u00f3n de la MiniMarat\u00f3n Madrid-Nebrija en el parque de El Retiro con 4 000 corredores.\" \/>\n<meta name=\"robots\" content=\"index, follow, max-snippet:-1, max-image-preview:large, max-video-preview:-1\" \/>\n<link rel=\"canonical\" href=\"https:\/\/www.nebrija.com\/medios\/actualidadnebrija\/2026\/04\/27\/4-000-jovenes-corredores-participan-en-la-vii-minimaraton-madrid-nebrija\/\" \/>\n<meta property=\"og:locale\" content=\"es_ES\" \/>\n<meta property=\"og:type\" content=\"article\" \/>\n<meta property=\"og:title\" content=\"4 000 j\u00f3venes corredores participan en la VII MiniMarat\u00f3n Madrid-Nebrija - Actualidad Nebrija\" \/>\n<meta property=\"og:description\" content=\"La Fundaci\u00f3n Nebrija celebra la VII edici\u00f3n de la MiniMarat\u00f3n Madrid-Nebrija en el parque de El Retiro con 4 000 corredores.\" \/>\n<meta property=\"og:url\" content=\"https:\/\/www.nebrija.com\/medios\/actualidadnebrija\/2026\/04\/27\/4-000-jovenes-corredores-participan-en-la-vii-minimaraton-madrid-nebrija\/\" \/>\n<meta property=\"og:site_name\" content=\"Actualidad Nebrija\" \/>\n<meta property=\"article:published_time\" content=\"2026-04-27T09:06:15+00:00\" \/>\n<meta property=\"article:modified_time\" content=\"2026-04-27T09:07:12+00:00\" \/>\n<meta property=\"og:image\" content=\"https:\/\/www.nebrija.com\/medios\/actualidadnebrija\/wp-content\/uploads\/sites\/2\/2026\/04\/4-000-jovenes-corredores-participan-en-la-VII-MiniMaraton-Madrid-Nebrija.jpg\" \/>\n\t<meta property=\"og:image:width\" content=\"1100\" \/>\n\t<meta property=\"og:image:height\" content=\"734\" \/>\n\t<meta property=\"og:image:type\" content=\"image\/jpeg\" \/>\n<meta name=\"author\" content=\"mcamposd\" \/>\n<meta name=\"twitter:card\" content=\"summary_large_image\" \/>\n<meta name=\"twitter:label1\" content=\"Escrito por\" \/>\n\t<meta name=\"twitter:data1\" content=\"mcamposd\" \/>\n\t<meta name=\"twitter:label2\" content=\"Tiempo de lectura\" \/>\n\t<meta name=\"twitter:data2\" content=\"5 minutos\" \/>\n<!-- \/ Yoast SEO plugin. -->","yoast_head_json":{"title":"4 000 j\u00f3venes corredores participan en la VII MiniMarat\u00f3n Madrid-Nebrija - Actualidad Nebrija","description":"La Fundaci\u00f3n Nebrija celebra la VII edici\u00f3n de la MiniMarat\u00f3n Madrid-Nebrija en el parque de El Retiro con 4 000 corredores.","robots":{"index":"index","follow":"follow","max-snippet":"max-snippet:-1","max-image-preview":"max-image-preview:large","max-video-preview":"max-video-preview:-1"},"canonical":"https:\/\/www.nebrija.com\/medios\/actualidadnebrija\/2026\/04\/27\/4-000-jovenes-corredores-participan-en-la-vii-minimaraton-madrid-nebrija\/","og_locale":"es_ES","og_type":"article","og_title":"4 000 j\u00f3venes corredores participan en la VII MiniMarat\u00f3n Madrid-Nebrija - Actualidad Nebrija","og_description":"La Fundaci\u00f3n Nebrija celebra la VII edici\u00f3n de la MiniMarat\u00f3n Madrid-Nebrija en el parque de El Retiro con 4 000 corredores.","og_url":"https:\/\/www.nebrija.com\/medios\/actualidadnebrija\/2026\/04\/27\/4-000-jovenes-corredores-participan-en-la-vii-minimaraton-madrid-nebrija\/","og_site_name":"Actualidad Nebrija","article_published_time":"2026-04-27T09:06:15+00:00","article_modified_time":"2026-04-27T09:07:12+00:00","og_image":[{"width":1100,"height":734,"url":"https:\/\/www.nebrija.com\/medios\/actualidadnebrija\/wp-content\/uploads\/sites\/2\/2026\/04\/4-000-jovenes-corredores-participan-en-la-VII-MiniMaraton-Madrid-Nebrija.jpg","type":"image\/jpeg"}],"author":"mcamposd","twitter_card":"summary_large_image","twitter_misc":{"Escrito por":"mcamposd","Tiempo de lectura":"5 minutos"},"schema":{"@context":"https:\/\/schema.org","@graph":[{"@type":"WebPage","@id":"https:\/\/www.nebrija.com\/medios\/actualidadnebrija\/2026\/04\/27\/4-000-jovenes-corredores-participan-en-la-vii-minimaraton-madrid-nebrija\/","url":"https:\/\/www.nebrija.com\/medios\/actualidadnebrija\/2026\/04\/27\/4-000-jovenes-corredores-participan-en-la-vii-minimaraton-madrid-nebrija\/","name":"4 000 j\u00f3venes corredores participan en la VII MiniMarat\u00f3n Madrid-Nebrija - Actualidad Nebrija","isPartOf":{"@id":"https:\/\/www.nebrija.com\/medios\/actualidadnebrija\/#website"},"datePublished":"2026-04-27T09:06:15+00:00","dateModified":"2026-04-27T09:07:12+00:00","author":{"@id":"https:\/\/www.nebrija.com\/medios\/actualidadnebrija\/#\/schema\/person\/205582e65069359d9f07d260f6d48a9c"},"description":"La Fundaci\u00f3n Nebrija celebra la VII edici\u00f3n de la MiniMarat\u00f3n Madrid-Nebrija en el parque de El Retiro con 4 000 corredores.","breadcrumb":{"@id":"https:\/\/www.nebrija.com\/medios\/actualidadnebrija\/2026\/04\/27\/4-000-jovenes-corredores-participan-en-la-vii-minimaraton-madrid-nebrija\/#breadcrumb"},"inLanguage":"es","potentialAction":[{"@type":"ReadAction","target":["https:\/\/www.nebrija.com\/medios\/actualidadnebrija\/2026\/04\/27\/4-000-jovenes-corredores-participan-en-la-vii-minimaraton-madrid-nebrija\/"]}]},{"@type":"BreadcrumbList","@id":"https:\/\/www.nebrija.com\/medios\/actualidadnebrija\/2026\/04\/27\/4-000-jovenes-corredores-participan-en-la-vii-minimaraton-madrid-nebrija\/#breadcrumb","itemListElement":[{"@type":"ListItem","position":1,"name":"Home","item":"https:\/\/www.nebrija.com\/medios\/actualidadnebrija\/"},{"@type":"ListItem","position":2,"name":"4 000 j\u00f3venes corredores participan en la VII MiniMarat\u00f3n Madrid-Nebrija"}]},{"@type":"WebSite","@id":"https:\/\/www.nebrija.com\/medios\/actualidadnebrija\/#website","url":"https:\/\/www.nebrija.com\/medios\/actualidadnebrija\/","name":"Actualidad Nebrija","description":"Noticias de la Universidad Nebrija","potentialAction":[{"@type":"SearchAction","target":{"@type":"EntryPoint","urlTemplate":"https:\/\/www.nebrija.com\/medios\/actualidadnebrija\/?s={search_term_string}"},"query-input":"required name=search_term_string"}],"inLanguage":"es"},{"@type":"Person","@id":"https:\/\/www.nebrija.com\/medios\/actualidadnebrija\/#\/schema\/person\/205582e65069359d9f07d260f6d48a9c","name":"mcamposd","image":{"@type":"ImageObject","inLanguage":"es","@id":"https:\/\/www.nebrija.com\/medios\/actualidadnebrija\/#\/schema\/person\/image\/","url":"https:\/\/secure.gravatar.com\/avatar\/d0592be503e718fe4bc82c9a3b03724e?s=96&d=mm&r=g","contentUrl":"https:\/\/secure.gravatar.com\/avatar\/d0592be503e718fe4bc82c9a3b03724e?s=96&d=mm&r=g","caption":"mcamposd"},"url":"https:\/\/www.nebrija.com\/medios\/actualidadnebrija\/author\/mcamposd\/"}]}},"_links":{"self":[{"href":"https:\/\/www.nebrija.com\/medios\/actualidadnebrija\/wp-json\/wp\/v2\/posts\/101756"}],"collection":[{"href":"https:\/\/www.nebrija.com\/medios\/actualidadnebrija\/wp-json\/wp\/v2\/posts"}],"about":[{"href":"https:\/\/www.nebrija.com\/medios\/actualidadnebrija\/wp-json\/wp\/v2\/types\/post"}],"author":[{"embeddable":true,"href":"https:\/\/www.nebrija.com\/medios\/actualidadnebrija\/wp-json\/wp\/v2\/users\/1182"}],"replies":[{"embeddable":true,"href":"https:\/\/www.nebrija.com\/medios\/actualidadnebrija\/wp-json\/wp\/v2\/comments?post=101756"}],"version-history":[{"count":3,"href":"https:\/\/www.nebrija.com\/medios\/actualidadnebrija\/wp-json\/wp\/v2\/posts\/101756\/revisions"}],"predecessor-version":[{"id":101766,"href":"https:\/\/www.nebrija.com\/medios\/actualidadnebrija\/wp-json\/wp\/v2\/posts\/101756\/revisions\/101766"}],"wp:featuredmedia":[{"embeddable":true,"href":"https:\/\/www.nebrija.com\/medios\/actualidadnebrija\/wp-json\/wp\/v2\/media\/101757"}],"wp:attachment":[{"href":"https:\/\/www.nebrija.com\/medios\/actualidadnebrija\/wp-json\/wp\/v2\/media?parent=101756"}],"wp:term":[{"taxonomy":"category","embeddable":true,"href":"https:\/\/www.nebrija.com\/medios\/actualidadnebrija\/wp-json\/wp\/v2\/categories?post=101756"},{"taxonomy":"post_tag","embeddable":true,"href":"https:\/\/www.nebrija.com\/medios\/actualidadnebrija\/wp-json\/wp\/v2\/tags?post=101756"}],"curies":[{"name":"wp","href":"https:\/\/api.w.org\/{rel}","templated":true}]}}