{"id":101767,"date":"2026-04-27T12:37:10","date_gmt":"2026-04-27T10:37:10","guid":{"rendered":"https:\/\/www.nebrija.com\/medios\/actualidadnebrija\/?p=101767"},"modified":"2026-04-27T12:41:20","modified_gmt":"2026-04-27T10:41:20","slug":"ana-mendigutia-movimiento-salud-tecnologia-discapacidad-infantil","status":"publish","type":"post","link":"https:\/\/www.nebrija.com\/medios\/actualidadnebrija\/2026\/04\/27\/ana-mendigutia-movimiento-salud-tecnologia-discapacidad-infantil\/","title":{"rendered":"Ana Mendigut\u00eda participa en el libro `Movimiento, salud y tecnolog\u00eda en la discapacidad infantil\u00b4"},"content":{"rendered":"<p>El libro <a href=\"https:\/\/movimientoytecnologia.com\/\"><em>Movimiento, salud y tecnolog\u00eda en la discapacidad infantil<\/em><\/a>, presentado el pasado 20 de abril en la sede central del Consejo Superior de Investigaciones Cient\u00edficas (<a href=\"https:\/\/www.csic.es\/es\">CSIC<\/a>), incluye el cap\u00edtulo <em>Exoesqueletos y su impacto en la funci\u00f3n motora, <\/em>escrito por Ana Mendigutia, directora del <a href=\"https:\/\/www.nebrija.com\/carreras-universitarias\/grado-fisioterapia\/\">grado en Fisioterapia<\/a> de la Universidad Nebrija; Carlota Garcia Lerma y Silvia Pav\u00f3n.<\/p>\n<p>Con el aval de la principales sociedades cient\u00edficas m\u00e9dicas (SERMEF, SEN, SERIP, SEFIP), cient\u00edficas (CSIC) y asociaciones (ASPACE), la obra\u00a0re\u00fane a especialistas internacionales para explicar c\u00f3mo la rehabilitaci\u00f3n, la ciencia del movimiento y la tecnolog\u00eda est\u00e1n transformando el tratamiento y la calidad de vida de ni\u00f1os con discapacidad.<\/p>\n<p><img loading=\"lazy\" decoding=\"async\" class=\"alignnone size-full wp-image-101771\" src=\"https:\/\/www.nebrija.com\/medios\/actualidadnebrija\/wp-content\/uploads\/sites\/2\/2026\/04\/PresentacionLibroMovilidad-35.jpg\" alt=\"\" width=\"1100\" height=\"825\" \/><\/p>\n<p>Carlos Cumplido director cl\u00ednico de <a href=\"https:\/\/marsibionics.com\/\">Marsi Bionics<\/a>, present\u00f3 el acto en el CSIC y dio paso a Olga Arroyo, jefa de servicio de la Unidad de Rehabilitaci\u00f3n del Hospital Gregorio Mara\u00f1\u00f3n,\u00a0 que explic\u00f3 las cuatro partes del libro: bases neurobiol\u00f3gicas, beneficios multisist\u00e9micos del movimiento, familia y educaci\u00f3n, y entorno y tecnolog\u00eda (exoesqueletos para la rehabilitaci\u00f3n),<\/p>\n<p>Despu\u00e9s hubo un coloquio formado por Ignacio Martinez Caballero, jefe de Servicio de\u00a0 Cirug\u00eda Ortop\u00e9dica y Traumatolog\u00eda Infantil\u00a0 de la Unidad Neuro-ortopedia del Hospital Ni\u00f1o Jes\u00fas; Agustina Barras, presidenta de ASPACE Madrid, y J. Le\u00f3n Morales, director\u00a0 del Laboratorio de Rehabilitaci\u00f3n Integral y profesor asistente de Medicina F\u00edsica y Rehabilitaci\u00f3n de la Universidad de Harvard, que compusieron un enriquecedor debate sobre las oportunidades que ofrece el movimiento y las barreras de acceso para avanzar en la inclusi\u00f3n de los pacientes con discapacidad.<\/p>\n<p><img loading=\"lazy\" decoding=\"async\" class=\"alignnone size-full wp-image-101769\" src=\"https:\/\/www.nebrija.com\/medios\/actualidadnebrija\/wp-content\/uploads\/sites\/2\/2026\/04\/PresentacionLibroMovilidad-17.jpg\" alt=\"\" width=\"1100\" height=\"697\" \/><\/p>\n<p>Clausur\u00f3 el acto la vicepresidenta del CSIC de innovaci\u00f3n\u00a0 y Trasferencia Tecnol\u00f3gica\u00a0 Ana Castro, que comparti\u00f3 con los asistentes la necesidad del movimiento, a pesar de las limitaciones, de las poblaciones con discapacidad para poder mejorar su salud.<\/p>\n","protected":false},"excerpt":{"rendered":"<p>La obra colectiva cuenta con el aval de la principales sociedades cient\u00edficas m\u00e9dicas (SERMEF, SEN, SERIP, SEFIP), cient\u00edficas (CSIC) y asociaciones (ASPACE).<\/p>\n","protected":false},"author":326,"featured_media":101770,"comment_status":"open","ping_status":"open","sticky":false,"template":"","format":"standard","meta":{"_acf_changed":false,"_monsterinsights_skip_tracking":false,"_monsterinsights_sitenote_active":false,"_monsterinsights_sitenote_note":"","_monsterinsights_sitenote_category":0,"footnotes":""},"categories":[3,4422],"tags":[6344,5537,6343],"acf":[],"yoast_head":"<!-- This site is optimized with the Yoast SEO plugin v22.1 - https:\/\/yoast.com\/wordpress\/plugins\/seo\/ -->\n<title>Ana Mendigut\u00eda participa en el libro `Movimiento, salud y tecnolog\u00eda en la discapacidad infantil\u00b4 - Actualidad Nebrija<\/title>\n<meta name=\"description\" content=\"Ana Mendigutia escribe un cap\u00edtulo del libro `Movimiento, salud y tecnolog\u00eda en la discapacidad infantil\u00b4, presentado en el CSIC\" \/>\n<meta name=\"robots\" content=\"index, follow, max-snippet:-1, max-image-preview:large, max-video-preview:-1\" \/>\n<link rel=\"canonical\" href=\"https:\/\/www.nebrija.com\/medios\/actualidadnebrija\/2026\/04\/27\/ana-mendigutia-movimiento-salud-tecnologia-discapacidad-infantil\/\" \/>\n<meta property=\"og:locale\" content=\"es_ES\" \/>\n<meta property=\"og:type\" content=\"article\" \/>\n<meta property=\"og:title\" content=\"Ana Mendigut\u00eda participa en el libro `Movimiento, salud y tecnolog\u00eda en la discapacidad infantil\u00b4 - Actualidad Nebrija\" \/>\n<meta property=\"og:description\" content=\"Ana Mendigutia escribe un cap\u00edtulo del libro `Movimiento, salud y tecnolog\u00eda en la discapacidad infantil\u00b4, presentado en el CSIC\" \/>\n<meta property=\"og:url\" content=\"https:\/\/www.nebrija.com\/medios\/actualidadnebrija\/2026\/04\/27\/ana-mendigutia-movimiento-salud-tecnologia-discapacidad-infantil\/\" \/>\n<meta property=\"og:site_name\" content=\"Actualidad Nebrija\" \/>\n<meta property=\"article:published_time\" content=\"2026-04-27T10:37:10+00:00\" \/>\n<meta property=\"article:modified_time\" content=\"2026-04-27T10:41:20+00:00\" \/>\n<meta property=\"og:image\" content=\"https:\/\/www.nebrija.com\/medios\/actualidadnebrija\/wp-content\/uploads\/sites\/2\/2026\/04\/PresentacionLibroMovilidad-27.jpg\" \/>\n\t<meta property=\"og:image:width\" content=\"1100\" \/>\n\t<meta property=\"og:image:height\" content=\"684\" \/>\n\t<meta property=\"og:image:type\" content=\"image\/jpeg\" \/>\n<meta name=\"author\" content=\"jpicos\" \/>\n<meta name=\"twitter:card\" content=\"summary_large_image\" \/>\n<meta name=\"twitter:label1\" content=\"Escrito por\" \/>\n\t<meta name=\"twitter:data1\" content=\"jpicos\" \/>\n\t<meta name=\"twitter:label2\" content=\"Tiempo de lectura\" \/>\n\t<meta name=\"twitter:data2\" content=\"2 minutos\" \/>\n<!-- \/ Yoast SEO plugin. -->","yoast_head_json":{"title":"Ana Mendigut\u00eda participa en el libro `Movimiento, salud y tecnolog\u00eda en la discapacidad infantil\u00b4 - Actualidad Nebrija","description":"Ana Mendigutia escribe un cap\u00edtulo del libro `Movimiento, salud y tecnolog\u00eda en la discapacidad infantil\u00b4, presentado en el CSIC","robots":{"index":"index","follow":"follow","max-snippet":"max-snippet:-1","max-image-preview":"max-image-preview:large","max-video-preview":"max-video-preview:-1"},"canonical":"https:\/\/www.nebrija.com\/medios\/actualidadnebrija\/2026\/04\/27\/ana-mendigutia-movimiento-salud-tecnologia-discapacidad-infantil\/","og_locale":"es_ES","og_type":"article","og_title":"Ana Mendigut\u00eda participa en el libro `Movimiento, salud y tecnolog\u00eda en la discapacidad infantil\u00b4 - Actualidad Nebrija","og_description":"Ana Mendigutia escribe un cap\u00edtulo del libro `Movimiento, salud y tecnolog\u00eda en la discapacidad infantil\u00b4, presentado en el CSIC","og_url":"https:\/\/www.nebrija.com\/medios\/actualidadnebrija\/2026\/04\/27\/ana-mendigutia-movimiento-salud-tecnologia-discapacidad-infantil\/","og_site_name":"Actualidad Nebrija","article_published_time":"2026-04-27T10:37:10+00:00","article_modified_time":"2026-04-27T10:41:20+00:00","og_image":[{"width":1100,"height":684,"url":"https:\/\/www.nebrija.com\/medios\/actualidadnebrija\/wp-content\/uploads\/sites\/2\/2026\/04\/PresentacionLibroMovilidad-27.jpg","type":"image\/jpeg"}],"author":"jpicos","twitter_card":"summary_large_image","twitter_misc":{"Escrito por":"jpicos","Tiempo de lectura":"2 minutos"},"schema":{"@context":"https:\/\/schema.org","@graph":[{"@type":"WebPage","@id":"https:\/\/www.nebrija.com\/medios\/actualidadnebrija\/2026\/04\/27\/ana-mendigutia-movimiento-salud-tecnologia-discapacidad-infantil\/","url":"https:\/\/www.nebrija.com\/medios\/actualidadnebrija\/2026\/04\/27\/ana-mendigutia-movimiento-salud-tecnologia-discapacidad-infantil\/","name":"Ana Mendigut\u00eda participa en el libro `Movimiento, salud y tecnolog\u00eda en la discapacidad infantil\u00b4 - Actualidad Nebrija","isPartOf":{"@id":"https:\/\/www.nebrija.com\/medios\/actualidadnebrija\/#website"},"datePublished":"2026-04-27T10:37:10+00:00","dateModified":"2026-04-27T10:41:20+00:00","author":{"@id":"https:\/\/www.nebrija.com\/medios\/actualidadnebrija\/#\/schema\/person\/0cd40b7dd3f54459e2cfc009dbd255c6"},"description":"Ana Mendigutia escribe un cap\u00edtulo del libro `Movimiento, salud y tecnolog\u00eda en la discapacidad infantil\u00b4, presentado en el CSIC","breadcrumb":{"@id":"https:\/\/www.nebrija.com\/medios\/actualidadnebrija\/2026\/04\/27\/ana-mendigutia-movimiento-salud-tecnologia-discapacidad-infantil\/#breadcrumb"},"inLanguage":"es","potentialAction":[{"@type":"ReadAction","target":["https:\/\/www.nebrija.com\/medios\/actualidadnebrija\/2026\/04\/27\/ana-mendigutia-movimiento-salud-tecnologia-discapacidad-infantil\/"]}]},{"@type":"BreadcrumbList","@id":"https:\/\/www.nebrija.com\/medios\/actualidadnebrija\/2026\/04\/27\/ana-mendigutia-movimiento-salud-tecnologia-discapacidad-infantil\/#breadcrumb","itemListElement":[{"@type":"ListItem","position":1,"name":"Home","item":"https:\/\/www.nebrija.com\/medios\/actualidadnebrija\/"},{"@type":"ListItem","position":2,"name":"Ana Mendigut\u00eda participa en el libro `Movimiento, salud y tecnolog\u00eda en la discapacidad infantil\u00b4"}]},{"@type":"WebSite","@id":"https:\/\/www.nebrija.com\/medios\/actualidadnebrija\/#website","url":"https:\/\/www.nebrija.com\/medios\/actualidadnebrija\/","name":"Actualidad Nebrija","description":"Noticias de la Universidad Nebrija","potentialAction":[{"@type":"SearchAction","target":{"@type":"EntryPoint","urlTemplate":"https:\/\/www.nebrija.com\/medios\/actualidadnebrija\/?s={search_term_string}"},"query-input":"required name=search_term_string"}],"inLanguage":"es"},{"@type":"Person","@id":"https:\/\/www.nebrija.com\/medios\/actualidadnebrija\/#\/schema\/person\/0cd40b7dd3f54459e2cfc009dbd255c6","name":"jpicos","image":{"@type":"ImageObject","inLanguage":"es","@id":"https:\/\/www.nebrija.com\/medios\/actualidadnebrija\/#\/schema\/person\/image\/","url":"https:\/\/secure.gravatar.com\/avatar\/c4a1005cff3fd9bb5185e9671f4f3e9b?s=96&d=mm&r=g","contentUrl":"https:\/\/secure.gravatar.com\/avatar\/c4a1005cff3fd9bb5185e9671f4f3e9b?s=96&d=mm&r=g","caption":"jpicos"},"url":"https:\/\/www.nebrija.com\/medios\/actualidadnebrija\/author\/jpicos\/"}]}},"_links":{"self":[{"href":"https:\/\/www.nebrija.com\/medios\/actualidadnebrija\/wp-json\/wp\/v2\/posts\/101767"}],"collection":[{"href":"https:\/\/www.nebrija.com\/medios\/actualidadnebrija\/wp-json\/wp\/v2\/posts"}],"about":[{"href":"https:\/\/www.nebrija.com\/medios\/actualidadnebrija\/wp-json\/wp\/v2\/types\/post"}],"author":[{"embeddable":true,"href":"https:\/\/www.nebrija.com\/medios\/actualidadnebrija\/wp-json\/wp\/v2\/users\/326"}],"replies":[{"embeddable":true,"href":"https:\/\/www.nebrija.com\/medios\/actualidadnebrija\/wp-json\/wp\/v2\/comments?post=101767"}],"version-history":[{"count":4,"href":"https:\/\/www.nebrija.com\/medios\/actualidadnebrija\/wp-json\/wp\/v2\/posts\/101767\/revisions"}],"predecessor-version":[{"id":101775,"href":"https:\/\/www.nebrija.com\/medios\/actualidadnebrija\/wp-json\/wp\/v2\/posts\/101767\/revisions\/101775"}],"wp:featuredmedia":[{"embeddable":true,"href":"https:\/\/www.nebrija.com\/medios\/actualidadnebrija\/wp-json\/wp\/v2\/media\/101770"}],"wp:attachment":[{"href":"https:\/\/www.nebrija.com\/medios\/actualidadnebrija\/wp-json\/wp\/v2\/media?parent=101767"}],"wp:term":[{"taxonomy":"category","embeddable":true,"href":"https:\/\/www.nebrija.com\/medios\/actualidadnebrija\/wp-json\/wp\/v2\/categories?post=101767"},{"taxonomy":"post_tag","embeddable":true,"href":"https:\/\/www.nebrija.com\/medios\/actualidadnebrija\/wp-json\/wp\/v2\/tags?post=101767"}],"curies":[{"name":"wp","href":"https:\/\/api.w.org\/{rel}","templated":true}]}}