{"id":101798,"date":"2026-04-28T15:39:00","date_gmt":"2026-04-28T13:39:00","guid":{"rendered":"https:\/\/www.nebrija.com\/medios\/actualidadnebrija\/?p=101798"},"modified":"2026-04-28T15:44:23","modified_gmt":"2026-04-28T13:44:23","slug":"la-comedia-kill-jose-gana-el-iv-concurso-de-cortos-instantaneos-crush","status":"publish","type":"post","link":"https:\/\/www.nebrija.com\/medios\/actualidadnebrija\/2026\/04\/28\/la-comedia-kill-jose-gana-el-iv-concurso-de-cortos-instantaneos-crush\/","title":{"rendered":"La comedia `Kill Jose\u00b4 gana el IV Concurso de Cortos Instant\u00e1neos CRUSH"},"content":{"rendered":"<p>El Concurso de Cortos Instant\u00e1neos CRUSH promovido por la Facultad de Comunicaci\u00f3n y Artes ya tiene ganador absoluto en su cuarta edici\u00f3n: <em>Kill Jose,<\/em> de Sara Castillo, Lucas Dom\u00ednguez Gal\u00e1n y Ana Paredes, estudiantes de primero del <a href=\"https:\/\/www.nebrija.com\/carreras-universitarias\/doble-grado\/periodismo-comunicacion-audiovisual\/\">doble grado en Periodismo y Comunicaci\u00f3n Audiovisual<\/a>. Los Cines Verdi de Madrid acogieron la proyecci\u00f3n de los nueve cortos presentados, as\u00ed como la resoluci\u00f3n de la votaci\u00f3n secreta del p\u00fablico.<\/p>\n<p><em>Kill Jose<\/em>, una parodia de la m\u00edtica pel\u00edcula <em>Kill Bill<\/em>, sali\u00f3 \u201csobre la marcha\u201d con <em>Tarantino<\/em> y <em>granja<\/em>, dos palabras extra\u00eddas al azar para el concurso que empaparon la historia. Los premiados dedicaron el premio a profesores, amigos y familiares (con una especial menci\u00f3n a las abuelas). \u201cEl valor estuvo realmente en la improvisaci\u00f3n y en el trabajo de montaje que dio un poco de coherencia a ese batiburrillo que hicimos. Siendo alumnos de primero estamos felices por el privilegio y el reconocimiento que no esper\u00e1bamos\u201d, declararon el tr\u00edo de mentes pensantes del t\u00edtulo distinguido en CRUSH.<\/p>\n<p><em>C\u00f3mo hacer un trabajo en grupo<\/em> (Sabina Assael, Irene Mart\u00edn Carrasco, Carlos Anastasio, Diego Ponzoa y Mara Millanes) se alz\u00f3 con la segunda posici\u00f3n mientras los cortos <em>A primera vista<\/em> (Isabelle Viteli, Jean-Luc Lomeli, Sim\u00f3n Errecart, Miguel Carmona y Cayetana S\u00e1nchez Ruiz) y<em> Magnolias<\/em> (Natalia Velandia, Salvador S\u00e1nchez Troiti\u00f1o, Maria Fernanda Briz, Victoria Bazaco y Jaime Dengra) empataron en el tercer puesto. La C\u00e1tedra Nebrija-EGEDA-Platino Educa en Cine, Mujer y Educaci\u00f3n (<a href=\"https:\/\/www.nebrija.com\/catedras\/catedra-cine-mujer-educacion\/\">CIMUED<\/a>) otorg\u00f3 una menci\u00f3n a la tem\u00e1tica de g\u00e9nero y al talento femenino a <em>Hasta la muerte<\/em> (Alexia del R\u00edo, Alma Garcia Peralta, Anelle Isabella Rivera, Sara Delgado, \u00c1ngela Hern\u00e1ndez, Carlota Mart\u00edn, Anna Pahl, Cecilia Colmenarejo y Carlota Moya).<\/p>\n<p><img loading=\"lazy\" decoding=\"async\" class=\"alignnone wp-image-101800 size-full\" src=\"https:\/\/www.nebrija.com\/medios\/actualidadnebrija\/wp-content\/uploads\/sites\/2\/2026\/04\/2026-04-28-IV-Concurso-de-Cortos-Instantaneos-CRUSH_2.jpg\" alt=\"CRUSH Nebrija\" width=\"1000\" height=\"562\" \/><\/p>\n<h3><strong>Poco tiempo para despertar el talento<\/strong><\/h3>\n<p>El resto de t\u00edtulos de este certamen bienal que concede solo un d\u00eda para grabar en el Campus de Ciencias de la Vida en La Berzosa fueron los siguientes: <em>El juicio final<\/em> (Jose Martinez Sanchez, Lydia Parpal, Lucas Garc\u00eda de los R\u00edos, Gema Costa, Vega Jim\u00e9nez y Luna Gonz\u00e1lez), <em>Mi\u00e9rcoles de ceniza<\/em> (\u00cd\u00f1igo Errandonea, Luc\u00eda Ruiz-Alejos, Carla San Jos\u00e9, Clara Vara de Rey e Irene Sevilla), <em>Rezar\u00e9 por ti<\/em> (Izan Soto, Miguel Ruiz Garc\u00eda, Lara Miranda, Le\u00f3n Vital, Adri\u00e1n Andr\u00e9s Garc\u00eda, Paulina Dragnic y B\u00e1rbara Borrell) y <em>Espinas <\/em>(An\u00edbal Vicente Ruiz, Diego D\u00edaz Santos, Mar\u00eda Alejandra Lora, Isabella Buitrago, Luc\u00eda Romero y Adriana Hern\u00e1ndez Aparicio).<\/p>\n<p>Durante el acto final de CRUSH, Roc\u00edo Gago, directora del <a href=\"https:\/\/www.nebrija.com\/carreras-universitarias\/grado-en-comunicacion-audiovisual\/\">grado en Comunicaci\u00f3n Audiovisual<\/a> de la Universidad Nebrija, destac\u00f3 el trabajo en equipo y la ilusi\u00f3n de los grupos de alumnos que sacaron adelante con premura unas historias \u201catractivas sobre las que dieron rienda suelta a su creatividad\u201d. En la elaboraci\u00f3n de los cortos, los aprendices contaron con el apoyo log\u00edstico y humano de Borja del Real, responsable del Estudio de Radio y Televisi\u00f3n.<\/p>\n<h3><strong>Entrenar las competencias profesionales<\/strong><\/h3>\n<p>Tras la entrega de premios, Marta Saavedra, adjunta a la decana de la Facultad de Comunicaci\u00f3n y Artes y directora de CIMUED, resalt\u00f3 la relevancia de CRUSH para que los alumnos \u201cvayan entrenando sus competencias profesionales desde los primeros cursos de los grados\u201d y vean sus cortometrajes estrenados en un cine comercial como los <a href=\"https:\/\/madrid.cines-verdi.com\/\" target=\"_blank\" rel=\"noopener\">Cines Verdi<\/a> que cumplen su primer siglo de vida en Barcelona y sus primeros 26 a\u00f1os en Madrid.<\/p>\n<p><img loading=\"lazy\" decoding=\"async\" class=\"alignnone size-full wp-image-101801\" src=\"https:\/\/www.nebrija.com\/medios\/actualidadnebrija\/wp-content\/uploads\/sites\/2\/2026\/04\/2026-04-28-IV-Concurso-de-Cortos-Instantaneos-CRUSH_3.jpg\" alt=\"CRUSH\" width=\"1000\" height=\"562\" \/><\/p>\n<p>Para Nicol\u00e1s Grijalba, director del Departamento de Comunicaci\u00f3n, el concurso \u201creproduce lo que pasa en la profesi\u00f3n: crear de la nada una idea, desarrollarla y afianzar el relato\u201d. En esa praxis real de rodaje, \u201cla pr\u00e1ctica traspasa lo que ocurre en al aula a la vida real\u201d.<\/p>\n<p>Los j\u00f3venes que participaron en la presente edici\u00f3n de CRUSH ya miran a la 22\u00aa edici\u00f3n del prestigioso <a href=\"https:\/\/www.nebrija.com\/medios\/actualidadnebrija\/2025\/05\/09\/alex-de-la-iglesia-y-silvia-venegas-premios-de-honor-2025-del-festival-adn\/\">Festival Internacional de Cortometrajes Universitario AdN<\/a> que se celebrar\u00e1 en 2027 con muchas sorpresas.<\/p>\n<p><em>Texto: Javier Picos \/ Fotos: Nacho Nava<\/em><\/p>\n\n\t\t<style type=\"text\/css\">\n\t\t\t#gallery-1 {\n\t\t\t\tmargin: auto;\n\t\t\t}\n\t\t\t#gallery-1 .gallery-item {\n\t\t\t\tfloat: left;\n\t\t\t\tmargin-top: 10px;\n\t\t\t\ttext-align: center;\n\t\t\t\twidth: 33%;\n\t\t\t}\n\t\t\t#gallery-1 img {\n\t\t\t\tborder: 2px solid #cfcfcf;\n\t\t\t}\n\t\t\t#gallery-1 .gallery-caption {\n\t\t\t\tmargin-left: 0;\n\t\t\t}\n\t\t\t\/* see gallery_shortcode() in wp-includes\/media.php *\/\n\t\t<\/style>\n\t\t<div id='gallery-1' class='gallery galleryid-101798 gallery-columns-3 gallery-size-thumbnail'><dl class='gallery-item'>\n\t\t\t<dt class='gallery-icon landscape'>\n\t\t\t\t<a href='https:\/\/www.nebrija.com\/medios\/actualidadnebrija\/wp-content\/uploads\/sites\/2\/2026\/04\/2026-04-28-IV-Concurso-de-Cortos-Instantaneos-CRUSH_10.jpg'><img loading=\"lazy\" decoding=\"async\" width=\"150\" height=\"84\" src=\"https:\/\/www.nebrija.com\/medios\/actualidadnebrija\/wp-content\/uploads\/sites\/2\/2026\/04\/2026-04-28-IV-Concurso-de-Cortos-Instantaneos-CRUSH_10-150x84.jpg\" class=\"attachment-thumbnail size-thumbnail\" alt=\"\" \/><\/a>\n\t\t\t<\/dt><\/dl><dl class='gallery-item'>\n\t\t\t<dt class='gallery-icon landscape'>\n\t\t\t\t<a href='https:\/\/www.nebrija.com\/medios\/actualidadnebrija\/wp-content\/uploads\/sites\/2\/2026\/04\/2026-04-28-IV-Concurso-de-Cortos-Instantaneos-CRUSH_9.jpg'><img loading=\"lazy\" decoding=\"async\" width=\"150\" height=\"84\" src=\"https:\/\/www.nebrija.com\/medios\/actualidadnebrija\/wp-content\/uploads\/sites\/2\/2026\/04\/2026-04-28-IV-Concurso-de-Cortos-Instantaneos-CRUSH_9-150x84.jpg\" class=\"attachment-thumbnail size-thumbnail\" alt=\"\" \/><\/a>\n\t\t\t<\/dt><\/dl><dl class='gallery-item'>\n\t\t\t<dt class='gallery-icon landscape'>\n\t\t\t\t<a href='https:\/\/www.nebrija.com\/medios\/actualidadnebrija\/wp-content\/uploads\/sites\/2\/2026\/04\/2026-04-28-IV-Concurso-de-Cortos-Instantaneos-CRUSH_7.jpg'><img loading=\"lazy\" decoding=\"async\" width=\"150\" height=\"84\" src=\"https:\/\/www.nebrija.com\/medios\/actualidadnebrija\/wp-content\/uploads\/sites\/2\/2026\/04\/2026-04-28-IV-Concurso-de-Cortos-Instantaneos-CRUSH_7-150x84.jpg\" class=\"attachment-thumbnail size-thumbnail\" alt=\"\" \/><\/a>\n\t\t\t<\/dt><\/dl><br style=\"clear: both\" \/><dl class='gallery-item'>\n\t\t\t<dt class='gallery-icon landscape'>\n\t\t\t\t<a href='https:\/\/www.nebrija.com\/medios\/actualidadnebrija\/wp-content\/uploads\/sites\/2\/2026\/04\/2026-04-28-IV-Concurso-de-Cortos-Instantaneos-CRUSH_6.jpg'><img loading=\"lazy\" decoding=\"async\" width=\"150\" height=\"84\" src=\"https:\/\/www.nebrija.com\/medios\/actualidadnebrija\/wp-content\/uploads\/sites\/2\/2026\/04\/2026-04-28-IV-Concurso-de-Cortos-Instantaneos-CRUSH_6-150x84.jpg\" class=\"attachment-thumbnail size-thumbnail\" alt=\"\" \/><\/a>\n\t\t\t<\/dt><\/dl><dl class='gallery-item'>\n\t\t\t<dt class='gallery-icon landscape'>\n\t\t\t\t<a href='https:\/\/www.nebrija.com\/medios\/actualidadnebrija\/wp-content\/uploads\/sites\/2\/2026\/04\/2026-04-28-IV-Concurso-de-Cortos-Instantaneos-CRUSH_4.jpg'><img loading=\"lazy\" decoding=\"async\" width=\"150\" height=\"84\" src=\"https:\/\/www.nebrija.com\/medios\/actualidadnebrija\/wp-content\/uploads\/sites\/2\/2026\/04\/2026-04-28-IV-Concurso-de-Cortos-Instantaneos-CRUSH_4-150x84.jpg\" class=\"attachment-thumbnail size-thumbnail\" alt=\"\" \/><\/a>\n\t\t\t<\/dt><\/dl>\n\t\t\t<br style='clear: both' \/>\n\t\t<\/div>\n\n","protected":false},"excerpt":{"rendered":"<p>La Facultad de Comunicaci\u00f3n y Artes de la Universidad Nebrija celebra el visionado de los nueve t\u00edtulos presentados a concurso en los Cines Verdi de Madrid.<\/p>\n","protected":false},"author":326,"featured_media":101807,"comment_status":"open","ping_status":"open","sticky":false,"template":"","format":"standard","meta":{"_acf_changed":false,"_monsterinsights_skip_tracking":false,"_monsterinsights_sitenote_active":false,"_monsterinsights_sitenote_note":"","_monsterinsights_sitenote_category":0,"footnotes":""},"categories":[3050],"tags":[6981,6980,3766,3765,4802,3124,6556,3585,3584,4288],"acf":[],"yoast_head":"<!-- This site is optimized with the Yoast SEO plugin v22.1 - https:\/\/yoast.com\/wordpress\/plugins\/seo\/ -->\n<title>La comedia `Kill Jose\u00b4 gana el IV Concurso de Cortos Instant\u00e1neos CRUSH - Actualidad Nebrija<\/title>\n<meta name=\"description\" content=\"La comedia `Kill Jose\u00b4 gana el IV Concurso de Cortos Instant\u00e1neos CRUSH de la Facultad de Comunicaci\u00f3n y Artes.\" \/>\n<meta name=\"robots\" content=\"index, follow, max-snippet:-1, max-image-preview:large, max-video-preview:-1\" \/>\n<link rel=\"canonical\" href=\"https:\/\/www.nebrija.com\/medios\/actualidadnebrija\/2026\/04\/28\/la-comedia-kill-jose-gana-el-iv-concurso-de-cortos-instantaneos-crush\/\" \/>\n<meta property=\"og:locale\" content=\"es_ES\" \/>\n<meta property=\"og:type\" content=\"article\" \/>\n<meta property=\"og:title\" content=\"La comedia `Kill Jose\u00b4 gana el IV Concurso de Cortos Instant\u00e1neos CRUSH - Actualidad Nebrija\" \/>\n<meta property=\"og:description\" content=\"La comedia `Kill Jose\u00b4 gana el IV Concurso de Cortos Instant\u00e1neos CRUSH de la Facultad de Comunicaci\u00f3n y Artes.\" \/>\n<meta property=\"og:url\" content=\"https:\/\/www.nebrija.com\/medios\/actualidadnebrija\/2026\/04\/28\/la-comedia-kill-jose-gana-el-iv-concurso-de-cortos-instantaneos-crush\/\" \/>\n<meta property=\"og:site_name\" content=\"Actualidad Nebrija\" \/>\n<meta property=\"article:published_time\" content=\"2026-04-28T13:39:00+00:00\" \/>\n<meta property=\"article:modified_time\" content=\"2026-04-28T13:44:23+00:00\" \/>\n<meta property=\"og:image\" content=\"https:\/\/www.nebrija.com\/medios\/actualidadnebrija\/wp-content\/uploads\/sites\/2\/2026\/04\/2026-04-28-IV-Concurso-de-Cortos-Instantaneos-CRUSH_11.jpg\" \/>\n\t<meta property=\"og:image:width\" content=\"1000\" \/>\n\t<meta property=\"og:image:height\" content=\"562\" \/>\n\t<meta property=\"og:image:type\" content=\"image\/jpeg\" \/>\n<meta name=\"author\" content=\"jpicos\" \/>\n<meta name=\"twitter:card\" content=\"summary_large_image\" \/>\n<meta name=\"twitter:label1\" content=\"Escrito por\" \/>\n\t<meta name=\"twitter:data1\" content=\"jpicos\" \/>\n\t<meta name=\"twitter:label2\" content=\"Tiempo de lectura\" \/>\n\t<meta name=\"twitter:data2\" content=\"4 minutos\" \/>\n<!-- \/ Yoast SEO plugin. -->","yoast_head_json":{"title":"La comedia `Kill Jose\u00b4 gana el IV Concurso de Cortos Instant\u00e1neos CRUSH - Actualidad Nebrija","description":"La comedia `Kill Jose\u00b4 gana el IV Concurso de Cortos Instant\u00e1neos CRUSH de la Facultad de Comunicaci\u00f3n y Artes.","robots":{"index":"index","follow":"follow","max-snippet":"max-snippet:-1","max-image-preview":"max-image-preview:large","max-video-preview":"max-video-preview:-1"},"canonical":"https:\/\/www.nebrija.com\/medios\/actualidadnebrija\/2026\/04\/28\/la-comedia-kill-jose-gana-el-iv-concurso-de-cortos-instantaneos-crush\/","og_locale":"es_ES","og_type":"article","og_title":"La comedia `Kill Jose\u00b4 gana el IV Concurso de Cortos Instant\u00e1neos CRUSH - Actualidad Nebrija","og_description":"La comedia `Kill Jose\u00b4 gana el IV Concurso de Cortos Instant\u00e1neos CRUSH de la Facultad de Comunicaci\u00f3n y Artes.","og_url":"https:\/\/www.nebrija.com\/medios\/actualidadnebrija\/2026\/04\/28\/la-comedia-kill-jose-gana-el-iv-concurso-de-cortos-instantaneos-crush\/","og_site_name":"Actualidad Nebrija","article_published_time":"2026-04-28T13:39:00+00:00","article_modified_time":"2026-04-28T13:44:23+00:00","og_image":[{"width":1000,"height":562,"url":"https:\/\/www.nebrija.com\/medios\/actualidadnebrija\/wp-content\/uploads\/sites\/2\/2026\/04\/2026-04-28-IV-Concurso-de-Cortos-Instantaneos-CRUSH_11.jpg","type":"image\/jpeg"}],"author":"jpicos","twitter_card":"summary_large_image","twitter_misc":{"Escrito por":"jpicos","Tiempo de lectura":"4 minutos"},"schema":{"@context":"https:\/\/schema.org","@graph":[{"@type":"WebPage","@id":"https:\/\/www.nebrija.com\/medios\/actualidadnebrija\/2026\/04\/28\/la-comedia-kill-jose-gana-el-iv-concurso-de-cortos-instantaneos-crush\/","url":"https:\/\/www.nebrija.com\/medios\/actualidadnebrija\/2026\/04\/28\/la-comedia-kill-jose-gana-el-iv-concurso-de-cortos-instantaneos-crush\/","name":"La comedia `Kill Jose\u00b4 gana el IV Concurso de Cortos Instant\u00e1neos CRUSH - Actualidad Nebrija","isPartOf":{"@id":"https:\/\/www.nebrija.com\/medios\/actualidadnebrija\/#website"},"datePublished":"2026-04-28T13:39:00+00:00","dateModified":"2026-04-28T13:44:23+00:00","author":{"@id":"https:\/\/www.nebrija.com\/medios\/actualidadnebrija\/#\/schema\/person\/0cd40b7dd3f54459e2cfc009dbd255c6"},"description":"La comedia `Kill Jose\u00b4 gana el IV Concurso de Cortos Instant\u00e1neos CRUSH de la Facultad de Comunicaci\u00f3n y Artes.","breadcrumb":{"@id":"https:\/\/www.nebrija.com\/medios\/actualidadnebrija\/2026\/04\/28\/la-comedia-kill-jose-gana-el-iv-concurso-de-cortos-instantaneos-crush\/#breadcrumb"},"inLanguage":"es","potentialAction":[{"@type":"ReadAction","target":["https:\/\/www.nebrija.com\/medios\/actualidadnebrija\/2026\/04\/28\/la-comedia-kill-jose-gana-el-iv-concurso-de-cortos-instantaneos-crush\/"]}]},{"@type":"BreadcrumbList","@id":"https:\/\/www.nebrija.com\/medios\/actualidadnebrija\/2026\/04\/28\/la-comedia-kill-jose-gana-el-iv-concurso-de-cortos-instantaneos-crush\/#breadcrumb","itemListElement":[{"@type":"ListItem","position":1,"name":"Home","item":"https:\/\/www.nebrija.com\/medios\/actualidadnebrija\/"},{"@type":"ListItem","position":2,"name":"La comedia `Kill Jose\u00b4 gana el IV Concurso de Cortos Instant\u00e1neos CRUSH"}]},{"@type":"WebSite","@id":"https:\/\/www.nebrija.com\/medios\/actualidadnebrija\/#website","url":"https:\/\/www.nebrija.com\/medios\/actualidadnebrija\/","name":"Actualidad Nebrija","description":"Noticias de la Universidad Nebrija","potentialAction":[{"@type":"SearchAction","target":{"@type":"EntryPoint","urlTemplate":"https:\/\/www.nebrija.com\/medios\/actualidadnebrija\/?s={search_term_string}"},"query-input":"required name=search_term_string"}],"inLanguage":"es"},{"@type":"Person","@id":"https:\/\/www.nebrija.com\/medios\/actualidadnebrija\/#\/schema\/person\/0cd40b7dd3f54459e2cfc009dbd255c6","name":"jpicos","image":{"@type":"ImageObject","inLanguage":"es","@id":"https:\/\/www.nebrija.com\/medios\/actualidadnebrija\/#\/schema\/person\/image\/","url":"https:\/\/secure.gravatar.com\/avatar\/c4a1005cff3fd9bb5185e9671f4f3e9b?s=96&d=mm&r=g","contentUrl":"https:\/\/secure.gravatar.com\/avatar\/c4a1005cff3fd9bb5185e9671f4f3e9b?s=96&d=mm&r=g","caption":"jpicos"},"url":"https:\/\/www.nebrija.com\/medios\/actualidadnebrija\/author\/jpicos\/"}]}},"_links":{"self":[{"href":"https:\/\/www.nebrija.com\/medios\/actualidadnebrija\/wp-json\/wp\/v2\/posts\/101798"}],"collection":[{"href":"https:\/\/www.nebrija.com\/medios\/actualidadnebrija\/wp-json\/wp\/v2\/posts"}],"about":[{"href":"https:\/\/www.nebrija.com\/medios\/actualidadnebrija\/wp-json\/wp\/v2\/types\/post"}],"author":[{"embeddable":true,"href":"https:\/\/www.nebrija.com\/medios\/actualidadnebrija\/wp-json\/wp\/v2\/users\/326"}],"replies":[{"embeddable":true,"href":"https:\/\/www.nebrija.com\/medios\/actualidadnebrija\/wp-json\/wp\/v2\/comments?post=101798"}],"version-history":[{"count":6,"href":"https:\/\/www.nebrija.com\/medios\/actualidadnebrija\/wp-json\/wp\/v2\/posts\/101798\/revisions"}],"predecessor-version":[{"id":101817,"href":"https:\/\/www.nebrija.com\/medios\/actualidadnebrija\/wp-json\/wp\/v2\/posts\/101798\/revisions\/101817"}],"wp:featuredmedia":[{"embeddable":true,"href":"https:\/\/www.nebrija.com\/medios\/actualidadnebrija\/wp-json\/wp\/v2\/media\/101807"}],"wp:attachment":[{"href":"https:\/\/www.nebrija.com\/medios\/actualidadnebrija\/wp-json\/wp\/v2\/media?parent=101798"}],"wp:term":[{"taxonomy":"category","embeddable":true,"href":"https:\/\/www.nebrija.com\/medios\/actualidadnebrija\/wp-json\/wp\/v2\/categories?post=101798"},{"taxonomy":"post_tag","embeddable":true,"href":"https:\/\/www.nebrija.com\/medios\/actualidadnebrija\/wp-json\/wp\/v2\/tags?post=101798"}],"curies":[{"name":"wp","href":"https:\/\/api.w.org\/{rel}","templated":true}]}}