{"id":15380,"date":"2007-05-10T00:00:00","date_gmt":"2007-05-10T00:00:00","guid":{"rendered":"http:\/\/www.nebrija.com\/medios\/actualidadnebrija\/?p=15380"},"modified":"2007-05-10T00:00:00","modified_gmt":"2007-05-10T00:00:00","slug":"recreate-de-miguel-ignacio-ibanez-aldecoa-sanchez-consigue-cinco-premios-en-el-ix-festival-de-cortometrajes-adn","status":"publish","type":"post","link":"https:\/\/www.nebrija.com\/medios\/actualidadnebrija\/2007\/05\/10\/recreate-de-miguel-ignacio-ibanez-aldecoa-sanchez-consigue-cinco-premios-en-el-ix-festival-de-cortometrajes-adn\/","title":{"rendered":"Recr\u00e9ate, de Miguel Ignacio Ib\u00e1\u00f1ez-Aldecoa S\u00e1nchez, consigue cinco premios en el IX Festival de Cortometrajes AdN"},"content":{"rendered":"<p><img decoding=\"async\" src=\"https:\/\/www.nebrija.com\/boletines\/public\/imagenes\/noticias\/imagen_6401.jpg\"\/><\/p>\n<p>El cortometraje \u0093Recr\u00e9ate\u0094, de Nacho Ib\u00e1\u00f1ez-Aldecoa, fue el gran vencedor del IX Festival de Cortometrajes AdN. La pel\u00edcula se llev\u00f3 el premio al Mejor Cortometraje, as\u00ed como el de Mejor Montaje, Mejor Fotograf\u00eda (concedido a Sanet Garc\u00eda), Mejor Direcci\u00f3n de Producci\u00f3n y Mejor Direcci\u00f3n. \u0093Recr\u00e9ate\u0094 es la historia de un joven escritor en crisis que decide salir a la calle en busca de personajes que le inspiren en sus historias. Una historia de poco m\u00e1s de ocho minutos, en la que han colaborado un nutrido n\u00famero de alumnos de Comunicaci\u00f3n Audiovisual, entre otros. <\/p>\n<p>El jurado del Festival, por segundo a\u00f1o formado por personas relacionadas con el mundo del cine y ajenas a la Universidad Antonio de Nebrija, concedi\u00f3, adem\u00e1s, el premio a Mejor Gui\u00f3n a \u0093Mi silencio\u0094, de Beatriz Casillas Jim\u00e9nez.<\/p>\n<p>\nEl galard\u00f3n a la Mejor Direcci\u00f3n Novel fue ex aequo para el cortometraje \u0093Chocolate\u0094, de \u00c1lvaro Barrasa Alesanco, y \u0093Mi silencio\u0094 de Beatriz Casillas Jim\u00e9nez. El premio del P\u00fablico fue a parar a \u0093En Madrid no hay playa\u0094, de Jes\u00fas Sanz Sebasti\u00e1n, divertida historia sobre el encuentro amoroso entre un pescadero y una sirena. Por \u00faltimo, el premio al Mejor Cortometraje de Antiguos Alumnos lo recibi\u00f3 Alberto Utrera Luc\u00eda por \u0093El viaje\u0094, un film emocionante y con una est\u00e9tica muy cuidada. <\/p>\n<p>\nAdem\u00e1s, en esta edici\u00f3n se concedi\u00f3 un premio honor\u00edfico, a una gran Trayectoria profesional, al profesor, director, realizador y guionista Luis Tom\u00e1s Melgar, que recogi\u00f3 su estatuilla visiblemente emocionado. Durante su discurso de agradecimiento asegur\u00f3 que sus diez a\u00f1os de ense\u00f1anza en nuestra Universidad fueron los m\u00e1s reconfortantes de su vida profesional. Luis Tom\u00e1s Melgar, hist\u00f3rico de la televisi\u00f3n espa\u00f1ola, record\u00f3 su pasi\u00f3n por el cine, por la imagen, y defendi\u00f3 la capacidad del lenguaje audiovisual para \u0093acompa\u00f1ar a la gente\u0094, y anim\u00f3 a los alumnos de la Nebrija \u0093a siempre aspirar a m\u00e1s, a fijarse en los grandes\u0094. <\/p>\n<p>\nEl IX Festival de Cortometrajes AdN de la Universidad Antonio de Nebrija, dirigido este a\u00f1o por Adriana del Val Ruiz, Licenciada en Comunicaci\u00f3n Audiovisual y estudiante de Publicidad y RRPP, cont\u00f3 con un jurado profesional formado por: Juan Pando, escritor de cine y cr\u00edtico cinematogr\u00e1fico de El Mundo; Andr\u00e9s Arconada, periodista de Libertad Digital TV; Rafael Hern\u00e1ndez, integrante de la empresa Soluciones Gr\u00e1ficas por Ordenador; y Gema Mu\u00f1oz, guionista de la productora Globomedia. <\/p>\n<p>\nLa cita tuvo lugar en el Cine Capitol de la Gran V\u00eda de Madrid, donde se proyectaron los once cortos finalistas de esta edici\u00f3n y se dieron a conocer a los premiados. La sala estuvo completamente llena, contando con alumnos y antiguos alumnos de Comunicaci\u00f3n Audiovisual y otras carreras, con familiares y amigos de los nominados, profesores y personal de la Universidad y diversos directores, productores, cr\u00edticos de cine y otras personas del mundo audiovisual, entre los que se encontraba el jurado de esta edici\u00f3n. El Rector de la Universidad, Fernando Fern\u00e1ndez M\u00e9ndez de And\u00e9s, se encarg\u00f3 de dar la bienvenida a todos los presentes y anim\u00f3 a todos los alumnos a seguir elaborando esas cortas historias que les sit\u00faan delante de grandes profesionales.<\/p>\n<p>\nDurante la gala se concedi\u00f3 tambi\u00e9n el II Premio de Periodismo AdN. El galard\u00f3n recay\u00f3 en Yolanda Mar\u00edn Cabeza, antigua alumna de Periodismo, por su trabajo \u0093La otra conquista: cuando al pueblo llega un amor latino\u0094, publicado  en el peri\u00f3dico gratuito Latino.<\/p>\n","protected":false},"excerpt":{"rendered":"<p>El cortometraje \u0093Recr\u00e9ate\u0094, de Nacho Ib\u00e1\u00f1ez-Aldecoa, fue el gran vencedor del IX Festival de Cortometrajes AdN. La pel\u00edcula se llev\u00f3 el premio al Mejor Cortometraje, as\u00ed como el de Mejor Montaje, Mejor Fotograf\u00eda (concedido a Sanet Garc\u00eda), Mejor Direcci\u00f3n de<\/p>\n","protected":false},"author":7,"featured_media":0,"comment_status":"open","ping_status":"open","sticky":false,"template":"","format":"standard","meta":{"_acf_changed":false,"_monsterinsights_skip_tracking":false,"_monsterinsights_sitenote_active":false,"_monsterinsights_sitenote_note":"","_monsterinsights_sitenote_category":0,"footnotes":""},"categories":[3],"tags":[],"acf":[],"yoast_head":"<!-- This site is optimized with the Yoast SEO plugin v22.1 - https:\/\/yoast.com\/wordpress\/plugins\/seo\/ -->\n<title>Recr\u00e9ate, de Miguel Ignacio Ib\u00e1\u00f1ez-Aldecoa S\u00e1nchez, consigue cinco premios en el IX Festival de Cortometrajes AdN - Actualidad Nebrija<\/title>\n<meta name=\"robots\" content=\"index, follow, max-snippet:-1, max-image-preview:large, max-video-preview:-1\" \/>\n<link rel=\"canonical\" href=\"https:\/\/www.nebrija.com\/medios\/actualidadnebrija\/2007\/05\/10\/recreate-de-miguel-ignacio-ibanez-aldecoa-sanchez-consigue-cinco-premios-en-el-ix-festival-de-cortometrajes-adn\/\" \/>\n<meta property=\"og:locale\" content=\"es_ES\" \/>\n<meta property=\"og:type\" content=\"article\" \/>\n<meta property=\"og:title\" content=\"Recr\u00e9ate, de Miguel Ignacio Ib\u00e1\u00f1ez-Aldecoa S\u00e1nchez, consigue cinco premios en el IX Festival de Cortometrajes AdN - Actualidad Nebrija\" \/>\n<meta property=\"og:description\" content=\"El cortometraje \u0093Recr\u00e9ate\u0094, de Nacho Ib\u00e1\u00f1ez-Aldecoa, fue el gran vencedor del IX Festival de Cortometrajes AdN. La pel\u00edcula se llev\u00f3 el premio al Mejor Cortometraje, as\u00ed como el de Mejor Montaje, Mejor Fotograf\u00eda (concedido a Sanet Garc\u00eda), Mejor Direcci\u00f3n de\" \/>\n<meta property=\"og:url\" content=\"https:\/\/www.nebrija.com\/medios\/actualidadnebrija\/2007\/05\/10\/recreate-de-miguel-ignacio-ibanez-aldecoa-sanchez-consigue-cinco-premios-en-el-ix-festival-de-cortometrajes-adn\/\" \/>\n<meta property=\"og:site_name\" content=\"Actualidad Nebrija\" \/>\n<meta property=\"article:published_time\" content=\"2007-05-10T00:00:00+00:00\" \/>\n<meta property=\"og:image\" content=\"https:\/\/www.nebrija.com\/boletines\/public\/imagenes\/noticias\/imagen_6401.jpg\" \/>\n<meta name=\"author\" content=\"juanjoespi\" \/>\n<meta name=\"twitter:card\" content=\"summary_large_image\" \/>\n<meta name=\"twitter:label1\" content=\"Escrito por\" \/>\n\t<meta name=\"twitter:data1\" content=\"juanjoespi\" \/>\n\t<meta name=\"twitter:label2\" content=\"Tiempo de lectura\" \/>\n\t<meta name=\"twitter:data2\" content=\"3 minutos\" \/>\n<!-- \/ Yoast SEO plugin. -->","yoast_head_json":{"title":"Recr\u00e9ate, de Miguel Ignacio Ib\u00e1\u00f1ez-Aldecoa S\u00e1nchez, consigue cinco premios en el IX Festival de Cortometrajes AdN - Actualidad Nebrija","robots":{"index":"index","follow":"follow","max-snippet":"max-snippet:-1","max-image-preview":"max-image-preview:large","max-video-preview":"max-video-preview:-1"},"canonical":"https:\/\/www.nebrija.com\/medios\/actualidadnebrija\/2007\/05\/10\/recreate-de-miguel-ignacio-ibanez-aldecoa-sanchez-consigue-cinco-premios-en-el-ix-festival-de-cortometrajes-adn\/","og_locale":"es_ES","og_type":"article","og_title":"Recr\u00e9ate, de Miguel Ignacio Ib\u00e1\u00f1ez-Aldecoa S\u00e1nchez, consigue cinco premios en el IX Festival de Cortometrajes AdN - Actualidad Nebrija","og_description":"El cortometraje \u0093Recr\u00e9ate\u0094, de Nacho Ib\u00e1\u00f1ez-Aldecoa, fue el gran vencedor del IX Festival de Cortometrajes AdN. La pel\u00edcula se llev\u00f3 el premio al Mejor Cortometraje, as\u00ed como el de Mejor Montaje, Mejor Fotograf\u00eda (concedido a Sanet Garc\u00eda), Mejor Direcci\u00f3n de","og_url":"https:\/\/www.nebrija.com\/medios\/actualidadnebrija\/2007\/05\/10\/recreate-de-miguel-ignacio-ibanez-aldecoa-sanchez-consigue-cinco-premios-en-el-ix-festival-de-cortometrajes-adn\/","og_site_name":"Actualidad Nebrija","article_published_time":"2007-05-10T00:00:00+00:00","og_image":[{"url":"https:\/\/www.nebrija.com\/boletines\/public\/imagenes\/noticias\/imagen_6401.jpg"}],"author":"juanjoespi","twitter_card":"summary_large_image","twitter_misc":{"Escrito por":"juanjoespi","Tiempo de lectura":"3 minutos"},"schema":{"@context":"https:\/\/schema.org","@graph":[{"@type":"WebPage","@id":"https:\/\/www.nebrija.com\/medios\/actualidadnebrija\/2007\/05\/10\/recreate-de-miguel-ignacio-ibanez-aldecoa-sanchez-consigue-cinco-premios-en-el-ix-festival-de-cortometrajes-adn\/","url":"https:\/\/www.nebrija.com\/medios\/actualidadnebrija\/2007\/05\/10\/recreate-de-miguel-ignacio-ibanez-aldecoa-sanchez-consigue-cinco-premios-en-el-ix-festival-de-cortometrajes-adn\/","name":"Recr\u00e9ate, de Miguel Ignacio Ib\u00e1\u00f1ez-Aldecoa S\u00e1nchez, consigue cinco premios en el IX Festival de Cortometrajes AdN - Actualidad Nebrija","isPartOf":{"@id":"https:\/\/www.nebrija.com\/medios\/actualidadnebrija\/#website"},"datePublished":"2007-05-10T00:00:00+00:00","dateModified":"2007-05-10T00:00:00+00:00","author":{"@id":"https:\/\/www.nebrija.com\/medios\/actualidadnebrija\/#\/schema\/person\/81da7432b9f6d7f7fbec4f964cc7ca46"},"breadcrumb":{"@id":"https:\/\/www.nebrija.com\/medios\/actualidadnebrija\/2007\/05\/10\/recreate-de-miguel-ignacio-ibanez-aldecoa-sanchez-consigue-cinco-premios-en-el-ix-festival-de-cortometrajes-adn\/#breadcrumb"},"inLanguage":"es","potentialAction":[{"@type":"ReadAction","target":["https:\/\/www.nebrija.com\/medios\/actualidadnebrija\/2007\/05\/10\/recreate-de-miguel-ignacio-ibanez-aldecoa-sanchez-consigue-cinco-premios-en-el-ix-festival-de-cortometrajes-adn\/"]}]},{"@type":"BreadcrumbList","@id":"https:\/\/www.nebrija.com\/medios\/actualidadnebrija\/2007\/05\/10\/recreate-de-miguel-ignacio-ibanez-aldecoa-sanchez-consigue-cinco-premios-en-el-ix-festival-de-cortometrajes-adn\/#breadcrumb","itemListElement":[{"@type":"ListItem","position":1,"name":"Home","item":"https:\/\/www.nebrija.com\/medios\/actualidadnebrija\/"},{"@type":"ListItem","position":2,"name":"Recr\u00e9ate, de Miguel Ignacio Ib\u00e1\u00f1ez-Aldecoa S\u00e1nchez, consigue cinco premios en el IX Festival de Cortometrajes AdN"}]},{"@type":"WebSite","@id":"https:\/\/www.nebrija.com\/medios\/actualidadnebrija\/#website","url":"https:\/\/www.nebrija.com\/medios\/actualidadnebrija\/","name":"Actualidad Nebrija","description":"Noticias de la Universidad Nebrija","potentialAction":[{"@type":"SearchAction","target":{"@type":"EntryPoint","urlTemplate":"https:\/\/www.nebrija.com\/medios\/actualidadnebrija\/?s={search_term_string}"},"query-input":"required name=search_term_string"}],"inLanguage":"es"},{"@type":"Person","@id":"https:\/\/www.nebrija.com\/medios\/actualidadnebrija\/#\/schema\/person\/81da7432b9f6d7f7fbec4f964cc7ca46","name":"juanjoespi","image":{"@type":"ImageObject","inLanguage":"es","@id":"https:\/\/www.nebrija.com\/medios\/actualidadnebrija\/#\/schema\/person\/image\/","url":"https:\/\/secure.gravatar.com\/avatar\/1540557aebe51cb061c09a6051f97a21?s=96&d=mm&r=g","contentUrl":"https:\/\/secure.gravatar.com\/avatar\/1540557aebe51cb061c09a6051f97a21?s=96&d=mm&r=g","caption":"juanjoespi"},"url":"https:\/\/www.nebrija.com\/medios\/actualidadnebrija\/author\/juanjoespi\/"}]}},"_links":{"self":[{"href":"https:\/\/www.nebrija.com\/medios\/actualidadnebrija\/wp-json\/wp\/v2\/posts\/15380"}],"collection":[{"href":"https:\/\/www.nebrija.com\/medios\/actualidadnebrija\/wp-json\/wp\/v2\/posts"}],"about":[{"href":"https:\/\/www.nebrija.com\/medios\/actualidadnebrija\/wp-json\/wp\/v2\/types\/post"}],"author":[{"embeddable":true,"href":"https:\/\/www.nebrija.com\/medios\/actualidadnebrija\/wp-json\/wp\/v2\/users\/7"}],"replies":[{"embeddable":true,"href":"https:\/\/www.nebrija.com\/medios\/actualidadnebrija\/wp-json\/wp\/v2\/comments?post=15380"}],"version-history":[{"count":0,"href":"https:\/\/www.nebrija.com\/medios\/actualidadnebrija\/wp-json\/wp\/v2\/posts\/15380\/revisions"}],"wp:attachment":[{"href":"https:\/\/www.nebrija.com\/medios\/actualidadnebrija\/wp-json\/wp\/v2\/media?parent=15380"}],"wp:term":[{"taxonomy":"category","embeddable":true,"href":"https:\/\/www.nebrija.com\/medios\/actualidadnebrija\/wp-json\/wp\/v2\/categories?post=15380"},{"taxonomy":"post_tag","embeddable":true,"href":"https:\/\/www.nebrija.com\/medios\/actualidadnebrija\/wp-json\/wp\/v2\/tags?post=15380"}],"curies":[{"name":"wp","href":"https:\/\/api.w.org\/{rel}","templated":true}]}}