{"id":15766,"date":"2009-05-21T00:00:00","date_gmt":"2009-05-21T00:00:00","guid":{"rendered":"http:\/\/www.nebrija.com\/medios\/actualidadnebrija\/?p=15766"},"modified":"2009-05-21T00:00:00","modified_gmt":"2009-05-21T00:00:00","slug":"nuevo-grado-en-arquitectura-con-dos-dobles-titulaciones-unicas-en-espana","status":"publish","type":"post","link":"https:\/\/www.nebrija.com\/medios\/actualidadnebrija\/2009\/05\/21\/nuevo-grado-en-arquitectura-con-dos-dobles-titulaciones-unicas-en-espana\/","title":{"rendered":"Nuevo Grado en Arquitectura con dos dobles titulaciones \u00fanicas en Espa\u00f1a"},"content":{"rendered":"<p><img decoding=\"async\" src=\"https:\/\/www.nebrija.com\/boletines\/public\/imagenes\/noticias\/imagen_6792.jpg\"\/><\/p>\n<p>La Universidad Nebrija ofertar\u00e1 el pr\u00f3ximo curso 2009-2010 el Grado en Arquitectura, un programa adaptado a las exigencias del Espacio Europeo de Educaci\u00f3n Superior, tras un proceso de verificaci\u00f3n positivo de la ANECA.<\/p>\n<p>Se trata de una carrera con doble titulaci\u00f3n, con diferentes opciones: Arquitectura + Ingenier\u00eda de Edificaci\u00f3n (5 a\u00f1os, y \u00fanica en Espa\u00f1a), Arquitectura +  Bellas Artes (6 a\u00f1os) y doble titulaci\u00f3n de Arquitectura +  Ingenier\u00eda en Dise\u00f1o Industrial (5 a\u00f1os y tambi\u00e9n \u00fanica en Espa\u00f1a).<\/p>\n<p>Esta carrera se estudiar\u00e1 en el Campus de la Dehesa de la Villa, en Madrid, sede de La Escuela Polit\u00e9cnica Superior y Escuela de Arquitectura. Este Campus Nebrija est\u00e1 ubicado en el distrito Ciudad Universitaria de Madrid, un enclave id\u00f3neo en pleno centro.<\/p>\n<p>Los objetivos de la titulaci\u00f3n son, b\u00e1sicamente, convertir al futuro arquitecto en el elemento clave del proceso edificatorio, garantiz\u00e1ndole las herramientas necesarias para proyectar, dise\u00f1ar, calcular, gestionar y dirigir las distintas fases en las que concurre el hecho de la construcci\u00f3n edificatoria. <\/p>\n<p>Gracias a las dobles titulaciones, el futuro arquitecto graduado en la Universidad Nebrija se colocar\u00e1 en una posici\u00f3n claramente aventajada en el sector de la Arquitectura del siglo XXI.<\/p>\n<p>Ya est\u00e1 abierto el plazo de inscripci\u00f3n. Para m\u00e1s informaci\u00f3n y asesoramiento, los interesados pueden consultar con la Secci\u00f3n de Informaci\u00f3n Acad\u00e9mica: informa@nebrija.es.<\/p>\n","protected":false},"excerpt":{"rendered":"<p>La Universidad Nebrija ofertar\u00e1 el pr\u00f3ximo curso 2009-2010 el Grado en Arquitectura, un programa adaptado a las exigencias del Espacio Europeo de Educaci\u00f3n Superior, tras un proceso de verificaci\u00f3n positivo de la ANECA. Se trata de una carrera con doble<\/p>\n","protected":false},"author":7,"featured_media":0,"comment_status":"open","ping_status":"open","sticky":false,"template":"","format":"standard","meta":{"_acf_changed":false,"_monsterinsights_skip_tracking":false,"_monsterinsights_sitenote_active":false,"_monsterinsights_sitenote_note":"","_monsterinsights_sitenote_category":0,"footnotes":""},"categories":[3076],"tags":[],"acf":[],"yoast_head":"<!-- This site is optimized with the Yoast SEO plugin v22.1 - https:\/\/yoast.com\/wordpress\/plugins\/seo\/ -->\n<title>Nuevo Grado en Arquitectura con dos dobles titulaciones \u00fanicas en Espa\u00f1a - Actualidad Nebrija<\/title>\n<meta name=\"robots\" content=\"index, follow, max-snippet:-1, max-image-preview:large, max-video-preview:-1\" \/>\n<link rel=\"canonical\" href=\"https:\/\/www.nebrija.com\/medios\/actualidadnebrija\/2009\/05\/21\/nuevo-grado-en-arquitectura-con-dos-dobles-titulaciones-unicas-en-espana\/\" \/>\n<meta property=\"og:locale\" content=\"es_ES\" \/>\n<meta property=\"og:type\" content=\"article\" \/>\n<meta property=\"og:title\" content=\"Nuevo Grado en Arquitectura con dos dobles titulaciones \u00fanicas en Espa\u00f1a - Actualidad Nebrija\" \/>\n<meta property=\"og:description\" content=\"La Universidad Nebrija ofertar\u00e1 el pr\u00f3ximo curso 2009-2010 el Grado en Arquitectura, un programa adaptado a las exigencias del Espacio Europeo de Educaci\u00f3n Superior, tras un proceso de verificaci\u00f3n positivo de la ANECA. Se trata de una carrera con doble\" \/>\n<meta property=\"og:url\" content=\"https:\/\/www.nebrija.com\/medios\/actualidadnebrija\/2009\/05\/21\/nuevo-grado-en-arquitectura-con-dos-dobles-titulaciones-unicas-en-espana\/\" \/>\n<meta property=\"og:site_name\" content=\"Actualidad Nebrija\" \/>\n<meta property=\"article:published_time\" content=\"2009-05-21T00:00:00+00:00\" \/>\n<meta property=\"og:image\" content=\"https:\/\/www.nebrija.com\/boletines\/public\/imagenes\/noticias\/imagen_6792.jpg\" \/>\n<meta name=\"author\" content=\"juanjoespi\" \/>\n<meta name=\"twitter:card\" content=\"summary_large_image\" \/>\n<meta name=\"twitter:label1\" content=\"Escrito por\" \/>\n\t<meta name=\"twitter:data1\" content=\"juanjoespi\" \/>\n\t<meta name=\"twitter:label2\" content=\"Tiempo de lectura\" \/>\n\t<meta name=\"twitter:data2\" content=\"1 minuto\" \/>\n<!-- \/ Yoast SEO plugin. -->","yoast_head_json":{"title":"Nuevo Grado en Arquitectura con dos dobles titulaciones \u00fanicas en Espa\u00f1a - Actualidad Nebrija","robots":{"index":"index","follow":"follow","max-snippet":"max-snippet:-1","max-image-preview":"max-image-preview:large","max-video-preview":"max-video-preview:-1"},"canonical":"https:\/\/www.nebrija.com\/medios\/actualidadnebrija\/2009\/05\/21\/nuevo-grado-en-arquitectura-con-dos-dobles-titulaciones-unicas-en-espana\/","og_locale":"es_ES","og_type":"article","og_title":"Nuevo Grado en Arquitectura con dos dobles titulaciones \u00fanicas en Espa\u00f1a - Actualidad Nebrija","og_description":"La Universidad Nebrija ofertar\u00e1 el pr\u00f3ximo curso 2009-2010 el Grado en Arquitectura, un programa adaptado a las exigencias del Espacio Europeo de Educaci\u00f3n Superior, tras un proceso de verificaci\u00f3n positivo de la ANECA. Se trata de una carrera con doble","og_url":"https:\/\/www.nebrija.com\/medios\/actualidadnebrija\/2009\/05\/21\/nuevo-grado-en-arquitectura-con-dos-dobles-titulaciones-unicas-en-espana\/","og_site_name":"Actualidad Nebrija","article_published_time":"2009-05-21T00:00:00+00:00","og_image":[{"url":"https:\/\/www.nebrija.com\/boletines\/public\/imagenes\/noticias\/imagen_6792.jpg"}],"author":"juanjoespi","twitter_card":"summary_large_image","twitter_misc":{"Escrito por":"juanjoespi","Tiempo de lectura":"1 minuto"},"schema":{"@context":"https:\/\/schema.org","@graph":[{"@type":"WebPage","@id":"https:\/\/www.nebrija.com\/medios\/actualidadnebrija\/2009\/05\/21\/nuevo-grado-en-arquitectura-con-dos-dobles-titulaciones-unicas-en-espana\/","url":"https:\/\/www.nebrija.com\/medios\/actualidadnebrija\/2009\/05\/21\/nuevo-grado-en-arquitectura-con-dos-dobles-titulaciones-unicas-en-espana\/","name":"Nuevo Grado en Arquitectura con dos dobles titulaciones \u00fanicas en Espa\u00f1a - Actualidad Nebrija","isPartOf":{"@id":"https:\/\/www.nebrija.com\/medios\/actualidadnebrija\/#website"},"datePublished":"2009-05-21T00:00:00+00:00","dateModified":"2009-05-21T00:00:00+00:00","author":{"@id":"https:\/\/www.nebrija.com\/medios\/actualidadnebrija\/#\/schema\/person\/81da7432b9f6d7f7fbec4f964cc7ca46"},"breadcrumb":{"@id":"https:\/\/www.nebrija.com\/medios\/actualidadnebrija\/2009\/05\/21\/nuevo-grado-en-arquitectura-con-dos-dobles-titulaciones-unicas-en-espana\/#breadcrumb"},"inLanguage":"es","potentialAction":[{"@type":"ReadAction","target":["https:\/\/www.nebrija.com\/medios\/actualidadnebrija\/2009\/05\/21\/nuevo-grado-en-arquitectura-con-dos-dobles-titulaciones-unicas-en-espana\/"]}]},{"@type":"BreadcrumbList","@id":"https:\/\/www.nebrija.com\/medios\/actualidadnebrija\/2009\/05\/21\/nuevo-grado-en-arquitectura-con-dos-dobles-titulaciones-unicas-en-espana\/#breadcrumb","itemListElement":[{"@type":"ListItem","position":1,"name":"Home","item":"https:\/\/www.nebrija.com\/medios\/actualidadnebrija\/"},{"@type":"ListItem","position":2,"name":"Nuevo Grado en Arquitectura con dos dobles titulaciones \u00fanicas en Espa\u00f1a"}]},{"@type":"WebSite","@id":"https:\/\/www.nebrija.com\/medios\/actualidadnebrija\/#website","url":"https:\/\/www.nebrija.com\/medios\/actualidadnebrija\/","name":"Actualidad Nebrija","description":"Noticias de la Universidad Nebrija","potentialAction":[{"@type":"SearchAction","target":{"@type":"EntryPoint","urlTemplate":"https:\/\/www.nebrija.com\/medios\/actualidadnebrija\/?s={search_term_string}"},"query-input":"required name=search_term_string"}],"inLanguage":"es"},{"@type":"Person","@id":"https:\/\/www.nebrija.com\/medios\/actualidadnebrija\/#\/schema\/person\/81da7432b9f6d7f7fbec4f964cc7ca46","name":"juanjoespi","image":{"@type":"ImageObject","inLanguage":"es","@id":"https:\/\/www.nebrija.com\/medios\/actualidadnebrija\/#\/schema\/person\/image\/","url":"https:\/\/secure.gravatar.com\/avatar\/1540557aebe51cb061c09a6051f97a21?s=96&d=mm&r=g","contentUrl":"https:\/\/secure.gravatar.com\/avatar\/1540557aebe51cb061c09a6051f97a21?s=96&d=mm&r=g","caption":"juanjoespi"},"url":"https:\/\/www.nebrija.com\/medios\/actualidadnebrija\/author\/juanjoespi\/"}]}},"_links":{"self":[{"href":"https:\/\/www.nebrija.com\/medios\/actualidadnebrija\/wp-json\/wp\/v2\/posts\/15766"}],"collection":[{"href":"https:\/\/www.nebrija.com\/medios\/actualidadnebrija\/wp-json\/wp\/v2\/posts"}],"about":[{"href":"https:\/\/www.nebrija.com\/medios\/actualidadnebrija\/wp-json\/wp\/v2\/types\/post"}],"author":[{"embeddable":true,"href":"https:\/\/www.nebrija.com\/medios\/actualidadnebrija\/wp-json\/wp\/v2\/users\/7"}],"replies":[{"embeddable":true,"href":"https:\/\/www.nebrija.com\/medios\/actualidadnebrija\/wp-json\/wp\/v2\/comments?post=15766"}],"version-history":[{"count":0,"href":"https:\/\/www.nebrija.com\/medios\/actualidadnebrija\/wp-json\/wp\/v2\/posts\/15766\/revisions"}],"wp:attachment":[{"href":"https:\/\/www.nebrija.com\/medios\/actualidadnebrija\/wp-json\/wp\/v2\/media?parent=15766"}],"wp:term":[{"taxonomy":"category","embeddable":true,"href":"https:\/\/www.nebrija.com\/medios\/actualidadnebrija\/wp-json\/wp\/v2\/categories?post=15766"},{"taxonomy":"post_tag","embeddable":true,"href":"https:\/\/www.nebrija.com\/medios\/actualidadnebrija\/wp-json\/wp\/v2\/tags?post=15766"}],"curies":[{"name":"wp","href":"https:\/\/api.w.org\/{rel}","templated":true}]}}