{"id":21221,"date":"2014-01-29T17:25:53","date_gmt":"2014-01-29T16:25:53","guid":{"rendered":"http:\/\/www.nebrija.com\/medios\/actualidadnebrija\/?p=21221"},"modified":"2014-01-29T17:25:53","modified_gmt":"2014-01-29T16:25:53","slug":"historia-basica-del-arte-escenico","status":"publish","type":"post","link":"https:\/\/www.nebrija.com\/medios\/actualidadnebrija\/2014\/01\/29\/historia-basica-del-arte-escenico\/","title":{"rendered":"\u201cHistoria b\u00e1sica del arte esc\u00e9nico\u201d"},"content":{"rendered":"<p><strong>El teatro como g\u00e9nero literario y arte dram\u00e1tico<\/strong><\/p>\n<p>C\u00e9sar Oliva y Francisco Torres Monreal recorren los hitos m\u00e1s destacados del teatro en su obra \u201cHistoria b\u00e1sica del arte esc\u00e9nico\u201d.<\/p>\n<p>Publicada en la colecci\u00f3n Cr\u00edtica y estudios literarios por la editorial C\u00e1tedra, en esta obra los autores analizan el teatro desde diversas perspectivas, como g\u00e9nero literario y tambi\u00e9n como lenguaje proyectado hacia la escena. Desde este punto de partida, se hace un recorrido por la evoluci\u00f3n del teatro a lo largo de su historia, desde la \u00e9poca griega al siglo XX y su desarrollo en la primera d\u00e9cada del siglo XXI, y se contextualiza con sus vertientes est\u00e9tica y social.<\/p>\n<p>Todos los componentes que intervienen en la representaci\u00f3n esc\u00e9nica est\u00e1n representados en estas p\u00e1ginas de forma concisa y clara, de tal manera que el lector puede tener una amplia panor\u00e1mica del teatro en su conjunto.<\/p>\n<p>Tienes este libro a tu disposici\u00f3n en la Biblioteca del Campus de La Berzosa o a trav\u00e9s del <a href=\"https:\/\/biblioteca.nebrija.es\/cgi-bin\/opac\/?TITN=35992\" target=\"_blank\"><b>Cat\u00e1logo-Opac <\/b><\/a>de la Red de Bibliotecas.<\/p>\n<p>&nbsp;<\/p>\n","protected":false},"excerpt":{"rendered":"<p>El teatro como g\u00e9nero literario y arte dram\u00e1tico C\u00e9sar Oliva y Francisco Torres Monreal recorren los hitos m\u00e1s destacados del teatro en su obra \u201cHistoria b\u00e1sica del arte esc\u00e9nico\u201d. Publicada en la colecci\u00f3n Cr\u00edtica y estudios literarios por la editorial<\/p>\n","protected":false},"author":9,"featured_media":21222,"comment_status":"open","ping_status":"open","sticky":false,"template":"","format":"standard","meta":{"_acf_changed":false,"_monsterinsights_skip_tracking":false,"_monsterinsights_sitenote_active":false,"_monsterinsights_sitenote_note":"","_monsterinsights_sitenote_category":0,"footnotes":""},"categories":[3063],"tags":[],"acf":[],"yoast_head":"<!-- This site is optimized with the Yoast SEO plugin v22.1 - https:\/\/yoast.com\/wordpress\/plugins\/seo\/ -->\n<title>\u201cHistoria b\u00e1sica del arte esc\u00e9nico\u201d - Actualidad Nebrija<\/title>\n<meta name=\"robots\" content=\"index, follow, max-snippet:-1, max-image-preview:large, max-video-preview:-1\" \/>\n<link rel=\"canonical\" href=\"https:\/\/www.nebrija.com\/medios\/actualidadnebrija\/2014\/01\/29\/historia-basica-del-arte-escenico\/\" \/>\n<meta property=\"og:locale\" content=\"es_ES\" \/>\n<meta property=\"og:type\" content=\"article\" \/>\n<meta property=\"og:title\" content=\"\u201cHistoria b\u00e1sica del arte esc\u00e9nico\u201d - Actualidad Nebrija\" \/>\n<meta property=\"og:description\" content=\"El teatro como g\u00e9nero literario y arte dram\u00e1tico C\u00e9sar Oliva y Francisco Torres Monreal recorren los hitos m\u00e1s destacados del teatro en su obra \u201cHistoria b\u00e1sica del arte esc\u00e9nico\u201d. Publicada en la colecci\u00f3n Cr\u00edtica y estudios literarios por la editorial\" \/>\n<meta property=\"og:url\" content=\"https:\/\/www.nebrija.com\/medios\/actualidadnebrija\/2014\/01\/29\/historia-basica-del-arte-escenico\/\" \/>\n<meta property=\"og:site_name\" content=\"Actualidad Nebrija\" \/>\n<meta property=\"article:published_time\" content=\"2014-01-29T16:25:53+00:00\" \/>\n<meta property=\"og:image\" content=\"https:\/\/www.nebrija.com\/medios\/actualidadnebrija\/wp-content\/uploads\/sites\/2\/2014\/01\/resized_cub_arte_oliva.jpg\" \/>\n\t<meta property=\"og:image:width\" content=\"170\" \/>\n\t<meta property=\"og:image:height\" content=\"250\" \/>\n\t<meta property=\"og:image:type\" content=\"image\/jpeg\" \/>\n<meta name=\"author\" content=\"zrio\" \/>\n<meta name=\"twitter:card\" content=\"summary_large_image\" \/>\n<meta name=\"twitter:label1\" content=\"Escrito por\" \/>\n\t<meta name=\"twitter:data1\" content=\"zrio\" \/>\n\t<meta name=\"twitter:label2\" content=\"Tiempo de lectura\" \/>\n\t<meta name=\"twitter:data2\" content=\"1 minuto\" \/>\n<!-- \/ Yoast SEO plugin. -->","yoast_head_json":{"title":"\u201cHistoria b\u00e1sica del arte esc\u00e9nico\u201d - Actualidad Nebrija","robots":{"index":"index","follow":"follow","max-snippet":"max-snippet:-1","max-image-preview":"max-image-preview:large","max-video-preview":"max-video-preview:-1"},"canonical":"https:\/\/www.nebrija.com\/medios\/actualidadnebrija\/2014\/01\/29\/historia-basica-del-arte-escenico\/","og_locale":"es_ES","og_type":"article","og_title":"\u201cHistoria b\u00e1sica del arte esc\u00e9nico\u201d - Actualidad Nebrija","og_description":"El teatro como g\u00e9nero literario y arte dram\u00e1tico C\u00e9sar Oliva y Francisco Torres Monreal recorren los hitos m\u00e1s destacados del teatro en su obra \u201cHistoria b\u00e1sica del arte esc\u00e9nico\u201d. Publicada en la colecci\u00f3n Cr\u00edtica y estudios literarios por la editorial","og_url":"https:\/\/www.nebrija.com\/medios\/actualidadnebrija\/2014\/01\/29\/historia-basica-del-arte-escenico\/","og_site_name":"Actualidad Nebrija","article_published_time":"2014-01-29T16:25:53+00:00","og_image":[{"width":170,"height":250,"url":"https:\/\/www.nebrija.com\/medios\/actualidadnebrija\/wp-content\/uploads\/sites\/2\/2014\/01\/resized_cub_arte_oliva.jpg","type":"image\/jpeg"}],"author":"zrio","twitter_card":"summary_large_image","twitter_misc":{"Escrito por":"zrio","Tiempo de lectura":"1 minuto"},"schema":{"@context":"https:\/\/schema.org","@graph":[{"@type":"WebPage","@id":"https:\/\/www.nebrija.com\/medios\/actualidadnebrija\/2014\/01\/29\/historia-basica-del-arte-escenico\/","url":"https:\/\/www.nebrija.com\/medios\/actualidadnebrija\/2014\/01\/29\/historia-basica-del-arte-escenico\/","name":"\u201cHistoria b\u00e1sica del arte esc\u00e9nico\u201d - Actualidad Nebrija","isPartOf":{"@id":"https:\/\/www.nebrija.com\/medios\/actualidadnebrija\/#website"},"datePublished":"2014-01-29T16:25:53+00:00","dateModified":"2014-01-29T16:25:53+00:00","author":{"@id":"https:\/\/www.nebrija.com\/medios\/actualidadnebrija\/#\/schema\/person\/2e19401bf433336fc2b333cbe673eb0f"},"breadcrumb":{"@id":"https:\/\/www.nebrija.com\/medios\/actualidadnebrija\/2014\/01\/29\/historia-basica-del-arte-escenico\/#breadcrumb"},"inLanguage":"es","potentialAction":[{"@type":"ReadAction","target":["https:\/\/www.nebrija.com\/medios\/actualidadnebrija\/2014\/01\/29\/historia-basica-del-arte-escenico\/"]}]},{"@type":"BreadcrumbList","@id":"https:\/\/www.nebrija.com\/medios\/actualidadnebrija\/2014\/01\/29\/historia-basica-del-arte-escenico\/#breadcrumb","itemListElement":[{"@type":"ListItem","position":1,"name":"Home","item":"https:\/\/www.nebrija.com\/medios\/actualidadnebrija\/"},{"@type":"ListItem","position":2,"name":"\u201cHistoria b\u00e1sica del arte esc\u00e9nico\u201d"}]},{"@type":"WebSite","@id":"https:\/\/www.nebrija.com\/medios\/actualidadnebrija\/#website","url":"https:\/\/www.nebrija.com\/medios\/actualidadnebrija\/","name":"Actualidad Nebrija","description":"Noticias de la Universidad Nebrija","potentialAction":[{"@type":"SearchAction","target":{"@type":"EntryPoint","urlTemplate":"https:\/\/www.nebrija.com\/medios\/actualidadnebrija\/?s={search_term_string}"},"query-input":"required name=search_term_string"}],"inLanguage":"es"},{"@type":"Person","@id":"https:\/\/www.nebrija.com\/medios\/actualidadnebrija\/#\/schema\/person\/2e19401bf433336fc2b333cbe673eb0f","name":"zrio","image":{"@type":"ImageObject","inLanguage":"es","@id":"https:\/\/www.nebrija.com\/medios\/actualidadnebrija\/#\/schema\/person\/image\/","url":"https:\/\/secure.gravatar.com\/avatar\/b69bcb283ce7c5397b6912e6de3aaf65?s=96&d=mm&r=g","contentUrl":"https:\/\/secure.gravatar.com\/avatar\/b69bcb283ce7c5397b6912e6de3aaf65?s=96&d=mm&r=g","caption":"zrio"},"url":"https:\/\/www.nebrija.com\/medios\/actualidadnebrija\/author\/zrio\/"}]}},"_links":{"self":[{"href":"https:\/\/www.nebrija.com\/medios\/actualidadnebrija\/wp-json\/wp\/v2\/posts\/21221"}],"collection":[{"href":"https:\/\/www.nebrija.com\/medios\/actualidadnebrija\/wp-json\/wp\/v2\/posts"}],"about":[{"href":"https:\/\/www.nebrija.com\/medios\/actualidadnebrija\/wp-json\/wp\/v2\/types\/post"}],"author":[{"embeddable":true,"href":"https:\/\/www.nebrija.com\/medios\/actualidadnebrija\/wp-json\/wp\/v2\/users\/9"}],"replies":[{"embeddable":true,"href":"https:\/\/www.nebrija.com\/medios\/actualidadnebrija\/wp-json\/wp\/v2\/comments?post=21221"}],"version-history":[{"count":1,"href":"https:\/\/www.nebrija.com\/medios\/actualidadnebrija\/wp-json\/wp\/v2\/posts\/21221\/revisions"}],"predecessor-version":[{"id":21223,"href":"https:\/\/www.nebrija.com\/medios\/actualidadnebrija\/wp-json\/wp\/v2\/posts\/21221\/revisions\/21223"}],"wp:featuredmedia":[{"embeddable":true,"href":"https:\/\/www.nebrija.com\/medios\/actualidadnebrija\/wp-json\/wp\/v2\/media\/21222"}],"wp:attachment":[{"href":"https:\/\/www.nebrija.com\/medios\/actualidadnebrija\/wp-json\/wp\/v2\/media?parent=21221"}],"wp:term":[{"taxonomy":"category","embeddable":true,"href":"https:\/\/www.nebrija.com\/medios\/actualidadnebrija\/wp-json\/wp\/v2\/categories?post=21221"},{"taxonomy":"post_tag","embeddable":true,"href":"https:\/\/www.nebrija.com\/medios\/actualidadnebrija\/wp-json\/wp\/v2\/tags?post=21221"}],"curies":[{"name":"wp","href":"https:\/\/api.w.org\/{rel}","templated":true}]}}