{"id":21397,"date":"2014-02-06T15:04:32","date_gmt":"2014-02-06T14:04:32","guid":{"rendered":"http:\/\/www.nebrija.com\/medios\/actualidadnebrija\/?p=21397"},"modified":"2014-02-13T12:06:41","modified_gmt":"2014-02-13T11:06:41","slug":"el-filosofo-jose-antonio-marina-inicia-los-seminarios-formativos-de-la-catedra-nebrija-santander-en-inteligencia-ejecutiva-y-educacion","status":"publish","type":"post","link":"https:\/\/www.nebrija.com\/medios\/actualidadnebrija\/2014\/02\/06\/el-filosofo-jose-antonio-marina-inicia-los-seminarios-formativos-de-la-catedra-nebrija-santander-en-inteligencia-ejecutiva-y-educacion\/","title":{"rendered":"C\u00e1tedra Nebrija-Santander en Inteligencia Ejecutiva y Educaci\u00f3n"},"content":{"rendered":"<p><strong>El fil\u00f3sofo Jos\u00e9 Antonio Marina, miembro del Patronato de la Universidad Nebrija,\u00a0inicia los seminarios formativos <\/strong><\/p>\n<p>\u201cLa educaci\u00f3n es la construcci\u00f3n de la memoria, nuestros objetivos condicionan nuestra percepci\u00f3n\u201d. Con estas palabras, el fil\u00f3sofo e investigador Jos\u00e9 Antonio Marina,\u00a0miembro del Patronato de la Universidad Nebrija, abri\u00f3 el primer seminario de la C\u00e1tedra Nebrija-Santander en Inteligencia Ejecutiva y Educaci\u00f3n, el mi\u00e9rcoles 5 de febrero en el Campus de la Dehesa de la Villa.<\/p>\n<p>La Universidad Nebrija, en colaboraci\u00f3n con la Fundaci\u00f3n Universidad de Padres y la Fundaci\u00f3n Trilema y con el patrocinio de Santander Universidades, ha creado esta c\u00e1tedra con el doble objetivo de crear una propuesta did\u00e1ctica en inteligencia ejecutiva y profundizar en el conocimiento de las competencias en ese campo y de aplicar un modelo pedag\u00f3gico con una dimensi\u00f3n pr\u00e1ctica.<\/p>\n<p>La rectora M\u00aa Pilar V\u00e9lez, en la presentaci\u00f3n del seminario, explic\u00f3 que este campo puede ser un buen punto de referencia y posicionamiento para la Universidad Nebrija e insisti\u00f3 que la c\u00e1tedra no s\u00f3lo pretende la formaci\u00f3n de los participantes sino que tambi\u00e9n requerir\u00e1 del trabajo colaborativo de todos. La creaci\u00f3n de un modelo pedag\u00f3gico con base en la inteligencia ejecutiva y su entrenamiento renovar\u00eda el sistema docente y contribuir\u00eda a una mejor comunicaci\u00f3n con el alumno y con la sociedad.<\/p>\n<p>Por su parte, el coordinador de la c\u00e1tedra, Jes\u00fas Manso, explic\u00f3 c\u00f3mo se ha ido gestando el proyecto desde septiembre y c\u00f3mo la participaci\u00f3n de los patrocinadores ha sido decisiva.<\/p>\n<p>En el primer seminario de formaci\u00f3n y trabajo, Jos\u00e9 Antonio Marina expuso el modelo de la Inteligencia Ejecutiva, revisando las aportaciones de diferentes estudiosos desde 1921 hasta la actualidad. Como manifest\u00f3, a\u00fan no existe una teor\u00eda general que cumpla los siguientes requisitos: empirismo, amplitud, coherencia, compatibilidad con otras teor\u00edas, aplicaci\u00f3n pr\u00e1ctica, capacidad predictiva y fecundidad.<\/p>\n<p>Marina expuso la dualidad de la inteligencia existiendo dos etapas, la generadora o computacional y la ejecutiva o de control. El reto ser\u00eda controlar o dirigir adecuadamente las actividades mentales para lo que debemos elegir las metas, movilizar los conocimientos, gestionar las emociones y aprender las operaciones necesarias. \u201cEs un tema realmente importante y nosotros, la Universidad Nebrija, podemos ser los primeros\u201d, apunt\u00f3 motivando a los asistentes.<\/p>\n<p>El fil\u00f3sofo explic\u00f3 la importancia de contar con un equipo interdisciplinar que pueda apoyarse y complementarse. De hecho, incidi\u00f3 en que \u201clas buenas ideas vienen de la conexi\u00f3n entre corazonadas que se testan, comprueban y aplican\u201d por lo que \u201cla colaboraci\u00f3n y la conectividad son imprescindibles\u201d. \u201cLa conectividad refuerza la suerte, la posibilidad de hallar una soluci\u00f3n innovadora\u201d, expres\u00f3, al tiempo que record\u00f3: \u201cCuando una persona tiene un proyecto, tiene una alerta, un radar que busca soluciones\u201d.<\/p>\n<p>La colaboraci\u00f3n de los distintos participantes conllevar\u00e1 la definici\u00f3n de distintas l\u00edneas de investigaci\u00f3n y trabajo en los siguientes dos seminarios que completan la propuesta inicial de la c\u00e1tedra y que se celebrar\u00e1n tambi\u00e9n en Dehesa de la Villa los pr\u00f3ximos 10 y 12 de febrero. A priori, Marina apunt\u00f3 el campo de la ling\u00fc\u00edstica, las matem\u00e1ticas y el fomento de la creatividad como puntos de partida interesantes.<\/p>\n\n\t\t<style type=\"text\/css\">\n\t\t\t#gallery-1 {\n\t\t\t\tmargin: auto;\n\t\t\t}\n\t\t\t#gallery-1 .gallery-item {\n\t\t\t\tfloat: left;\n\t\t\t\tmargin-top: 10px;\n\t\t\t\ttext-align: center;\n\t\t\t\twidth: 20%;\n\t\t\t}\n\t\t\t#gallery-1 img {\n\t\t\t\tborder: 2px solid #cfcfcf;\n\t\t\t}\n\t\t\t#gallery-1 .gallery-caption {\n\t\t\t\tmargin-left: 0;\n\t\t\t}\n\t\t\t\/* see gallery_shortcode() in wp-includes\/media.php *\/\n\t\t<\/style>\n\t\t<div id='gallery-1' class='gallery galleryid-21397 gallery-columns-5 gallery-size-thumbnail'><dl class='gallery-item'>\n\t\t\t<dt class='gallery-icon landscape'>\n\t\t\t\t<a href='https:\/\/www.nebrija.com\/medios\/actualidadnebrija\/wp-content\/uploads\/sites\/2\/2014\/02\/resized_IMG_5389.jpg'><img loading=\"lazy\" decoding=\"async\" width=\"150\" height=\"150\" src=\"https:\/\/www.nebrija.com\/medios\/actualidadnebrija\/wp-content\/uploads\/sites\/2\/2014\/02\/resized_IMG_5389-150x150.jpg\" class=\"attachment-thumbnail size-thumbnail\" alt=\"\" \/><\/a>\n\t\t\t<\/dt><\/dl><dl class='gallery-item'>\n\t\t\t<dt class='gallery-icon landscape'>\n\t\t\t\t<a href='https:\/\/www.nebrija.com\/medios\/actualidadnebrija\/wp-content\/uploads\/sites\/2\/2014\/02\/resized_IMG_5403.jpg'><img loading=\"lazy\" decoding=\"async\" width=\"150\" height=\"150\" src=\"https:\/\/www.nebrija.com\/medios\/actualidadnebrija\/wp-content\/uploads\/sites\/2\/2014\/02\/resized_IMG_5403-150x150.jpg\" class=\"attachment-thumbnail size-thumbnail\" alt=\"\" \/><\/a>\n\t\t\t<\/dt><\/dl><dl class='gallery-item'>\n\t\t\t<dt class='gallery-icon landscape'>\n\t\t\t\t<a href='https:\/\/www.nebrija.com\/medios\/actualidadnebrija\/wp-content\/uploads\/sites\/2\/2014\/02\/resized_IMG_5430.jpg'><img loading=\"lazy\" decoding=\"async\" width=\"150\" height=\"150\" src=\"https:\/\/www.nebrija.com\/medios\/actualidadnebrija\/wp-content\/uploads\/sites\/2\/2014\/02\/resized_IMG_5430-150x150.jpg\" class=\"attachment-thumbnail size-thumbnail\" alt=\"\" \/><\/a>\n\t\t\t<\/dt><\/dl><dl class='gallery-item'>\n\t\t\t<dt class='gallery-icon landscape'>\n\t\t\t\t<a href='https:\/\/www.nebrija.com\/medios\/actualidadnebrija\/wp-content\/uploads\/sites\/2\/2014\/02\/resized_IMG_5434.jpg'><img loading=\"lazy\" decoding=\"async\" width=\"150\" height=\"150\" src=\"https:\/\/www.nebrija.com\/medios\/actualidadnebrija\/wp-content\/uploads\/sites\/2\/2014\/02\/resized_IMG_5434-150x150.jpg\" class=\"attachment-thumbnail size-thumbnail\" alt=\"\" \/><\/a>\n\t\t\t<\/dt><\/dl><dl class='gallery-item'>\n\t\t\t<dt class='gallery-icon landscape'>\n\t\t\t\t<a href='https:\/\/www.nebrija.com\/medios\/actualidadnebrija\/wp-content\/uploads\/sites\/2\/2014\/02\/resized_IMG_5504.jpg'><img loading=\"lazy\" decoding=\"async\" width=\"150\" height=\"150\" src=\"https:\/\/www.nebrija.com\/medios\/actualidadnebrija\/wp-content\/uploads\/sites\/2\/2014\/02\/resized_IMG_5504-150x150.jpg\" class=\"attachment-thumbnail size-thumbnail\" alt=\"\" \/><\/a>\n\t\t\t<\/dt><\/dl><br style=\"clear: both\" \/><dl class='gallery-item'>\n\t\t\t<dt class='gallery-icon landscape'>\n\t\t\t\t<a href='https:\/\/www.nebrija.com\/medios\/actualidadnebrija\/wp-content\/uploads\/sites\/2\/2014\/02\/resized_IMG_5438.jpg'><img loading=\"lazy\" decoding=\"async\" width=\"150\" height=\"150\" src=\"https:\/\/www.nebrija.com\/medios\/actualidadnebrija\/wp-content\/uploads\/sites\/2\/2014\/02\/resized_IMG_5438-150x150.jpg\" class=\"attachment-thumbnail size-thumbnail\" alt=\"\" \/><\/a>\n\t\t\t<\/dt><\/dl><dl class='gallery-item'>\n\t\t\t<dt class='gallery-icon landscape'>\n\t\t\t\t<a href='https:\/\/www.nebrija.com\/medios\/actualidadnebrija\/wp-content\/uploads\/sites\/2\/2014\/02\/resized_IMG_5638.jpg'><img loading=\"lazy\" decoding=\"async\" width=\"150\" height=\"150\" src=\"https:\/\/www.nebrija.com\/medios\/actualidadnebrija\/wp-content\/uploads\/sites\/2\/2014\/02\/resized_IMG_5638-150x150.jpg\" class=\"attachment-thumbnail size-thumbnail\" alt=\"\" \/><\/a>\n\t\t\t<\/dt><\/dl><dl class='gallery-item'>\n\t\t\t<dt class='gallery-icon landscape'>\n\t\t\t\t<a href='https:\/\/www.nebrija.com\/medios\/actualidadnebrija\/wp-content\/uploads\/sites\/2\/2014\/02\/resized_IMG_5503.jpg'><img loading=\"lazy\" decoding=\"async\" width=\"150\" height=\"150\" src=\"https:\/\/www.nebrija.com\/medios\/actualidadnebrija\/wp-content\/uploads\/sites\/2\/2014\/02\/resized_IMG_5503-150x150.jpg\" class=\"attachment-thumbnail size-thumbnail\" alt=\"\" \/><\/a>\n\t\t\t<\/dt><\/dl><dl class='gallery-item'>\n\t\t\t<dt class='gallery-icon landscape'>\n\t\t\t\t<a href='https:\/\/www.nebrija.com\/medios\/actualidadnebrija\/wp-content\/uploads\/sites\/2\/2014\/02\/resized_IMG_5589.jpg'><img loading=\"lazy\" decoding=\"async\" width=\"150\" height=\"150\" src=\"https:\/\/www.nebrija.com\/medios\/actualidadnebrija\/wp-content\/uploads\/sites\/2\/2014\/02\/resized_IMG_5589-150x150.jpg\" class=\"attachment-thumbnail size-thumbnail\" alt=\"\" \/><\/a>\n\t\t\t<\/dt><\/dl><dl class='gallery-item'>\n\t\t\t<dt class='gallery-icon landscape'>\n\t\t\t\t<a href='https:\/\/www.nebrija.com\/medios\/actualidadnebrija\/wp-content\/uploads\/sites\/2\/2014\/02\/resized_IMG_5549.jpg'><img loading=\"lazy\" decoding=\"async\" width=\"150\" height=\"150\" src=\"https:\/\/www.nebrija.com\/medios\/actualidadnebrija\/wp-content\/uploads\/sites\/2\/2014\/02\/resized_IMG_5549-150x150.jpg\" class=\"attachment-thumbnail size-thumbnail\" alt=\"\" \/><\/a>\n\t\t\t<\/dt><\/dl><br style=\"clear: both\" \/><dl class='gallery-item'>\n\t\t\t<dt class='gallery-icon landscape'>\n\t\t\t\t<a href='https:\/\/www.nebrija.com\/medios\/actualidadnebrija\/wp-content\/uploads\/sites\/2\/2014\/02\/resized_IMG_5623.jpg'><img loading=\"lazy\" decoding=\"async\" width=\"150\" height=\"150\" src=\"https:\/\/www.nebrija.com\/medios\/actualidadnebrija\/wp-content\/uploads\/sites\/2\/2014\/02\/resized_IMG_5623-150x150.jpg\" class=\"attachment-thumbnail size-thumbnail\" alt=\"\" \/><\/a>\n\t\t\t<\/dt><\/dl><dl class='gallery-item'>\n\t\t\t<dt class='gallery-icon landscape'>\n\t\t\t\t<a href='https:\/\/www.nebrija.com\/medios\/actualidadnebrija\/wp-content\/uploads\/sites\/2\/2014\/02\/resized_IMG_5695.jpg'><img loading=\"lazy\" decoding=\"async\" width=\"150\" height=\"150\" src=\"https:\/\/www.nebrija.com\/medios\/actualidadnebrija\/wp-content\/uploads\/sites\/2\/2014\/02\/resized_IMG_5695-150x150.jpg\" class=\"attachment-thumbnail size-thumbnail\" alt=\"\" \/><\/a>\n\t\t\t<\/dt><\/dl><dl class='gallery-item'>\n\t\t\t<dt class='gallery-icon landscape'>\n\t\t\t\t<a href='https:\/\/www.nebrija.com\/medios\/actualidadnebrija\/wp-content\/uploads\/sites\/2\/2014\/02\/resized_IMG_5560.jpg'><img loading=\"lazy\" decoding=\"async\" width=\"150\" height=\"150\" src=\"https:\/\/www.nebrija.com\/medios\/actualidadnebrija\/wp-content\/uploads\/sites\/2\/2014\/02\/resized_IMG_5560-150x150.jpg\" class=\"attachment-thumbnail size-thumbnail\" alt=\"\" \/><\/a>\n\t\t\t<\/dt><\/dl><dl class='gallery-item'>\n\t\t\t<dt class='gallery-icon landscape'>\n\t\t\t\t<a href='https:\/\/www.nebrija.com\/medios\/actualidadnebrija\/wp-content\/uploads\/sites\/2\/2014\/02\/resized_IMG_5679.jpg'><img loading=\"lazy\" decoding=\"async\" width=\"150\" height=\"150\" src=\"https:\/\/www.nebrija.com\/medios\/actualidadnebrija\/wp-content\/uploads\/sites\/2\/2014\/02\/resized_IMG_5679-150x150.jpg\" class=\"attachment-thumbnail size-thumbnail\" alt=\"\" \/><\/a>\n\t\t\t<\/dt><\/dl><dl class='gallery-item'>\n\t\t\t<dt class='gallery-icon landscape'>\n\t\t\t\t<a href='https:\/\/www.nebrija.com\/medios\/actualidadnebrija\/wp-content\/uploads\/sites\/2\/2014\/02\/resized_IMG_5584.jpg'><img loading=\"lazy\" decoding=\"async\" width=\"150\" height=\"150\" src=\"https:\/\/www.nebrija.com\/medios\/actualidadnebrija\/wp-content\/uploads\/sites\/2\/2014\/02\/resized_IMG_5584-150x150.jpg\" class=\"attachment-thumbnail size-thumbnail\" alt=\"\" \/><\/a>\n\t\t\t<\/dt><\/dl><br style=\"clear: both\" \/><dl class='gallery-item'>\n\t\t\t<dt class='gallery-icon landscape'>\n\t\t\t\t<a href='https:\/\/www.nebrija.com\/medios\/actualidadnebrija\/wp-content\/uploads\/sites\/2\/2014\/02\/resized_IMG_5671.jpg'><img loading=\"lazy\" decoding=\"async\" width=\"150\" height=\"150\" src=\"https:\/\/www.nebrija.com\/medios\/actualidadnebrija\/wp-content\/uploads\/sites\/2\/2014\/02\/resized_IMG_5671-150x150.jpg\" class=\"attachment-thumbnail size-thumbnail\" alt=\"\" \/><\/a>\n\t\t\t<\/dt><\/dl><dl class='gallery-item'>\n\t\t\t<dt class='gallery-icon portrait'>\n\t\t\t\t<a href='https:\/\/www.nebrija.com\/medios\/actualidadnebrija\/wp-content\/uploads\/sites\/2\/2014\/02\/resized_IMG_5641.jpg'><img loading=\"lazy\" decoding=\"async\" width=\"150\" height=\"150\" src=\"https:\/\/www.nebrija.com\/medios\/actualidadnebrija\/wp-content\/uploads\/sites\/2\/2014\/02\/resized_IMG_5641-150x150.jpg\" class=\"attachment-thumbnail size-thumbnail\" alt=\"\" \/><\/a>\n\t\t\t<\/dt><\/dl><dl class='gallery-item'>\n\t\t\t<dt class='gallery-icon portrait'>\n\t\t\t\t<a href='https:\/\/www.nebrija.com\/medios\/actualidadnebrija\/wp-content\/uploads\/sites\/2\/2014\/02\/resized_IMG_5644.jpg'><img loading=\"lazy\" decoding=\"async\" width=\"150\" height=\"150\" src=\"https:\/\/www.nebrija.com\/medios\/actualidadnebrija\/wp-content\/uploads\/sites\/2\/2014\/02\/resized_IMG_5644-150x150.jpg\" class=\"attachment-thumbnail size-thumbnail\" alt=\"\" \/><\/a>\n\t\t\t<\/dt><\/dl><dl class='gallery-item'>\n\t\t\t<dt class='gallery-icon landscape'>\n\t\t\t\t<a href='https:\/\/www.nebrija.com\/medios\/actualidadnebrija\/wp-content\/uploads\/sites\/2\/2014\/02\/resized_IMG_5666.jpg'><img loading=\"lazy\" decoding=\"async\" width=\"150\" height=\"150\" src=\"https:\/\/www.nebrija.com\/medios\/actualidadnebrija\/wp-content\/uploads\/sites\/2\/2014\/02\/resized_IMG_5666-150x150.jpg\" class=\"attachment-thumbnail size-thumbnail\" alt=\"\" \/><\/a>\n\t\t\t<\/dt><\/dl><dl class='gallery-item'>\n\t\t\t<dt class='gallery-icon landscape'>\n\t\t\t\t<a href='https:\/\/www.nebrija.com\/medios\/actualidadnebrija\/wp-content\/uploads\/sites\/2\/2014\/02\/resized_IMG_5708.jpg'><img loading=\"lazy\" decoding=\"async\" width=\"150\" height=\"150\" src=\"https:\/\/www.nebrija.com\/medios\/actualidadnebrija\/wp-content\/uploads\/sites\/2\/2014\/02\/resized_IMG_5708-150x150.jpg\" class=\"attachment-thumbnail size-thumbnail\" alt=\"\" \/><\/a>\n\t\t\t<\/dt><\/dl><br style=\"clear: both\" \/>\n\t\t<\/div>\n\n<p>&nbsp;<\/p>\n","protected":false},"excerpt":{"rendered":"<p>El fil\u00f3sofo Jos\u00e9 Antonio Marina, miembro del Patronato de la Universidad Nebrija,\u00a0inicia los seminarios formativos \u201cLa educaci\u00f3n es la construcci\u00f3n de la memoria, nuestros objetivos condicionan nuestra percepci\u00f3n\u201d. Con estas palabras, el fil\u00f3sofo e investigador Jos\u00e9 Antonio Marina,\u00a0miembro del Patronato<\/p>\n","protected":false},"author":9,"featured_media":21403,"comment_status":"open","ping_status":"open","sticky":false,"template":"","format":"standard","meta":{"_acf_changed":false,"_monsterinsights_skip_tracking":false,"_monsterinsights_sitenote_active":false,"_monsterinsights_sitenote_note":"","_monsterinsights_sitenote_category":0,"footnotes":""},"categories":[3,3066],"tags":[],"acf":[],"yoast_head":"<!-- This site is optimized with the Yoast SEO plugin v22.1 - https:\/\/yoast.com\/wordpress\/plugins\/seo\/ -->\n<title>C\u00e1tedra Nebrija-Santander en Inteligencia Ejecutiva y Educaci\u00f3n - Actualidad Nebrija<\/title>\n<meta name=\"robots\" content=\"index, follow, max-snippet:-1, max-image-preview:large, max-video-preview:-1\" \/>\n<link rel=\"canonical\" href=\"https:\/\/www.nebrija.com\/medios\/actualidadnebrija\/2014\/02\/06\/el-filosofo-jose-antonio-marina-inicia-los-seminarios-formativos-de-la-catedra-nebrija-santander-en-inteligencia-ejecutiva-y-educacion\/\" \/>\n<meta property=\"og:locale\" content=\"es_ES\" \/>\n<meta property=\"og:type\" content=\"article\" \/>\n<meta property=\"og:title\" content=\"C\u00e1tedra Nebrija-Santander en Inteligencia Ejecutiva y Educaci\u00f3n - Actualidad Nebrija\" \/>\n<meta property=\"og:description\" content=\"El fil\u00f3sofo Jos\u00e9 Antonio Marina, miembro del Patronato de la Universidad Nebrija,\u00a0inicia los seminarios formativos \u201cLa educaci\u00f3n es la construcci\u00f3n de la memoria, nuestros objetivos condicionan nuestra percepci\u00f3n\u201d. Con estas palabras, el fil\u00f3sofo e investigador Jos\u00e9 Antonio Marina,\u00a0miembro del Patronato\" \/>\n<meta property=\"og:url\" content=\"https:\/\/www.nebrija.com\/medios\/actualidadnebrija\/2014\/02\/06\/el-filosofo-jose-antonio-marina-inicia-los-seminarios-formativos-de-la-catedra-nebrija-santander-en-inteligencia-ejecutiva-y-educacion\/\" \/>\n<meta property=\"og:site_name\" content=\"Actualidad Nebrija\" \/>\n<meta property=\"article:published_time\" content=\"2014-02-06T14:04:32+00:00\" \/>\n<meta property=\"article:modified_time\" content=\"2014-02-13T11:06:41+00:00\" \/>\n<meta property=\"og:image\" content=\"https:\/\/www.nebrija.com\/medios\/actualidadnebrija\/wp-content\/uploads\/sites\/2\/2014\/02\/resized_IMG_5503.jpg\" \/>\n\t<meta property=\"og:image:width\" content=\"1200\" \/>\n\t<meta property=\"og:image:height\" content=\"800\" \/>\n\t<meta property=\"og:image:type\" content=\"image\/jpeg\" \/>\n<meta name=\"author\" content=\"zrio\" \/>\n<meta name=\"twitter:card\" content=\"summary_large_image\" \/>\n<meta name=\"twitter:label1\" content=\"Escrito por\" \/>\n\t<meta name=\"twitter:data1\" content=\"zrio\" \/>\n\t<meta name=\"twitter:label2\" content=\"Tiempo de lectura\" \/>\n\t<meta name=\"twitter:data2\" content=\"3 minutos\" \/>\n<!-- \/ Yoast SEO plugin. -->","yoast_head_json":{"title":"C\u00e1tedra Nebrija-Santander en Inteligencia Ejecutiva y Educaci\u00f3n - Actualidad Nebrija","robots":{"index":"index","follow":"follow","max-snippet":"max-snippet:-1","max-image-preview":"max-image-preview:large","max-video-preview":"max-video-preview:-1"},"canonical":"https:\/\/www.nebrija.com\/medios\/actualidadnebrija\/2014\/02\/06\/el-filosofo-jose-antonio-marina-inicia-los-seminarios-formativos-de-la-catedra-nebrija-santander-en-inteligencia-ejecutiva-y-educacion\/","og_locale":"es_ES","og_type":"article","og_title":"C\u00e1tedra Nebrija-Santander en Inteligencia Ejecutiva y Educaci\u00f3n - Actualidad Nebrija","og_description":"El fil\u00f3sofo Jos\u00e9 Antonio Marina, miembro del Patronato de la Universidad Nebrija,\u00a0inicia los seminarios formativos \u201cLa educaci\u00f3n es la construcci\u00f3n de la memoria, nuestros objetivos condicionan nuestra percepci\u00f3n\u201d. Con estas palabras, el fil\u00f3sofo e investigador Jos\u00e9 Antonio Marina,\u00a0miembro del Patronato","og_url":"https:\/\/www.nebrija.com\/medios\/actualidadnebrija\/2014\/02\/06\/el-filosofo-jose-antonio-marina-inicia-los-seminarios-formativos-de-la-catedra-nebrija-santander-en-inteligencia-ejecutiva-y-educacion\/","og_site_name":"Actualidad Nebrija","article_published_time":"2014-02-06T14:04:32+00:00","article_modified_time":"2014-02-13T11:06:41+00:00","og_image":[{"width":1200,"height":800,"url":"https:\/\/www.nebrija.com\/medios\/actualidadnebrija\/wp-content\/uploads\/sites\/2\/2014\/02\/resized_IMG_5503.jpg","type":"image\/jpeg"}],"author":"zrio","twitter_card":"summary_large_image","twitter_misc":{"Escrito por":"zrio","Tiempo de lectura":"3 minutos"},"schema":{"@context":"https:\/\/schema.org","@graph":[{"@type":"WebPage","@id":"https:\/\/www.nebrija.com\/medios\/actualidadnebrija\/2014\/02\/06\/el-filosofo-jose-antonio-marina-inicia-los-seminarios-formativos-de-la-catedra-nebrija-santander-en-inteligencia-ejecutiva-y-educacion\/","url":"https:\/\/www.nebrija.com\/medios\/actualidadnebrija\/2014\/02\/06\/el-filosofo-jose-antonio-marina-inicia-los-seminarios-formativos-de-la-catedra-nebrija-santander-en-inteligencia-ejecutiva-y-educacion\/","name":"C\u00e1tedra Nebrija-Santander en Inteligencia Ejecutiva y Educaci\u00f3n - Actualidad Nebrija","isPartOf":{"@id":"https:\/\/www.nebrija.com\/medios\/actualidadnebrija\/#website"},"datePublished":"2014-02-06T14:04:32+00:00","dateModified":"2014-02-13T11:06:41+00:00","author":{"@id":"https:\/\/www.nebrija.com\/medios\/actualidadnebrija\/#\/schema\/person\/2e19401bf433336fc2b333cbe673eb0f"},"breadcrumb":{"@id":"https:\/\/www.nebrija.com\/medios\/actualidadnebrija\/2014\/02\/06\/el-filosofo-jose-antonio-marina-inicia-los-seminarios-formativos-de-la-catedra-nebrija-santander-en-inteligencia-ejecutiva-y-educacion\/#breadcrumb"},"inLanguage":"es","potentialAction":[{"@type":"ReadAction","target":["https:\/\/www.nebrija.com\/medios\/actualidadnebrija\/2014\/02\/06\/el-filosofo-jose-antonio-marina-inicia-los-seminarios-formativos-de-la-catedra-nebrija-santander-en-inteligencia-ejecutiva-y-educacion\/"]}]},{"@type":"BreadcrumbList","@id":"https:\/\/www.nebrija.com\/medios\/actualidadnebrija\/2014\/02\/06\/el-filosofo-jose-antonio-marina-inicia-los-seminarios-formativos-de-la-catedra-nebrija-santander-en-inteligencia-ejecutiva-y-educacion\/#breadcrumb","itemListElement":[{"@type":"ListItem","position":1,"name":"Home","item":"https:\/\/www.nebrija.com\/medios\/actualidadnebrija\/"},{"@type":"ListItem","position":2,"name":"C\u00e1tedra Nebrija-Santander en Inteligencia Ejecutiva y Educaci\u00f3n"}]},{"@type":"WebSite","@id":"https:\/\/www.nebrija.com\/medios\/actualidadnebrija\/#website","url":"https:\/\/www.nebrija.com\/medios\/actualidadnebrija\/","name":"Actualidad Nebrija","description":"Noticias de la Universidad Nebrija","potentialAction":[{"@type":"SearchAction","target":{"@type":"EntryPoint","urlTemplate":"https:\/\/www.nebrija.com\/medios\/actualidadnebrija\/?s={search_term_string}"},"query-input":"required name=search_term_string"}],"inLanguage":"es"},{"@type":"Person","@id":"https:\/\/www.nebrija.com\/medios\/actualidadnebrija\/#\/schema\/person\/2e19401bf433336fc2b333cbe673eb0f","name":"zrio","image":{"@type":"ImageObject","inLanguage":"es","@id":"https:\/\/www.nebrija.com\/medios\/actualidadnebrija\/#\/schema\/person\/image\/","url":"https:\/\/secure.gravatar.com\/avatar\/b69bcb283ce7c5397b6912e6de3aaf65?s=96&d=mm&r=g","contentUrl":"https:\/\/secure.gravatar.com\/avatar\/b69bcb283ce7c5397b6912e6de3aaf65?s=96&d=mm&r=g","caption":"zrio"},"url":"https:\/\/www.nebrija.com\/medios\/actualidadnebrija\/author\/zrio\/"}]}},"_links":{"self":[{"href":"https:\/\/www.nebrija.com\/medios\/actualidadnebrija\/wp-json\/wp\/v2\/posts\/21397"}],"collection":[{"href":"https:\/\/www.nebrija.com\/medios\/actualidadnebrija\/wp-json\/wp\/v2\/posts"}],"about":[{"href":"https:\/\/www.nebrija.com\/medios\/actualidadnebrija\/wp-json\/wp\/v2\/types\/post"}],"author":[{"embeddable":true,"href":"https:\/\/www.nebrija.com\/medios\/actualidadnebrija\/wp-json\/wp\/v2\/users\/9"}],"replies":[{"embeddable":true,"href":"https:\/\/www.nebrija.com\/medios\/actualidadnebrija\/wp-json\/wp\/v2\/comments?post=21397"}],"version-history":[{"count":6,"href":"https:\/\/www.nebrija.com\/medios\/actualidadnebrija\/wp-json\/wp\/v2\/posts\/21397\/revisions"}],"predecessor-version":[{"id":21429,"href":"https:\/\/www.nebrija.com\/medios\/actualidadnebrija\/wp-json\/wp\/v2\/posts\/21397\/revisions\/21429"}],"wp:featuredmedia":[{"embeddable":true,"href":"https:\/\/www.nebrija.com\/medios\/actualidadnebrija\/wp-json\/wp\/v2\/media\/21403"}],"wp:attachment":[{"href":"https:\/\/www.nebrija.com\/medios\/actualidadnebrija\/wp-json\/wp\/v2\/media?parent=21397"}],"wp:term":[{"taxonomy":"category","embeddable":true,"href":"https:\/\/www.nebrija.com\/medios\/actualidadnebrija\/wp-json\/wp\/v2\/categories?post=21397"},{"taxonomy":"post_tag","embeddable":true,"href":"https:\/\/www.nebrija.com\/medios\/actualidadnebrija\/wp-json\/wp\/v2\/tags?post=21397"}],"curies":[{"name":"wp","href":"https:\/\/api.w.org\/{rel}","templated":true}]}}