{"id":26803,"date":"2014-12-16T18:14:04","date_gmt":"2014-12-16T17:14:04","guid":{"rendered":"http:\/\/www.nebrija.com\/medios\/actualidadnebrija\/?p=26803"},"modified":"2015-02-11T16:20:15","modified_gmt":"2015-02-11T15:20:15","slug":"mis-alumnos-siempre-les-digo-que-cuando-se-suban-al-barco-de-un-rodaje-se-impliquen-hasta-el-final","status":"publish","type":"post","link":"https:\/\/www.nebrija.com\/medios\/actualidadnebrija\/2014\/12\/16\/mis-alumnos-siempre-les-digo-que-cuando-se-suban-al-barco-de-un-rodaje-se-impliquen-hasta-el-final\/","title":{"rendered":"\u201cA mis alumnos siempre les digo que cuando se suban al barco de un rodaje se impliquen hasta el final\u201d"},"content":{"rendered":"<p>C\u00e9sar P\u00e9rez Herranz compagina su trabajo como director de fotograf\u00eda con su labor docente en la Facultad de Ciencias de la Comunicaci\u00f3n de la Universidad Nebrija, donde imparte clase a los alumnos de segundo de Comunicaci\u00f3n Audiovisual. Ha dirigido documentales como Revoluci\u00f3n Chemtrail o Russian Red y ha iluminado series de televisi\u00f3n como Herederos (TVE) o Diarios del miedo (Cuatro). En Publicidad ha sido director de fotograf\u00eda de spots para Play Station, BBVA, Acnur, MTV, Orange o Braun. Actualmente, trabaja en n\u00fameros proyectos como el largometraje Garant\u00eda Personal de Auriga Producciones.<\/p>\n<p><strong>\u00bfQu\u00e9 quiere transmitir a sus alumnos como director de fotograf\u00eda?<\/strong><\/p>\n<p>Tengo una visi\u00f3n muy concreta que es transmitir los conocimientos suficientes como para que mis alumnos conozcan cu\u00e1les son los fundamentos de la profesi\u00f3n. De alg\u00fan modo mi objetivo es intentar comunicar las habilidades necesarias para que puedan enfrentarse a un trabajo real.<\/p>\n<p><strong>\u00bfC\u00f3mo est\u00e1 siendo esta nueva etapa en la Universidad Nebrija?<\/strong><\/p>\n<p>En Nebrija me siento estupendo, muy a gusto. Me han acogido muy bien y con los compa\u00f1eros hay muy buen ambiente. Est\u00e1 siendo una oportunidad alucinante y una experiencia que me parece genial, est\u00e1 siendo fant\u00e1stico por mucho trabajo que implique. Quienes venimos del mundo profesional no tenemos tanto contacto con el mundo acad\u00e9mico y para nosotros es algo diferente y yo he empezado esta nueva aventura con mucha ilusi\u00f3n. Ojal\u00e1 toda esta ilusi\u00f3n consiga transmit\u00edrsela a mis alumnos consiguiendo que saquen el m\u00e1ximo partido a mi asignatura. Les veo bastante implicados, ojal\u00e1 sea as\u00ed y no me equivoque, sobre todo una vez empiezan las clases m\u00e1s pr\u00e1cticas y a trabajar con las c\u00e1maras. El inter\u00e9s en ellos ha crecido, estoy contento con el trabajo que est\u00e1n haciendo.<\/p>\n<p><strong>Es licenciado en Filosof\u00eda pero se dedica profesionalmente a la direcci\u00f3n de fotograf\u00eda. \u00bfC\u00f3mo se produce este salto?<\/strong><\/p>\n<p>Empec\u00e9 a tener esta vocaci\u00f3n por la imagen estudiando Filosof\u00eda. Hice un par\u00f3n mientras estaba estudiando y decid\u00ed marcharme a Italia donde estuve trabajando un a\u00f1o en un programa de voluntariado europeo. All\u00ed, a partir de muchas horas de videoteca, despert\u00f3 esa vocaci\u00f3n por hacer pel\u00edculas. Hasta segundo o tercero de carrera no supe realmente que me quer\u00eda dedicar a ello.<\/p>\n<p><strong>\u00bfPor qu\u00e9 la direcci\u00f3n de fotograf\u00eda y no cualquier otra funci\u00f3n dentro de la profesi\u00f3n?<\/strong><\/p>\n<p>A m\u00ed me gustaba estar en los rodajes, era mi pasi\u00f3n porque es ah\u00ed donde se est\u00e1 haciendo la pel\u00edcula. En edici\u00f3n y montaje, por ejemplo, no es tan directa la relaci\u00f3n ni con los actores, ni con el director. Lo que me apasiona es la vida en el cine.<\/p>\n<p><a href=\"https:\/\/www.nebrija.com\/medios\/actualidadnebrija\/wp-content\/uploads\/sites\/2\/2014\/12\/IMG_6795web.jpg\"><img loading=\"lazy\" decoding=\"async\" class=\"alignleft wp-image-26805 size-thumbnail\" src=\"https:\/\/www.nebrija.com\/medios\/actualidadnebrija\/wp-content\/uploads\/sites\/2\/2014\/12\/IMG_6795web-150x150.jpg\" alt=\"C\u00e9sar P\u00e9rez Herranz \" width=\"150\" height=\"150\" \/><\/a><\/p>\n<p><strong>En 2012 rueda en Nueva York They say con la productora Encanta Films, que fue proyectado en el Short Film Corner del Festival de Cannes, donde fue premiado. \u00bfC\u00f3mo se siente C\u00e9sar P\u00e9rez cuando es premiada su obra?<\/strong><\/p>\n<p>Esta profesi\u00f3n depende de un amplio n\u00famero de personas, es estupendo que te den un premio pero el trabajo de direcci\u00f3n de fotograf\u00eda no s\u00f3lo depende de ti, sino de todo el equipo. Todos los premios son bienvenidos, es maravilloso que se reconozca el trabajo de tanta gente porque al final las pel\u00edculas no son otra cosa que un equipo de personas y los premios quiz\u00e1s se pueden convertir en una posibilidad para poder seguir rodando y trabajando en la producci\u00f3n.<\/p>\n<p><strong>\u00bfC\u00f3mo fue la experiencia de rodar en lugares como Tanzania, Cuba, Canad\u00e1 o Nueva York donde ha trabajado con las mayores productoras a nivel mundial como Gerage Films, Cuarzo o Cuatrocabezas?<\/strong><\/p>\n<p>Una de las mejores cosas de este trabajo es sin ninguna duda tener la oportunidad de viajar. De ninguna otra forma hubiera podido vivir experiencias como las que he vivido en localizaciones como estas.<\/p>\n<p><strong>Acaba de formar parte del largometraje Garant\u00eda personal de Auriga Producciones, rodado en Extremadura. \u00bfQu\u00e9 nos puede contar?<\/strong><\/p>\n<p>Es un largometraje protagonizado por Bel\u00e9n L\u00f3pez y Roberto Enrique, dirigido por Rodrigo Rivas. Fueron cinco semanas de rodaje de mucho trabajo, con un equipo de profesionales maravilloso. Apenas sin presupuesto, tanto Rodrigo Rivas como el productor fueron valientes como para tirar de este carro y poner la pel\u00edcula en pie, a\u00fan no teniendo todos los recursos econ\u00f3micos que hubieran hecho falta. Ojal\u00e1 vaya bien en festivales porque ha sido una experiencia fant\u00e1stica. Espero que Rodrigo Rivas pueda rodar un siguiente largometraje y vuelva a contar conmigo.<\/p>\n<p><strong>\u00bfQu\u00e9 diferencia dir\u00eda que hay entre rodar en producciones espa\u00f1olas y rodar en producciones americanas?<\/strong><\/p>\n<p>Realmente no hay tanta diferencia, la mec\u00e1nica de los rodajes, el protocolo, los puestos, los cargos y la relaci\u00f3n entre quienes trabajamos es muy parecida o, incluso, la misma. La \u00fanica diferencia puede ser el idioma y que dependiendo del pa\u00eds en el que est\u00e9s te encuentras una industria con m\u00e1s o con menos musculo. Si ruedas en Inglaterra o en Estados Unidos te encuentras con producciones con capacidad para movilizar muchos m\u00e1s recursos que los que tenemos aqu\u00ed en Espa\u00f1a o, incluso, en Francia que tambi\u00e9n tiene una producci\u00f3n muy potente. El lenguaje del cine es universal y los directores y el resto del equipo se entienden, todo el mundo habla el lenguaje de la c\u00e1mara.<\/p>\n<p><strong>Ha iluminado series de televisi\u00f3n de nuestro pa\u00eds como Herederos, producida por TVE, y ha sido director de fotograf\u00eda de diversos spots de publicidad para marcas como Sony, Braun, Jazztel, Orange y campa\u00f1as para ACNUR y 12 meses 12 causas de Mediaset Espa\u00f1a. Si tuviera que decantarse entre formatos audiovisuales de ficci\u00f3n y campa\u00f1as publicitarias, \u00bfcon qu\u00e9 se quedar\u00eda?<\/strong><\/p>\n<p>Es un jard\u00edn en el que al final contamos historias de la misma manera, que es lo que nos gusta. Aunque s\u00ed es verdad que para un director de fotograf\u00eda rodar en publicidad es fant\u00e1stico porque hay muchos m\u00e1s recursos. En ficci\u00f3n es todo mucho m\u00e1s limitado, casi siempre los presupuestos y el tiempo son m\u00e1s ajustados. Aunque guste m\u00e1s poner en pie historias, hoy hay publicidad muy bien hecha. Por lo general preferimos rodar ficci\u00f3n pero la publicidad te regala muchas ventajas en cuanto a cuestiones t\u00e9cnicas; s\u00ed que es verdad que en publicidad falta ese v\u00ednculo emocional que se tiene con el director, con el proyecto\u2026 Es el v\u00ednculo emocional lo que realmente es diferente.<\/p>\n<p><strong>\u00bfCu\u00e1l es el mejor consejo profesional que le han dado?, \u00bfcu\u00e1l ofrecer\u00eda a los estudiantes?<\/strong><\/p>\n<p>No s\u00e9 cu\u00e1l es el mejor consejo que me han dado pero algo que considero importante es que, cuando se suban al barco de un proyecto, se impliquen hasta el final y que esa implicaci\u00f3n incluya pensar en las necesidades de los dem\u00e1s. Y tambi\u00e9n, saber exigir, si entiendes bien c\u00f3mo es la pel\u00edcula en su conjunto, podr\u00e1s exigir con m\u00e1s criterio y sabiendo qu\u00e9 momento de la pel\u00edcula es realmente importante y cu\u00e1l no.<\/p>\n<p><strong>Pr\u00f3ximamente se celebran los Premios Goya de nuestra cinematograf\u00eda. \u00bfAlg\u00fan favorito en la categor\u00eda de Mejor Fotograf\u00eda?<\/strong><\/p>\n<p>Tengo que decir que uno de los cortometrajes que he producido, Pulse, del director \u00c1lvaro Jim\u00e9nez, est\u00e1 preseleccionado para los Goya. Ojal\u00e1 resulte ganador porque es un cortometraje rodado en blanco y negro, realmente fascinante.<\/p>\n<p>&nbsp;<\/p>\n<p><em><strong>Andrea Ballesteros Palaz\u00f3n<\/strong><\/em><br \/>\n<em><strong> Redactora y fot\u00f3grafa de Nebrija Medialab<\/strong><\/em><\/p>\n","protected":false},"excerpt":{"rendered":"<p>C\u00e9sar P\u00e9rez Herranz compagina su trabajo como director de fotograf\u00eda con su labor docente en la Facultad de Ciencias de la Comunicaci\u00f3n de la Universidad Nebrija, donde imparte clase a los alumnos de segundo de Comunicaci\u00f3n Audiovisual. Ha dirigido documentales<\/p>\n","protected":false},"author":9,"featured_media":26804,"comment_status":"open","ping_status":"open","sticky":false,"template":"","format":"standard","meta":{"_acf_changed":false,"_monsterinsights_skip_tracking":false,"_monsterinsights_sitenote_active":false,"_monsterinsights_sitenote_note":"","_monsterinsights_sitenote_category":0,"footnotes":""},"categories":[3073,3078],"tags":[],"acf":[],"yoast_head":"<!-- This site is optimized with the Yoast SEO plugin v22.1 - https:\/\/yoast.com\/wordpress\/plugins\/seo\/ -->\n<title>\u201cA mis alumnos siempre les digo que cuando se suban al barco de un rodaje se impliquen hasta el final\u201d - Actualidad Nebrija<\/title>\n<meta name=\"robots\" content=\"index, follow, max-snippet:-1, max-image-preview:large, max-video-preview:-1\" \/>\n<link rel=\"canonical\" href=\"https:\/\/www.nebrija.com\/medios\/actualidadnebrija\/2014\/12\/16\/mis-alumnos-siempre-les-digo-que-cuando-se-suban-al-barco-de-un-rodaje-se-impliquen-hasta-el-final\/\" \/>\n<meta property=\"og:locale\" content=\"es_ES\" \/>\n<meta property=\"og:type\" content=\"article\" \/>\n<meta property=\"og:title\" content=\"\u201cA mis alumnos siempre les digo que cuando se suban al barco de un rodaje se impliquen hasta el final\u201d - Actualidad Nebrija\" \/>\n<meta property=\"og:description\" content=\"C\u00e9sar P\u00e9rez Herranz compagina su trabajo como director de fotograf\u00eda con su labor docente en la Facultad de Ciencias de la Comunicaci\u00f3n de la Universidad Nebrija, donde imparte clase a los alumnos de segundo de Comunicaci\u00f3n Audiovisual. Ha dirigido documentales\" \/>\n<meta property=\"og:url\" content=\"https:\/\/www.nebrija.com\/medios\/actualidadnebrija\/2014\/12\/16\/mis-alumnos-siempre-les-digo-que-cuando-se-suban-al-barco-de-un-rodaje-se-impliquen-hasta-el-final\/\" \/>\n<meta property=\"og:site_name\" content=\"Actualidad Nebrija\" \/>\n<meta property=\"article:published_time\" content=\"2014-12-16T17:14:04+00:00\" \/>\n<meta property=\"article:modified_time\" content=\"2015-02-11T15:20:15+00:00\" \/>\n<meta property=\"og:image\" content=\"https:\/\/www.nebrija.com\/medios\/actualidadnebrija\/wp-content\/uploads\/sites\/2\/2014\/12\/IMG_6786web.jpg\" \/>\n\t<meta property=\"og:image:width\" content=\"1000\" \/>\n\t<meta property=\"og:image:height\" content=\"660\" \/>\n\t<meta property=\"og:image:type\" content=\"image\/jpeg\" \/>\n<meta name=\"author\" content=\"zrio\" \/>\n<meta name=\"twitter:card\" content=\"summary_large_image\" \/>\n<meta name=\"twitter:label1\" content=\"Escrito por\" \/>\n\t<meta name=\"twitter:data1\" content=\"zrio\" \/>\n\t<meta name=\"twitter:label2\" content=\"Tiempo de lectura\" \/>\n\t<meta name=\"twitter:data2\" content=\"6 minutos\" \/>\n<!-- \/ Yoast SEO plugin. -->","yoast_head_json":{"title":"\u201cA mis alumnos siempre les digo que cuando se suban al barco de un rodaje se impliquen hasta el final\u201d - Actualidad Nebrija","robots":{"index":"index","follow":"follow","max-snippet":"max-snippet:-1","max-image-preview":"max-image-preview:large","max-video-preview":"max-video-preview:-1"},"canonical":"https:\/\/www.nebrija.com\/medios\/actualidadnebrija\/2014\/12\/16\/mis-alumnos-siempre-les-digo-que-cuando-se-suban-al-barco-de-un-rodaje-se-impliquen-hasta-el-final\/","og_locale":"es_ES","og_type":"article","og_title":"\u201cA mis alumnos siempre les digo que cuando se suban al barco de un rodaje se impliquen hasta el final\u201d - Actualidad Nebrija","og_description":"C\u00e9sar P\u00e9rez Herranz compagina su trabajo como director de fotograf\u00eda con su labor docente en la Facultad de Ciencias de la Comunicaci\u00f3n de la Universidad Nebrija, donde imparte clase a los alumnos de segundo de Comunicaci\u00f3n Audiovisual. Ha dirigido documentales","og_url":"https:\/\/www.nebrija.com\/medios\/actualidadnebrija\/2014\/12\/16\/mis-alumnos-siempre-les-digo-que-cuando-se-suban-al-barco-de-un-rodaje-se-impliquen-hasta-el-final\/","og_site_name":"Actualidad Nebrija","article_published_time":"2014-12-16T17:14:04+00:00","article_modified_time":"2015-02-11T15:20:15+00:00","og_image":[{"width":1000,"height":660,"url":"https:\/\/www.nebrija.com\/medios\/actualidadnebrija\/wp-content\/uploads\/sites\/2\/2014\/12\/IMG_6786web.jpg","type":"image\/jpeg"}],"author":"zrio","twitter_card":"summary_large_image","twitter_misc":{"Escrito por":"zrio","Tiempo de lectura":"6 minutos"},"schema":{"@context":"https:\/\/schema.org","@graph":[{"@type":"WebPage","@id":"https:\/\/www.nebrija.com\/medios\/actualidadnebrija\/2014\/12\/16\/mis-alumnos-siempre-les-digo-que-cuando-se-suban-al-barco-de-un-rodaje-se-impliquen-hasta-el-final\/","url":"https:\/\/www.nebrija.com\/medios\/actualidadnebrija\/2014\/12\/16\/mis-alumnos-siempre-les-digo-que-cuando-se-suban-al-barco-de-un-rodaje-se-impliquen-hasta-el-final\/","name":"\u201cA mis alumnos siempre les digo que cuando se suban al barco de un rodaje se impliquen hasta el final\u201d - Actualidad Nebrija","isPartOf":{"@id":"https:\/\/www.nebrija.com\/medios\/actualidadnebrija\/#website"},"datePublished":"2014-12-16T17:14:04+00:00","dateModified":"2015-02-11T15:20:15+00:00","author":{"@id":"https:\/\/www.nebrija.com\/medios\/actualidadnebrija\/#\/schema\/person\/2e19401bf433336fc2b333cbe673eb0f"},"breadcrumb":{"@id":"https:\/\/www.nebrija.com\/medios\/actualidadnebrija\/2014\/12\/16\/mis-alumnos-siempre-les-digo-que-cuando-se-suban-al-barco-de-un-rodaje-se-impliquen-hasta-el-final\/#breadcrumb"},"inLanguage":"es","potentialAction":[{"@type":"ReadAction","target":["https:\/\/www.nebrija.com\/medios\/actualidadnebrija\/2014\/12\/16\/mis-alumnos-siempre-les-digo-que-cuando-se-suban-al-barco-de-un-rodaje-se-impliquen-hasta-el-final\/"]}]},{"@type":"BreadcrumbList","@id":"https:\/\/www.nebrija.com\/medios\/actualidadnebrija\/2014\/12\/16\/mis-alumnos-siempre-les-digo-que-cuando-se-suban-al-barco-de-un-rodaje-se-impliquen-hasta-el-final\/#breadcrumb","itemListElement":[{"@type":"ListItem","position":1,"name":"Home","item":"https:\/\/www.nebrija.com\/medios\/actualidadnebrija\/"},{"@type":"ListItem","position":2,"name":"\u201cA mis alumnos siempre les digo que cuando se suban al barco de un rodaje se impliquen hasta el final\u201d"}]},{"@type":"WebSite","@id":"https:\/\/www.nebrija.com\/medios\/actualidadnebrija\/#website","url":"https:\/\/www.nebrija.com\/medios\/actualidadnebrija\/","name":"Actualidad Nebrija","description":"Noticias de la Universidad Nebrija","potentialAction":[{"@type":"SearchAction","target":{"@type":"EntryPoint","urlTemplate":"https:\/\/www.nebrija.com\/medios\/actualidadnebrija\/?s={search_term_string}"},"query-input":"required name=search_term_string"}],"inLanguage":"es"},{"@type":"Person","@id":"https:\/\/www.nebrija.com\/medios\/actualidadnebrija\/#\/schema\/person\/2e19401bf433336fc2b333cbe673eb0f","name":"zrio","image":{"@type":"ImageObject","inLanguage":"es","@id":"https:\/\/www.nebrija.com\/medios\/actualidadnebrija\/#\/schema\/person\/image\/","url":"https:\/\/secure.gravatar.com\/avatar\/b69bcb283ce7c5397b6912e6de3aaf65?s=96&d=mm&r=g","contentUrl":"https:\/\/secure.gravatar.com\/avatar\/b69bcb283ce7c5397b6912e6de3aaf65?s=96&d=mm&r=g","caption":"zrio"},"url":"https:\/\/www.nebrija.com\/medios\/actualidadnebrija\/author\/zrio\/"}]}},"_links":{"self":[{"href":"https:\/\/www.nebrija.com\/medios\/actualidadnebrija\/wp-json\/wp\/v2\/posts\/26803"}],"collection":[{"href":"https:\/\/www.nebrija.com\/medios\/actualidadnebrija\/wp-json\/wp\/v2\/posts"}],"about":[{"href":"https:\/\/www.nebrija.com\/medios\/actualidadnebrija\/wp-json\/wp\/v2\/types\/post"}],"author":[{"embeddable":true,"href":"https:\/\/www.nebrija.com\/medios\/actualidadnebrija\/wp-json\/wp\/v2\/users\/9"}],"replies":[{"embeddable":true,"href":"https:\/\/www.nebrija.com\/medios\/actualidadnebrija\/wp-json\/wp\/v2\/comments?post=26803"}],"version-history":[{"count":3,"href":"https:\/\/www.nebrija.com\/medios\/actualidadnebrija\/wp-json\/wp\/v2\/posts\/26803\/revisions"}],"predecessor-version":[{"id":26808,"href":"https:\/\/www.nebrija.com\/medios\/actualidadnebrija\/wp-json\/wp\/v2\/posts\/26803\/revisions\/26808"}],"wp:featuredmedia":[{"embeddable":true,"href":"https:\/\/www.nebrija.com\/medios\/actualidadnebrija\/wp-json\/wp\/v2\/media\/26804"}],"wp:attachment":[{"href":"https:\/\/www.nebrija.com\/medios\/actualidadnebrija\/wp-json\/wp\/v2\/media?parent=26803"}],"wp:term":[{"taxonomy":"category","embeddable":true,"href":"https:\/\/www.nebrija.com\/medios\/actualidadnebrija\/wp-json\/wp\/v2\/categories?post=26803"},{"taxonomy":"post_tag","embeddable":true,"href":"https:\/\/www.nebrija.com\/medios\/actualidadnebrija\/wp-json\/wp\/v2\/tags?post=26803"}],"curies":[{"name":"wp","href":"https:\/\/api.w.org\/{rel}","templated":true}]}}