{"id":27392,"date":"2015-02-04T13:27:08","date_gmt":"2015-02-04T12:27:08","guid":{"rendered":"http:\/\/www.nebrija.com\/medios\/actualidadnebrija\/?p=27392"},"modified":"2015-02-11T15:56:02","modified_gmt":"2015-02-11T14:56:02","slug":"el-profesor-cesar-perez-herranz-presenta-sus-ultimos-trabajos-audiovisuales","status":"publish","type":"post","link":"https:\/\/www.nebrija.com\/medios\/actualidadnebrija\/2015\/02\/04\/el-profesor-cesar-perez-herranz-presenta-sus-ultimos-trabajos-audiovisuales\/","title":{"rendered":"El profesor C\u00e9sar P\u00e9rez Herranz presenta sus \u00faltimos trabajos audiovisuales"},"content":{"rendered":"<p>C\u00e9sar P\u00e9rez Herranz, profesor de la Facultad de Ciencias de la Comunicaci\u00f3n, acaba de terminar su participaci\u00f3n como director de fotograf\u00eda en la pel\u00edcula <em><a href=\"http:\/\/www.derivasfilms.com\/\">Garant\u00eda personal<\/a><\/em>, de Rodrigo Rivas. El film, que se encuentra en estos momentos en fase de posproducci\u00f3n, se centra en los problemas econ\u00f3micos de varios protagonistas \u201cen un contexto de provincias, y con una crisis galopante\u201d.<\/p>\n<p>El profesor P\u00e9rez Herranz, que ha impartido en el Grado de Comunicaci\u00f3n Audiovisual la asignatura de Direcci\u00f3n de fotograf\u00eda: c\u00e1mara e iluminaci\u00f3n, adem\u00e1s ha participado activamente durante los \u00faltimos meses en diversas campa\u00f1as publicitarias. Junto al realizador Diego Postigo acaba de realizar una pieza audiovisual para la firma Adolfo Dom\u00ednguez, y ya se pueden ver distintas campa\u00f1as de <a href=\"https:\/\/www.youtube.com\/watch?v=Cjw67bJEHaA\" target=\"_blank\">la marca Flex<\/a> donde el trabajo del profesor destaca por su cuidada est\u00e9tica.<\/p>\n<p>C\u00e9sar P\u00e9rez Herranz, adem\u00e1s de t\u00e9cnico audiovisual y licenciado en filosof\u00eda, es tambi\u00e9n un especialista en la cultura y la ciudadan\u00eda digital y en 2011 fund\u00f3 truth behind 404, una plataforma desde la que produce falsos documentales, intervenciones urbanas y acciones art\u00edsticas. Una de las propuestas m\u00e1s curiosas, la llamada <em>Haut\u00f4via. Un pa\u00eds en la M40<\/em>, pretende \u201cmeter el dedo en la llaga\u201d sobre determinadas actuaciones urban\u00edsticas. El profesor la present\u00f3 hace unos meses en las famosas jornadas TEDxMadrid, que <a href=\"https:\/\/www.youtube.com\/watch?v=3InAj96h06k\" target=\"_blank\">aqu\u00ed se pueden ver<\/a>.<\/p>\n","protected":false},"excerpt":{"rendered":"<p>C\u00e9sar P\u00e9rez Herranz, profesor de la Facultad de Ciencias de la Comunicaci\u00f3n, acaba de terminar su participaci\u00f3n como director de fotograf\u00eda en la pel\u00edcula Garant\u00eda personal, de Rodrigo Rivas. El film, que se encuentra en estos momentos en fase de<\/p>\n","protected":false},"author":9,"featured_media":26804,"comment_status":"open","ping_status":"open","sticky":false,"template":"","format":"standard","meta":{"_acf_changed":false,"_monsterinsights_skip_tracking":false,"_monsterinsights_sitenote_active":false,"_monsterinsights_sitenote_note":"","_monsterinsights_sitenote_category":0,"footnotes":""},"categories":[3,3050,3078],"tags":[],"acf":[],"yoast_head":"<!-- This site is optimized with the Yoast SEO plugin v22.1 - https:\/\/yoast.com\/wordpress\/plugins\/seo\/ -->\n<title>El profesor C\u00e9sar P\u00e9rez Herranz presenta sus \u00faltimos trabajos audiovisuales - Actualidad Nebrija<\/title>\n<meta name=\"robots\" content=\"index, follow, max-snippet:-1, max-image-preview:large, max-video-preview:-1\" \/>\n<link rel=\"canonical\" href=\"https:\/\/www.nebrija.com\/medios\/actualidadnebrija\/2015\/02\/04\/el-profesor-cesar-perez-herranz-presenta-sus-ultimos-trabajos-audiovisuales\/\" \/>\n<meta property=\"og:locale\" content=\"es_ES\" \/>\n<meta property=\"og:type\" content=\"article\" \/>\n<meta property=\"og:title\" content=\"El profesor C\u00e9sar P\u00e9rez Herranz presenta sus \u00faltimos trabajos audiovisuales - Actualidad Nebrija\" \/>\n<meta property=\"og:description\" content=\"C\u00e9sar P\u00e9rez Herranz, profesor de la Facultad de Ciencias de la Comunicaci\u00f3n, acaba de terminar su participaci\u00f3n como director de fotograf\u00eda en la pel\u00edcula Garant\u00eda personal, de Rodrigo Rivas. El film, que se encuentra en estos momentos en fase de\" \/>\n<meta property=\"og:url\" content=\"https:\/\/www.nebrija.com\/medios\/actualidadnebrija\/2015\/02\/04\/el-profesor-cesar-perez-herranz-presenta-sus-ultimos-trabajos-audiovisuales\/\" \/>\n<meta property=\"og:site_name\" content=\"Actualidad Nebrija\" \/>\n<meta property=\"article:published_time\" content=\"2015-02-04T12:27:08+00:00\" \/>\n<meta property=\"article:modified_time\" content=\"2015-02-11T14:56:02+00:00\" \/>\n<meta property=\"og:image\" content=\"https:\/\/www.nebrija.com\/medios\/actualidadnebrija\/wp-content\/uploads\/sites\/2\/2014\/12\/IMG_6786web.jpg\" \/>\n\t<meta property=\"og:image:width\" content=\"1000\" \/>\n\t<meta property=\"og:image:height\" content=\"660\" \/>\n\t<meta property=\"og:image:type\" content=\"image\/jpeg\" \/>\n<meta name=\"author\" content=\"zrio\" \/>\n<meta name=\"twitter:card\" content=\"summary_large_image\" \/>\n<meta name=\"twitter:label1\" content=\"Escrito por\" \/>\n\t<meta name=\"twitter:data1\" content=\"zrio\" \/>\n\t<meta name=\"twitter:label2\" content=\"Tiempo de lectura\" \/>\n\t<meta name=\"twitter:data2\" content=\"1 minuto\" \/>\n<!-- \/ Yoast SEO plugin. -->","yoast_head_json":{"title":"El profesor C\u00e9sar P\u00e9rez Herranz presenta sus \u00faltimos trabajos audiovisuales - Actualidad Nebrija","robots":{"index":"index","follow":"follow","max-snippet":"max-snippet:-1","max-image-preview":"max-image-preview:large","max-video-preview":"max-video-preview:-1"},"canonical":"https:\/\/www.nebrija.com\/medios\/actualidadnebrija\/2015\/02\/04\/el-profesor-cesar-perez-herranz-presenta-sus-ultimos-trabajos-audiovisuales\/","og_locale":"es_ES","og_type":"article","og_title":"El profesor C\u00e9sar P\u00e9rez Herranz presenta sus \u00faltimos trabajos audiovisuales - Actualidad Nebrija","og_description":"C\u00e9sar P\u00e9rez Herranz, profesor de la Facultad de Ciencias de la Comunicaci\u00f3n, acaba de terminar su participaci\u00f3n como director de fotograf\u00eda en la pel\u00edcula Garant\u00eda personal, de Rodrigo Rivas. El film, que se encuentra en estos momentos en fase de","og_url":"https:\/\/www.nebrija.com\/medios\/actualidadnebrija\/2015\/02\/04\/el-profesor-cesar-perez-herranz-presenta-sus-ultimos-trabajos-audiovisuales\/","og_site_name":"Actualidad Nebrija","article_published_time":"2015-02-04T12:27:08+00:00","article_modified_time":"2015-02-11T14:56:02+00:00","og_image":[{"width":1000,"height":660,"url":"https:\/\/www.nebrija.com\/medios\/actualidadnebrija\/wp-content\/uploads\/sites\/2\/2014\/12\/IMG_6786web.jpg","type":"image\/jpeg"}],"author":"zrio","twitter_card":"summary_large_image","twitter_misc":{"Escrito por":"zrio","Tiempo de lectura":"1 minuto"},"schema":{"@context":"https:\/\/schema.org","@graph":[{"@type":"WebPage","@id":"https:\/\/www.nebrija.com\/medios\/actualidadnebrija\/2015\/02\/04\/el-profesor-cesar-perez-herranz-presenta-sus-ultimos-trabajos-audiovisuales\/","url":"https:\/\/www.nebrija.com\/medios\/actualidadnebrija\/2015\/02\/04\/el-profesor-cesar-perez-herranz-presenta-sus-ultimos-trabajos-audiovisuales\/","name":"El profesor C\u00e9sar P\u00e9rez Herranz presenta sus \u00faltimos trabajos audiovisuales - Actualidad Nebrija","isPartOf":{"@id":"https:\/\/www.nebrija.com\/medios\/actualidadnebrija\/#website"},"datePublished":"2015-02-04T12:27:08+00:00","dateModified":"2015-02-11T14:56:02+00:00","author":{"@id":"https:\/\/www.nebrija.com\/medios\/actualidadnebrija\/#\/schema\/person\/2e19401bf433336fc2b333cbe673eb0f"},"breadcrumb":{"@id":"https:\/\/www.nebrija.com\/medios\/actualidadnebrija\/2015\/02\/04\/el-profesor-cesar-perez-herranz-presenta-sus-ultimos-trabajos-audiovisuales\/#breadcrumb"},"inLanguage":"es","potentialAction":[{"@type":"ReadAction","target":["https:\/\/www.nebrija.com\/medios\/actualidadnebrija\/2015\/02\/04\/el-profesor-cesar-perez-herranz-presenta-sus-ultimos-trabajos-audiovisuales\/"]}]},{"@type":"BreadcrumbList","@id":"https:\/\/www.nebrija.com\/medios\/actualidadnebrija\/2015\/02\/04\/el-profesor-cesar-perez-herranz-presenta-sus-ultimos-trabajos-audiovisuales\/#breadcrumb","itemListElement":[{"@type":"ListItem","position":1,"name":"Home","item":"https:\/\/www.nebrija.com\/medios\/actualidadnebrija\/"},{"@type":"ListItem","position":2,"name":"El profesor C\u00e9sar P\u00e9rez Herranz presenta sus \u00faltimos trabajos audiovisuales"}]},{"@type":"WebSite","@id":"https:\/\/www.nebrija.com\/medios\/actualidadnebrija\/#website","url":"https:\/\/www.nebrija.com\/medios\/actualidadnebrija\/","name":"Actualidad Nebrija","description":"Noticias de la Universidad Nebrija","potentialAction":[{"@type":"SearchAction","target":{"@type":"EntryPoint","urlTemplate":"https:\/\/www.nebrija.com\/medios\/actualidadnebrija\/?s={search_term_string}"},"query-input":"required name=search_term_string"}],"inLanguage":"es"},{"@type":"Person","@id":"https:\/\/www.nebrija.com\/medios\/actualidadnebrija\/#\/schema\/person\/2e19401bf433336fc2b333cbe673eb0f","name":"zrio","image":{"@type":"ImageObject","inLanguage":"es","@id":"https:\/\/www.nebrija.com\/medios\/actualidadnebrija\/#\/schema\/person\/image\/","url":"https:\/\/secure.gravatar.com\/avatar\/b69bcb283ce7c5397b6912e6de3aaf65?s=96&d=mm&r=g","contentUrl":"https:\/\/secure.gravatar.com\/avatar\/b69bcb283ce7c5397b6912e6de3aaf65?s=96&d=mm&r=g","caption":"zrio"},"url":"https:\/\/www.nebrija.com\/medios\/actualidadnebrija\/author\/zrio\/"}]}},"_links":{"self":[{"href":"https:\/\/www.nebrija.com\/medios\/actualidadnebrija\/wp-json\/wp\/v2\/posts\/27392"}],"collection":[{"href":"https:\/\/www.nebrija.com\/medios\/actualidadnebrija\/wp-json\/wp\/v2\/posts"}],"about":[{"href":"https:\/\/www.nebrija.com\/medios\/actualidadnebrija\/wp-json\/wp\/v2\/types\/post"}],"author":[{"embeddable":true,"href":"https:\/\/www.nebrija.com\/medios\/actualidadnebrija\/wp-json\/wp\/v2\/users\/9"}],"replies":[{"embeddable":true,"href":"https:\/\/www.nebrija.com\/medios\/actualidadnebrija\/wp-json\/wp\/v2\/comments?post=27392"}],"version-history":[{"count":3,"href":"https:\/\/www.nebrija.com\/medios\/actualidadnebrija\/wp-json\/wp\/v2\/posts\/27392\/revisions"}],"predecessor-version":[{"id":27396,"href":"https:\/\/www.nebrija.com\/medios\/actualidadnebrija\/wp-json\/wp\/v2\/posts\/27392\/revisions\/27396"}],"wp:featuredmedia":[{"embeddable":true,"href":"https:\/\/www.nebrija.com\/medios\/actualidadnebrija\/wp-json\/wp\/v2\/media\/26804"}],"wp:attachment":[{"href":"https:\/\/www.nebrija.com\/medios\/actualidadnebrija\/wp-json\/wp\/v2\/media?parent=27392"}],"wp:term":[{"taxonomy":"category","embeddable":true,"href":"https:\/\/www.nebrija.com\/medios\/actualidadnebrija\/wp-json\/wp\/v2\/categories?post=27392"},{"taxonomy":"post_tag","embeddable":true,"href":"https:\/\/www.nebrija.com\/medios\/actualidadnebrija\/wp-json\/wp\/v2\/tags?post=27392"}],"curies":[{"name":"wp","href":"https:\/\/api.w.org\/{rel}","templated":true}]}}