{"id":27789,"date":"2015-02-26T10:53:13","date_gmt":"2015-02-26T09:53:13","guid":{"rendered":"http:\/\/www.nebrija.com\/medios\/actualidadnebrija\/?p=27789"},"modified":"2015-02-26T17:58:49","modified_gmt":"2015-02-26T16:58:49","slug":"convenio-con-el-instituto-nacional-de-tecnica-aeroespacial-esteban-terradas","status":"publish","type":"post","link":"https:\/\/www.nebrija.com\/medios\/actualidadnebrija\/2015\/02\/26\/convenio-con-el-instituto-nacional-de-tecnica-aeroespacial-esteban-terradas\/","title":{"rendered":"Convenio con el Instituto Nacional de T\u00e9cnica Aeroespacial \u201cEsteban Terradas\u201d"},"content":{"rendered":"<p><strong>El objetivo de este acuerdo es fomentar\u00a0la investigaci\u00f3n cient\u00edfica y el desarrollo tecnol\u00f3gico<\/strong><\/p>\n<p><a href=\"https:\/\/www.nebrija.com\/medios\/actualidadnebrija\/wp-content\/uploads\/sites\/2\/2015\/02\/IMG_6552-copiaweb.jpg\"><img loading=\"lazy\" decoding=\"async\" class=\" size-medium wp-image-27791 alignleft\" src=\"https:\/\/www.nebrija.com\/medios\/actualidadnebrija\/wp-content\/uploads\/sites\/2\/2015\/02\/IMG_6552-copiaweb-300x200.jpg\" alt=\"La Universidad Nebrija y el Instituto Nacional de T\u00e9cnica Aeroespacial \u201cEsteban Terradas\u201d firman un convenio marco de colaboraci\u00f3n\" width=\"300\" height=\"200\" \/><\/a> <a href=\"https:\/\/www.nebrija.com\/medios\/actualidadnebrija\/wp-content\/uploads\/sites\/2\/2015\/02\/IMG_6547web.jpg\"><img loading=\"lazy\" decoding=\"async\" class=\" size-medium wp-image-27790 alignleft\" src=\"https:\/\/www.nebrija.com\/medios\/actualidadnebrija\/wp-content\/uploads\/sites\/2\/2015\/02\/IMG_6547web-300x200.jpg\" alt=\"La Universidad Nebrija y el Instituto Nacional de T\u00e9cnica Aeroespacial \u201cEsteban Terradas\u201d firman un convenio marco de colaboraci\u00f3n\" width=\"300\" height=\"200\" \/><\/a>La Universidad Nebrija y el Instituto Nacional de T\u00e9cnica Aeroespacial \u201cEsteban Terradas\u201d (INTA) han firmado un convenio marco de colaboraci\u00f3n en los campos cient\u00edficos y t\u00e9cnicos de inter\u00e9s com\u00fan, incluyendo la participaci\u00f3n en proyectos conjuntos, estudios, transferencia de tecnolog\u00eda o intercambio de conocimiento y su difusi\u00f3n en la sociedad.<\/p>\n<p>Juan Cay\u00f3n, rector de la Universidad Nebrija, e Ignacio Azqueta Ortiz, director general del Instituto Nacional de T\u00e9cnica Aeroespacial \u201cEsteban Terradas\u201d, firmaron el convenio el mi\u00e9rcoles\u00a025 de febrero.<\/p>\n<p><strong>INTA<\/strong><\/p>\n<p>El INTA es el Organismo P\u00fablico de Investigaci\u00f3n especializado en la investigaci\u00f3n y desarrollo tecnol\u00f3gico aeroespacial. Entre sus principales funciones cabe destacar la adquisici\u00f3n, mantenimiento y mejora continuada de todas aquellas tecnolog\u00edas de aplicaci\u00f3n en el \u00e1mbito aeroespacial, la realizaci\u00f3n de ensayos para comprobar y certificar materiales, componentes, equipos, subsistemas y sistemas de aplicaci\u00f3n en el campo aeroespacial, el asesoramiento t\u00e9cnico y la prestaci\u00f3n de servicios a entidades y organismos oficiales, as\u00ed como a empresas industriales o tecnol\u00f3gicas, as\u00ed como la actuaci\u00f3n como centro tecnol\u00f3gico del Ministerio de Defensa.<\/p>\n<h2><\/h2>\n","protected":false},"excerpt":{"rendered":"<p>El objetivo de este acuerdo es fomentar la investigaci\u00f3n cient\u00edfica y el desarrollo tecnol\u00f3gico<\/p>\n","protected":false},"author":9,"featured_media":27792,"comment_status":"open","ping_status":"open","sticky":false,"template":"","format":"standard","meta":{"_acf_changed":false,"_monsterinsights_skip_tracking":false,"_monsterinsights_sitenote_active":false,"_monsterinsights_sitenote_note":"","_monsterinsights_sitenote_category":0,"footnotes":""},"categories":[12,3078],"tags":[3124],"acf":[],"yoast_head":"<!-- This site is optimized with the Yoast SEO plugin v22.1 - https:\/\/yoast.com\/wordpress\/plugins\/seo\/ -->\n<title>Convenio con el Instituto Nacional de T\u00e9cnica Aeroespacial \u201cEsteban Terradas\u201d - Actualidad Nebrija<\/title>\n<meta name=\"robots\" content=\"index, follow, max-snippet:-1, max-image-preview:large, max-video-preview:-1\" \/>\n<link rel=\"canonical\" href=\"https:\/\/www.nebrija.com\/medios\/actualidadnebrija\/2015\/02\/26\/convenio-con-el-instituto-nacional-de-tecnica-aeroespacial-esteban-terradas\/\" \/>\n<meta property=\"og:locale\" content=\"es_ES\" \/>\n<meta property=\"og:type\" content=\"article\" \/>\n<meta property=\"og:title\" content=\"Convenio con el Instituto Nacional de T\u00e9cnica Aeroespacial \u201cEsteban Terradas\u201d - Actualidad Nebrija\" \/>\n<meta property=\"og:description\" content=\"El objetivo de este acuerdo es fomentar la investigaci\u00f3n cient\u00edfica y el desarrollo tecnol\u00f3gico\" \/>\n<meta property=\"og:url\" content=\"https:\/\/www.nebrija.com\/medios\/actualidadnebrija\/2015\/02\/26\/convenio-con-el-instituto-nacional-de-tecnica-aeroespacial-esteban-terradas\/\" \/>\n<meta property=\"og:site_name\" content=\"Actualidad Nebrija\" \/>\n<meta property=\"article:published_time\" content=\"2015-02-26T09:53:13+00:00\" \/>\n<meta property=\"article:modified_time\" content=\"2015-02-26T16:58:49+00:00\" \/>\n<meta property=\"og:image\" content=\"https:\/\/www.nebrija.com\/medios\/actualidadnebrija\/wp-content\/uploads\/sites\/2\/2015\/02\/IMG_6558-copiaweb.jpg\" \/>\n\t<meta property=\"og:image:width\" content=\"1200\" \/>\n\t<meta property=\"og:image:height\" content=\"800\" \/>\n\t<meta property=\"og:image:type\" content=\"image\/jpeg\" \/>\n<meta name=\"author\" content=\"zrio\" \/>\n<meta name=\"twitter:card\" content=\"summary_large_image\" \/>\n<meta name=\"twitter:label1\" content=\"Escrito por\" \/>\n\t<meta name=\"twitter:data1\" content=\"zrio\" \/>\n\t<meta name=\"twitter:label2\" content=\"Tiempo de lectura\" \/>\n\t<meta name=\"twitter:data2\" content=\"1 minuto\" \/>\n<!-- \/ Yoast SEO plugin. -->","yoast_head_json":{"title":"Convenio con el Instituto Nacional de T\u00e9cnica Aeroespacial \u201cEsteban Terradas\u201d - Actualidad Nebrija","robots":{"index":"index","follow":"follow","max-snippet":"max-snippet:-1","max-image-preview":"max-image-preview:large","max-video-preview":"max-video-preview:-1"},"canonical":"https:\/\/www.nebrija.com\/medios\/actualidadnebrija\/2015\/02\/26\/convenio-con-el-instituto-nacional-de-tecnica-aeroespacial-esteban-terradas\/","og_locale":"es_ES","og_type":"article","og_title":"Convenio con el Instituto Nacional de T\u00e9cnica Aeroespacial \u201cEsteban Terradas\u201d - Actualidad Nebrija","og_description":"El objetivo de este acuerdo es fomentar la investigaci\u00f3n cient\u00edfica y el desarrollo tecnol\u00f3gico","og_url":"https:\/\/www.nebrija.com\/medios\/actualidadnebrija\/2015\/02\/26\/convenio-con-el-instituto-nacional-de-tecnica-aeroespacial-esteban-terradas\/","og_site_name":"Actualidad Nebrija","article_published_time":"2015-02-26T09:53:13+00:00","article_modified_time":"2015-02-26T16:58:49+00:00","og_image":[{"width":1200,"height":800,"url":"https:\/\/www.nebrija.com\/medios\/actualidadnebrija\/wp-content\/uploads\/sites\/2\/2015\/02\/IMG_6558-copiaweb.jpg","type":"image\/jpeg"}],"author":"zrio","twitter_card":"summary_large_image","twitter_misc":{"Escrito por":"zrio","Tiempo de lectura":"1 minuto"},"schema":{"@context":"https:\/\/schema.org","@graph":[{"@type":"WebPage","@id":"https:\/\/www.nebrija.com\/medios\/actualidadnebrija\/2015\/02\/26\/convenio-con-el-instituto-nacional-de-tecnica-aeroespacial-esteban-terradas\/","url":"https:\/\/www.nebrija.com\/medios\/actualidadnebrija\/2015\/02\/26\/convenio-con-el-instituto-nacional-de-tecnica-aeroespacial-esteban-terradas\/","name":"Convenio con el Instituto Nacional de T\u00e9cnica Aeroespacial \u201cEsteban Terradas\u201d - Actualidad Nebrija","isPartOf":{"@id":"https:\/\/www.nebrija.com\/medios\/actualidadnebrija\/#website"},"datePublished":"2015-02-26T09:53:13+00:00","dateModified":"2015-02-26T16:58:49+00:00","author":{"@id":"https:\/\/www.nebrija.com\/medios\/actualidadnebrija\/#\/schema\/person\/2e19401bf433336fc2b333cbe673eb0f"},"breadcrumb":{"@id":"https:\/\/www.nebrija.com\/medios\/actualidadnebrija\/2015\/02\/26\/convenio-con-el-instituto-nacional-de-tecnica-aeroespacial-esteban-terradas\/#breadcrumb"},"inLanguage":"es","potentialAction":[{"@type":"ReadAction","target":["https:\/\/www.nebrija.com\/medios\/actualidadnebrija\/2015\/02\/26\/convenio-con-el-instituto-nacional-de-tecnica-aeroespacial-esteban-terradas\/"]}]},{"@type":"BreadcrumbList","@id":"https:\/\/www.nebrija.com\/medios\/actualidadnebrija\/2015\/02\/26\/convenio-con-el-instituto-nacional-de-tecnica-aeroespacial-esteban-terradas\/#breadcrumb","itemListElement":[{"@type":"ListItem","position":1,"name":"Home","item":"https:\/\/www.nebrija.com\/medios\/actualidadnebrija\/"},{"@type":"ListItem","position":2,"name":"Convenio con el Instituto Nacional de T\u00e9cnica Aeroespacial \u201cEsteban Terradas\u201d"}]},{"@type":"WebSite","@id":"https:\/\/www.nebrija.com\/medios\/actualidadnebrija\/#website","url":"https:\/\/www.nebrija.com\/medios\/actualidadnebrija\/","name":"Actualidad Nebrija","description":"Noticias de la Universidad Nebrija","potentialAction":[{"@type":"SearchAction","target":{"@type":"EntryPoint","urlTemplate":"https:\/\/www.nebrija.com\/medios\/actualidadnebrija\/?s={search_term_string}"},"query-input":"required name=search_term_string"}],"inLanguage":"es"},{"@type":"Person","@id":"https:\/\/www.nebrija.com\/medios\/actualidadnebrija\/#\/schema\/person\/2e19401bf433336fc2b333cbe673eb0f","name":"zrio","image":{"@type":"ImageObject","inLanguage":"es","@id":"https:\/\/www.nebrija.com\/medios\/actualidadnebrija\/#\/schema\/person\/image\/","url":"https:\/\/secure.gravatar.com\/avatar\/b69bcb283ce7c5397b6912e6de3aaf65?s=96&d=mm&r=g","contentUrl":"https:\/\/secure.gravatar.com\/avatar\/b69bcb283ce7c5397b6912e6de3aaf65?s=96&d=mm&r=g","caption":"zrio"},"url":"https:\/\/www.nebrija.com\/medios\/actualidadnebrija\/author\/zrio\/"}]}},"_links":{"self":[{"href":"https:\/\/www.nebrija.com\/medios\/actualidadnebrija\/wp-json\/wp\/v2\/posts\/27789"}],"collection":[{"href":"https:\/\/www.nebrija.com\/medios\/actualidadnebrija\/wp-json\/wp\/v2\/posts"}],"about":[{"href":"https:\/\/www.nebrija.com\/medios\/actualidadnebrija\/wp-json\/wp\/v2\/types\/post"}],"author":[{"embeddable":true,"href":"https:\/\/www.nebrija.com\/medios\/actualidadnebrija\/wp-json\/wp\/v2\/users\/9"}],"replies":[{"embeddable":true,"href":"https:\/\/www.nebrija.com\/medios\/actualidadnebrija\/wp-json\/wp\/v2\/comments?post=27789"}],"version-history":[{"count":7,"href":"https:\/\/www.nebrija.com\/medios\/actualidadnebrija\/wp-json\/wp\/v2\/posts\/27789\/revisions"}],"predecessor-version":[{"id":27799,"href":"https:\/\/www.nebrija.com\/medios\/actualidadnebrija\/wp-json\/wp\/v2\/posts\/27789\/revisions\/27799"}],"wp:featuredmedia":[{"embeddable":true,"href":"https:\/\/www.nebrija.com\/medios\/actualidadnebrija\/wp-json\/wp\/v2\/media\/27792"}],"wp:attachment":[{"href":"https:\/\/www.nebrija.com\/medios\/actualidadnebrija\/wp-json\/wp\/v2\/media?parent=27789"}],"wp:term":[{"taxonomy":"category","embeddable":true,"href":"https:\/\/www.nebrija.com\/medios\/actualidadnebrija\/wp-json\/wp\/v2\/categories?post=27789"},{"taxonomy":"post_tag","embeddable":true,"href":"https:\/\/www.nebrija.com\/medios\/actualidadnebrija\/wp-json\/wp\/v2\/tags?post=27789"}],"curies":[{"name":"wp","href":"https:\/\/api.w.org\/{rel}","templated":true}]}}