{"id":32409,"date":"2015-11-24T17:06:49","date_gmt":"2015-11-24T16:06:49","guid":{"rendered":"http:\/\/www.nebrija.com\/medios\/actualidadnebrija\/?p=32409"},"modified":"2015-11-24T17:22:01","modified_gmt":"2015-11-24T16:22:01","slug":"la-directora-de-las-noticias-de-la-manana-de-a3-en-nebrija-en-la-calle-es-donde-se-vive-y-se-aprende-a-ser-periodista","status":"publish","type":"post","link":"https:\/\/www.nebrija.com\/medios\/actualidadnebrija\/2015\/11\/24\/la-directora-de-las-noticias-de-la-manana-de-a3-en-nebrija-en-la-calle-es-donde-se-vive-y-se-aprende-a-ser-periodista\/","title":{"rendered":"La directora de Las Noticias de la Ma\u00f1ana de A3 en Nebrija: \u201cEn la calle es donde se vive y se aprende a ser periodista\u201d"},"content":{"rendered":"<p>Lorena Garc\u00eda D\u00edez es presentadora y directora de Las Noticias de La Ma\u00f1ana de Antena 3 y ha protagonizado hoy martes 24 de noviembre un encuentro en la Fundaci\u00f3n Nebrija con los alumnos del <a href=\"https:\/\/www.nebrija.com\/programas-postgrado\/master\/master-periodismo-tv\/master-periodismo.php\">M\u00e1ster en Periodismo en Televisi\u00f3n<\/a>. Presentada por el profesor del m\u00e1ster y periodista de Antena 3, Francisco Su\u00e1rez, Lorena Garc\u00eda contest\u00f3 todas las dudas de los asistentes desde su mirada profesional y joven del periodismo y de los medios de comunicaci\u00f3n.<\/p>\n<p><a href=\"https:\/\/www.nebrija.com\/medios\/actualidadnebrija\/wp-content\/uploads\/sites\/2\/2015\/11\/IMG_2797.jpg\"><img loading=\"lazy\" decoding=\"async\" class=\"alignleft size-medium wp-image-32416\" src=\"https:\/\/www.nebrija.com\/medios\/actualidadnebrija\/wp-content\/uploads\/sites\/2\/2015\/11\/IMG_2797-300x200.jpg\" alt=\"Lorena Garc\u00eda, presentadora y directora de Las Noticias de La Ma\u00f1ana de Antena 3, en la Universidad Nebrija\" width=\"300\" height=\"200\" \/><\/a>La presentadora y directora de la sesi\u00f3n matinal de informativos, de 33 a\u00f1os, aconsej\u00f3 a los alumnos en los distintos \u00e1mbitos del periodismo: \u201cEs muy complicado contar noticias sin im\u00e1genes. La escaleta es el puzzle que tenemos que controlar, conociendo la noticia y sabiendo c\u00f3mo contarla\u201d, a\u00f1adi\u00f3. Respecto a su juventud, explic\u00f3 que \u201cla credibilidad no es cuesti\u00f3n de edad sino de confianza: \u201cEs importante conocer muy bien la informaci\u00f3n, el tema, ser periodista las 24 horas\u201d.<\/p>\n<p>Lorena Garc\u00eda comenz\u00f3 su carrera period\u00edstica en Radio TV Castilla la Mancha hasta septiembre de este mismo a\u00f1o, que tom\u00f3 las riendas de Las Noticias de la Ma\u00f1ana en Antena 3, programa informativo que se emite entre las 8 y las 9 am. Sobre su m\u00e9todo de aprendizaje dej\u00f3 claro que \u201cen la calle es donde se vive y se aprende a ser periodista\u201d.<\/p>\n<p>Sobre el formato del programa que dirige y presenta puntualiz\u00f3 que en un informativo matinal, se busca conseguir hacer atractivas muchas noticias que ya est\u00e1n contadas. \u201cHay que pensar en el p\u00fablico, por la ma\u00f1ana es m\u00e1s din\u00e1mico\u201d, explic\u00f3. Tambi\u00e9n reflexion\u00f3 sobre la celeridad de la informaci\u00f3n: \u201cA veces damos mucha importancia a una noticia durante unas semanas y luego lo olvidamos. La memoria es fr\u00e1gil\u201d.<\/p>\n<p>Para concluir el encuentro, Lorena Garc\u00eda dej\u00f3 claro el consejo para los alumnos: \u201cEn el periodismo se trata de ver m\u00e1s all\u00e1. Nada es lo que parece. Id por la vida con un gran angular, con los cinco sentidos bien abiertos porque eso, junto con vuestras ganas, os har\u00e1 ser grandes profesionales\u201d.<\/p>\n<p>Puedes seguir su actividad en <a href=\"https:\/\/twitter.com\/@LorenaGDiez\">twitter<\/a>.<\/p>\n\n\t\t<style type=\"text\/css\">\n\t\t\t#gallery-1 {\n\t\t\t\tmargin: auto;\n\t\t\t}\n\t\t\t#gallery-1 .gallery-item {\n\t\t\t\tfloat: left;\n\t\t\t\tmargin-top: 10px;\n\t\t\t\ttext-align: center;\n\t\t\t\twidth: 16%;\n\t\t\t}\n\t\t\t#gallery-1 img {\n\t\t\t\tborder: 2px solid #cfcfcf;\n\t\t\t}\n\t\t\t#gallery-1 .gallery-caption {\n\t\t\t\tmargin-left: 0;\n\t\t\t}\n\t\t\t\/* see gallery_shortcode() in wp-includes\/media.php *\/\n\t\t<\/style>\n\t\t<div id='gallery-1' class='gallery galleryid-32409 gallery-columns-6 gallery-size-thumbnail'><dl class='gallery-item'>\n\t\t\t<dt class='gallery-icon landscape'>\n\t\t\t\t<a href='https:\/\/www.nebrija.com\/medios\/actualidadnebrija\/wp-content\/uploads\/sites\/2\/2015\/11\/IMG_2736.jpg'><img loading=\"lazy\" decoding=\"async\" width=\"150\" height=\"150\" src=\"https:\/\/www.nebrija.com\/medios\/actualidadnebrija\/wp-content\/uploads\/sites\/2\/2015\/11\/IMG_2736-150x150.jpg\" class=\"attachment-thumbnail size-thumbnail\" alt=\"\" \/><\/a>\n\t\t\t<\/dt><\/dl><dl class='gallery-item'>\n\t\t\t<dt class='gallery-icon landscape'>\n\t\t\t\t<a href='https:\/\/www.nebrija.com\/medios\/actualidadnebrija\/wp-content\/uploads\/sites\/2\/2015\/11\/IMG_2754.jpg'><img loading=\"lazy\" decoding=\"async\" width=\"150\" height=\"150\" src=\"https:\/\/www.nebrija.com\/medios\/actualidadnebrija\/wp-content\/uploads\/sites\/2\/2015\/11\/IMG_2754-150x150.jpg\" class=\"attachment-thumbnail size-thumbnail\" alt=\"\" \/><\/a>\n\t\t\t<\/dt><\/dl><dl class='gallery-item'>\n\t\t\t<dt class='gallery-icon landscape'>\n\t\t\t\t<a href='https:\/\/www.nebrija.com\/medios\/actualidadnebrija\/wp-content\/uploads\/sites\/2\/2015\/11\/IMG_2830.jpg'><img loading=\"lazy\" decoding=\"async\" width=\"150\" height=\"150\" src=\"https:\/\/www.nebrija.com\/medios\/actualidadnebrija\/wp-content\/uploads\/sites\/2\/2015\/11\/IMG_2830-150x150.jpg\" class=\"attachment-thumbnail size-thumbnail\" alt=\"\" \/><\/a>\n\t\t\t<\/dt><\/dl><dl class='gallery-item'>\n\t\t\t<dt class='gallery-icon landscape'>\n\t\t\t\t<a href='https:\/\/www.nebrija.com\/medios\/actualidadnebrija\/wp-content\/uploads\/sites\/2\/2015\/11\/IMG_2720.jpg'><img loading=\"lazy\" decoding=\"async\" width=\"150\" height=\"150\" src=\"https:\/\/www.nebrija.com\/medios\/actualidadnebrija\/wp-content\/uploads\/sites\/2\/2015\/11\/IMG_2720-150x150.jpg\" class=\"attachment-thumbnail size-thumbnail\" alt=\"\" \/><\/a>\n\t\t\t<\/dt><\/dl><dl class='gallery-item'>\n\t\t\t<dt class='gallery-icon landscape'>\n\t\t\t\t<a href='https:\/\/www.nebrija.com\/medios\/actualidadnebrija\/wp-content\/uploads\/sites\/2\/2015\/11\/IMG_2726.jpg'><img loading=\"lazy\" decoding=\"async\" width=\"150\" height=\"150\" src=\"https:\/\/www.nebrija.com\/medios\/actualidadnebrija\/wp-content\/uploads\/sites\/2\/2015\/11\/IMG_2726-150x150.jpg\" class=\"attachment-thumbnail size-thumbnail\" alt=\"\" \/><\/a>\n\t\t\t<\/dt><\/dl><dl class='gallery-item'>\n\t\t\t<dt class='gallery-icon landscape'>\n\t\t\t\t<a href='https:\/\/www.nebrija.com\/medios\/actualidadnebrija\/wp-content\/uploads\/sites\/2\/2015\/11\/IMG_2787.jpg'><img loading=\"lazy\" decoding=\"async\" width=\"150\" height=\"150\" src=\"https:\/\/www.nebrija.com\/medios\/actualidadnebrija\/wp-content\/uploads\/sites\/2\/2015\/11\/IMG_2787-150x150.jpg\" class=\"attachment-thumbnail size-thumbnail\" alt=\"\" \/><\/a>\n\t\t\t<\/dt><\/dl><br style=\"clear: both\" \/><dl class='gallery-item'>\n\t\t\t<dt class='gallery-icon landscape'>\n\t\t\t\t<a href='https:\/\/www.nebrija.com\/medios\/actualidadnebrija\/wp-content\/uploads\/sites\/2\/2015\/11\/IMG_2794.jpg'><img loading=\"lazy\" decoding=\"async\" width=\"150\" height=\"150\" src=\"https:\/\/www.nebrija.com\/medios\/actualidadnebrija\/wp-content\/uploads\/sites\/2\/2015\/11\/IMG_2794-150x150.jpg\" class=\"attachment-thumbnail size-thumbnail\" alt=\"\" \/><\/a>\n\t\t\t<\/dt><\/dl><dl class='gallery-item'>\n\t\t\t<dt class='gallery-icon landscape'>\n\t\t\t\t<a href='https:\/\/www.nebrija.com\/medios\/actualidadnebrija\/wp-content\/uploads\/sites\/2\/2015\/11\/IMG_2797.jpg'><img loading=\"lazy\" decoding=\"async\" width=\"150\" height=\"150\" src=\"https:\/\/www.nebrija.com\/medios\/actualidadnebrija\/wp-content\/uploads\/sites\/2\/2015\/11\/IMG_2797-150x150.jpg\" class=\"attachment-thumbnail size-thumbnail\" alt=\"\" \/><\/a>\n\t\t\t<\/dt><\/dl><dl class='gallery-item'>\n\t\t\t<dt class='gallery-icon landscape'>\n\t\t\t\t<a href='https:\/\/www.nebrija.com\/medios\/actualidadnebrija\/wp-content\/uploads\/sites\/2\/2015\/11\/IMG_2814.jpg'><img loading=\"lazy\" decoding=\"async\" width=\"150\" height=\"150\" src=\"https:\/\/www.nebrija.com\/medios\/actualidadnebrija\/wp-content\/uploads\/sites\/2\/2015\/11\/IMG_2814-150x150.jpg\" class=\"attachment-thumbnail size-thumbnail\" alt=\"\" \/><\/a>\n\t\t\t<\/dt><\/dl><dl class='gallery-item'>\n\t\t\t<dt class='gallery-icon portrait'>\n\t\t\t\t<a href='https:\/\/www.nebrija.com\/medios\/actualidadnebrija\/wp-content\/uploads\/sites\/2\/2015\/11\/IMG_2804.jpg'><img loading=\"lazy\" decoding=\"async\" width=\"150\" height=\"150\" src=\"https:\/\/www.nebrija.com\/medios\/actualidadnebrija\/wp-content\/uploads\/sites\/2\/2015\/11\/IMG_2804-150x150.jpg\" class=\"attachment-thumbnail size-thumbnail\" alt=\"\" \/><\/a>\n\t\t\t<\/dt><\/dl><dl class='gallery-item'>\n\t\t\t<dt class='gallery-icon landscape'>\n\t\t\t\t<a href='https:\/\/www.nebrija.com\/medios\/actualidadnebrija\/wp-content\/uploads\/sites\/2\/2015\/11\/IMG_2817.jpg'><img loading=\"lazy\" decoding=\"async\" width=\"150\" height=\"150\" src=\"https:\/\/www.nebrija.com\/medios\/actualidadnebrija\/wp-content\/uploads\/sites\/2\/2015\/11\/IMG_2817-150x150.jpg\" class=\"attachment-thumbnail size-thumbnail\" alt=\"\" \/><\/a>\n\t\t\t<\/dt><\/dl><dl class='gallery-item'>\n\t\t\t<dt class='gallery-icon landscape'>\n\t\t\t\t<a href='https:\/\/www.nebrija.com\/medios\/actualidadnebrija\/wp-content\/uploads\/sites\/2\/2015\/11\/IMG_2810.jpg'><img loading=\"lazy\" decoding=\"async\" width=\"150\" height=\"150\" src=\"https:\/\/www.nebrija.com\/medios\/actualidadnebrija\/wp-content\/uploads\/sites\/2\/2015\/11\/IMG_2810-150x150.jpg\" class=\"attachment-thumbnail size-thumbnail\" alt=\"\" \/><\/a>\n\t\t\t<\/dt><\/dl><br style=\"clear: both\" \/><dl class='gallery-item'>\n\t\t\t<dt class='gallery-icon landscape'>\n\t\t\t\t<a href='https:\/\/www.nebrija.com\/medios\/actualidadnebrija\/wp-content\/uploads\/sites\/2\/2015\/11\/IMG_2819.jpg'><img loading=\"lazy\" decoding=\"async\" width=\"150\" height=\"150\" src=\"https:\/\/www.nebrija.com\/medios\/actualidadnebrija\/wp-content\/uploads\/sites\/2\/2015\/11\/IMG_2819-150x150.jpg\" class=\"attachment-thumbnail size-thumbnail\" alt=\"\" \/><\/a>\n\t\t\t<\/dt><\/dl><dl class='gallery-item'>\n\t\t\t<dt class='gallery-icon landscape'>\n\t\t\t\t<a href='https:\/\/www.nebrija.com\/medios\/actualidadnebrija\/wp-content\/uploads\/sites\/2\/2015\/11\/IMG_2821.jpg'><img loading=\"lazy\" decoding=\"async\" width=\"150\" height=\"150\" src=\"https:\/\/www.nebrija.com\/medios\/actualidadnebrija\/wp-content\/uploads\/sites\/2\/2015\/11\/IMG_2821-150x150.jpg\" class=\"attachment-thumbnail size-thumbnail\" alt=\"\" \/><\/a>\n\t\t\t<\/dt><\/dl><dl class='gallery-item'>\n\t\t\t<dt class='gallery-icon portrait'>\n\t\t\t\t<a href='https:\/\/www.nebrija.com\/medios\/actualidadnebrija\/wp-content\/uploads\/sites\/2\/2015\/11\/IMG_2842.jpg'><img loading=\"lazy\" decoding=\"async\" width=\"150\" height=\"150\" src=\"https:\/\/www.nebrija.com\/medios\/actualidadnebrija\/wp-content\/uploads\/sites\/2\/2015\/11\/IMG_2842-150x150.jpg\" class=\"attachment-thumbnail size-thumbnail\" alt=\"\" \/><\/a>\n\t\t\t<\/dt><\/dl><dl class='gallery-item'>\n\t\t\t<dt class='gallery-icon landscape'>\n\t\t\t\t<a href='https:\/\/www.nebrija.com\/medios\/actualidadnebrija\/wp-content\/uploads\/sites\/2\/2015\/11\/IMG_2846.jpg'><img loading=\"lazy\" decoding=\"async\" width=\"150\" height=\"150\" src=\"https:\/\/www.nebrija.com\/medios\/actualidadnebrija\/wp-content\/uploads\/sites\/2\/2015\/11\/IMG_2846-150x150.jpg\" class=\"attachment-thumbnail size-thumbnail\" alt=\"\" \/><\/a>\n\t\t\t<\/dt><\/dl><dl class='gallery-item'>\n\t\t\t<dt class='gallery-icon landscape'>\n\t\t\t\t<a href='https:\/\/www.nebrija.com\/medios\/actualidadnebrija\/wp-content\/uploads\/sites\/2\/2015\/11\/IMG_2868.jpg'><img loading=\"lazy\" decoding=\"async\" width=\"150\" height=\"150\" src=\"https:\/\/www.nebrija.com\/medios\/actualidadnebrija\/wp-content\/uploads\/sites\/2\/2015\/11\/IMG_2868-150x150.jpg\" class=\"attachment-thumbnail size-thumbnail\" alt=\"\" \/><\/a>\n\t\t\t<\/dt><\/dl><dl class='gallery-item'>\n\t\t\t<dt class='gallery-icon landscape'>\n\t\t\t\t<a href='https:\/\/www.nebrija.com\/medios\/actualidadnebrija\/wp-content\/uploads\/sites\/2\/2015\/11\/IMG_2875.jpg'><img loading=\"lazy\" decoding=\"async\" width=\"150\" height=\"150\" src=\"https:\/\/www.nebrija.com\/medios\/actualidadnebrija\/wp-content\/uploads\/sites\/2\/2015\/11\/IMG_2875-150x150.jpg\" class=\"attachment-thumbnail size-thumbnail\" alt=\"\" \/><\/a>\n\t\t\t<\/dt><\/dl><br style=\"clear: both\" \/>\n\t\t<\/div>\n\n","protected":false},"excerpt":{"rendered":"<p>Lorena Garc\u00eda D\u00edez es presentadora y directora de Las Noticias de La Ma\u00f1ana de Antena 3 y ha protagonizado hoy martes 24 de noviembre un encuentro en la Fundaci\u00f3n Nebrija con los alumnos del M\u00e1ster en Periodismo en Televisi\u00f3n. Presentada<\/p>\n","protected":false},"author":9,"featured_media":32412,"comment_status":"open","ping_status":"open","sticky":false,"template":"","format":"standard","meta":{"_acf_changed":false,"_monsterinsights_skip_tracking":false,"_monsterinsights_sitenote_active":false,"_monsterinsights_sitenote_note":"","_monsterinsights_sitenote_category":0,"footnotes":""},"categories":[3,3050,3078],"tags":[],"acf":[],"yoast_head":"<!-- This site is optimized with the Yoast SEO plugin v22.1 - https:\/\/yoast.com\/wordpress\/plugins\/seo\/ -->\n<title>La directora de Las Noticias de la Ma\u00f1ana de A3 en Nebrija: \u201cEn la calle es donde se vive y se aprende a ser periodista\u201d - Actualidad Nebrija<\/title>\n<meta name=\"robots\" content=\"index, follow, max-snippet:-1, max-image-preview:large, max-video-preview:-1\" \/>\n<link rel=\"canonical\" href=\"https:\/\/www.nebrija.com\/medios\/actualidadnebrija\/2015\/11\/24\/la-directora-de-las-noticias-de-la-manana-de-a3-en-nebrija-en-la-calle-es-donde-se-vive-y-se-aprende-a-ser-periodista\/\" \/>\n<meta property=\"og:locale\" content=\"es_ES\" \/>\n<meta property=\"og:type\" content=\"article\" \/>\n<meta property=\"og:title\" content=\"La directora de Las Noticias de la Ma\u00f1ana de A3 en Nebrija: \u201cEn la calle es donde se vive y se aprende a ser periodista\u201d - Actualidad Nebrija\" \/>\n<meta property=\"og:description\" content=\"Lorena Garc\u00eda D\u00edez es presentadora y directora de Las Noticias de La Ma\u00f1ana de Antena 3 y ha protagonizado hoy martes 24 de noviembre un encuentro en la Fundaci\u00f3n Nebrija con los alumnos del M\u00e1ster en Periodismo en Televisi\u00f3n. Presentada\" \/>\n<meta property=\"og:url\" content=\"https:\/\/www.nebrija.com\/medios\/actualidadnebrija\/2015\/11\/24\/la-directora-de-las-noticias-de-la-manana-de-a3-en-nebrija-en-la-calle-es-donde-se-vive-y-se-aprende-a-ser-periodista\/\" \/>\n<meta property=\"og:site_name\" content=\"Actualidad Nebrija\" \/>\n<meta property=\"article:published_time\" content=\"2015-11-24T16:06:49+00:00\" \/>\n<meta property=\"article:modified_time\" content=\"2015-11-24T16:22:01+00:00\" \/>\n<meta property=\"og:image\" content=\"https:\/\/www.nebrija.com\/medios\/actualidadnebrija\/wp-content\/uploads\/sites\/2\/2015\/11\/IMG_2736.jpg\" \/>\n\t<meta property=\"og:image:width\" content=\"1200\" \/>\n\t<meta property=\"og:image:height\" content=\"800\" \/>\n\t<meta property=\"og:image:type\" content=\"image\/jpeg\" \/>\n<meta name=\"author\" content=\"zrio\" \/>\n<meta name=\"twitter:card\" content=\"summary_large_image\" \/>\n<meta name=\"twitter:label1\" content=\"Escrito por\" \/>\n\t<meta name=\"twitter:data1\" content=\"zrio\" \/>\n\t<meta name=\"twitter:label2\" content=\"Tiempo de lectura\" \/>\n\t<meta name=\"twitter:data2\" content=\"2 minutos\" \/>\n<!-- \/ Yoast SEO plugin. -->","yoast_head_json":{"title":"La directora de Las Noticias de la Ma\u00f1ana de A3 en Nebrija: \u201cEn la calle es donde se vive y se aprende a ser periodista\u201d - Actualidad Nebrija","robots":{"index":"index","follow":"follow","max-snippet":"max-snippet:-1","max-image-preview":"max-image-preview:large","max-video-preview":"max-video-preview:-1"},"canonical":"https:\/\/www.nebrija.com\/medios\/actualidadnebrija\/2015\/11\/24\/la-directora-de-las-noticias-de-la-manana-de-a3-en-nebrija-en-la-calle-es-donde-se-vive-y-se-aprende-a-ser-periodista\/","og_locale":"es_ES","og_type":"article","og_title":"La directora de Las Noticias de la Ma\u00f1ana de A3 en Nebrija: \u201cEn la calle es donde se vive y se aprende a ser periodista\u201d - Actualidad Nebrija","og_description":"Lorena Garc\u00eda D\u00edez es presentadora y directora de Las Noticias de La Ma\u00f1ana de Antena 3 y ha protagonizado hoy martes 24 de noviembre un encuentro en la Fundaci\u00f3n Nebrija con los alumnos del M\u00e1ster en Periodismo en Televisi\u00f3n. Presentada","og_url":"https:\/\/www.nebrija.com\/medios\/actualidadnebrija\/2015\/11\/24\/la-directora-de-las-noticias-de-la-manana-de-a3-en-nebrija-en-la-calle-es-donde-se-vive-y-se-aprende-a-ser-periodista\/","og_site_name":"Actualidad Nebrija","article_published_time":"2015-11-24T16:06:49+00:00","article_modified_time":"2015-11-24T16:22:01+00:00","og_image":[{"width":1200,"height":800,"url":"https:\/\/www.nebrija.com\/medios\/actualidadnebrija\/wp-content\/uploads\/sites\/2\/2015\/11\/IMG_2736.jpg","type":"image\/jpeg"}],"author":"zrio","twitter_card":"summary_large_image","twitter_misc":{"Escrito por":"zrio","Tiempo de lectura":"2 minutos"},"schema":{"@context":"https:\/\/schema.org","@graph":[{"@type":"WebPage","@id":"https:\/\/www.nebrija.com\/medios\/actualidadnebrija\/2015\/11\/24\/la-directora-de-las-noticias-de-la-manana-de-a3-en-nebrija-en-la-calle-es-donde-se-vive-y-se-aprende-a-ser-periodista\/","url":"https:\/\/www.nebrija.com\/medios\/actualidadnebrija\/2015\/11\/24\/la-directora-de-las-noticias-de-la-manana-de-a3-en-nebrija-en-la-calle-es-donde-se-vive-y-se-aprende-a-ser-periodista\/","name":"La directora de Las Noticias de la Ma\u00f1ana de A3 en Nebrija: \u201cEn la calle es donde se vive y se aprende a ser periodista\u201d - Actualidad Nebrija","isPartOf":{"@id":"https:\/\/www.nebrija.com\/medios\/actualidadnebrija\/#website"},"datePublished":"2015-11-24T16:06:49+00:00","dateModified":"2015-11-24T16:22:01+00:00","author":{"@id":"https:\/\/www.nebrija.com\/medios\/actualidadnebrija\/#\/schema\/person\/2e19401bf433336fc2b333cbe673eb0f"},"breadcrumb":{"@id":"https:\/\/www.nebrija.com\/medios\/actualidadnebrija\/2015\/11\/24\/la-directora-de-las-noticias-de-la-manana-de-a3-en-nebrija-en-la-calle-es-donde-se-vive-y-se-aprende-a-ser-periodista\/#breadcrumb"},"inLanguage":"es","potentialAction":[{"@type":"ReadAction","target":["https:\/\/www.nebrija.com\/medios\/actualidadnebrija\/2015\/11\/24\/la-directora-de-las-noticias-de-la-manana-de-a3-en-nebrija-en-la-calle-es-donde-se-vive-y-se-aprende-a-ser-periodista\/"]}]},{"@type":"BreadcrumbList","@id":"https:\/\/www.nebrija.com\/medios\/actualidadnebrija\/2015\/11\/24\/la-directora-de-las-noticias-de-la-manana-de-a3-en-nebrija-en-la-calle-es-donde-se-vive-y-se-aprende-a-ser-periodista\/#breadcrumb","itemListElement":[{"@type":"ListItem","position":1,"name":"Home","item":"https:\/\/www.nebrija.com\/medios\/actualidadnebrija\/"},{"@type":"ListItem","position":2,"name":"La directora de Las Noticias de la Ma\u00f1ana de A3 en Nebrija: \u201cEn la calle es donde se vive y se aprende a ser periodista\u201d"}]},{"@type":"WebSite","@id":"https:\/\/www.nebrija.com\/medios\/actualidadnebrija\/#website","url":"https:\/\/www.nebrija.com\/medios\/actualidadnebrija\/","name":"Actualidad Nebrija","description":"Noticias de la Universidad Nebrija","potentialAction":[{"@type":"SearchAction","target":{"@type":"EntryPoint","urlTemplate":"https:\/\/www.nebrija.com\/medios\/actualidadnebrija\/?s={search_term_string}"},"query-input":"required name=search_term_string"}],"inLanguage":"es"},{"@type":"Person","@id":"https:\/\/www.nebrija.com\/medios\/actualidadnebrija\/#\/schema\/person\/2e19401bf433336fc2b333cbe673eb0f","name":"zrio","image":{"@type":"ImageObject","inLanguage":"es","@id":"https:\/\/www.nebrija.com\/medios\/actualidadnebrija\/#\/schema\/person\/image\/","url":"https:\/\/secure.gravatar.com\/avatar\/b69bcb283ce7c5397b6912e6de3aaf65?s=96&d=mm&r=g","contentUrl":"https:\/\/secure.gravatar.com\/avatar\/b69bcb283ce7c5397b6912e6de3aaf65?s=96&d=mm&r=g","caption":"zrio"},"url":"https:\/\/www.nebrija.com\/medios\/actualidadnebrija\/author\/zrio\/"}]}},"_links":{"self":[{"href":"https:\/\/www.nebrija.com\/medios\/actualidadnebrija\/wp-json\/wp\/v2\/posts\/32409"}],"collection":[{"href":"https:\/\/www.nebrija.com\/medios\/actualidadnebrija\/wp-json\/wp\/v2\/posts"}],"about":[{"href":"https:\/\/www.nebrija.com\/medios\/actualidadnebrija\/wp-json\/wp\/v2\/types\/post"}],"author":[{"embeddable":true,"href":"https:\/\/www.nebrija.com\/medios\/actualidadnebrija\/wp-json\/wp\/v2\/users\/9"}],"replies":[{"embeddable":true,"href":"https:\/\/www.nebrija.com\/medios\/actualidadnebrija\/wp-json\/wp\/v2\/comments?post=32409"}],"version-history":[{"count":5,"href":"https:\/\/www.nebrija.com\/medios\/actualidadnebrija\/wp-json\/wp\/v2\/posts\/32409\/revisions"}],"predecessor-version":[{"id":32460,"href":"https:\/\/www.nebrija.com\/medios\/actualidadnebrija\/wp-json\/wp\/v2\/posts\/32409\/revisions\/32460"}],"wp:featuredmedia":[{"embeddable":true,"href":"https:\/\/www.nebrija.com\/medios\/actualidadnebrija\/wp-json\/wp\/v2\/media\/32412"}],"wp:attachment":[{"href":"https:\/\/www.nebrija.com\/medios\/actualidadnebrija\/wp-json\/wp\/v2\/media?parent=32409"}],"wp:term":[{"taxonomy":"category","embeddable":true,"href":"https:\/\/www.nebrija.com\/medios\/actualidadnebrija\/wp-json\/wp\/v2\/categories?post=32409"},{"taxonomy":"post_tag","embeddable":true,"href":"https:\/\/www.nebrija.com\/medios\/actualidadnebrija\/wp-json\/wp\/v2\/tags?post=32409"}],"curies":[{"name":"wp","href":"https:\/\/api.w.org\/{rel}","templated":true}]}}