{"id":32470,"date":"2015-11-18T13:50:32","date_gmt":"2015-11-18T12:50:32","guid":{"rendered":"http:\/\/www.nebrija.com\/medios\/actualidadnebrija\/?p=32470"},"modified":"2015-12-18T08:52:59","modified_gmt":"2015-12-18T07:52:59","slug":"charla-coloquio-el-reto-del-emprendedor","status":"publish","type":"post","link":"https:\/\/www.nebrija.com\/medios\/actualidadnebrija\/2015\/11\/18\/charla-coloquio-el-reto-del-emprendedor\/","title":{"rendered":"Encuentro con el fundador de BuyVip: \u201cEl reto del emprendedor\u201d"},"content":{"rendered":"<p><strong>Gustavo Garc\u00eda Brusilovsky, creador\u00a0de BuyVIP nos desvelar\u00e1 en este encuentro los retos a los que se enfrenta un emprendedor hoy en d\u00eda.<\/strong><\/p>\n<p>\u00bfEs viable mi idea de negocio? \u00bfQu\u00e9 capital m\u00ednimo necesito para poner en marcha un proyecto empresarial? \u00bfEs posible triunfar en tiempos de crisis? De estas y otras muchas cuestiones hablar\u00e1 el creador de BuyVip, <strong>Gustavo Garc\u00eda Brusilovsky<\/strong>, en la jornada \u201cEl reto del emprendedor\u201d, donde explicar\u00e1 su experiencia y los desaf\u00edos que tuvo que afrontar en el dise\u00f1o y consolidaci\u00f3n de BuyVIP, <strong>una de las mayores startups de Espa\u00f1a<\/strong>, que en 2010 vendi\u00f3 a Amazon por m\u00e1s de 70 millones de euros.<\/p>\n<p>El encuentro con el creador de BuyVip y actual CEO y fundador de Klikin tendr\u00e1 lugar el mi\u00e9rcoles <strong>9 de diciembre a las 18:30 en la Fundaci\u00f3n Nebrija<\/strong> (C\/ Cea Berm\u00fadez 59, Madrid).\u00a0Empezamos as\u00ed los <strong>Encuentros Alumni Nebrija<\/strong> de este curso: un espacio de debate e intercambio de experiencias sobre temas de actualidad para los antiguos alumnos de la Universidad Nebrija en los que te invitamos a participar.<\/p>\n<p>Por razones de aforo es imprescindible confirmar asistencia a trav\u00e9s del correo: <strong><a href=\"mailto:alumni@nebrija.es\">alumni@nebrija.es<\/a><\/strong>.<\/p>\n","protected":false},"excerpt":{"rendered":"<p>Gustavo Garc\u00eda Brusilovsky, creador\u00a0de BuyVIP nos desvelar\u00e1 en este encuentro los retos a los que se enfrenta un emprendedor hoy en d\u00eda. \u00bfEs viable mi idea de negocio? \u00bfQu\u00e9 capital m\u00ednimo necesito para poner en marcha un proyecto empresarial? \u00bfEs<\/p>\n","protected":false},"author":229,"featured_media":32471,"comment_status":"open","ping_status":"open","sticky":false,"template":"","format":"standard","meta":{"_acf_changed":false,"_monsterinsights_skip_tracking":false,"_monsterinsights_sitenote_active":false,"_monsterinsights_sitenote_note":"","_monsterinsights_sitenote_category":0,"footnotes":""},"categories":[3,3078],"tags":[],"acf":[],"yoast_head":"<!-- This site is optimized with the Yoast SEO plugin v22.1 - https:\/\/yoast.com\/wordpress\/plugins\/seo\/ -->\n<title>Encuentro con el fundador de BuyVip: \u201cEl reto del emprendedor\u201d - Actualidad Nebrija<\/title>\n<meta name=\"robots\" content=\"index, follow, max-snippet:-1, max-image-preview:large, max-video-preview:-1\" \/>\n<link rel=\"canonical\" href=\"https:\/\/www.nebrija.com\/medios\/actualidadnebrija\/2015\/11\/18\/charla-coloquio-el-reto-del-emprendedor\/\" \/>\n<meta property=\"og:locale\" content=\"es_ES\" \/>\n<meta property=\"og:type\" content=\"article\" \/>\n<meta property=\"og:title\" content=\"Encuentro con el fundador de BuyVip: \u201cEl reto del emprendedor\u201d - Actualidad Nebrija\" \/>\n<meta property=\"og:description\" content=\"Gustavo Garc\u00eda Brusilovsky, creador\u00a0de BuyVIP nos desvelar\u00e1 en este encuentro los retos a los que se enfrenta un emprendedor hoy en d\u00eda. \u00bfEs viable mi idea de negocio? \u00bfQu\u00e9 capital m\u00ednimo necesito para poner en marcha un proyecto empresarial? \u00bfEs\" \/>\n<meta property=\"og:url\" content=\"https:\/\/www.nebrija.com\/medios\/actualidadnebrija\/2015\/11\/18\/charla-coloquio-el-reto-del-emprendedor\/\" \/>\n<meta property=\"og:site_name\" content=\"Actualidad Nebrija\" \/>\n<meta property=\"article:published_time\" content=\"2015-11-18T12:50:32+00:00\" \/>\n<meta property=\"article:modified_time\" content=\"2015-12-18T07:52:59+00:00\" \/>\n<meta property=\"og:image\" content=\"https:\/\/www.nebrija.com\/medios\/actualidadnebrija\/wp-content\/uploads\/sites\/2\/2015\/11\/Gustavo-Garc\u00eda-Brusilovsky-para-Jot-Down-2.jpg\" \/>\n\t<meta property=\"og:image:width\" content=\"800\" \/>\n\t<meta property=\"og:image:height\" content=\"534\" \/>\n\t<meta property=\"og:image:type\" content=\"image\/jpeg\" \/>\n<meta name=\"author\" content=\"evalle\" \/>\n<meta name=\"twitter:card\" content=\"summary_large_image\" \/>\n<meta name=\"twitter:label1\" content=\"Escrito por\" \/>\n\t<meta name=\"twitter:data1\" content=\"evalle\" \/>\n\t<meta name=\"twitter:label2\" content=\"Tiempo de lectura\" \/>\n\t<meta name=\"twitter:data2\" content=\"1 minuto\" \/>\n<!-- \/ Yoast SEO plugin. -->","yoast_head_json":{"title":"Encuentro con el fundador de BuyVip: \u201cEl reto del emprendedor\u201d - Actualidad Nebrija","robots":{"index":"index","follow":"follow","max-snippet":"max-snippet:-1","max-image-preview":"max-image-preview:large","max-video-preview":"max-video-preview:-1"},"canonical":"https:\/\/www.nebrija.com\/medios\/actualidadnebrija\/2015\/11\/18\/charla-coloquio-el-reto-del-emprendedor\/","og_locale":"es_ES","og_type":"article","og_title":"Encuentro con el fundador de BuyVip: \u201cEl reto del emprendedor\u201d - Actualidad Nebrija","og_description":"Gustavo Garc\u00eda Brusilovsky, creador\u00a0de BuyVIP nos desvelar\u00e1 en este encuentro los retos a los que se enfrenta un emprendedor hoy en d\u00eda. \u00bfEs viable mi idea de negocio? \u00bfQu\u00e9 capital m\u00ednimo necesito para poner en marcha un proyecto empresarial? \u00bfEs","og_url":"https:\/\/www.nebrija.com\/medios\/actualidadnebrija\/2015\/11\/18\/charla-coloquio-el-reto-del-emprendedor\/","og_site_name":"Actualidad Nebrija","article_published_time":"2015-11-18T12:50:32+00:00","article_modified_time":"2015-12-18T07:52:59+00:00","og_image":[{"width":800,"height":534,"url":"https:\/\/www.nebrija.com\/medios\/actualidadnebrija\/wp-content\/uploads\/sites\/2\/2015\/11\/Gustavo-Garc\u00eda-Brusilovsky-para-Jot-Down-2.jpg","type":"image\/jpeg"}],"author":"evalle","twitter_card":"summary_large_image","twitter_misc":{"Escrito por":"evalle","Tiempo de lectura":"1 minuto"},"schema":{"@context":"https:\/\/schema.org","@graph":[{"@type":"WebPage","@id":"https:\/\/www.nebrija.com\/medios\/actualidadnebrija\/2015\/11\/18\/charla-coloquio-el-reto-del-emprendedor\/","url":"https:\/\/www.nebrija.com\/medios\/actualidadnebrija\/2015\/11\/18\/charla-coloquio-el-reto-del-emprendedor\/","name":"Encuentro con el fundador de BuyVip: \u201cEl reto del emprendedor\u201d - Actualidad Nebrija","isPartOf":{"@id":"https:\/\/www.nebrija.com\/medios\/actualidadnebrija\/#website"},"datePublished":"2015-11-18T12:50:32+00:00","dateModified":"2015-12-18T07:52:59+00:00","author":{"@id":"https:\/\/www.nebrija.com\/medios\/actualidadnebrija\/#\/schema\/person\/9eacf1a4ee241308f2631ef1c7c97b57"},"breadcrumb":{"@id":"https:\/\/www.nebrija.com\/medios\/actualidadnebrija\/2015\/11\/18\/charla-coloquio-el-reto-del-emprendedor\/#breadcrumb"},"inLanguage":"es","potentialAction":[{"@type":"ReadAction","target":["https:\/\/www.nebrija.com\/medios\/actualidadnebrija\/2015\/11\/18\/charla-coloquio-el-reto-del-emprendedor\/"]}]},{"@type":"BreadcrumbList","@id":"https:\/\/www.nebrija.com\/medios\/actualidadnebrija\/2015\/11\/18\/charla-coloquio-el-reto-del-emprendedor\/#breadcrumb","itemListElement":[{"@type":"ListItem","position":1,"name":"Home","item":"https:\/\/www.nebrija.com\/medios\/actualidadnebrija\/"},{"@type":"ListItem","position":2,"name":"Encuentro con el fundador de BuyVip: \u201cEl reto del emprendedor\u201d"}]},{"@type":"WebSite","@id":"https:\/\/www.nebrija.com\/medios\/actualidadnebrija\/#website","url":"https:\/\/www.nebrija.com\/medios\/actualidadnebrija\/","name":"Actualidad Nebrija","description":"Noticias de la Universidad Nebrija","potentialAction":[{"@type":"SearchAction","target":{"@type":"EntryPoint","urlTemplate":"https:\/\/www.nebrija.com\/medios\/actualidadnebrija\/?s={search_term_string}"},"query-input":"required name=search_term_string"}],"inLanguage":"es"},{"@type":"Person","@id":"https:\/\/www.nebrija.com\/medios\/actualidadnebrija\/#\/schema\/person\/9eacf1a4ee241308f2631ef1c7c97b57","name":"evalle","image":{"@type":"ImageObject","inLanguage":"es","@id":"https:\/\/www.nebrija.com\/medios\/actualidadnebrija\/#\/schema\/person\/image\/","url":"https:\/\/secure.gravatar.com\/avatar\/6b62ad94f9ce97dfd71798b6a417154c?s=96&d=mm&r=g","contentUrl":"https:\/\/secure.gravatar.com\/avatar\/6b62ad94f9ce97dfd71798b6a417154c?s=96&d=mm&r=g","caption":"evalle"},"url":"https:\/\/www.nebrija.com\/medios\/actualidadnebrija\/author\/evalle\/"}]}},"_links":{"self":[{"href":"https:\/\/www.nebrija.com\/medios\/actualidadnebrija\/wp-json\/wp\/v2\/posts\/32470"}],"collection":[{"href":"https:\/\/www.nebrija.com\/medios\/actualidadnebrija\/wp-json\/wp\/v2\/posts"}],"about":[{"href":"https:\/\/www.nebrija.com\/medios\/actualidadnebrija\/wp-json\/wp\/v2\/types\/post"}],"author":[{"embeddable":true,"href":"https:\/\/www.nebrija.com\/medios\/actualidadnebrija\/wp-json\/wp\/v2\/users\/229"}],"replies":[{"embeddable":true,"href":"https:\/\/www.nebrija.com\/medios\/actualidadnebrija\/wp-json\/wp\/v2\/comments?post=32470"}],"version-history":[{"count":6,"href":"https:\/\/www.nebrija.com\/medios\/actualidadnebrija\/wp-json\/wp\/v2\/posts\/32470\/revisions"}],"predecessor-version":[{"id":32884,"href":"https:\/\/www.nebrija.com\/medios\/actualidadnebrija\/wp-json\/wp\/v2\/posts\/32470\/revisions\/32884"}],"wp:featuredmedia":[{"embeddable":true,"href":"https:\/\/www.nebrija.com\/medios\/actualidadnebrija\/wp-json\/wp\/v2\/media\/32471"}],"wp:attachment":[{"href":"https:\/\/www.nebrija.com\/medios\/actualidadnebrija\/wp-json\/wp\/v2\/media?parent=32470"}],"wp:term":[{"taxonomy":"category","embeddable":true,"href":"https:\/\/www.nebrija.com\/medios\/actualidadnebrija\/wp-json\/wp\/v2\/categories?post=32470"},{"taxonomy":"post_tag","embeddable":true,"href":"https:\/\/www.nebrija.com\/medios\/actualidadnebrija\/wp-json\/wp\/v2\/tags?post=32470"}],"curies":[{"name":"wp","href":"https:\/\/api.w.org\/{rel}","templated":true}]}}