{"id":32891,"date":"2015-12-21T10:38:46","date_gmt":"2015-12-21T09:38:46","guid":{"rendered":"http:\/\/www.nebrija.com\/medios\/actualidadnebrija\/?p=32891"},"modified":"2015-12-21T10:38:46","modified_gmt":"2015-12-21T09:38:46","slug":"la-familia-nebrija-crece-con-las-aportaciones-de-jose-antonio-marina-2","status":"publish","type":"post","link":"https:\/\/www.nebrija.com\/medios\/actualidadnebrija\/2015\/12\/21\/la-familia-nebrija-crece-con-las-aportaciones-de-jose-antonio-marina-2\/","title":{"rendered":"La familia Nebrija crece con las aportaciones de Jos\u00e9 Antonio Marina"},"content":{"rendered":"<p><strong><em>El cerebro infantil: la gran oportunidad<\/em><em>\u00a0<\/em><\/strong><\/p>\n<p>Jos\u00e9 Antonio Marina, director de la C\u00e1tedra Nebrija-Santander en Inteligencia Ejecutiva y Educaci\u00f3n y presidente de la Fundaci\u00f3n Educativa Universidad de Padres, estudia en esta obra la arquitectura del cerebro. Analiza el cerebro cognitivo y motor, el emocional y el ejecutivo, para poner de relieve la importancia de que padres y docentes conozcan su funcionamiento, del cual dependen nuestros pensamientos, sentimientos y personalidad, y por tanto, la fuente de oportunidades de hijos y alumnos.<\/p>\n<p>En este segundo volumen de la Colecci\u00f3n Biblioteca Universidad de Padres, que sigue el esquema del anterior, comienza asimismo con una exposici\u00f3n te\u00f3rica e introduce un di\u00e1logo al final de cada cap\u00edtulo en el que intervienen expertos en la materia e interesados en el tema, y contin\u00faa en la web (<a href=\"http:\/\/www.bibliotecaup.com\">www.bibliotecaup.com<\/a>) de forma interactiva, que permite dar un paso m\u00e1s all\u00e1 del texto y abrir nuevas v\u00edas de reflexi\u00f3n, adem\u00e1s de proporcionar contenido audiovisual, foros y ampliaci\u00f3n bibliogr\u00e1fica.<\/p>\n<p>Podr\u00e1s localizar esta obra en la Biblioteca del Campus de Dehesa de la Villa y a trav\u00e9s del <strong><a href=\"https:\/\/biblioteca.nebrija.es\/cgi-bin\/opac\/?TITN=63293\" target=\"_blank\">Cat\u00e1logo-OPAC ~ Web Portal<\/a> <\/strong>de la Red de Bibliotecas.<\/p>\n<p>Si adem\u00e1s eres profesor, PAS o alumno, has publicado una obra, art\u00edculo, o est\u00e1s interesado en recomendarnos una lectura o pel\u00edcula y quieras que aparezca en esta secci\u00f3n, haznos llegar tu propuesta a la Biblioteca y ponte en contacto con nosotros.<\/p>\n<p>M\u00e1s informaci\u00f3n en: <a href=\"mailto:bibliote@nebrija.es\">bibliote@nebrija.es<\/a><\/p>\n","protected":false},"excerpt":{"rendered":"<p>El cerebro infantil: la gran oportunidad\u00a0 Jos\u00e9 Antonio Marina, director de la C\u00e1tedra Nebrija-Santander en Inteligencia Ejecutiva y Educaci\u00f3n y presidente de la Fundaci\u00f3n Educativa Universidad de Padres, estudia en esta obra la arquitectura del cerebro. Analiza el cerebro cognitivo<\/p>\n","protected":false},"author":9,"featured_media":32892,"comment_status":"open","ping_status":"open","sticky":false,"template":"","format":"standard","meta":{"_acf_changed":false,"_monsterinsights_skip_tracking":false,"_monsterinsights_sitenote_active":false,"_monsterinsights_sitenote_note":"","_monsterinsights_sitenote_category":0,"footnotes":""},"categories":[3063,3078],"tags":[],"acf":[],"yoast_head":"<!-- This site is optimized with the Yoast SEO plugin v22.1 - https:\/\/yoast.com\/wordpress\/plugins\/seo\/ -->\n<title>La familia Nebrija crece con las aportaciones de Jos\u00e9 Antonio Marina - Actualidad Nebrija<\/title>\n<meta name=\"robots\" content=\"index, follow, max-snippet:-1, max-image-preview:large, max-video-preview:-1\" \/>\n<link rel=\"canonical\" href=\"https:\/\/www.nebrija.com\/medios\/actualidadnebrija\/2015\/12\/21\/la-familia-nebrija-crece-con-las-aportaciones-de-jose-antonio-marina-2\/\" \/>\n<meta property=\"og:locale\" content=\"es_ES\" \/>\n<meta property=\"og:type\" content=\"article\" \/>\n<meta property=\"og:title\" content=\"La familia Nebrija crece con las aportaciones de Jos\u00e9 Antonio Marina - Actualidad Nebrija\" \/>\n<meta property=\"og:description\" content=\"El cerebro infantil: la gran oportunidad\u00a0 Jos\u00e9 Antonio Marina, director de la C\u00e1tedra Nebrija-Santander en Inteligencia Ejecutiva y Educaci\u00f3n y presidente de la Fundaci\u00f3n Educativa Universidad de Padres, estudia en esta obra la arquitectura del cerebro. Analiza el cerebro cognitivo\" \/>\n<meta property=\"og:url\" content=\"https:\/\/www.nebrija.com\/medios\/actualidadnebrija\/2015\/12\/21\/la-familia-nebrija-crece-con-las-aportaciones-de-jose-antonio-marina-2\/\" \/>\n<meta property=\"og:site_name\" content=\"Actualidad Nebrija\" \/>\n<meta property=\"article:published_time\" content=\"2015-12-21T09:38:46+00:00\" \/>\n<meta property=\"og:image\" content=\"https:\/\/www.nebrija.com\/medios\/actualidadnebrija\/wp-content\/uploads\/sites\/2\/2015\/12\/El_cerebro_infantil2.jpg\" \/>\n\t<meta property=\"og:image:width\" content=\"195\" \/>\n\t<meta property=\"og:image:height\" content=\"300\" \/>\n\t<meta property=\"og:image:type\" content=\"image\/jpeg\" \/>\n<meta name=\"author\" content=\"zrio\" \/>\n<meta name=\"twitter:card\" content=\"summary_large_image\" \/>\n<meta name=\"twitter:label1\" content=\"Escrito por\" \/>\n\t<meta name=\"twitter:data1\" content=\"zrio\" \/>\n\t<meta name=\"twitter:label2\" content=\"Tiempo de lectura\" \/>\n\t<meta name=\"twitter:data2\" content=\"1 minuto\" \/>\n<!-- \/ Yoast SEO plugin. -->","yoast_head_json":{"title":"La familia Nebrija crece con las aportaciones de Jos\u00e9 Antonio Marina - Actualidad Nebrija","robots":{"index":"index","follow":"follow","max-snippet":"max-snippet:-1","max-image-preview":"max-image-preview:large","max-video-preview":"max-video-preview:-1"},"canonical":"https:\/\/www.nebrija.com\/medios\/actualidadnebrija\/2015\/12\/21\/la-familia-nebrija-crece-con-las-aportaciones-de-jose-antonio-marina-2\/","og_locale":"es_ES","og_type":"article","og_title":"La familia Nebrija crece con las aportaciones de Jos\u00e9 Antonio Marina - Actualidad Nebrija","og_description":"El cerebro infantil: la gran oportunidad\u00a0 Jos\u00e9 Antonio Marina, director de la C\u00e1tedra Nebrija-Santander en Inteligencia Ejecutiva y Educaci\u00f3n y presidente de la Fundaci\u00f3n Educativa Universidad de Padres, estudia en esta obra la arquitectura del cerebro. Analiza el cerebro cognitivo","og_url":"https:\/\/www.nebrija.com\/medios\/actualidadnebrija\/2015\/12\/21\/la-familia-nebrija-crece-con-las-aportaciones-de-jose-antonio-marina-2\/","og_site_name":"Actualidad Nebrija","article_published_time":"2015-12-21T09:38:46+00:00","og_image":[{"width":195,"height":300,"url":"https:\/\/www.nebrija.com\/medios\/actualidadnebrija\/wp-content\/uploads\/sites\/2\/2015\/12\/El_cerebro_infantil2.jpg","type":"image\/jpeg"}],"author":"zrio","twitter_card":"summary_large_image","twitter_misc":{"Escrito por":"zrio","Tiempo de lectura":"1 minuto"},"schema":{"@context":"https:\/\/schema.org","@graph":[{"@type":"WebPage","@id":"https:\/\/www.nebrija.com\/medios\/actualidadnebrija\/2015\/12\/21\/la-familia-nebrija-crece-con-las-aportaciones-de-jose-antonio-marina-2\/","url":"https:\/\/www.nebrija.com\/medios\/actualidadnebrija\/2015\/12\/21\/la-familia-nebrija-crece-con-las-aportaciones-de-jose-antonio-marina-2\/","name":"La familia Nebrija crece con las aportaciones de Jos\u00e9 Antonio Marina - Actualidad Nebrija","isPartOf":{"@id":"https:\/\/www.nebrija.com\/medios\/actualidadnebrija\/#website"},"datePublished":"2015-12-21T09:38:46+00:00","dateModified":"2015-12-21T09:38:46+00:00","author":{"@id":"https:\/\/www.nebrija.com\/medios\/actualidadnebrija\/#\/schema\/person\/2e19401bf433336fc2b333cbe673eb0f"},"breadcrumb":{"@id":"https:\/\/www.nebrija.com\/medios\/actualidadnebrija\/2015\/12\/21\/la-familia-nebrija-crece-con-las-aportaciones-de-jose-antonio-marina-2\/#breadcrumb"},"inLanguage":"es","potentialAction":[{"@type":"ReadAction","target":["https:\/\/www.nebrija.com\/medios\/actualidadnebrija\/2015\/12\/21\/la-familia-nebrija-crece-con-las-aportaciones-de-jose-antonio-marina-2\/"]}]},{"@type":"BreadcrumbList","@id":"https:\/\/www.nebrija.com\/medios\/actualidadnebrija\/2015\/12\/21\/la-familia-nebrija-crece-con-las-aportaciones-de-jose-antonio-marina-2\/#breadcrumb","itemListElement":[{"@type":"ListItem","position":1,"name":"Home","item":"https:\/\/www.nebrija.com\/medios\/actualidadnebrija\/"},{"@type":"ListItem","position":2,"name":"La familia Nebrija crece con las aportaciones de Jos\u00e9 Antonio Marina"}]},{"@type":"WebSite","@id":"https:\/\/www.nebrija.com\/medios\/actualidadnebrija\/#website","url":"https:\/\/www.nebrija.com\/medios\/actualidadnebrija\/","name":"Actualidad Nebrija","description":"Noticias de la Universidad Nebrija","potentialAction":[{"@type":"SearchAction","target":{"@type":"EntryPoint","urlTemplate":"https:\/\/www.nebrija.com\/medios\/actualidadnebrija\/?s={search_term_string}"},"query-input":"required name=search_term_string"}],"inLanguage":"es"},{"@type":"Person","@id":"https:\/\/www.nebrija.com\/medios\/actualidadnebrija\/#\/schema\/person\/2e19401bf433336fc2b333cbe673eb0f","name":"zrio","image":{"@type":"ImageObject","inLanguage":"es","@id":"https:\/\/www.nebrija.com\/medios\/actualidadnebrija\/#\/schema\/person\/image\/","url":"https:\/\/secure.gravatar.com\/avatar\/b69bcb283ce7c5397b6912e6de3aaf65?s=96&d=mm&r=g","contentUrl":"https:\/\/secure.gravatar.com\/avatar\/b69bcb283ce7c5397b6912e6de3aaf65?s=96&d=mm&r=g","caption":"zrio"},"url":"https:\/\/www.nebrija.com\/medios\/actualidadnebrija\/author\/zrio\/"}]}},"_links":{"self":[{"href":"https:\/\/www.nebrija.com\/medios\/actualidadnebrija\/wp-json\/wp\/v2\/posts\/32891"}],"collection":[{"href":"https:\/\/www.nebrija.com\/medios\/actualidadnebrija\/wp-json\/wp\/v2\/posts"}],"about":[{"href":"https:\/\/www.nebrija.com\/medios\/actualidadnebrija\/wp-json\/wp\/v2\/types\/post"}],"author":[{"embeddable":true,"href":"https:\/\/www.nebrija.com\/medios\/actualidadnebrija\/wp-json\/wp\/v2\/users\/9"}],"replies":[{"embeddable":true,"href":"https:\/\/www.nebrija.com\/medios\/actualidadnebrija\/wp-json\/wp\/v2\/comments?post=32891"}],"version-history":[{"count":1,"href":"https:\/\/www.nebrija.com\/medios\/actualidadnebrija\/wp-json\/wp\/v2\/posts\/32891\/revisions"}],"predecessor-version":[{"id":32893,"href":"https:\/\/www.nebrija.com\/medios\/actualidadnebrija\/wp-json\/wp\/v2\/posts\/32891\/revisions\/32893"}],"wp:featuredmedia":[{"embeddable":true,"href":"https:\/\/www.nebrija.com\/medios\/actualidadnebrija\/wp-json\/wp\/v2\/media\/32892"}],"wp:attachment":[{"href":"https:\/\/www.nebrija.com\/medios\/actualidadnebrija\/wp-json\/wp\/v2\/media?parent=32891"}],"wp:term":[{"taxonomy":"category","embeddable":true,"href":"https:\/\/www.nebrija.com\/medios\/actualidadnebrija\/wp-json\/wp\/v2\/categories?post=32891"},{"taxonomy":"post_tag","embeddable":true,"href":"https:\/\/www.nebrija.com\/medios\/actualidadnebrija\/wp-json\/wp\/v2\/tags?post=32891"}],"curies":[{"name":"wp","href":"https:\/\/api.w.org\/{rel}","templated":true}]}}