{"id":33733,"date":"2016-03-01T16:45:14","date_gmt":"2016-03-01T15:45:14","guid":{"rendered":"http:\/\/www.nebrija.com\/medios\/actualidadnebrija\/?p=33733"},"modified":"2016-03-01T16:46:06","modified_gmt":"2016-03-01T15:46:06","slug":"los-alumnos-de-urbanismo-ii-visitan-humanes-de-madrid","status":"publish","type":"post","link":"https:\/\/www.nebrija.com\/medios\/actualidadnebrija\/2016\/03\/01\/los-alumnos-de-urbanismo-ii-visitan-humanes-de-madrid\/","title":{"rendered":"Los alumnos de Urbanismo II visitan Humanes de Madrid"},"content":{"rendered":"<p>El grupo de la asignatura Urbanismo II visit\u00f3\u00a0el martes 1\u00a0de marzo el municipio de Humanes de Madrid, en el Suroeste de la Comunidad de Madrid, sobre el que versar\u00e1n las pr\u00e1cticas de curso de Urbanismo II.<\/p>\n<p>Este municipio, situado en la Regi\u00f3n Metropolitana de Madrid,\u00a0se caracteriza por estar conurbado con el municipio con el que limita al Norte, Fuenlabrada, a lo largo de la M-405.<\/p>\n<p>Humanes de Madrid cuenta con unos veinte mil habitantes y tiene un gran n\u00famero de pol\u00edgonos industriales y usos agr\u00edcolas, adem\u00e1s de dos barrios principales de tejido residencial, el casco urbano y el barrio de la Estaci\u00f3n. Se trata de un municipio que ha tenido un gran dinamismo inmobiliario en los \u00faltimos a\u00f1os, por lo que resulta de gran inter\u00e9s su an\u00e1lisis y posterior intervenci\u00f3n.<\/p>\n<p>Los alumnos visitaron el municipio con el fin de comprender su realidad urbana, con la finalidad de realizar una propuesta a diversas escalas en las citadas pr\u00e1cticas de la asignatura.<\/p>\n<p>M\u00e1s informaci\u00f3n en: <a href=\"mailto:adelgado@nebrija.es\">adelgado@nebrija.es<\/a><\/p>\n","protected":false},"excerpt":{"rendered":"<p>El grupo de la asignatura Urbanismo II visit\u00f3\u00a0el martes 1\u00a0de marzo el municipio de Humanes de Madrid, en el Suroeste de la Comunidad de Madrid, sobre el que versar\u00e1n las pr\u00e1cticas de curso de Urbanismo II. Este municipio, situado en<\/p>\n","protected":false},"author":9,"featured_media":33734,"comment_status":"open","ping_status":"open","sticky":false,"template":"","format":"standard","meta":{"_acf_changed":false,"_monsterinsights_skip_tracking":false,"_monsterinsights_sitenote_active":false,"_monsterinsights_sitenote_note":"","_monsterinsights_sitenote_category":0,"footnotes":""},"categories":[3053,3078],"tags":[],"acf":[],"yoast_head":"<!-- This site is optimized with the Yoast SEO plugin v22.1 - https:\/\/yoast.com\/wordpress\/plugins\/seo\/ -->\n<title>Los alumnos de Urbanismo II visitan Humanes de Madrid - Actualidad Nebrija<\/title>\n<meta name=\"robots\" content=\"index, follow, max-snippet:-1, max-image-preview:large, max-video-preview:-1\" \/>\n<link rel=\"canonical\" href=\"https:\/\/www.nebrija.com\/medios\/actualidadnebrija\/2016\/03\/01\/los-alumnos-de-urbanismo-ii-visitan-humanes-de-madrid\/\" \/>\n<meta property=\"og:locale\" content=\"es_ES\" \/>\n<meta property=\"og:type\" content=\"article\" \/>\n<meta property=\"og:title\" content=\"Los alumnos de Urbanismo II visitan Humanes de Madrid - Actualidad Nebrija\" \/>\n<meta property=\"og:description\" content=\"El grupo de la asignatura Urbanismo II visit\u00f3\u00a0el martes 1\u00a0de marzo el municipio de Humanes de Madrid, en el Suroeste de la Comunidad de Madrid, sobre el que versar\u00e1n las pr\u00e1cticas de curso de Urbanismo II. Este municipio, situado en\" \/>\n<meta property=\"og:url\" content=\"https:\/\/www.nebrija.com\/medios\/actualidadnebrija\/2016\/03\/01\/los-alumnos-de-urbanismo-ii-visitan-humanes-de-madrid\/\" \/>\n<meta property=\"og:site_name\" content=\"Actualidad Nebrija\" \/>\n<meta property=\"article:published_time\" content=\"2016-03-01T15:45:14+00:00\" \/>\n<meta property=\"article:modified_time\" content=\"2016-03-01T15:46:06+00:00\" \/>\n<meta property=\"og:image\" content=\"https:\/\/www.nebrija.com\/medios\/actualidadnebrija\/wp-content\/uploads\/sites\/2\/2016\/03\/CIMG6097b.jpg\" \/>\n\t<meta property=\"og:image:width\" content=\"1000\" \/>\n\t<meta property=\"og:image:height\" content=\"750\" \/>\n\t<meta property=\"og:image:type\" content=\"image\/jpeg\" \/>\n<meta name=\"author\" content=\"zrio\" \/>\n<meta name=\"twitter:card\" content=\"summary_large_image\" \/>\n<meta name=\"twitter:label1\" content=\"Escrito por\" \/>\n\t<meta name=\"twitter:data1\" content=\"zrio\" \/>\n\t<meta name=\"twitter:label2\" content=\"Tiempo de lectura\" \/>\n\t<meta name=\"twitter:data2\" content=\"1 minuto\" \/>\n<!-- \/ Yoast SEO plugin. -->","yoast_head_json":{"title":"Los alumnos de Urbanismo II visitan Humanes de Madrid - Actualidad Nebrija","robots":{"index":"index","follow":"follow","max-snippet":"max-snippet:-1","max-image-preview":"max-image-preview:large","max-video-preview":"max-video-preview:-1"},"canonical":"https:\/\/www.nebrija.com\/medios\/actualidadnebrija\/2016\/03\/01\/los-alumnos-de-urbanismo-ii-visitan-humanes-de-madrid\/","og_locale":"es_ES","og_type":"article","og_title":"Los alumnos de Urbanismo II visitan Humanes de Madrid - Actualidad Nebrija","og_description":"El grupo de la asignatura Urbanismo II visit\u00f3\u00a0el martes 1\u00a0de marzo el municipio de Humanes de Madrid, en el Suroeste de la Comunidad de Madrid, sobre el que versar\u00e1n las pr\u00e1cticas de curso de Urbanismo II. Este municipio, situado en","og_url":"https:\/\/www.nebrija.com\/medios\/actualidadnebrija\/2016\/03\/01\/los-alumnos-de-urbanismo-ii-visitan-humanes-de-madrid\/","og_site_name":"Actualidad Nebrija","article_published_time":"2016-03-01T15:45:14+00:00","article_modified_time":"2016-03-01T15:46:06+00:00","og_image":[{"width":1000,"height":750,"url":"https:\/\/www.nebrija.com\/medios\/actualidadnebrija\/wp-content\/uploads\/sites\/2\/2016\/03\/CIMG6097b.jpg","type":"image\/jpeg"}],"author":"zrio","twitter_card":"summary_large_image","twitter_misc":{"Escrito por":"zrio","Tiempo de lectura":"1 minuto"},"schema":{"@context":"https:\/\/schema.org","@graph":[{"@type":"WebPage","@id":"https:\/\/www.nebrija.com\/medios\/actualidadnebrija\/2016\/03\/01\/los-alumnos-de-urbanismo-ii-visitan-humanes-de-madrid\/","url":"https:\/\/www.nebrija.com\/medios\/actualidadnebrija\/2016\/03\/01\/los-alumnos-de-urbanismo-ii-visitan-humanes-de-madrid\/","name":"Los alumnos de Urbanismo II visitan Humanes de Madrid - Actualidad Nebrija","isPartOf":{"@id":"https:\/\/www.nebrija.com\/medios\/actualidadnebrija\/#website"},"datePublished":"2016-03-01T15:45:14+00:00","dateModified":"2016-03-01T15:46:06+00:00","author":{"@id":"https:\/\/www.nebrija.com\/medios\/actualidadnebrija\/#\/schema\/person\/2e19401bf433336fc2b333cbe673eb0f"},"breadcrumb":{"@id":"https:\/\/www.nebrija.com\/medios\/actualidadnebrija\/2016\/03\/01\/los-alumnos-de-urbanismo-ii-visitan-humanes-de-madrid\/#breadcrumb"},"inLanguage":"es","potentialAction":[{"@type":"ReadAction","target":["https:\/\/www.nebrija.com\/medios\/actualidadnebrija\/2016\/03\/01\/los-alumnos-de-urbanismo-ii-visitan-humanes-de-madrid\/"]}]},{"@type":"BreadcrumbList","@id":"https:\/\/www.nebrija.com\/medios\/actualidadnebrija\/2016\/03\/01\/los-alumnos-de-urbanismo-ii-visitan-humanes-de-madrid\/#breadcrumb","itemListElement":[{"@type":"ListItem","position":1,"name":"Home","item":"https:\/\/www.nebrija.com\/medios\/actualidadnebrija\/"},{"@type":"ListItem","position":2,"name":"Los alumnos de Urbanismo II visitan Humanes de Madrid"}]},{"@type":"WebSite","@id":"https:\/\/www.nebrija.com\/medios\/actualidadnebrija\/#website","url":"https:\/\/www.nebrija.com\/medios\/actualidadnebrija\/","name":"Actualidad Nebrija","description":"Noticias de la Universidad Nebrija","potentialAction":[{"@type":"SearchAction","target":{"@type":"EntryPoint","urlTemplate":"https:\/\/www.nebrija.com\/medios\/actualidadnebrija\/?s={search_term_string}"},"query-input":"required name=search_term_string"}],"inLanguage":"es"},{"@type":"Person","@id":"https:\/\/www.nebrija.com\/medios\/actualidadnebrija\/#\/schema\/person\/2e19401bf433336fc2b333cbe673eb0f","name":"zrio","image":{"@type":"ImageObject","inLanguage":"es","@id":"https:\/\/www.nebrija.com\/medios\/actualidadnebrija\/#\/schema\/person\/image\/","url":"https:\/\/secure.gravatar.com\/avatar\/b69bcb283ce7c5397b6912e6de3aaf65?s=96&d=mm&r=g","contentUrl":"https:\/\/secure.gravatar.com\/avatar\/b69bcb283ce7c5397b6912e6de3aaf65?s=96&d=mm&r=g","caption":"zrio"},"url":"https:\/\/www.nebrija.com\/medios\/actualidadnebrija\/author\/zrio\/"}]}},"_links":{"self":[{"href":"https:\/\/www.nebrija.com\/medios\/actualidadnebrija\/wp-json\/wp\/v2\/posts\/33733"}],"collection":[{"href":"https:\/\/www.nebrija.com\/medios\/actualidadnebrija\/wp-json\/wp\/v2\/posts"}],"about":[{"href":"https:\/\/www.nebrija.com\/medios\/actualidadnebrija\/wp-json\/wp\/v2\/types\/post"}],"author":[{"embeddable":true,"href":"https:\/\/www.nebrija.com\/medios\/actualidadnebrija\/wp-json\/wp\/v2\/users\/9"}],"replies":[{"embeddable":true,"href":"https:\/\/www.nebrija.com\/medios\/actualidadnebrija\/wp-json\/wp\/v2\/comments?post=33733"}],"version-history":[{"count":2,"href":"https:\/\/www.nebrija.com\/medios\/actualidadnebrija\/wp-json\/wp\/v2\/posts\/33733\/revisions"}],"predecessor-version":[{"id":33736,"href":"https:\/\/www.nebrija.com\/medios\/actualidadnebrija\/wp-json\/wp\/v2\/posts\/33733\/revisions\/33736"}],"wp:featuredmedia":[{"embeddable":true,"href":"https:\/\/www.nebrija.com\/medios\/actualidadnebrija\/wp-json\/wp\/v2\/media\/33734"}],"wp:attachment":[{"href":"https:\/\/www.nebrija.com\/medios\/actualidadnebrija\/wp-json\/wp\/v2\/media?parent=33733"}],"wp:term":[{"taxonomy":"category","embeddable":true,"href":"https:\/\/www.nebrija.com\/medios\/actualidadnebrija\/wp-json\/wp\/v2\/categories?post=33733"},{"taxonomy":"post_tag","embeddable":true,"href":"https:\/\/www.nebrija.com\/medios\/actualidadnebrija\/wp-json\/wp\/v2\/tags?post=33733"}],"curies":[{"name":"wp","href":"https:\/\/api.w.org\/{rel}","templated":true}]}}