{"id":33789,"date":"2016-03-03T09:08:15","date_gmt":"2016-03-03T08:08:15","guid":{"rendered":"http:\/\/www.nebrija.com\/medios\/actualidadnebrija\/?p=33789"},"modified":"2016-03-03T19:51:02","modified_gmt":"2016-03-03T18:51:02","slug":"verificado-el-nuevo-titulo-de-grado-en-ingenieria-informatica-de-la-universidad-nebrija","status":"publish","type":"post","link":"https:\/\/www.nebrija.com\/medios\/actualidadnebrija\/2016\/03\/03\/verificado-el-nuevo-titulo-de-grado-en-ingenieria-informatica-de-la-universidad-nebrija\/","title":{"rendered":"Verificado el nuevo t\u00edtulo de Grado en Ingenier\u00eda Inform\u00e1tica de la Universidad Nebrija"},"content":{"rendered":"<p>El pr\u00f3ximo curso acad\u00e9mico 2016-2017 la Escuela Polit\u00e9cnica Superior de la Universidad Nebrija\u00a0pondr\u00e1 en marcha el nuevo Grado en\u00a0Ingenier\u00eda Inform\u00e1tica, que acaba de obtener la verificaci\u00f3n de ANECA para impartirse como t\u00edtulo oficial. El nuevo grado, que se ofertar\u00e1\u00a0junto al t\u00edtulo propio de Transformaci\u00f3n Digital, ha sido dise\u00f1ado para estudiantes con capacidad creativa y con inter\u00e9s en construir los sistemas y aplicaciones que se necesitar\u00e1n durante las pr\u00f3ximas d\u00e9cadas.<\/p>\n<p>El Grado en Ingenier\u00eda Inform\u00e1tica de la Escuela Polit\u00e9cnica Superior de Nebrija destaca por:<\/p>\n<ul>\n<li>La\u00a0orientaci\u00f3n profesional del t\u00edtulo y la preparaci\u00f3n para la inserci\u00f3n en el mercado laboral de los estudiantes, con el soporte de empresas del sector.<\/li>\n<li>La integraci\u00f3n del grado con investigaci\u00f3n de referencia gracias al apoyo de grupos de investigaci\u00f3n consolidados, base del doctorado.<\/li>\n<li>La experiencia del claustro docente y su equilibrio entre profesores de la universidad y profesionales de la empresa.<\/li>\n<li>La duraci\u00f3n de 3 a\u00f1os de docencia presencial, m\u00e1s un semestre dedicado a las\u00a0pr\u00e1cticas y el trabajo fin de grado.<\/li>\n<\/ul>\n<p>Adem\u00e1s, el diploma en Transformaci\u00f3n Digital\u00a0Movilidad incluir\u00e1 contenidos complementarios al grado oficial, donde se los alumnos estudiar\u00e1n materias actualizadas anualmente seg\u00fan la demanda del mercado y las recomendaciones de un consejo asesor formado por docentes y profesionales. El pr\u00f3ximo curso, por ejemplo, este diploma estar\u00e1 centrado en temas como Movilidad, Big Data, Internet de las Cosas o Cloud Computing.<\/p>\n<p>En este <a href=\"https:\/\/www.nebrija.com\/carreras-universitarias\/ingenieria-informatica\/grado-informatica.php\">enlace<\/a> puedes conocer el plan de estudios y todos los detalles del nuevo t\u00edtulo de Grado en Ingenier\u00eda Inform\u00e1tica.<\/p>\n","protected":false},"excerpt":{"rendered":"<p>El pr\u00f3ximo curso acad\u00e9mico 2016-2017 la Escuela Polit\u00e9cnica Superior de la Universidad Nebrija\u00a0pondr\u00e1 en marcha el nuevo Grado en\u00a0Ingenier\u00eda Inform\u00e1tica, que acaba de obtener la verificaci\u00f3n de ANECA para impartirse como t\u00edtulo oficial. El nuevo grado, que se ofertar\u00e1\u00a0junto al<\/p>\n","protected":false},"author":23,"featured_media":33792,"comment_status":"open","ping_status":"open","sticky":false,"template":"","format":"standard","meta":{"_acf_changed":false,"_monsterinsights_skip_tracking":false,"_monsterinsights_sitenote_active":false,"_monsterinsights_sitenote_note":"","_monsterinsights_sitenote_category":0,"footnotes":""},"categories":[3053],"tags":[3124],"acf":[],"yoast_head":"<!-- This site is optimized with the Yoast SEO plugin v22.1 - https:\/\/yoast.com\/wordpress\/plugins\/seo\/ -->\n<title>Verificado el nuevo t\u00edtulo de Grado en Ingenier\u00eda Inform\u00e1tica de la Universidad Nebrija - Actualidad Nebrija<\/title>\n<meta name=\"robots\" content=\"index, follow, max-snippet:-1, max-image-preview:large, max-video-preview:-1\" \/>\n<link rel=\"canonical\" href=\"https:\/\/www.nebrija.com\/medios\/actualidadnebrija\/2016\/03\/03\/verificado-el-nuevo-titulo-de-grado-en-ingenieria-informatica-de-la-universidad-nebrija\/\" \/>\n<meta property=\"og:locale\" content=\"es_ES\" \/>\n<meta property=\"og:type\" content=\"article\" \/>\n<meta property=\"og:title\" content=\"Verificado el nuevo t\u00edtulo de Grado en Ingenier\u00eda Inform\u00e1tica de la Universidad Nebrija - Actualidad Nebrija\" \/>\n<meta property=\"og:description\" content=\"El pr\u00f3ximo curso acad\u00e9mico 2016-2017 la Escuela Polit\u00e9cnica Superior de la Universidad Nebrija\u00a0pondr\u00e1 en marcha el nuevo Grado en\u00a0Ingenier\u00eda Inform\u00e1tica, que acaba de obtener la verificaci\u00f3n de ANECA para impartirse como t\u00edtulo oficial. El nuevo grado, que se ofertar\u00e1\u00a0junto al\" \/>\n<meta property=\"og:url\" content=\"https:\/\/www.nebrija.com\/medios\/actualidadnebrija\/2016\/03\/03\/verificado-el-nuevo-titulo-de-grado-en-ingenieria-informatica-de-la-universidad-nebrija\/\" \/>\n<meta property=\"og:site_name\" content=\"Actualidad Nebrija\" \/>\n<meta property=\"article:published_time\" content=\"2016-03-03T08:08:15+00:00\" \/>\n<meta property=\"article:modified_time\" content=\"2016-03-03T18:51:02+00:00\" \/>\n<meta property=\"og:image\" content=\"https:\/\/www.nebrija.com\/medios\/actualidadnebrija\/wp-content\/uploads\/sites\/2\/2016\/03\/banner-informatica.jpg\" \/>\n\t<meta property=\"og:image:width\" content=\"1500\" \/>\n\t<meta property=\"og:image:height\" content=\"550\" \/>\n\t<meta property=\"og:image:type\" content=\"image\/jpeg\" \/>\n<meta name=\"author\" content=\"lgomezbe\" \/>\n<meta name=\"twitter:card\" content=\"summary_large_image\" \/>\n<meta name=\"twitter:label1\" content=\"Escrito por\" \/>\n\t<meta name=\"twitter:data1\" content=\"lgomezbe\" \/>\n\t<meta name=\"twitter:label2\" content=\"Tiempo de lectura\" \/>\n\t<meta name=\"twitter:data2\" content=\"1 minuto\" \/>\n<!-- \/ Yoast SEO plugin. -->","yoast_head_json":{"title":"Verificado el nuevo t\u00edtulo de Grado en Ingenier\u00eda Inform\u00e1tica de la Universidad Nebrija - Actualidad Nebrija","robots":{"index":"index","follow":"follow","max-snippet":"max-snippet:-1","max-image-preview":"max-image-preview:large","max-video-preview":"max-video-preview:-1"},"canonical":"https:\/\/www.nebrija.com\/medios\/actualidadnebrija\/2016\/03\/03\/verificado-el-nuevo-titulo-de-grado-en-ingenieria-informatica-de-la-universidad-nebrija\/","og_locale":"es_ES","og_type":"article","og_title":"Verificado el nuevo t\u00edtulo de Grado en Ingenier\u00eda Inform\u00e1tica de la Universidad Nebrija - Actualidad Nebrija","og_description":"El pr\u00f3ximo curso acad\u00e9mico 2016-2017 la Escuela Polit\u00e9cnica Superior de la Universidad Nebrija\u00a0pondr\u00e1 en marcha el nuevo Grado en\u00a0Ingenier\u00eda Inform\u00e1tica, que acaba de obtener la verificaci\u00f3n de ANECA para impartirse como t\u00edtulo oficial. El nuevo grado, que se ofertar\u00e1\u00a0junto al","og_url":"https:\/\/www.nebrija.com\/medios\/actualidadnebrija\/2016\/03\/03\/verificado-el-nuevo-titulo-de-grado-en-ingenieria-informatica-de-la-universidad-nebrija\/","og_site_name":"Actualidad Nebrija","article_published_time":"2016-03-03T08:08:15+00:00","article_modified_time":"2016-03-03T18:51:02+00:00","og_image":[{"width":1500,"height":550,"url":"https:\/\/www.nebrija.com\/medios\/actualidadnebrija\/wp-content\/uploads\/sites\/2\/2016\/03\/banner-informatica.jpg","type":"image\/jpeg"}],"author":"lgomezbe","twitter_card":"summary_large_image","twitter_misc":{"Escrito por":"lgomezbe","Tiempo de lectura":"1 minuto"},"schema":{"@context":"https:\/\/schema.org","@graph":[{"@type":"WebPage","@id":"https:\/\/www.nebrija.com\/medios\/actualidadnebrija\/2016\/03\/03\/verificado-el-nuevo-titulo-de-grado-en-ingenieria-informatica-de-la-universidad-nebrija\/","url":"https:\/\/www.nebrija.com\/medios\/actualidadnebrija\/2016\/03\/03\/verificado-el-nuevo-titulo-de-grado-en-ingenieria-informatica-de-la-universidad-nebrija\/","name":"Verificado el nuevo t\u00edtulo de Grado en Ingenier\u00eda Inform\u00e1tica de la Universidad Nebrija - Actualidad Nebrija","isPartOf":{"@id":"https:\/\/www.nebrija.com\/medios\/actualidadnebrija\/#website"},"datePublished":"2016-03-03T08:08:15+00:00","dateModified":"2016-03-03T18:51:02+00:00","author":{"@id":"https:\/\/www.nebrija.com\/medios\/actualidadnebrija\/#\/schema\/person\/e6232b48104a001b2861271d566e28a7"},"breadcrumb":{"@id":"https:\/\/www.nebrija.com\/medios\/actualidadnebrija\/2016\/03\/03\/verificado-el-nuevo-titulo-de-grado-en-ingenieria-informatica-de-la-universidad-nebrija\/#breadcrumb"},"inLanguage":"es","potentialAction":[{"@type":"ReadAction","target":["https:\/\/www.nebrija.com\/medios\/actualidadnebrija\/2016\/03\/03\/verificado-el-nuevo-titulo-de-grado-en-ingenieria-informatica-de-la-universidad-nebrija\/"]}]},{"@type":"BreadcrumbList","@id":"https:\/\/www.nebrija.com\/medios\/actualidadnebrija\/2016\/03\/03\/verificado-el-nuevo-titulo-de-grado-en-ingenieria-informatica-de-la-universidad-nebrija\/#breadcrumb","itemListElement":[{"@type":"ListItem","position":1,"name":"Home","item":"https:\/\/www.nebrija.com\/medios\/actualidadnebrija\/"},{"@type":"ListItem","position":2,"name":"Verificado el nuevo t\u00edtulo de Grado en Ingenier\u00eda Inform\u00e1tica de la Universidad Nebrija"}]},{"@type":"WebSite","@id":"https:\/\/www.nebrija.com\/medios\/actualidadnebrija\/#website","url":"https:\/\/www.nebrija.com\/medios\/actualidadnebrija\/","name":"Actualidad Nebrija","description":"Noticias de la Universidad Nebrija","potentialAction":[{"@type":"SearchAction","target":{"@type":"EntryPoint","urlTemplate":"https:\/\/www.nebrija.com\/medios\/actualidadnebrija\/?s={search_term_string}"},"query-input":"required name=search_term_string"}],"inLanguage":"es"},{"@type":"Person","@id":"https:\/\/www.nebrija.com\/medios\/actualidadnebrija\/#\/schema\/person\/e6232b48104a001b2861271d566e28a7","name":"lgomezbe","image":{"@type":"ImageObject","inLanguage":"es","@id":"https:\/\/www.nebrija.com\/medios\/actualidadnebrija\/#\/schema\/person\/image\/","url":"https:\/\/secure.gravatar.com\/avatar\/91429af2b2eb6303c2012c36b2710a4a?s=96&d=mm&r=g","contentUrl":"https:\/\/secure.gravatar.com\/avatar\/91429af2b2eb6303c2012c36b2710a4a?s=96&d=mm&r=g","caption":"lgomezbe"},"url":"https:\/\/www.nebrija.com\/medios\/actualidadnebrija\/author\/lgomezbe\/"}]}},"_links":{"self":[{"href":"https:\/\/www.nebrija.com\/medios\/actualidadnebrija\/wp-json\/wp\/v2\/posts\/33789"}],"collection":[{"href":"https:\/\/www.nebrija.com\/medios\/actualidadnebrija\/wp-json\/wp\/v2\/posts"}],"about":[{"href":"https:\/\/www.nebrija.com\/medios\/actualidadnebrija\/wp-json\/wp\/v2\/types\/post"}],"author":[{"embeddable":true,"href":"https:\/\/www.nebrija.com\/medios\/actualidadnebrija\/wp-json\/wp\/v2\/users\/23"}],"replies":[{"embeddable":true,"href":"https:\/\/www.nebrija.com\/medios\/actualidadnebrija\/wp-json\/wp\/v2\/comments?post=33789"}],"version-history":[{"count":3,"href":"https:\/\/www.nebrija.com\/medios\/actualidadnebrija\/wp-json\/wp\/v2\/posts\/33789\/revisions"}],"predecessor-version":[{"id":33795,"href":"https:\/\/www.nebrija.com\/medios\/actualidadnebrija\/wp-json\/wp\/v2\/posts\/33789\/revisions\/33795"}],"wp:featuredmedia":[{"embeddable":true,"href":"https:\/\/www.nebrija.com\/medios\/actualidadnebrija\/wp-json\/wp\/v2\/media\/33792"}],"wp:attachment":[{"href":"https:\/\/www.nebrija.com\/medios\/actualidadnebrija\/wp-json\/wp\/v2\/media?parent=33789"}],"wp:term":[{"taxonomy":"category","embeddable":true,"href":"https:\/\/www.nebrija.com\/medios\/actualidadnebrija\/wp-json\/wp\/v2\/categories?post=33789"},{"taxonomy":"post_tag","embeddable":true,"href":"https:\/\/www.nebrija.com\/medios\/actualidadnebrija\/wp-json\/wp\/v2\/tags?post=33789"}],"curies":[{"name":"wp","href":"https:\/\/api.w.org\/{rel}","templated":true}]}}