{"id":35789,"date":"2016-05-23T16:28:18","date_gmt":"2016-05-23T14:28:18","guid":{"rendered":"http:\/\/www.nebrija.com\/medios\/actualidadnebrija\/?p=35789"},"modified":"2016-05-23T16:29:50","modified_gmt":"2016-05-23T14:29:50","slug":"iii-feria-del-material-didactico-clil","status":"publish","type":"post","link":"https:\/\/www.nebrija.com\/medios\/actualidadnebrija\/2016\/05\/23\/iii-feria-del-material-didactico-clil\/","title":{"rendered":"III Feria del Material Did\u00e1ctico CLIL"},"content":{"rendered":"<p>Los alumnos del M\u00e1ster en Ense\u00f1anza Biling\u00fce celebraron el s\u00e1bado 21 de mayo la III Feria del Material Did\u00e1ctico CLIL \u2013\u00a0<em>Content and Language Integrated Learning<\/em>.<\/p>\n<p>Dentro este foro, cada alumno dispuso de un stand en donde\u00a0exponer y presentar el material creado en relaci\u00f3n a los contenidos de las asignaturas que como profesores imparten en sus respectivos centros.<\/p>\n<p><a href=\"https:\/\/www.nebrija.com\/medios\/actualidadnebrija\/wp-content\/uploads\/sites\/2\/2016\/05\/foro.jpg\"><img loading=\"lazy\" decoding=\"async\" class=\"alignleft size-medium wp-image-35790\" src=\"https:\/\/www.nebrija.com\/medios\/actualidadnebrija\/wp-content\/uploads\/sites\/2\/2016\/05\/foro-300x215.jpg\" alt=\"III Feria del Material Did\u00e1ctico CLIL\" width=\"300\" height=\"215\" \/><\/a>Esta actividad se ha desarrollado en el marco de la asignatura Desarrollo de Materiales CLIL y tiene como objetivo hacer una presentaci\u00f3n en ingl\u00e9s (lengua vehicular del m\u00e1ster), donde se describa c\u00f3mo los materiales did\u00e1cticos son un apoyo para que los alumnos aprendan los contenidos de una asignatura impartida en lengua extranjera.<\/p>\n<p>En dicha actividad, proyecto final de la asignatura, se valora especialmente la utilidad de los materiales, la integraci\u00f3n de los contenidos aprendidos durante el curso y la adecuaci\u00f3n de los mismos al tema, materia y curso elegidos. Asimismo, son importantes la creatividad y el dise\u00f1o de los materiales y la presentaci\u00f3n de los stands.<\/p>\n<p>A trav\u00e9s de las presentaciones, los alumnos intercambian t\u00e9cnicas de trabajo y comparten experiencias docentes, participando, adem\u00e1s, en la valoraci\u00f3n de los materiales CLIL creados para la ocasi\u00f3n y para su futura utilizaci\u00f3n en sus centros educativos biling\u00fces.<\/p>\n","protected":false},"excerpt":{"rendered":"<p>Los alumnos del M\u00e1ster en Ense\u00f1anza Biling\u00fce celebraron el s\u00e1bado 21 de mayo la III Feria del Material Did\u00e1ctico CLIL \u2013\u00a0Content and Language Integrated Learning. Dentro este foro, cada alumno dispuso de un stand en donde\u00a0exponer y presentar el material<\/p>\n","protected":false},"author":9,"featured_media":35791,"comment_status":"open","ping_status":"open","sticky":false,"template":"","format":"standard","meta":{"_acf_changed":false,"_monsterinsights_skip_tracking":false,"_monsterinsights_sitenote_active":false,"_monsterinsights_sitenote_note":"","_monsterinsights_sitenote_category":0,"footnotes":""},"categories":[3,3049,3078],"tags":[],"acf":[],"yoast_head":"<!-- This site is optimized with the Yoast SEO plugin v22.1 - https:\/\/yoast.com\/wordpress\/plugins\/seo\/ -->\n<title>III Feria del Material Did\u00e1ctico CLIL - Actualidad Nebrija<\/title>\n<meta name=\"robots\" content=\"index, follow, max-snippet:-1, max-image-preview:large, max-video-preview:-1\" \/>\n<link rel=\"canonical\" href=\"https:\/\/www.nebrija.com\/medios\/actualidadnebrija\/2016\/05\/23\/iii-feria-del-material-didactico-clil\/\" \/>\n<meta property=\"og:locale\" content=\"es_ES\" \/>\n<meta property=\"og:type\" content=\"article\" \/>\n<meta property=\"og:title\" content=\"III Feria del Material Did\u00e1ctico CLIL - Actualidad Nebrija\" \/>\n<meta property=\"og:description\" content=\"Los alumnos del M\u00e1ster en Ense\u00f1anza Biling\u00fce celebraron el s\u00e1bado 21 de mayo la III Feria del Material Did\u00e1ctico CLIL \u2013\u00a0Content and Language Integrated Learning. Dentro este foro, cada alumno dispuso de un stand en donde\u00a0exponer y presentar el material\" \/>\n<meta property=\"og:url\" content=\"https:\/\/www.nebrija.com\/medios\/actualidadnebrija\/2016\/05\/23\/iii-feria-del-material-didactico-clil\/\" \/>\n<meta property=\"og:site_name\" content=\"Actualidad Nebrija\" \/>\n<meta property=\"article:published_time\" content=\"2016-05-23T14:28:18+00:00\" \/>\n<meta property=\"article:modified_time\" content=\"2016-05-23T14:29:50+00:00\" \/>\n<meta property=\"og:image\" content=\"https:\/\/www.nebrija.com\/medios\/actualidadnebrija\/wp-content\/uploads\/sites\/2\/2016\/05\/foro2.jpg\" \/>\n\t<meta property=\"og:image:width\" content=\"815\" \/>\n\t<meta property=\"og:image:height\" content=\"585\" \/>\n\t<meta property=\"og:image:type\" content=\"image\/jpeg\" \/>\n<meta name=\"author\" content=\"zrio\" \/>\n<meta name=\"twitter:card\" content=\"summary_large_image\" \/>\n<meta name=\"twitter:label1\" content=\"Escrito por\" \/>\n\t<meta name=\"twitter:data1\" content=\"zrio\" \/>\n\t<meta name=\"twitter:label2\" content=\"Tiempo de lectura\" \/>\n\t<meta name=\"twitter:data2\" content=\"1 minuto\" \/>\n<!-- \/ Yoast SEO plugin. -->","yoast_head_json":{"title":"III Feria del Material Did\u00e1ctico CLIL - Actualidad Nebrija","robots":{"index":"index","follow":"follow","max-snippet":"max-snippet:-1","max-image-preview":"max-image-preview:large","max-video-preview":"max-video-preview:-1"},"canonical":"https:\/\/www.nebrija.com\/medios\/actualidadnebrija\/2016\/05\/23\/iii-feria-del-material-didactico-clil\/","og_locale":"es_ES","og_type":"article","og_title":"III Feria del Material Did\u00e1ctico CLIL - Actualidad Nebrija","og_description":"Los alumnos del M\u00e1ster en Ense\u00f1anza Biling\u00fce celebraron el s\u00e1bado 21 de mayo la III Feria del Material Did\u00e1ctico CLIL \u2013\u00a0Content and Language Integrated Learning. Dentro este foro, cada alumno dispuso de un stand en donde\u00a0exponer y presentar el material","og_url":"https:\/\/www.nebrija.com\/medios\/actualidadnebrija\/2016\/05\/23\/iii-feria-del-material-didactico-clil\/","og_site_name":"Actualidad Nebrija","article_published_time":"2016-05-23T14:28:18+00:00","article_modified_time":"2016-05-23T14:29:50+00:00","og_image":[{"width":815,"height":585,"url":"https:\/\/www.nebrija.com\/medios\/actualidadnebrija\/wp-content\/uploads\/sites\/2\/2016\/05\/foro2.jpg","type":"image\/jpeg"}],"author":"zrio","twitter_card":"summary_large_image","twitter_misc":{"Escrito por":"zrio","Tiempo de lectura":"1 minuto"},"schema":{"@context":"https:\/\/schema.org","@graph":[{"@type":"WebPage","@id":"https:\/\/www.nebrija.com\/medios\/actualidadnebrija\/2016\/05\/23\/iii-feria-del-material-didactico-clil\/","url":"https:\/\/www.nebrija.com\/medios\/actualidadnebrija\/2016\/05\/23\/iii-feria-del-material-didactico-clil\/","name":"III Feria del Material Did\u00e1ctico CLIL - Actualidad Nebrija","isPartOf":{"@id":"https:\/\/www.nebrija.com\/medios\/actualidadnebrija\/#website"},"datePublished":"2016-05-23T14:28:18+00:00","dateModified":"2016-05-23T14:29:50+00:00","author":{"@id":"https:\/\/www.nebrija.com\/medios\/actualidadnebrija\/#\/schema\/person\/2e19401bf433336fc2b333cbe673eb0f"},"breadcrumb":{"@id":"https:\/\/www.nebrija.com\/medios\/actualidadnebrija\/2016\/05\/23\/iii-feria-del-material-didactico-clil\/#breadcrumb"},"inLanguage":"es","potentialAction":[{"@type":"ReadAction","target":["https:\/\/www.nebrija.com\/medios\/actualidadnebrija\/2016\/05\/23\/iii-feria-del-material-didactico-clil\/"]}]},{"@type":"BreadcrumbList","@id":"https:\/\/www.nebrija.com\/medios\/actualidadnebrija\/2016\/05\/23\/iii-feria-del-material-didactico-clil\/#breadcrumb","itemListElement":[{"@type":"ListItem","position":1,"name":"Home","item":"https:\/\/www.nebrija.com\/medios\/actualidadnebrija\/"},{"@type":"ListItem","position":2,"name":"III Feria del Material Did\u00e1ctico CLIL"}]},{"@type":"WebSite","@id":"https:\/\/www.nebrija.com\/medios\/actualidadnebrija\/#website","url":"https:\/\/www.nebrija.com\/medios\/actualidadnebrija\/","name":"Actualidad Nebrija","description":"Noticias de la Universidad Nebrija","potentialAction":[{"@type":"SearchAction","target":{"@type":"EntryPoint","urlTemplate":"https:\/\/www.nebrija.com\/medios\/actualidadnebrija\/?s={search_term_string}"},"query-input":"required name=search_term_string"}],"inLanguage":"es"},{"@type":"Person","@id":"https:\/\/www.nebrija.com\/medios\/actualidadnebrija\/#\/schema\/person\/2e19401bf433336fc2b333cbe673eb0f","name":"zrio","image":{"@type":"ImageObject","inLanguage":"es","@id":"https:\/\/www.nebrija.com\/medios\/actualidadnebrija\/#\/schema\/person\/image\/","url":"https:\/\/secure.gravatar.com\/avatar\/b69bcb283ce7c5397b6912e6de3aaf65?s=96&d=mm&r=g","contentUrl":"https:\/\/secure.gravatar.com\/avatar\/b69bcb283ce7c5397b6912e6de3aaf65?s=96&d=mm&r=g","caption":"zrio"},"url":"https:\/\/www.nebrija.com\/medios\/actualidadnebrija\/author\/zrio\/"}]}},"_links":{"self":[{"href":"https:\/\/www.nebrija.com\/medios\/actualidadnebrija\/wp-json\/wp\/v2\/posts\/35789"}],"collection":[{"href":"https:\/\/www.nebrija.com\/medios\/actualidadnebrija\/wp-json\/wp\/v2\/posts"}],"about":[{"href":"https:\/\/www.nebrija.com\/medios\/actualidadnebrija\/wp-json\/wp\/v2\/types\/post"}],"author":[{"embeddable":true,"href":"https:\/\/www.nebrija.com\/medios\/actualidadnebrija\/wp-json\/wp\/v2\/users\/9"}],"replies":[{"embeddable":true,"href":"https:\/\/www.nebrija.com\/medios\/actualidadnebrija\/wp-json\/wp\/v2\/comments?post=35789"}],"version-history":[{"count":2,"href":"https:\/\/www.nebrija.com\/medios\/actualidadnebrija\/wp-json\/wp\/v2\/posts\/35789\/revisions"}],"predecessor-version":[{"id":35793,"href":"https:\/\/www.nebrija.com\/medios\/actualidadnebrija\/wp-json\/wp\/v2\/posts\/35789\/revisions\/35793"}],"wp:featuredmedia":[{"embeddable":true,"href":"https:\/\/www.nebrija.com\/medios\/actualidadnebrija\/wp-json\/wp\/v2\/media\/35791"}],"wp:attachment":[{"href":"https:\/\/www.nebrija.com\/medios\/actualidadnebrija\/wp-json\/wp\/v2\/media?parent=35789"}],"wp:term":[{"taxonomy":"category","embeddable":true,"href":"https:\/\/www.nebrija.com\/medios\/actualidadnebrija\/wp-json\/wp\/v2\/categories?post=35789"},{"taxonomy":"post_tag","embeddable":true,"href":"https:\/\/www.nebrija.com\/medios\/actualidadnebrija\/wp-json\/wp\/v2\/tags?post=35789"}],"curies":[{"name":"wp","href":"https:\/\/api.w.org\/{rel}","templated":true}]}}