{"id":36568,"date":"2016-06-20T10:37:56","date_gmt":"2016-06-20T08:37:56","guid":{"rendered":"http:\/\/www.nebrija.com\/medios\/actualidadnebrija\/?p=36568"},"modified":"2016-06-21T10:42:25","modified_gmt":"2016-06-21T08:42:25","slug":"la-revolucion-caravaggio","status":"publish","type":"post","link":"https:\/\/www.nebrija.com\/medios\/actualidadnebrija\/2016\/06\/20\/la-revolucion-caravaggio\/","title":{"rendered":"La revoluci\u00f3n de Caravaggio"},"content":{"rendered":"<p><strong>El artista maldito que cambi\u00f3 para siempre la pintura europea<\/strong><\/p>\n<p>La obra del artista italiano Michelangelo Merisi, m\u00e1s conocido como Il Caravaggio (1571-1610), revolucion\u00f3 la pintura de su \u00e9poca, oponi\u00e9ndose al manierismo que imperaba en ese momento y consiguiendo que se le considere la primera gran figura de la pintura barroca.<\/p>\n<p>Original, innovador y genial, desafi\u00f3 a la sociedad no s\u00f3lo con sus cuadros, sino tambi\u00e9n con su comportamiento y vida turbulentos. Consigui\u00f3 ser rechazado a la vez que admirado. Un grupo de artistas europeos del siglo XVII bebieron directamente de su innovaci\u00f3n art\u00edstica, siguiendo la estela est\u00e9tica del italiano.<\/p>\n<p>Dos exposiciones, una en el Palacio Real y otra en el Museo Thyssen-Bornemisza, coinciden en Madrid para subrayar la influencia del pintor en los diversos territorios, del sur al norte de Europa, donde la impronta caravaggesca tuvo mayor incidencia.<br \/>\nEl Palacio Real de Madrid acoger\u00e1 a partir del 7 de junio la gran exposici\u00f3n <a href=\"https:\/\/goo.gl\/LZNrEY\" target=\"_blank\"><strong>\u201cDe Caravaggio a Bernini\u201d<\/strong><\/a>, que mostrar\u00e1 obras maestras de la pintura y escultura del \u2018Seicento\u2019 conservadas \u00edntegramente en las Colecciones Reales de Patrimonio Nacional, parte de las cuales nunca han sido exhibidas o se encuentran en lugares poco accesibles.<\/p>\n<p><a href=\"http:\/\/goo.gl\/dh86DJ\" target=\"_blank\"><strong>\u201cCaravaggio y los pintores del norte\u201d<\/strong> <\/a>se centra en la figura del pintor italiano y en su influencia en el c\u00edrculo de pintores del norte de Europa que, fascinados por su obra, difundieron su estilo. A partir del 21 de junio en el Museo Thyssen-Bornemisza.<\/p>\n<p>La revista <em>Descubrir el Arte<\/em> dedica su secci\u00f3n especial \u2018En portada\u2019 a la revoluci\u00f3n que trajo la figura de Caravaggio y su influencia en el arte con estos tres art\u00edculos:<\/p>\n<ul>\n<li><strong><em><a href=\"http:\/\/biblioteca.nebrija.es\/cgi-bin\/opac\/?TITN=72296\">Huella en Italia y Espa\u00f1a<\/a><\/em><\/strong><em>,<\/em><em> de Jes\u00fas Cantera Montenegro<\/em><\/li>\n<\/ul>\n<p>\u201cImposible de clasificar, el rebelde Michelangelo Merisi revolucion\u00f3 la pintura italiana del &#8216;Seicento&#8217;. A pesar de su violenta vida, su genio hizo el milagro de que no le faltaran clientes. Desde las colecciones de sus protectores, sus obras irradiaron estilo y marcaron profundamente el barroco en Europa. Una exposici\u00f3n en Patrimonio Nacional muestra un magn\u00edfico repertorio de obras italianas, entre pinturas y esculturas, procedentes de las Colecciones Reales\u201d (fuente: Descubrir el arte).<\/p>\n<ul>\n<li><a href=\"http:\/\/biblioteca.nebrija.es\/cgi-bin\/opac\/?TITN=72297\"><strong><em>Ecos en Flandes y Holanda<\/em><\/strong><\/a>,<strong>\u00a0<\/strong><em>de Mar\u00eda C\u00f3ndor<\/em><\/li>\n<\/ul>\n<p>\u201cUna de las grandes paradojas del gran pintor de B\u00e9rgamo es que, a pesar de no crear escuela, alcanz\u00f3 fama suficiente para que, a su estela, viajaran a la pen\u00ednsula it\u00e1lica pintores de Francia y m\u00e1s al norte. En Roma, sus seguidores formaron grupos que bebieron de su estilo y lo difundieron a su regreso a casa, donde proseguir\u00edan carreras distintas pero reconocibles por su impronta. Un magn\u00edfico ejemplo de c\u00f3mo las corrientes est\u00e9ticas en el continente estaban mucho m\u00e1s vinculadas entre s\u00ed en el siglo XVII de lo que tendemos a pensar\u201d (fuente: Descubrir el arte).<\/p>\n<ul>\n<li><a href=\"http:\/\/biblioteca.nebrija.es\/cgi-bin\/opac\/?TITN=72298\"><strong><em>Las joyas ocultas de Patrimonio Nacional<\/em><\/strong><\/a>,\u00a0<em>de Juan Ignacio Samperio Iturralde<\/em><\/li>\n<\/ul>\n<p>\u201cObras mal adjudicadas, restauraciones de gran calidad de lienzos descuidados y muestra al p\u00fablico por primera vez de piezas de las Colecciones Reales que se hallaban hasta ahora en dependencias privadas. Ofrecemos el inventario de todos esos tesoros\u201d (fuente: Descubrir el arte).<\/p>\n<p>Encontrar\u00e1s la revista en la Biblioteca del Campus de Dehesa de la Villa, y su localizaci\u00f3n en el <a href=\"http:\/\/biblioteca.nebrija.es\/cgi-bin\/opac\/?TITN=21945\"><strong>Cat\u00e1logo-OPAC ~ Web Portal <\/strong><\/a>de la Red de Bibliotecas.<\/p>\n<p>&nbsp;<\/p>\n","protected":false},"excerpt":{"rendered":"<p>El artista maldito que cambi\u00f3 para siempre la pintura europea La obra del artista italiano Michelangelo Merisi, m\u00e1s conocido como Il Caravaggio (1571-1610), revolucion\u00f3 la pintura de su \u00e9poca, oponi\u00e9ndose al manierismo que imperaba en ese momento y consiguiendo que<\/p>\n","protected":false},"author":9,"featured_media":36569,"comment_status":"open","ping_status":"open","sticky":false,"template":"","format":"standard","meta":{"_acf_changed":false,"_monsterinsights_skip_tracking":false,"_monsterinsights_sitenote_active":false,"_monsterinsights_sitenote_note":"","_monsterinsights_sitenote_category":0,"footnotes":""},"categories":[3063,3078],"tags":[],"acf":[],"yoast_head":"<!-- This site is optimized with the Yoast SEO plugin v22.1 - https:\/\/yoast.com\/wordpress\/plugins\/seo\/ -->\n<title>La revoluci\u00f3n de Caravaggio - Actualidad Nebrija<\/title>\n<meta name=\"robots\" content=\"index, follow, max-snippet:-1, max-image-preview:large, max-video-preview:-1\" \/>\n<link rel=\"canonical\" href=\"https:\/\/www.nebrija.com\/medios\/actualidadnebrija\/2016\/06\/20\/la-revolucion-caravaggio\/\" \/>\n<meta property=\"og:locale\" content=\"es_ES\" \/>\n<meta property=\"og:type\" content=\"article\" \/>\n<meta property=\"og:title\" content=\"La revoluci\u00f3n de Caravaggio - Actualidad Nebrija\" \/>\n<meta property=\"og:description\" content=\"El artista maldito que cambi\u00f3 para siempre la pintura europea La obra del artista italiano Michelangelo Merisi, m\u00e1s conocido como Il Caravaggio (1571-1610), revolucion\u00f3 la pintura de su \u00e9poca, oponi\u00e9ndose al manierismo que imperaba en ese momento y consiguiendo que\" \/>\n<meta property=\"og:url\" content=\"https:\/\/www.nebrija.com\/medios\/actualidadnebrija\/2016\/06\/20\/la-revolucion-caravaggio\/\" \/>\n<meta property=\"og:site_name\" content=\"Actualidad Nebrija\" \/>\n<meta property=\"article:published_time\" content=\"2016-06-20T08:37:56+00:00\" \/>\n<meta property=\"article:modified_time\" content=\"2016-06-21T08:42:25+00:00\" \/>\n<meta property=\"og:image\" content=\"https:\/\/www.nebrija.com\/medios\/actualidadnebrija\/wp-content\/uploads\/sites\/2\/2016\/06\/Caravaggio2.jpg\" \/>\n\t<meta property=\"og:image:width\" content=\"236\" \/>\n\t<meta property=\"og:image:height\" content=\"320\" \/>\n\t<meta property=\"og:image:type\" content=\"image\/jpeg\" \/>\n<meta name=\"author\" content=\"zrio\" \/>\n<meta name=\"twitter:card\" content=\"summary_large_image\" \/>\n<meta name=\"twitter:label1\" content=\"Escrito por\" \/>\n\t<meta name=\"twitter:data1\" content=\"zrio\" \/>\n\t<meta name=\"twitter:label2\" content=\"Tiempo de lectura\" \/>\n\t<meta name=\"twitter:data2\" content=\"3 minutos\" \/>\n<!-- \/ Yoast SEO plugin. -->","yoast_head_json":{"title":"La revoluci\u00f3n de Caravaggio - Actualidad Nebrija","robots":{"index":"index","follow":"follow","max-snippet":"max-snippet:-1","max-image-preview":"max-image-preview:large","max-video-preview":"max-video-preview:-1"},"canonical":"https:\/\/www.nebrija.com\/medios\/actualidadnebrija\/2016\/06\/20\/la-revolucion-caravaggio\/","og_locale":"es_ES","og_type":"article","og_title":"La revoluci\u00f3n de Caravaggio - Actualidad Nebrija","og_description":"El artista maldito que cambi\u00f3 para siempre la pintura europea La obra del artista italiano Michelangelo Merisi, m\u00e1s conocido como Il Caravaggio (1571-1610), revolucion\u00f3 la pintura de su \u00e9poca, oponi\u00e9ndose al manierismo que imperaba en ese momento y consiguiendo que","og_url":"https:\/\/www.nebrija.com\/medios\/actualidadnebrija\/2016\/06\/20\/la-revolucion-caravaggio\/","og_site_name":"Actualidad Nebrija","article_published_time":"2016-06-20T08:37:56+00:00","article_modified_time":"2016-06-21T08:42:25+00:00","og_image":[{"width":236,"height":320,"url":"https:\/\/www.nebrija.com\/medios\/actualidadnebrija\/wp-content\/uploads\/sites\/2\/2016\/06\/Caravaggio2.jpg","type":"image\/jpeg"}],"author":"zrio","twitter_card":"summary_large_image","twitter_misc":{"Escrito por":"zrio","Tiempo de lectura":"3 minutos"},"schema":{"@context":"https:\/\/schema.org","@graph":[{"@type":"WebPage","@id":"https:\/\/www.nebrija.com\/medios\/actualidadnebrija\/2016\/06\/20\/la-revolucion-caravaggio\/","url":"https:\/\/www.nebrija.com\/medios\/actualidadnebrija\/2016\/06\/20\/la-revolucion-caravaggio\/","name":"La revoluci\u00f3n de Caravaggio - Actualidad Nebrija","isPartOf":{"@id":"https:\/\/www.nebrija.com\/medios\/actualidadnebrija\/#website"},"datePublished":"2016-06-20T08:37:56+00:00","dateModified":"2016-06-21T08:42:25+00:00","author":{"@id":"https:\/\/www.nebrija.com\/medios\/actualidadnebrija\/#\/schema\/person\/2e19401bf433336fc2b333cbe673eb0f"},"breadcrumb":{"@id":"https:\/\/www.nebrija.com\/medios\/actualidadnebrija\/2016\/06\/20\/la-revolucion-caravaggio\/#breadcrumb"},"inLanguage":"es","potentialAction":[{"@type":"ReadAction","target":["https:\/\/www.nebrija.com\/medios\/actualidadnebrija\/2016\/06\/20\/la-revolucion-caravaggio\/"]}]},{"@type":"BreadcrumbList","@id":"https:\/\/www.nebrija.com\/medios\/actualidadnebrija\/2016\/06\/20\/la-revolucion-caravaggio\/#breadcrumb","itemListElement":[{"@type":"ListItem","position":1,"name":"Home","item":"https:\/\/www.nebrija.com\/medios\/actualidadnebrija\/"},{"@type":"ListItem","position":2,"name":"La revoluci\u00f3n de Caravaggio"}]},{"@type":"WebSite","@id":"https:\/\/www.nebrija.com\/medios\/actualidadnebrija\/#website","url":"https:\/\/www.nebrija.com\/medios\/actualidadnebrija\/","name":"Actualidad Nebrija","description":"Noticias de la Universidad Nebrija","potentialAction":[{"@type":"SearchAction","target":{"@type":"EntryPoint","urlTemplate":"https:\/\/www.nebrija.com\/medios\/actualidadnebrija\/?s={search_term_string}"},"query-input":"required name=search_term_string"}],"inLanguage":"es"},{"@type":"Person","@id":"https:\/\/www.nebrija.com\/medios\/actualidadnebrija\/#\/schema\/person\/2e19401bf433336fc2b333cbe673eb0f","name":"zrio","image":{"@type":"ImageObject","inLanguage":"es","@id":"https:\/\/www.nebrija.com\/medios\/actualidadnebrija\/#\/schema\/person\/image\/","url":"https:\/\/secure.gravatar.com\/avatar\/b69bcb283ce7c5397b6912e6de3aaf65?s=96&d=mm&r=g","contentUrl":"https:\/\/secure.gravatar.com\/avatar\/b69bcb283ce7c5397b6912e6de3aaf65?s=96&d=mm&r=g","caption":"zrio"},"url":"https:\/\/www.nebrija.com\/medios\/actualidadnebrija\/author\/zrio\/"}]}},"_links":{"self":[{"href":"https:\/\/www.nebrija.com\/medios\/actualidadnebrija\/wp-json\/wp\/v2\/posts\/36568"}],"collection":[{"href":"https:\/\/www.nebrija.com\/medios\/actualidadnebrija\/wp-json\/wp\/v2\/posts"}],"about":[{"href":"https:\/\/www.nebrija.com\/medios\/actualidadnebrija\/wp-json\/wp\/v2\/types\/post"}],"author":[{"embeddable":true,"href":"https:\/\/www.nebrija.com\/medios\/actualidadnebrija\/wp-json\/wp\/v2\/users\/9"}],"replies":[{"embeddable":true,"href":"https:\/\/www.nebrija.com\/medios\/actualidadnebrija\/wp-json\/wp\/v2\/comments?post=36568"}],"version-history":[{"count":1,"href":"https:\/\/www.nebrija.com\/medios\/actualidadnebrija\/wp-json\/wp\/v2\/posts\/36568\/revisions"}],"predecessor-version":[{"id":36570,"href":"https:\/\/www.nebrija.com\/medios\/actualidadnebrija\/wp-json\/wp\/v2\/posts\/36568\/revisions\/36570"}],"wp:featuredmedia":[{"embeddable":true,"href":"https:\/\/www.nebrija.com\/medios\/actualidadnebrija\/wp-json\/wp\/v2\/media\/36569"}],"wp:attachment":[{"href":"https:\/\/www.nebrija.com\/medios\/actualidadnebrija\/wp-json\/wp\/v2\/media?parent=36568"}],"wp:term":[{"taxonomy":"category","embeddable":true,"href":"https:\/\/www.nebrija.com\/medios\/actualidadnebrija\/wp-json\/wp\/v2\/categories?post=36568"},{"taxonomy":"post_tag","embeddable":true,"href":"https:\/\/www.nebrija.com\/medios\/actualidadnebrija\/wp-json\/wp\/v2\/tags?post=36568"}],"curies":[{"name":"wp","href":"https:\/\/api.w.org\/{rel}","templated":true}]}}