{"id":38323,"date":"2016-11-07T13:14:51","date_gmt":"2016-11-07T12:14:51","guid":{"rendered":"http:\/\/www.nebrija.com\/medios\/actualidadnebrija\/?p=38323"},"modified":"2016-11-07T13:14:51","modified_gmt":"2016-11-07T12:14:51","slug":"los-calotipos-del-siglo-xix","status":"publish","type":"post","link":"https:\/\/www.nebrija.com\/medios\/actualidadnebrija\/2016\/11\/07\/los-calotipos-del-siglo-xix\/","title":{"rendered":"Los calotipos del siglo XIX"},"content":{"rendered":"<p><strong>El primer libro de arte con fotograf\u00edas: la joya de PhotoEspa\u00f1a 2016<\/strong><\/p>\n<p>La \u00faltima edici\u00f3n del Festival internacional de fotograf\u00eda y artes visuales PhotoEspa\u00f1a (PHE 16), celebrada entre el 1 de junio y el 28 de agosto de este a\u00f1o, ha centrado su mirada esta vez sobre el continente europeo.<\/p>\n<p>La fotograf\u00eda en Europa ha sido el lema de PhotoEspa\u00f1a, y una de las joyas de esta edici\u00f3n ha sido la muestra que el Museo del Prado ha dedicado a los calotipos, las fotograf\u00edas que permitieron las primeras impresiones en serie de obras maestras espa\u00f1olas y contribuyeron a la historia del arte a dar un paso de gigante:<a href=\"https:\/\/www.museodelprado.es\/actualidad\/exposicion\/copiado-por-el-sol-los-talbotipos-de-los-annals\/865a3e89-4c31-4410-bca9-52f81d1acf2a\" target=\"_blank\"> \u201cCopiado por el sol. Los talbotipos de los \u2018Annals of the Artists of Spain\u2019 de William Stirling Maxwell (1847)\u201d.<\/a><\/p>\n<p>La dise\u00f1adora, comisaria de exposiciones y artista Marie-Genevi\u00e8ve Alquier firma este art\u00edculo que nos acerca a la exposici\u00f3n del Prado, a trav\u00e9s de un an\u00e1lisis de la obra que public\u00f3 en 1848 el hispan\u00f3filo escoc\u00e9s William Stirling Maxwell, \u201cThe Annals of the Artists of Spain\u201d, un libro que abordaba, por primera vez, la historia del arte espa\u00f1ol de un modo cronol\u00f3gico integrando las diferentes artes. Consta de tres vol\u00famenes de texto m\u00e1s un cuarto volumen ilustrado con 68 calotipos, m\u00e9todo fotogr\u00e1fico inventado por William Fox Talbot pocos a\u00f1os antes. Su importancia es excepcional, pues constituye el primer libro de arte ilustrado con fotograf\u00edas que se public\u00f3 en el mundo.<\/p>\n<p>Encontrar\u00e1s el art\u00edculo <a href=\"https:\/\/biblioteca.nebrija.es\/cgi-bin\/opac\/?TITN=72300\" target=\"_blank\">\u201cTalbot, el salto del lienzo al libro\u201d<\/a>, publicado en la revista \u2018Descubrir el Arte\u2019, n\u00famero 208 (junio de 2016), que est\u00e1 disponible en la Biblioteca del Campus de Dehesa de la Villa.<\/p>\n","protected":false},"excerpt":{"rendered":"<p>El primer libro de arte con fotograf\u00edas: la joya de PhotoEspa\u00f1a 2016 La \u00faltima edici\u00f3n del Festival internacional de fotograf\u00eda y artes visuales PhotoEspa\u00f1a (PHE 16), celebrada entre el 1 de junio y el 28 de agosto de este a\u00f1o,<\/p>\n","protected":false},"author":9,"featured_media":38325,"comment_status":"open","ping_status":"open","sticky":false,"template":"","format":"standard","meta":{"_acf_changed":false,"_monsterinsights_skip_tracking":false,"_monsterinsights_sitenote_active":false,"_monsterinsights_sitenote_note":"","_monsterinsights_sitenote_category":0,"footnotes":""},"categories":[3063,3078],"tags":[],"acf":[],"yoast_head":"<!-- This site is optimized with the Yoast SEO plugin v22.1 - https:\/\/yoast.com\/wordpress\/plugins\/seo\/ -->\n<title>Los calotipos del siglo XIX - Actualidad Nebrija<\/title>\n<meta name=\"robots\" content=\"index, follow, max-snippet:-1, max-image-preview:large, max-video-preview:-1\" \/>\n<link rel=\"canonical\" href=\"https:\/\/www.nebrija.com\/medios\/actualidadnebrija\/2016\/11\/07\/los-calotipos-del-siglo-xix\/\" \/>\n<meta property=\"og:locale\" content=\"es_ES\" \/>\n<meta property=\"og:type\" content=\"article\" \/>\n<meta property=\"og:title\" content=\"Los calotipos del siglo XIX - Actualidad Nebrija\" \/>\n<meta property=\"og:description\" content=\"El primer libro de arte con fotograf\u00edas: la joya de PhotoEspa\u00f1a 2016 La \u00faltima edici\u00f3n del Festival internacional de fotograf\u00eda y artes visuales PhotoEspa\u00f1a (PHE 16), celebrada entre el 1 de junio y el 28 de agosto de este a\u00f1o,\" \/>\n<meta property=\"og:url\" content=\"https:\/\/www.nebrija.com\/medios\/actualidadnebrija\/2016\/11\/07\/los-calotipos-del-siglo-xix\/\" \/>\n<meta property=\"og:site_name\" content=\"Actualidad Nebrija\" \/>\n<meta property=\"article:published_time\" content=\"2016-11-07T12:14:51+00:00\" \/>\n<meta property=\"og:image\" content=\"https:\/\/www.nebrija.com\/medios\/actualidadnebrija\/wp-content\/uploads\/sites\/2\/2016\/11\/thumbnail_Calotipo2.jpg\" \/>\n\t<meta property=\"og:image:width\" content=\"500\" \/>\n\t<meta property=\"og:image:height\" content=\"410\" \/>\n\t<meta property=\"og:image:type\" content=\"image\/jpeg\" \/>\n<meta name=\"author\" content=\"zrio\" \/>\n<meta name=\"twitter:card\" content=\"summary_large_image\" \/>\n<meta name=\"twitter:label1\" content=\"Escrito por\" \/>\n\t<meta name=\"twitter:data1\" content=\"zrio\" \/>\n\t<meta name=\"twitter:label2\" content=\"Tiempo de lectura\" \/>\n\t<meta name=\"twitter:data2\" content=\"1 minuto\" \/>\n<!-- \/ Yoast SEO plugin. -->","yoast_head_json":{"title":"Los calotipos del siglo XIX - Actualidad Nebrija","robots":{"index":"index","follow":"follow","max-snippet":"max-snippet:-1","max-image-preview":"max-image-preview:large","max-video-preview":"max-video-preview:-1"},"canonical":"https:\/\/www.nebrija.com\/medios\/actualidadnebrija\/2016\/11\/07\/los-calotipos-del-siglo-xix\/","og_locale":"es_ES","og_type":"article","og_title":"Los calotipos del siglo XIX - Actualidad Nebrija","og_description":"El primer libro de arte con fotograf\u00edas: la joya de PhotoEspa\u00f1a 2016 La \u00faltima edici\u00f3n del Festival internacional de fotograf\u00eda y artes visuales PhotoEspa\u00f1a (PHE 16), celebrada entre el 1 de junio y el 28 de agosto de este a\u00f1o,","og_url":"https:\/\/www.nebrija.com\/medios\/actualidadnebrija\/2016\/11\/07\/los-calotipos-del-siglo-xix\/","og_site_name":"Actualidad Nebrija","article_published_time":"2016-11-07T12:14:51+00:00","og_image":[{"width":500,"height":410,"url":"https:\/\/www.nebrija.com\/medios\/actualidadnebrija\/wp-content\/uploads\/sites\/2\/2016\/11\/thumbnail_Calotipo2.jpg","type":"image\/jpeg"}],"author":"zrio","twitter_card":"summary_large_image","twitter_misc":{"Escrito por":"zrio","Tiempo de lectura":"1 minuto"},"schema":{"@context":"https:\/\/schema.org","@graph":[{"@type":"WebPage","@id":"https:\/\/www.nebrija.com\/medios\/actualidadnebrija\/2016\/11\/07\/los-calotipos-del-siglo-xix\/","url":"https:\/\/www.nebrija.com\/medios\/actualidadnebrija\/2016\/11\/07\/los-calotipos-del-siglo-xix\/","name":"Los calotipos del siglo XIX - Actualidad Nebrija","isPartOf":{"@id":"https:\/\/www.nebrija.com\/medios\/actualidadnebrija\/#website"},"datePublished":"2016-11-07T12:14:51+00:00","dateModified":"2016-11-07T12:14:51+00:00","author":{"@id":"https:\/\/www.nebrija.com\/medios\/actualidadnebrija\/#\/schema\/person\/2e19401bf433336fc2b333cbe673eb0f"},"breadcrumb":{"@id":"https:\/\/www.nebrija.com\/medios\/actualidadnebrija\/2016\/11\/07\/los-calotipos-del-siglo-xix\/#breadcrumb"},"inLanguage":"es","potentialAction":[{"@type":"ReadAction","target":["https:\/\/www.nebrija.com\/medios\/actualidadnebrija\/2016\/11\/07\/los-calotipos-del-siglo-xix\/"]}]},{"@type":"BreadcrumbList","@id":"https:\/\/www.nebrija.com\/medios\/actualidadnebrija\/2016\/11\/07\/los-calotipos-del-siglo-xix\/#breadcrumb","itemListElement":[{"@type":"ListItem","position":1,"name":"Home","item":"https:\/\/www.nebrija.com\/medios\/actualidadnebrija\/"},{"@type":"ListItem","position":2,"name":"Los calotipos del siglo XIX"}]},{"@type":"WebSite","@id":"https:\/\/www.nebrija.com\/medios\/actualidadnebrija\/#website","url":"https:\/\/www.nebrija.com\/medios\/actualidadnebrija\/","name":"Actualidad Nebrija","description":"Noticias de la Universidad Nebrija","potentialAction":[{"@type":"SearchAction","target":{"@type":"EntryPoint","urlTemplate":"https:\/\/www.nebrija.com\/medios\/actualidadnebrija\/?s={search_term_string}"},"query-input":"required name=search_term_string"}],"inLanguage":"es"},{"@type":"Person","@id":"https:\/\/www.nebrija.com\/medios\/actualidadnebrija\/#\/schema\/person\/2e19401bf433336fc2b333cbe673eb0f","name":"zrio","image":{"@type":"ImageObject","inLanguage":"es","@id":"https:\/\/www.nebrija.com\/medios\/actualidadnebrija\/#\/schema\/person\/image\/","url":"https:\/\/secure.gravatar.com\/avatar\/b69bcb283ce7c5397b6912e6de3aaf65?s=96&d=mm&r=g","contentUrl":"https:\/\/secure.gravatar.com\/avatar\/b69bcb283ce7c5397b6912e6de3aaf65?s=96&d=mm&r=g","caption":"zrio"},"url":"https:\/\/www.nebrija.com\/medios\/actualidadnebrija\/author\/zrio\/"}]}},"_links":{"self":[{"href":"https:\/\/www.nebrija.com\/medios\/actualidadnebrija\/wp-json\/wp\/v2\/posts\/38323"}],"collection":[{"href":"https:\/\/www.nebrija.com\/medios\/actualidadnebrija\/wp-json\/wp\/v2\/posts"}],"about":[{"href":"https:\/\/www.nebrija.com\/medios\/actualidadnebrija\/wp-json\/wp\/v2\/types\/post"}],"author":[{"embeddable":true,"href":"https:\/\/www.nebrija.com\/medios\/actualidadnebrija\/wp-json\/wp\/v2\/users\/9"}],"replies":[{"embeddable":true,"href":"https:\/\/www.nebrija.com\/medios\/actualidadnebrija\/wp-json\/wp\/v2\/comments?post=38323"}],"version-history":[{"count":1,"href":"https:\/\/www.nebrija.com\/medios\/actualidadnebrija\/wp-json\/wp\/v2\/posts\/38323\/revisions"}],"predecessor-version":[{"id":38327,"href":"https:\/\/www.nebrija.com\/medios\/actualidadnebrija\/wp-json\/wp\/v2\/posts\/38323\/revisions\/38327"}],"wp:featuredmedia":[{"embeddable":true,"href":"https:\/\/www.nebrija.com\/medios\/actualidadnebrija\/wp-json\/wp\/v2\/media\/38325"}],"wp:attachment":[{"href":"https:\/\/www.nebrija.com\/medios\/actualidadnebrija\/wp-json\/wp\/v2\/media?parent=38323"}],"wp:term":[{"taxonomy":"category","embeddable":true,"href":"https:\/\/www.nebrija.com\/medios\/actualidadnebrija\/wp-json\/wp\/v2\/categories?post=38323"},{"taxonomy":"post_tag","embeddable":true,"href":"https:\/\/www.nebrija.com\/medios\/actualidadnebrija\/wp-json\/wp\/v2\/tags?post=38323"}],"curies":[{"name":"wp","href":"https:\/\/api.w.org\/{rel}","templated":true}]}}