{"id":40832,"date":"2017-03-06T15:09:13","date_gmt":"2017-03-06T14:09:13","guid":{"rendered":"http:\/\/www.nebrija.com\/medios\/actualidadnebrija\/?p=40832"},"modified":"2017-03-06T17:23:40","modified_gmt":"2017-03-06T16:23:40","slug":"la-profesora-lucia-loren-participa-la-muestra-clouded-lands-del-cab","status":"publish","type":"post","link":"https:\/\/www.nebrija.com\/medios\/actualidadnebrija\/2017\/03\/06\/la-profesora-lucia-loren-participa-la-muestra-clouded-lands-del-cab\/","title":{"rendered":"La profesora Luc\u00eda Loren participa en la muestra Clouded Lands del CAB"},"content":{"rendered":"<p><strong>El Centro de Artes de Burgos acoge esta exposici\u00f3n del 3 de marzo al 28 de mayo de 2017<\/strong><\/p>\n<p>Luc\u00eda Loren, profesora del Grado en Bellas Artes de la Universidad Nebrija, participa en la muestra Clouded Lands en el Centro de Artes de Burgos (CAB), comisariado por Olga Pastor Alvarado e ideado por el colectivo internacional Food of War.<\/p>\n<p>Del 3 de marzo al 28 de mayo de 2017 estar\u00e1 abierto al p\u00fablico este proyecto expositivo para ver, pensar, comer, escuchar, sentir\u2026 La muestra cuenta con artistas como Carolina Mu\u00f1oz, Omar Casta\u00f1eda, Hern\u00e1n Barros, Quintina Valero, Simone Mattar, Zinhida Lihacheva, Pablo Robertson de Unamuno, Gemma Pardo, Noela Roib\u00e1s, Julia Casal, Pedro Paricio, Ernesto C\u00e1novas y la profesora Luc\u00eda Loren.<\/p>\n<p>&#8220;La cartograf\u00eda del Ebro, bordada en hilo rojo, alude al gran organismo que conforma esta cuenca. Forma parte de la instalaci\u00f3n \u201cMesa Nuclear\u201d, una reflexi\u00f3n sobre c\u00f3mo todas las actividades derivadas de las centrales nucleares acaban repercutiendo en nuestra mesa, a trav\u00e9s del agua que bebemos y con la que regamos nuestros cultivos. No podemos olvidar, que Garo\u00f1a est\u00e1 situada en la cabecera del r\u00edo Ebro, riega cultivos y suministra agua a cinco comunidades aut\u00f3nomas\u201d, explica la profesora.<\/p>\n\n\t\t<style type=\"text\/css\">\n\t\t\t#gallery-1 {\n\t\t\t\tmargin: auto;\n\t\t\t}\n\t\t\t#gallery-1 .gallery-item {\n\t\t\t\tfloat: left;\n\t\t\t\tmargin-top: 10px;\n\t\t\t\ttext-align: center;\n\t\t\t\twidth: 25%;\n\t\t\t}\n\t\t\t#gallery-1 img {\n\t\t\t\tborder: 2px solid #cfcfcf;\n\t\t\t}\n\t\t\t#gallery-1 .gallery-caption {\n\t\t\t\tmargin-left: 0;\n\t\t\t}\n\t\t\t\/* see gallery_shortcode() in wp-includes\/media.php *\/\n\t\t<\/style>\n\t\t<div id='gallery-1' class='gallery galleryid-40832 gallery-columns-4 gallery-size-thumbnail'><dl class='gallery-item'>\n\t\t\t<dt class='gallery-icon landscape'>\n\t\t\t\t<a href='https:\/\/www.nebrija.com\/medios\/actualidadnebrija\/wp-content\/uploads\/sites\/2\/2017\/03\/01-rio-ebro2017_6-1.jpg'><img loading=\"lazy\" decoding=\"async\" width=\"150\" height=\"150\" src=\"https:\/\/www.nebrija.com\/medios\/actualidadnebrija\/wp-content\/uploads\/sites\/2\/2017\/03\/01-rio-ebro2017_6-1-150x150.jpg\" class=\"attachment-thumbnail size-thumbnail\" alt=\"\" \/><\/a>\n\t\t\t<\/dt><\/dl><dl class='gallery-item'>\n\t\t\t<dt class='gallery-icon landscape'>\n\t\t\t\t<a href='https:\/\/www.nebrija.com\/medios\/actualidadnebrija\/wp-content\/uploads\/sites\/2\/2017\/03\/02-rio-ebro2017_-1.jpg'><img loading=\"lazy\" decoding=\"async\" width=\"150\" height=\"150\" src=\"https:\/\/www.nebrija.com\/medios\/actualidadnebrija\/wp-content\/uploads\/sites\/2\/2017\/03\/02-rio-ebro2017_-1-150x150.jpg\" class=\"attachment-thumbnail size-thumbnail\" alt=\"\" \/><\/a>\n\t\t\t<\/dt><\/dl><dl class='gallery-item'>\n\t\t\t<dt class='gallery-icon landscape'>\n\t\t\t\t<a href='https:\/\/www.nebrija.com\/medios\/actualidadnebrija\/wp-content\/uploads\/sites\/2\/2017\/03\/03-rio-ebro2017_8-1.jpg'><img loading=\"lazy\" decoding=\"async\" width=\"150\" height=\"150\" src=\"https:\/\/www.nebrija.com\/medios\/actualidadnebrija\/wp-content\/uploads\/sites\/2\/2017\/03\/03-rio-ebro2017_8-1-150x150.jpg\" class=\"attachment-thumbnail size-thumbnail\" alt=\"\" \/><\/a>\n\t\t\t<\/dt><\/dl><dl class='gallery-item'>\n\t\t\t<dt class='gallery-icon landscape'>\n\t\t\t\t<a href='https:\/\/www.nebrija.com\/medios\/actualidadnebrija\/wp-content\/uploads\/sites\/2\/2017\/03\/04-rio-ebro2017_9-1.jpg'><img loading=\"lazy\" decoding=\"async\" width=\"150\" height=\"150\" src=\"https:\/\/www.nebrija.com\/medios\/actualidadnebrija\/wp-content\/uploads\/sites\/2\/2017\/03\/04-rio-ebro2017_9-1-150x150.jpg\" class=\"attachment-thumbnail size-thumbnail\" alt=\"\" \/><\/a>\n\t\t\t<\/dt><\/dl><br style=\"clear: both\" \/><dl class='gallery-item'>\n\t\t\t<dt class='gallery-icon landscape'>\n\t\t\t\t<a href='https:\/\/www.nebrija.com\/medios\/actualidadnebrija\/wp-content\/uploads\/sites\/2\/2017\/03\/05-rio-ebro2017_0-1.jpg'><img loading=\"lazy\" decoding=\"async\" width=\"150\" height=\"150\" src=\"https:\/\/www.nebrija.com\/medios\/actualidadnebrija\/wp-content\/uploads\/sites\/2\/2017\/03\/05-rio-ebro2017_0-1-150x150.jpg\" class=\"attachment-thumbnail size-thumbnail\" alt=\"\" \/><\/a>\n\t\t\t<\/dt><\/dl><dl class='gallery-item'>\n\t\t\t<dt class='gallery-icon landscape'>\n\t\t\t\t<a href='https:\/\/www.nebrija.com\/medios\/actualidadnebrija\/wp-content\/uploads\/sites\/2\/2017\/03\/06-rio-ebro2017_1-1.jpg'><img loading=\"lazy\" decoding=\"async\" width=\"150\" height=\"150\" src=\"https:\/\/www.nebrija.com\/medios\/actualidadnebrija\/wp-content\/uploads\/sites\/2\/2017\/03\/06-rio-ebro2017_1-1-150x150.jpg\" class=\"attachment-thumbnail size-thumbnail\" alt=\"\" \/><\/a>\n\t\t\t<\/dt><\/dl><dl class='gallery-item'>\n\t\t\t<dt class='gallery-icon landscape'>\n\t\t\t\t<a href='https:\/\/www.nebrija.com\/medios\/actualidadnebrija\/wp-content\/uploads\/sites\/2\/2017\/03\/07-rio-ebro2017_2-1.jpg'><img loading=\"lazy\" decoding=\"async\" width=\"150\" height=\"150\" src=\"https:\/\/www.nebrija.com\/medios\/actualidadnebrija\/wp-content\/uploads\/sites\/2\/2017\/03\/07-rio-ebro2017_2-1-150x150.jpg\" class=\"attachment-thumbnail size-thumbnail\" alt=\"\" \/><\/a>\n\t\t\t<\/dt><\/dl><dl class='gallery-item'>\n\t\t\t<dt class='gallery-icon landscape'>\n\t\t\t\t<a href='https:\/\/www.nebrija.com\/medios\/actualidadnebrija\/wp-content\/uploads\/sites\/2\/2017\/03\/08-rio-ebro2017_3-1.jpg'><img loading=\"lazy\" decoding=\"async\" width=\"150\" height=\"150\" src=\"https:\/\/www.nebrija.com\/medios\/actualidadnebrija\/wp-content\/uploads\/sites\/2\/2017\/03\/08-rio-ebro2017_3-1-150x150.jpg\" class=\"attachment-thumbnail size-thumbnail\" alt=\"\" \/><\/a>\n\t\t\t<\/dt><\/dl><br style=\"clear: both\" \/>\n\t\t<\/div>\n\n","protected":false},"excerpt":{"rendered":"<p>El Centro de Artes de Burgos acoge esta exposici\u00f3n del 3 de marzo al 28 de mayo de 2017<\/p>\n","protected":false},"author":9,"featured_media":40842,"comment_status":"open","ping_status":"open","sticky":false,"template":"","format":"standard","meta":{"_acf_changed":false,"_monsterinsights_skip_tracking":false,"_monsterinsights_sitenote_active":false,"_monsterinsights_sitenote_note":"","_monsterinsights_sitenote_category":0,"footnotes":""},"categories":[3,3053,3078],"tags":[],"acf":[],"yoast_head":"<!-- This site is optimized with the Yoast SEO plugin v22.1 - https:\/\/yoast.com\/wordpress\/plugins\/seo\/ -->\n<title>La profesora Luc\u00eda Loren participa en la muestra Clouded Lands del CAB - Actualidad Nebrija<\/title>\n<meta name=\"robots\" content=\"index, follow, max-snippet:-1, max-image-preview:large, max-video-preview:-1\" \/>\n<link rel=\"canonical\" href=\"https:\/\/www.nebrija.com\/medios\/actualidadnebrija\/2017\/03\/06\/la-profesora-lucia-loren-participa-la-muestra-clouded-lands-del-cab\/\" \/>\n<meta property=\"og:locale\" content=\"es_ES\" \/>\n<meta property=\"og:type\" content=\"article\" \/>\n<meta property=\"og:title\" content=\"La profesora Luc\u00eda Loren participa en la muestra Clouded Lands del CAB - Actualidad Nebrija\" \/>\n<meta property=\"og:description\" content=\"El Centro de Artes de Burgos acoge esta exposici\u00f3n del 3 de marzo al 28 de mayo de 2017\" \/>\n<meta property=\"og:url\" content=\"https:\/\/www.nebrija.com\/medios\/actualidadnebrija\/2017\/03\/06\/la-profesora-lucia-loren-participa-la-muestra-clouded-lands-del-cab\/\" \/>\n<meta property=\"og:site_name\" content=\"Actualidad Nebrija\" \/>\n<meta property=\"article:published_time\" content=\"2017-03-06T14:09:13+00:00\" \/>\n<meta property=\"article:modified_time\" content=\"2017-03-06T16:23:40+00:00\" \/>\n<meta property=\"og:image\" content=\"https:\/\/www.nebrija.com\/medios\/actualidadnebrija\/wp-content\/uploads\/sites\/2\/2017\/03\/02-rio-ebro2017_-1.jpg\" \/>\n\t<meta property=\"og:image:width\" content=\"1024\" \/>\n\t<meta property=\"og:image:height\" content=\"576\" \/>\n\t<meta property=\"og:image:type\" content=\"image\/jpeg\" \/>\n<meta name=\"author\" content=\"zrio\" \/>\n<meta name=\"twitter:card\" content=\"summary_large_image\" \/>\n<meta name=\"twitter:label1\" content=\"Escrito por\" \/>\n\t<meta name=\"twitter:data1\" content=\"zrio\" \/>\n\t<meta name=\"twitter:label2\" content=\"Tiempo de lectura\" \/>\n\t<meta name=\"twitter:data2\" content=\"1 minuto\" \/>\n<!-- \/ Yoast SEO plugin. -->","yoast_head_json":{"title":"La profesora Luc\u00eda Loren participa en la muestra Clouded Lands del CAB - Actualidad Nebrija","robots":{"index":"index","follow":"follow","max-snippet":"max-snippet:-1","max-image-preview":"max-image-preview:large","max-video-preview":"max-video-preview:-1"},"canonical":"https:\/\/www.nebrija.com\/medios\/actualidadnebrija\/2017\/03\/06\/la-profesora-lucia-loren-participa-la-muestra-clouded-lands-del-cab\/","og_locale":"es_ES","og_type":"article","og_title":"La profesora Luc\u00eda Loren participa en la muestra Clouded Lands del CAB - Actualidad Nebrija","og_description":"El Centro de Artes de Burgos acoge esta exposici\u00f3n del 3 de marzo al 28 de mayo de 2017","og_url":"https:\/\/www.nebrija.com\/medios\/actualidadnebrija\/2017\/03\/06\/la-profesora-lucia-loren-participa-la-muestra-clouded-lands-del-cab\/","og_site_name":"Actualidad Nebrija","article_published_time":"2017-03-06T14:09:13+00:00","article_modified_time":"2017-03-06T16:23:40+00:00","og_image":[{"width":1024,"height":576,"url":"https:\/\/www.nebrija.com\/medios\/actualidadnebrija\/wp-content\/uploads\/sites\/2\/2017\/03\/02-rio-ebro2017_-1.jpg","type":"image\/jpeg"}],"author":"zrio","twitter_card":"summary_large_image","twitter_misc":{"Escrito por":"zrio","Tiempo de lectura":"1 minuto"},"schema":{"@context":"https:\/\/schema.org","@graph":[{"@type":"WebPage","@id":"https:\/\/www.nebrija.com\/medios\/actualidadnebrija\/2017\/03\/06\/la-profesora-lucia-loren-participa-la-muestra-clouded-lands-del-cab\/","url":"https:\/\/www.nebrija.com\/medios\/actualidadnebrija\/2017\/03\/06\/la-profesora-lucia-loren-participa-la-muestra-clouded-lands-del-cab\/","name":"La profesora Luc\u00eda Loren participa en la muestra Clouded Lands del CAB - Actualidad Nebrija","isPartOf":{"@id":"https:\/\/www.nebrija.com\/medios\/actualidadnebrija\/#website"},"datePublished":"2017-03-06T14:09:13+00:00","dateModified":"2017-03-06T16:23:40+00:00","author":{"@id":"https:\/\/www.nebrija.com\/medios\/actualidadnebrija\/#\/schema\/person\/2e19401bf433336fc2b333cbe673eb0f"},"breadcrumb":{"@id":"https:\/\/www.nebrija.com\/medios\/actualidadnebrija\/2017\/03\/06\/la-profesora-lucia-loren-participa-la-muestra-clouded-lands-del-cab\/#breadcrumb"},"inLanguage":"es","potentialAction":[{"@type":"ReadAction","target":["https:\/\/www.nebrija.com\/medios\/actualidadnebrija\/2017\/03\/06\/la-profesora-lucia-loren-participa-la-muestra-clouded-lands-del-cab\/"]}]},{"@type":"BreadcrumbList","@id":"https:\/\/www.nebrija.com\/medios\/actualidadnebrija\/2017\/03\/06\/la-profesora-lucia-loren-participa-la-muestra-clouded-lands-del-cab\/#breadcrumb","itemListElement":[{"@type":"ListItem","position":1,"name":"Home","item":"https:\/\/www.nebrija.com\/medios\/actualidadnebrija\/"},{"@type":"ListItem","position":2,"name":"La profesora Luc\u00eda Loren participa en la muestra Clouded Lands del CAB"}]},{"@type":"WebSite","@id":"https:\/\/www.nebrija.com\/medios\/actualidadnebrija\/#website","url":"https:\/\/www.nebrija.com\/medios\/actualidadnebrija\/","name":"Actualidad Nebrija","description":"Noticias de la Universidad Nebrija","potentialAction":[{"@type":"SearchAction","target":{"@type":"EntryPoint","urlTemplate":"https:\/\/www.nebrija.com\/medios\/actualidadnebrija\/?s={search_term_string}"},"query-input":"required name=search_term_string"}],"inLanguage":"es"},{"@type":"Person","@id":"https:\/\/www.nebrija.com\/medios\/actualidadnebrija\/#\/schema\/person\/2e19401bf433336fc2b333cbe673eb0f","name":"zrio","image":{"@type":"ImageObject","inLanguage":"es","@id":"https:\/\/www.nebrija.com\/medios\/actualidadnebrija\/#\/schema\/person\/image\/","url":"https:\/\/secure.gravatar.com\/avatar\/b69bcb283ce7c5397b6912e6de3aaf65?s=96&d=mm&r=g","contentUrl":"https:\/\/secure.gravatar.com\/avatar\/b69bcb283ce7c5397b6912e6de3aaf65?s=96&d=mm&r=g","caption":"zrio"},"url":"https:\/\/www.nebrija.com\/medios\/actualidadnebrija\/author\/zrio\/"}]}},"_links":{"self":[{"href":"https:\/\/www.nebrija.com\/medios\/actualidadnebrija\/wp-json\/wp\/v2\/posts\/40832"}],"collection":[{"href":"https:\/\/www.nebrija.com\/medios\/actualidadnebrija\/wp-json\/wp\/v2\/posts"}],"about":[{"href":"https:\/\/www.nebrija.com\/medios\/actualidadnebrija\/wp-json\/wp\/v2\/types\/post"}],"author":[{"embeddable":true,"href":"https:\/\/www.nebrija.com\/medios\/actualidadnebrija\/wp-json\/wp\/v2\/users\/9"}],"replies":[{"embeddable":true,"href":"https:\/\/www.nebrija.com\/medios\/actualidadnebrija\/wp-json\/wp\/v2\/comments?post=40832"}],"version-history":[{"count":3,"href":"https:\/\/www.nebrija.com\/medios\/actualidadnebrija\/wp-json\/wp\/v2\/posts\/40832\/revisions"}],"predecessor-version":[{"id":40851,"href":"https:\/\/www.nebrija.com\/medios\/actualidadnebrija\/wp-json\/wp\/v2\/posts\/40832\/revisions\/40851"}],"wp:featuredmedia":[{"embeddable":true,"href":"https:\/\/www.nebrija.com\/medios\/actualidadnebrija\/wp-json\/wp\/v2\/media\/40842"}],"wp:attachment":[{"href":"https:\/\/www.nebrija.com\/medios\/actualidadnebrija\/wp-json\/wp\/v2\/media?parent=40832"}],"wp:term":[{"taxonomy":"category","embeddable":true,"href":"https:\/\/www.nebrija.com\/medios\/actualidadnebrija\/wp-json\/wp\/v2\/categories?post=40832"},{"taxonomy":"post_tag","embeddable":true,"href":"https:\/\/www.nebrija.com\/medios\/actualidadnebrija\/wp-json\/wp\/v2\/tags?post=40832"}],"curies":[{"name":"wp","href":"https:\/\/api.w.org\/{rel}","templated":true}]}}