{"id":42650,"date":"2017-05-22T17:10:23","date_gmt":"2017-05-22T15:10:23","guid":{"rendered":"http:\/\/www.nebrija.com\/medios\/actualidadnebrija\/?p=42650"},"modified":"2017-05-23T17:35:56","modified_gmt":"2017-05-23T15:35:56","slug":"ignacio-bosque-imparte-un-seminario-en-la-semana-de-las-lenguas-de-la-universidad-nebrija","status":"publish","type":"post","link":"https:\/\/www.nebrija.com\/medios\/actualidadnebrija\/2017\/05\/22\/ignacio-bosque-imparte-un-seminario-en-la-semana-de-las-lenguas-de-la-universidad-nebrija\/","title":{"rendered":"Ignacio Bosque imparte un seminario en la Semana de las Lenguas de la Universidad Nebrija"},"content":{"rendered":"<p><strong>El Acad\u00e9mico de la RAE se acerc\u00f3 al Campus Madrid &#8211; Princesa para hacer un recorrido por los diversos diccionarios existentes y comprender su utilidad en la ense\u00f1anza del espa\u00f1ol como lengua extranjera.<\/strong><\/p>\n<p>Ignacio Bosque, miembro de la Real Academia Espa\u00f1ola, imparti\u00f3 el seminario \u201cLos nuevos diccionarios y la ense\u00f1anza del espa\u00f1ol como segunda lengua\u201d, los d\u00edas 17 y 18 de mayo en el Campus Madrid \u2013 Princesa de la Universidad Nebrija.<\/p>\n<p>Durante este seminario, el acad\u00e9mico compar\u00f3 los tipos de diccionarios, tanto de espa\u00f1ol como de otras lenguas, dirigidos especialmente al profesorado de Espa\u00f1ol como Lengua Extranjera (ELE).<\/p>\n<p>Entre otros, habl\u00f3 de los diccionarios sint\u00e1cticos y las informaciones que aportan, los diccionarios combinatorios, los tem\u00e1ticos, anal\u00f3gicos o ideol\u00f3gicos, as\u00ed como los fraseol\u00f3gicos.<\/p>\n<p>El curso, enmarcado en las actividades de la Semana de las Lenguas de la Universidad Nebrija y organizado por la <a href=\"https:\/\/www.nebrija.com\/la_universidad\/facultades\/facultad-artes-letras\/\" target=\"_blank\" rel=\"noopener noreferrer\">Facultad de las Artes y las Letras<\/a>, buscaba un an\u00e1lisis de una parte del conjunto de los diccionarios, as\u00ed como un examen somero de sus bases conceptuales.<\/p>\n<p><strong>Sobre Ignacio Bosque<\/strong><\/p>\n<p>Miembro de la Real Academia Espa\u00f1ola, es doctor en Filolog\u00eda Hisp\u00e1nica y catedr\u00e1tico de Lengua Espa\u00f1ola de la Universidad Complutense de Madrid desde 1982. Doctor honoris causa por las universidades de Alicante, C\u00f3rdoba (Argentina), El Salvador (Argentina) y Americana de Managua (Nicaragua), y miembro correspondiente de la Academia Paname\u00f1a de la Lengua y de la Academia Europea.<\/p>\n<p>Ignacio Bosque es especialista en gram\u00e1tica espa\u00f1ola y teor\u00eda gramatical, autor junto con Violeta Demonte de la Gram\u00e1tica descriptiva de la lengua espa\u00f1ola y acad\u00e9mico ponente de la Nueva gram\u00e1tica de la lengua espa\u00f1ola, obra que recibi\u00f3 el Premio Internacional Don Quijote de la Mancha. Adem\u00e1s, ha dirigido dos diccionarios combinatorios: Redes y Pr\u00e1ctico, y ha publicado numerosos trabajos sobre la relaci\u00f3n entre el l\u00e9xico y la gram\u00e1tica.<\/p>\n<p>Ha recibido diferentes reconocimientos a lo largo de su trayectoria, como el Premio Eduardo Benot al Rigor Cient\u00edfico y Ling\u00fc\u00edstico, el Premio de Investigaci\u00f3n en Humanidades Juli\u00e1n Mar\u00edas de la Comunidad de Madrid, el Premio Nacional de Investigaci\u00f3n Ram\u00f3n Men\u00e9ndez Pidal o el Premio Internacional Alfonso Reyes, entre otros.<\/p>\n\n\t\t<style type=\"text\/css\">\n\t\t\t#gallery-1 {\n\t\t\t\tmargin: auto;\n\t\t\t}\n\t\t\t#gallery-1 .gallery-item {\n\t\t\t\tfloat: left;\n\t\t\t\tmargin-top: 10px;\n\t\t\t\ttext-align: center;\n\t\t\t\twidth: 25%;\n\t\t\t}\n\t\t\t#gallery-1 img {\n\t\t\t\tborder: 2px solid #cfcfcf;\n\t\t\t}\n\t\t\t#gallery-1 .gallery-caption {\n\t\t\t\tmargin-left: 0;\n\t\t\t}\n\t\t\t\/* see gallery_shortcode() in wp-includes\/media.php *\/\n\t\t<\/style>\n\t\t<div id='gallery-1' class='gallery galleryid-42650 gallery-columns-4 gallery-size-thumbnail'><dl class='gallery-item'>\n\t\t\t<dt class='gallery-icon landscape'>\n\t\t\t\t<a href='https:\/\/www.nebrija.com\/medios\/actualidadnebrija\/wp-content\/uploads\/sites\/2\/2017\/05\/IMG_9160.jpg'><img loading=\"lazy\" decoding=\"async\" width=\"150\" height=\"150\" src=\"https:\/\/www.nebrija.com\/medios\/actualidadnebrija\/wp-content\/uploads\/sites\/2\/2017\/05\/IMG_9160-150x150.jpg\" class=\"attachment-thumbnail size-thumbnail\" alt=\"Ignacio Bosque imparte un seminario en la Semana de las Lenguas de la Universidad Nebrija\" \/><\/a>\n\t\t\t<\/dt><\/dl><dl class='gallery-item'>\n\t\t\t<dt class='gallery-icon landscape'>\n\t\t\t\t<a href='https:\/\/www.nebrija.com\/medios\/actualidadnebrija\/wp-content\/uploads\/sites\/2\/2017\/05\/IMG_9204.jpg'><img loading=\"lazy\" decoding=\"async\" width=\"150\" height=\"150\" src=\"https:\/\/www.nebrija.com\/medios\/actualidadnebrija\/wp-content\/uploads\/sites\/2\/2017\/05\/IMG_9204-150x150.jpg\" class=\"attachment-thumbnail size-thumbnail\" alt=\"Ignacio Bosque imparte un seminario en la Semana de las Lenguas de la Universidad Nebrija\" \/><\/a>\n\t\t\t<\/dt><\/dl><dl class='gallery-item'>\n\t\t\t<dt class='gallery-icon landscape'>\n\t\t\t\t<a href='https:\/\/www.nebrija.com\/medios\/actualidadnebrija\/wp-content\/uploads\/sites\/2\/2017\/05\/IMG_9226.jpg'><img loading=\"lazy\" decoding=\"async\" width=\"150\" height=\"150\" src=\"https:\/\/www.nebrija.com\/medios\/actualidadnebrija\/wp-content\/uploads\/sites\/2\/2017\/05\/IMG_9226-150x150.jpg\" class=\"attachment-thumbnail size-thumbnail\" alt=\"Ignacio Bosque imparte un seminario en la Semana de las Lenguas de la Universidad Nebrija\" \/><\/a>\n\t\t\t<\/dt><\/dl><dl class='gallery-item'>\n\t\t\t<dt class='gallery-icon landscape'>\n\t\t\t\t<a href='https:\/\/www.nebrija.com\/medios\/actualidadnebrija\/wp-content\/uploads\/sites\/2\/2017\/05\/IMG_9208.jpg'><img loading=\"lazy\" decoding=\"async\" width=\"150\" height=\"150\" src=\"https:\/\/www.nebrija.com\/medios\/actualidadnebrija\/wp-content\/uploads\/sites\/2\/2017\/05\/IMG_9208-150x150.jpg\" class=\"attachment-thumbnail size-thumbnail\" alt=\"Ignacio Bosque imparte un seminario en la Semana de las Lenguas de la Universidad Nebrija\" \/><\/a>\n\t\t\t<\/dt><\/dl><br style=\"clear: both\" \/><dl class='gallery-item'>\n\t\t\t<dt class='gallery-icon landscape'>\n\t\t\t\t<a href='https:\/\/www.nebrija.com\/medios\/actualidadnebrija\/wp-content\/uploads\/sites\/2\/2017\/05\/IMG_9211.jpg'><img loading=\"lazy\" decoding=\"async\" width=\"150\" height=\"150\" src=\"https:\/\/www.nebrija.com\/medios\/actualidadnebrija\/wp-content\/uploads\/sites\/2\/2017\/05\/IMG_9211-150x150.jpg\" class=\"attachment-thumbnail size-thumbnail\" alt=\"Ignacio Bosque imparte un seminario en la Semana de las Lenguas de la Universidad Nebrija\" \/><\/a>\n\t\t\t<\/dt><\/dl><dl class='gallery-item'>\n\t\t\t<dt class='gallery-icon landscape'>\n\t\t\t\t<a href='https:\/\/www.nebrija.com\/medios\/actualidadnebrija\/wp-content\/uploads\/sites\/2\/2017\/05\/IMG_9233.jpg'><img loading=\"lazy\" decoding=\"async\" width=\"150\" height=\"150\" src=\"https:\/\/www.nebrija.com\/medios\/actualidadnebrija\/wp-content\/uploads\/sites\/2\/2017\/05\/IMG_9233-150x150.jpg\" class=\"attachment-thumbnail size-thumbnail\" alt=\"Ignacio Bosque imparte un seminario en la Semana de las Lenguas de la Universidad Nebrija\" \/><\/a>\n\t\t\t<\/dt><\/dl><dl class='gallery-item'>\n\t\t\t<dt class='gallery-icon landscape'>\n\t\t\t\t<a href='https:\/\/www.nebrija.com\/medios\/actualidadnebrija\/wp-content\/uploads\/sites\/2\/2017\/05\/IMG_9219.jpg'><img loading=\"lazy\" decoding=\"async\" width=\"150\" height=\"150\" src=\"https:\/\/www.nebrija.com\/medios\/actualidadnebrija\/wp-content\/uploads\/sites\/2\/2017\/05\/IMG_9219-150x150.jpg\" class=\"attachment-thumbnail size-thumbnail\" alt=\"Ignacio Bosque imparte un seminario en la Semana de las Lenguas de la Universidad Nebrija\" \/><\/a>\n\t\t\t<\/dt><\/dl><dl class='gallery-item'>\n\t\t\t<dt class='gallery-icon landscape'>\n\t\t\t\t<a href='https:\/\/www.nebrija.com\/medios\/actualidadnebrija\/wp-content\/uploads\/sites\/2\/2017\/05\/IMG_9223.jpg'><img loading=\"lazy\" decoding=\"async\" width=\"150\" height=\"150\" src=\"https:\/\/www.nebrija.com\/medios\/actualidadnebrija\/wp-content\/uploads\/sites\/2\/2017\/05\/IMG_9223-150x150.jpg\" class=\"attachment-thumbnail size-thumbnail\" alt=\"Ignacio Bosque imparte un seminario en la Semana de las Lenguas de la Universidad Nebrija\" \/><\/a>\n\t\t\t<\/dt><\/dl><br style=\"clear: both\" \/>\n\t\t<\/div>\n\n","protected":false},"excerpt":{"rendered":"<p>El Acad\u00e9mico de la RAE se acerc\u00f3 al Campus Madrid &#8211; Princesa para hacer un recorrido por los diversos diccionarios existentes y comprender su utilidad en la ense\u00f1anza del espa\u00f1ol como lengua extranjera. Ignacio Bosque, miembro de la Real Academia<\/p>\n","protected":false},"author":9,"featured_media":42656,"comment_status":"open","ping_status":"open","sticky":false,"template":"","format":"standard","meta":{"_acf_changed":false,"_monsterinsights_skip_tracking":false,"_monsterinsights_sitenote_active":false,"_monsterinsights_sitenote_note":"","_monsterinsights_sitenote_category":0,"footnotes":""},"categories":[3,3049,3078],"tags":[],"acf":[],"yoast_head":"<!-- This site is optimized with the Yoast SEO plugin v22.1 - https:\/\/yoast.com\/wordpress\/plugins\/seo\/ -->\n<title>Ignacio Bosque imparte un seminario en la Semana de las Lenguas de la Universidad Nebrija - Actualidad Nebrija<\/title>\n<meta name=\"robots\" content=\"index, follow, max-snippet:-1, max-image-preview:large, max-video-preview:-1\" \/>\n<link rel=\"canonical\" href=\"https:\/\/www.nebrija.com\/medios\/actualidadnebrija\/2017\/05\/22\/ignacio-bosque-imparte-un-seminario-en-la-semana-de-las-lenguas-de-la-universidad-nebrija\/\" \/>\n<meta property=\"og:locale\" content=\"es_ES\" \/>\n<meta property=\"og:type\" content=\"article\" \/>\n<meta property=\"og:title\" content=\"Ignacio Bosque imparte un seminario en la Semana de las Lenguas de la Universidad Nebrija - Actualidad Nebrija\" \/>\n<meta property=\"og:description\" content=\"El Acad\u00e9mico de la RAE se acerc\u00f3 al Campus Madrid &#8211; Princesa para hacer un recorrido por los diversos diccionarios existentes y comprender su utilidad en la ense\u00f1anza del espa\u00f1ol como lengua extranjera. Ignacio Bosque, miembro de la Real Academia\" \/>\n<meta property=\"og:url\" content=\"https:\/\/www.nebrija.com\/medios\/actualidadnebrija\/2017\/05\/22\/ignacio-bosque-imparte-un-seminario-en-la-semana-de-las-lenguas-de-la-universidad-nebrija\/\" \/>\n<meta property=\"og:site_name\" content=\"Actualidad Nebrija\" \/>\n<meta property=\"article:published_time\" content=\"2017-05-22T15:10:23+00:00\" \/>\n<meta property=\"article:modified_time\" content=\"2017-05-23T15:35:56+00:00\" \/>\n<meta property=\"og:image\" content=\"https:\/\/www.nebrija.com\/medios\/actualidadnebrija\/wp-content\/uploads\/sites\/2\/2017\/05\/IMG_9223.jpg\" \/>\n\t<meta property=\"og:image:width\" content=\"1000\" \/>\n\t<meta property=\"og:image:height\" content=\"667\" \/>\n\t<meta property=\"og:image:type\" content=\"image\/jpeg\" \/>\n<meta name=\"author\" content=\"zrio\" \/>\n<meta name=\"twitter:card\" content=\"summary_large_image\" \/>\n<meta name=\"twitter:label1\" content=\"Escrito por\" \/>\n\t<meta name=\"twitter:data1\" content=\"zrio\" \/>\n\t<meta name=\"twitter:label2\" content=\"Tiempo de lectura\" \/>\n\t<meta name=\"twitter:data2\" content=\"2 minutos\" \/>\n<!-- \/ Yoast SEO plugin. -->","yoast_head_json":{"title":"Ignacio Bosque imparte un seminario en la Semana de las Lenguas de la Universidad Nebrija - Actualidad Nebrija","robots":{"index":"index","follow":"follow","max-snippet":"max-snippet:-1","max-image-preview":"max-image-preview:large","max-video-preview":"max-video-preview:-1"},"canonical":"https:\/\/www.nebrija.com\/medios\/actualidadnebrija\/2017\/05\/22\/ignacio-bosque-imparte-un-seminario-en-la-semana-de-las-lenguas-de-la-universidad-nebrija\/","og_locale":"es_ES","og_type":"article","og_title":"Ignacio Bosque imparte un seminario en la Semana de las Lenguas de la Universidad Nebrija - Actualidad Nebrija","og_description":"El Acad\u00e9mico de la RAE se acerc\u00f3 al Campus Madrid &#8211; Princesa para hacer un recorrido por los diversos diccionarios existentes y comprender su utilidad en la ense\u00f1anza del espa\u00f1ol como lengua extranjera. Ignacio Bosque, miembro de la Real Academia","og_url":"https:\/\/www.nebrija.com\/medios\/actualidadnebrija\/2017\/05\/22\/ignacio-bosque-imparte-un-seminario-en-la-semana-de-las-lenguas-de-la-universidad-nebrija\/","og_site_name":"Actualidad Nebrija","article_published_time":"2017-05-22T15:10:23+00:00","article_modified_time":"2017-05-23T15:35:56+00:00","og_image":[{"width":1000,"height":667,"url":"https:\/\/www.nebrija.com\/medios\/actualidadnebrija\/wp-content\/uploads\/sites\/2\/2017\/05\/IMG_9223.jpg","type":"image\/jpeg"}],"author":"zrio","twitter_card":"summary_large_image","twitter_misc":{"Escrito por":"zrio","Tiempo de lectura":"2 minutos"},"schema":{"@context":"https:\/\/schema.org","@graph":[{"@type":"WebPage","@id":"https:\/\/www.nebrija.com\/medios\/actualidadnebrija\/2017\/05\/22\/ignacio-bosque-imparte-un-seminario-en-la-semana-de-las-lenguas-de-la-universidad-nebrija\/","url":"https:\/\/www.nebrija.com\/medios\/actualidadnebrija\/2017\/05\/22\/ignacio-bosque-imparte-un-seminario-en-la-semana-de-las-lenguas-de-la-universidad-nebrija\/","name":"Ignacio Bosque imparte un seminario en la Semana de las Lenguas de la Universidad Nebrija - Actualidad Nebrija","isPartOf":{"@id":"https:\/\/www.nebrija.com\/medios\/actualidadnebrija\/#website"},"datePublished":"2017-05-22T15:10:23+00:00","dateModified":"2017-05-23T15:35:56+00:00","author":{"@id":"https:\/\/www.nebrija.com\/medios\/actualidadnebrija\/#\/schema\/person\/2e19401bf433336fc2b333cbe673eb0f"},"breadcrumb":{"@id":"https:\/\/www.nebrija.com\/medios\/actualidadnebrija\/2017\/05\/22\/ignacio-bosque-imparte-un-seminario-en-la-semana-de-las-lenguas-de-la-universidad-nebrija\/#breadcrumb"},"inLanguage":"es","potentialAction":[{"@type":"ReadAction","target":["https:\/\/www.nebrija.com\/medios\/actualidadnebrija\/2017\/05\/22\/ignacio-bosque-imparte-un-seminario-en-la-semana-de-las-lenguas-de-la-universidad-nebrija\/"]}]},{"@type":"BreadcrumbList","@id":"https:\/\/www.nebrija.com\/medios\/actualidadnebrija\/2017\/05\/22\/ignacio-bosque-imparte-un-seminario-en-la-semana-de-las-lenguas-de-la-universidad-nebrija\/#breadcrumb","itemListElement":[{"@type":"ListItem","position":1,"name":"Home","item":"https:\/\/www.nebrija.com\/medios\/actualidadnebrija\/"},{"@type":"ListItem","position":2,"name":"Ignacio Bosque imparte un seminario en la Semana de las Lenguas de la Universidad Nebrija"}]},{"@type":"WebSite","@id":"https:\/\/www.nebrija.com\/medios\/actualidadnebrija\/#website","url":"https:\/\/www.nebrija.com\/medios\/actualidadnebrija\/","name":"Actualidad Nebrija","description":"Noticias de la Universidad Nebrija","potentialAction":[{"@type":"SearchAction","target":{"@type":"EntryPoint","urlTemplate":"https:\/\/www.nebrija.com\/medios\/actualidadnebrija\/?s={search_term_string}"},"query-input":"required name=search_term_string"}],"inLanguage":"es"},{"@type":"Person","@id":"https:\/\/www.nebrija.com\/medios\/actualidadnebrija\/#\/schema\/person\/2e19401bf433336fc2b333cbe673eb0f","name":"zrio","image":{"@type":"ImageObject","inLanguage":"es","@id":"https:\/\/www.nebrija.com\/medios\/actualidadnebrija\/#\/schema\/person\/image\/","url":"https:\/\/secure.gravatar.com\/avatar\/b69bcb283ce7c5397b6912e6de3aaf65?s=96&d=mm&r=g","contentUrl":"https:\/\/secure.gravatar.com\/avatar\/b69bcb283ce7c5397b6912e6de3aaf65?s=96&d=mm&r=g","caption":"zrio"},"url":"https:\/\/www.nebrija.com\/medios\/actualidadnebrija\/author\/zrio\/"}]}},"_links":{"self":[{"href":"https:\/\/www.nebrija.com\/medios\/actualidadnebrija\/wp-json\/wp\/v2\/posts\/42650"}],"collection":[{"href":"https:\/\/www.nebrija.com\/medios\/actualidadnebrija\/wp-json\/wp\/v2\/posts"}],"about":[{"href":"https:\/\/www.nebrija.com\/medios\/actualidadnebrija\/wp-json\/wp\/v2\/types\/post"}],"author":[{"embeddable":true,"href":"https:\/\/www.nebrija.com\/medios\/actualidadnebrija\/wp-json\/wp\/v2\/users\/9"}],"replies":[{"embeddable":true,"href":"https:\/\/www.nebrija.com\/medios\/actualidadnebrija\/wp-json\/wp\/v2\/comments?post=42650"}],"version-history":[{"count":3,"href":"https:\/\/www.nebrija.com\/medios\/actualidadnebrija\/wp-json\/wp\/v2\/posts\/42650\/revisions"}],"predecessor-version":[{"id":42663,"href":"https:\/\/www.nebrija.com\/medios\/actualidadnebrija\/wp-json\/wp\/v2\/posts\/42650\/revisions\/42663"}],"wp:featuredmedia":[{"embeddable":true,"href":"https:\/\/www.nebrija.com\/medios\/actualidadnebrija\/wp-json\/wp\/v2\/media\/42656"}],"wp:attachment":[{"href":"https:\/\/www.nebrija.com\/medios\/actualidadnebrija\/wp-json\/wp\/v2\/media?parent=42650"}],"wp:term":[{"taxonomy":"category","embeddable":true,"href":"https:\/\/www.nebrija.com\/medios\/actualidadnebrija\/wp-json\/wp\/v2\/categories?post=42650"},{"taxonomy":"post_tag","embeddable":true,"href":"https:\/\/www.nebrija.com\/medios\/actualidadnebrija\/wp-json\/wp\/v2\/tags?post=42650"}],"curies":[{"name":"wp","href":"https:\/\/api.w.org\/{rel}","templated":true}]}}