{"id":44742,"date":"2017-10-09T18:11:45","date_gmt":"2017-10-09T16:11:45","guid":{"rendered":"http:\/\/www.nebrija.com\/medios\/actualidadnebrija\/?p=44742"},"modified":"2017-10-09T18:11:45","modified_gmt":"2017-10-09T16:11:45","slug":"el-uso-de-twitter-en-educacion-superior-en-espana-y-estados-unidos-y-el-uso-de-las-redes-sociales-y-la-cultura-popular-para-una-mejor-comprension-intercultural-en-n","status":"publish","type":"post","link":"https:\/\/www.nebrija.com\/medios\/actualidadnebrija\/2017\/10\/09\/el-uso-de-twitter-en-educacion-superior-en-espana-y-estados-unidos-y-el-uso-de-las-redes-sociales-y-la-cultura-popular-para-una-mejor-comprension-intercultural-en-n\/","title":{"rendered":"\u2018El uso de Twitter en Educaci\u00f3n Superior en Espa\u00f1a y Estados Unidos\u2019 y \u2018El uso de las redes sociales y la cultura popular para una mejor comprensi\u00f3n intercultural\u2019 en nuestro vaciado de art\u00edculos"},"content":{"rendered":"<p>En <a href=\"https:\/\/biblioteca.nebrija.es\/cgi-bin\/opac\/?TITN=78361\"><strong><em>\u2018Uso de Twitter en Educaci\u00f3n Superior en Espa\u00f1a y Estados Unidos\u2019<\/em><\/strong><\/a>\u00a0 Gemma Tur, Victoria I. Mar\u00edn y Jeffrey Carpenter, realizan un estudio comparativo del uso de Twitter por alumnos de grado en trabajos universitarios. El muestreo se basa en encuestas realizadas en dos universidades, una espa\u00f1ola y otra estadounidense. En ambas se refleja la percepci\u00f3n positiva de esa red social como un medio natural educativo en la era de la ubicuidad de los medios sociales, no s\u00f3lo para compartir informaci\u00f3n sino tambi\u00e9n para estimular el pensamiento cr\u00edtico.<\/p>\n<p>En <a href=\"https:\/\/biblioteca.nebrija.es\/cgi-bin\/opac\/?TITN=78352\"><strong><em>\u2018El uso de las redes sociales y la cultura popular para una mejor comprensi\u00f3n intercultural\u2019<\/em><\/strong><\/a>\u00a0 Sait Tuzel y Renee Hobbs, reflexionan sobre la asimetr\u00eda en la cultura global partiendo del\u00a0 estudio de un caso de colaboraci\u00f3n entre profesores de Educaci\u00f3n Secundaria\u00a0 de Estados Unidos y Turqu\u00eda. Lo que se pretend\u00eda era la conexi\u00f3n cultural entre sus alumnos a trav\u00e9s de las redes sociales. El resultado de las conclusiones revelaba que los alumnos turcos ten\u00edan un mayor conocimiento de la cultura popular norteamericana, y los alumnos norteamericanos apenas acced\u00edan a la cultura turca.<\/p>\n<p>Encontrar\u00e1s estos art\u00edculos en la revista <a href=\"https:\/\/biblioteca.nebrija.es\/cgi-bin\/opac\/?TITN=56744\"><strong><em>\u2018Comunicar: Revista Cient\u00edfica de Comunicaci\u00f3n y Educaci\u00f3n\u2019 <\/em><\/strong><\/a>volumen 25, n\u00famero 51 (2017), disponible en formato electr\u00f3nico y en papel, en la Biblioteca del campus de Madrid-Princesa- y su localizaci\u00f3n\u00a0 en el\u00a0<a href=\"https:\/\/biblioteca.nebrija.es\/cgi-bin\/opac\/\"> <strong>Cat\u00e1logo-OPAC ~ Web Portal <\/strong><\/a>de la Red de Bibliotecas.<\/p>\n","protected":false},"excerpt":{"rendered":"<p>En \u2018Uso de Twitter en Educaci\u00f3n Superior en Espa\u00f1a y Estados Unidos\u2019\u00a0 Gemma Tur, Victoria I. Mar\u00edn y Jeffrey Carpenter, realizan un estudio comparativo del uso de Twitter por alumnos de grado en trabajos universitarios. El muestreo se basa en<\/p>\n","protected":false},"author":263,"featured_media":44743,"comment_status":"open","ping_status":"open","sticky":false,"template":"","format":"standard","meta":{"_acf_changed":false,"_monsterinsights_skip_tracking":false,"_monsterinsights_sitenote_active":false,"_monsterinsights_sitenote_note":"","_monsterinsights_sitenote_category":0,"footnotes":""},"categories":[3063,3078],"tags":[],"acf":[],"yoast_head":"<!-- This site is optimized with the Yoast SEO plugin v22.1 - https:\/\/yoast.com\/wordpress\/plugins\/seo\/ -->\n<title>\u2018El uso de Twitter en Educaci\u00f3n Superior en Espa\u00f1a y Estados Unidos\u2019 y \u2018El uso de las redes sociales y la cultura popular para una mejor comprensi\u00f3n intercultural\u2019 en nuestro vaciado de art\u00edculos - Actualidad Nebrija<\/title>\n<meta name=\"robots\" content=\"index, follow, max-snippet:-1, max-image-preview:large, max-video-preview:-1\" \/>\n<link rel=\"canonical\" href=\"https:\/\/www.nebrija.com\/medios\/actualidadnebrija\/2017\/10\/09\/el-uso-de-twitter-en-educacion-superior-en-espana-y-estados-unidos-y-el-uso-de-las-redes-sociales-y-la-cultura-popular-para-una-mejor-comprension-intercultural-en-n\/\" \/>\n<meta property=\"og:locale\" content=\"es_ES\" \/>\n<meta property=\"og:type\" content=\"article\" \/>\n<meta property=\"og:title\" content=\"\u2018El uso de Twitter en Educaci\u00f3n Superior en Espa\u00f1a y Estados Unidos\u2019 y \u2018El uso de las redes sociales y la cultura popular para una mejor comprensi\u00f3n intercultural\u2019 en nuestro vaciado de art\u00edculos - Actualidad Nebrija\" \/>\n<meta property=\"og:description\" content=\"En \u2018Uso de Twitter en Educaci\u00f3n Superior en Espa\u00f1a y Estados Unidos\u2019\u00a0 Gemma Tur, Victoria I. Mar\u00edn y Jeffrey Carpenter, realizan un estudio comparativo del uso de Twitter por alumnos de grado en trabajos universitarios. El muestreo se basa en\" \/>\n<meta property=\"og:url\" content=\"https:\/\/www.nebrija.com\/medios\/actualidadnebrija\/2017\/10\/09\/el-uso-de-twitter-en-educacion-superior-en-espana-y-estados-unidos-y-el-uso-de-las-redes-sociales-y-la-cultura-popular-para-una-mejor-comprension-intercultural-en-n\/\" \/>\n<meta property=\"og:site_name\" content=\"Actualidad Nebrija\" \/>\n<meta property=\"article:published_time\" content=\"2017-10-09T16:11:45+00:00\" \/>\n<meta property=\"og:image\" content=\"https:\/\/www.nebrija.com\/medios\/actualidadnebrija\/wp-content\/uploads\/sites\/2\/2017\/10\/Comunicar.jpg\" \/>\n\t<meta property=\"og:image:width\" content=\"610\" \/>\n\t<meta property=\"og:image:height\" content=\"800\" \/>\n\t<meta property=\"og:image:type\" content=\"image\/jpeg\" \/>\n<meta name=\"author\" content=\"pmartinezma\" \/>\n<meta name=\"twitter:card\" content=\"summary_large_image\" \/>\n<meta name=\"twitter:label1\" content=\"Escrito por\" \/>\n\t<meta name=\"twitter:data1\" content=\"pmartinezma\" \/>\n\t<meta name=\"twitter:label2\" content=\"Tiempo de lectura\" \/>\n\t<meta name=\"twitter:data2\" content=\"1 minuto\" \/>\n<!-- \/ Yoast SEO plugin. -->","yoast_head_json":{"title":"\u2018El uso de Twitter en Educaci\u00f3n Superior en Espa\u00f1a y Estados Unidos\u2019 y \u2018El uso de las redes sociales y la cultura popular para una mejor comprensi\u00f3n intercultural\u2019 en nuestro vaciado de art\u00edculos - Actualidad Nebrija","robots":{"index":"index","follow":"follow","max-snippet":"max-snippet:-1","max-image-preview":"max-image-preview:large","max-video-preview":"max-video-preview:-1"},"canonical":"https:\/\/www.nebrija.com\/medios\/actualidadnebrija\/2017\/10\/09\/el-uso-de-twitter-en-educacion-superior-en-espana-y-estados-unidos-y-el-uso-de-las-redes-sociales-y-la-cultura-popular-para-una-mejor-comprension-intercultural-en-n\/","og_locale":"es_ES","og_type":"article","og_title":"\u2018El uso de Twitter en Educaci\u00f3n Superior en Espa\u00f1a y Estados Unidos\u2019 y \u2018El uso de las redes sociales y la cultura popular para una mejor comprensi\u00f3n intercultural\u2019 en nuestro vaciado de art\u00edculos - Actualidad Nebrija","og_description":"En \u2018Uso de Twitter en Educaci\u00f3n Superior en Espa\u00f1a y Estados Unidos\u2019\u00a0 Gemma Tur, Victoria I. Mar\u00edn y Jeffrey Carpenter, realizan un estudio comparativo del uso de Twitter por alumnos de grado en trabajos universitarios. El muestreo se basa en","og_url":"https:\/\/www.nebrija.com\/medios\/actualidadnebrija\/2017\/10\/09\/el-uso-de-twitter-en-educacion-superior-en-espana-y-estados-unidos-y-el-uso-de-las-redes-sociales-y-la-cultura-popular-para-una-mejor-comprension-intercultural-en-n\/","og_site_name":"Actualidad Nebrija","article_published_time":"2017-10-09T16:11:45+00:00","og_image":[{"width":610,"height":800,"url":"https:\/\/www.nebrija.com\/medios\/actualidadnebrija\/wp-content\/uploads\/sites\/2\/2017\/10\/Comunicar.jpg","type":"image\/jpeg"}],"author":"pmartinezma","twitter_card":"summary_large_image","twitter_misc":{"Escrito por":"pmartinezma","Tiempo de lectura":"1 minuto"},"schema":{"@context":"https:\/\/schema.org","@graph":[{"@type":"WebPage","@id":"https:\/\/www.nebrija.com\/medios\/actualidadnebrija\/2017\/10\/09\/el-uso-de-twitter-en-educacion-superior-en-espana-y-estados-unidos-y-el-uso-de-las-redes-sociales-y-la-cultura-popular-para-una-mejor-comprension-intercultural-en-n\/","url":"https:\/\/www.nebrija.com\/medios\/actualidadnebrija\/2017\/10\/09\/el-uso-de-twitter-en-educacion-superior-en-espana-y-estados-unidos-y-el-uso-de-las-redes-sociales-y-la-cultura-popular-para-una-mejor-comprension-intercultural-en-n\/","name":"\u2018El uso de Twitter en Educaci\u00f3n Superior en Espa\u00f1a y Estados Unidos\u2019 y \u2018El uso de las redes sociales y la cultura popular para una mejor comprensi\u00f3n intercultural\u2019 en nuestro vaciado de art\u00edculos - Actualidad Nebrija","isPartOf":{"@id":"https:\/\/www.nebrija.com\/medios\/actualidadnebrija\/#website"},"datePublished":"2017-10-09T16:11:45+00:00","dateModified":"2017-10-09T16:11:45+00:00","author":{"@id":"https:\/\/www.nebrija.com\/medios\/actualidadnebrija\/#\/schema\/person\/eece520e53a2d6b773c896d785ca10ad"},"breadcrumb":{"@id":"https:\/\/www.nebrija.com\/medios\/actualidadnebrija\/2017\/10\/09\/el-uso-de-twitter-en-educacion-superior-en-espana-y-estados-unidos-y-el-uso-de-las-redes-sociales-y-la-cultura-popular-para-una-mejor-comprension-intercultural-en-n\/#breadcrumb"},"inLanguage":"es","potentialAction":[{"@type":"ReadAction","target":["https:\/\/www.nebrija.com\/medios\/actualidadnebrija\/2017\/10\/09\/el-uso-de-twitter-en-educacion-superior-en-espana-y-estados-unidos-y-el-uso-de-las-redes-sociales-y-la-cultura-popular-para-una-mejor-comprension-intercultural-en-n\/"]}]},{"@type":"BreadcrumbList","@id":"https:\/\/www.nebrija.com\/medios\/actualidadnebrija\/2017\/10\/09\/el-uso-de-twitter-en-educacion-superior-en-espana-y-estados-unidos-y-el-uso-de-las-redes-sociales-y-la-cultura-popular-para-una-mejor-comprension-intercultural-en-n\/#breadcrumb","itemListElement":[{"@type":"ListItem","position":1,"name":"Home","item":"https:\/\/www.nebrija.com\/medios\/actualidadnebrija\/"},{"@type":"ListItem","position":2,"name":"\u2018El uso de Twitter en Educaci\u00f3n Superior en Espa\u00f1a y Estados Unidos\u2019 y \u2018El uso de las redes sociales y la cultura popular para una mejor comprensi\u00f3n intercultural\u2019 en nuestro vaciado de art\u00edculos"}]},{"@type":"WebSite","@id":"https:\/\/www.nebrija.com\/medios\/actualidadnebrija\/#website","url":"https:\/\/www.nebrija.com\/medios\/actualidadnebrija\/","name":"Actualidad Nebrija","description":"Noticias de la Universidad Nebrija","potentialAction":[{"@type":"SearchAction","target":{"@type":"EntryPoint","urlTemplate":"https:\/\/www.nebrija.com\/medios\/actualidadnebrija\/?s={search_term_string}"},"query-input":"required name=search_term_string"}],"inLanguage":"es"},{"@type":"Person","@id":"https:\/\/www.nebrija.com\/medios\/actualidadnebrija\/#\/schema\/person\/eece520e53a2d6b773c896d785ca10ad","name":"pmartinezma","image":{"@type":"ImageObject","inLanguage":"es","@id":"https:\/\/www.nebrija.com\/medios\/actualidadnebrija\/#\/schema\/person\/image\/","url":"https:\/\/secure.gravatar.com\/avatar\/5feaacc0ce30f23dc14c8724dc28a01f?s=96&d=mm&r=g","contentUrl":"https:\/\/secure.gravatar.com\/avatar\/5feaacc0ce30f23dc14c8724dc28a01f?s=96&d=mm&r=g","caption":"pmartinezma"},"url":"https:\/\/www.nebrija.com\/medios\/actualidadnebrija\/author\/pmartinezma\/"}]}},"_links":{"self":[{"href":"https:\/\/www.nebrija.com\/medios\/actualidadnebrija\/wp-json\/wp\/v2\/posts\/44742"}],"collection":[{"href":"https:\/\/www.nebrija.com\/medios\/actualidadnebrija\/wp-json\/wp\/v2\/posts"}],"about":[{"href":"https:\/\/www.nebrija.com\/medios\/actualidadnebrija\/wp-json\/wp\/v2\/types\/post"}],"author":[{"embeddable":true,"href":"https:\/\/www.nebrija.com\/medios\/actualidadnebrija\/wp-json\/wp\/v2\/users\/263"}],"replies":[{"embeddable":true,"href":"https:\/\/www.nebrija.com\/medios\/actualidadnebrija\/wp-json\/wp\/v2\/comments?post=44742"}],"version-history":[{"count":1,"href":"https:\/\/www.nebrija.com\/medios\/actualidadnebrija\/wp-json\/wp\/v2\/posts\/44742\/revisions"}],"predecessor-version":[{"id":44745,"href":"https:\/\/www.nebrija.com\/medios\/actualidadnebrija\/wp-json\/wp\/v2\/posts\/44742\/revisions\/44745"}],"wp:featuredmedia":[{"embeddable":true,"href":"https:\/\/www.nebrija.com\/medios\/actualidadnebrija\/wp-json\/wp\/v2\/media\/44743"}],"wp:attachment":[{"href":"https:\/\/www.nebrija.com\/medios\/actualidadnebrija\/wp-json\/wp\/v2\/media?parent=44742"}],"wp:term":[{"taxonomy":"category","embeddable":true,"href":"https:\/\/www.nebrija.com\/medios\/actualidadnebrija\/wp-json\/wp\/v2\/categories?post=44742"},{"taxonomy":"post_tag","embeddable":true,"href":"https:\/\/www.nebrija.com\/medios\/actualidadnebrija\/wp-json\/wp\/v2\/tags?post=44742"}],"curies":[{"name":"wp","href":"https:\/\/api.w.org\/{rel}","templated":true}]}}