{"id":47022,"date":"2017-12-19T16:27:56","date_gmt":"2017-12-19T15:27:56","guid":{"rendered":"http:\/\/www.nebrija.com\/medios\/actualidadnebrija\/?p=47022"},"modified":"2017-12-19T16:33:09","modified_gmt":"2017-12-19T15:33:09","slug":"miguel-bollain-acerca-la-realidad-virtual-los-alumnos-de-comunicacion-y-artes","status":"publish","type":"post","link":"https:\/\/www.nebrija.com\/medios\/actualidadnebrija\/2017\/12\/19\/miguel-bollain-acerca-la-realidad-virtual-los-alumnos-de-comunicacion-y-artes\/","title":{"rendered":"Miguel Bolla\u00edn acerca la realidad virtual a los alumnos de Comunicaci\u00f3n y Artes"},"content":{"rendered":"<p>Este lunes 18 de diciembre, Miguel Bolla\u00edn, fundador de Render Area, visit\u00f3 la Universidad Nebrija para acercar a los estudiantes los \u00faltimos trabajos en realidad virtual que ha venido desarrollando con su empresa. Los estudiantes del Grado en Comunicaci\u00f3n Audiovisual y del Grado en Dise\u00f1o Digital y Multimedia pudieron conocer de primera mano c\u00f3mo las nuevas narrativas inmersivas, as\u00ed como los efectos digitales m\u00e1s punteros, est\u00e1n planteando nuevos escenarios profesionales que afectan a los m\u00e1s dispares sectores (entretenimiento, sanitario, educaci\u00f3n\u2026).<\/p>\n<p>En este sentido, los participantes en el encuentro tuvieron la oportunidad de probar unas gafas de realidad virtual de \u00faltima generaci\u00f3n, lo que permiti\u00f3 a los asistentes adentrarse en un fondo marino, contemplar un impresionante paisaje desde la cima de una monta\u00f1a o incluso pasear por la famosa cueva de Batman. Escenarios \u00fanicos y mundos posibles sin moverse del sal\u00f3n de actos del Campus de Princesa.<\/p>\n<p>Bolla\u00edn hizo hincapi\u00e9 en que esta nueva tecnolog\u00eda ser\u00e1 imprescindible para la consolidaci\u00f3n de los relatos del futuro, ya est\u00e9n pensados para el cine, la televisi\u00f3n o los videojuegos. No obstante, cada vez m\u00e1s sectores ajenos a la industria del entretenimiento exploran los caminos de la realidad virtual: educaci\u00f3n, industria, turismo, arquitectura, ocio, medicina\u2026 Y curiosamente, como a\u00f1adi\u00f3 el invitado, Espa\u00f1a es el pa\u00eds que lidera el inter\u00e9s en la realidad virtual a nivel mundial.<\/p>\n<p>De esta forma, como afirm\u00f3 Bolla\u00edn, dentro de unos a\u00f1os nos preguntaremos directamente: \u201c\u00bfEsta noche vamos al cine o nos metemos en la realidad virtual?\u201d.<\/p>\n<p><em>Amaia Zufiaur<\/em><br \/>\n<em> Estudiante de Comunicaci\u00f3n Audiovisual<\/em><\/p>\n\n\t\t<style type=\"text\/css\">\n\t\t\t#gallery-1 {\n\t\t\t\tmargin: auto;\n\t\t\t}\n\t\t\t#gallery-1 .gallery-item {\n\t\t\t\tfloat: left;\n\t\t\t\tmargin-top: 10px;\n\t\t\t\ttext-align: center;\n\t\t\t\twidth: 16%;\n\t\t\t}\n\t\t\t#gallery-1 img {\n\t\t\t\tborder: 2px solid #cfcfcf;\n\t\t\t}\n\t\t\t#gallery-1 .gallery-caption {\n\t\t\t\tmargin-left: 0;\n\t\t\t}\n\t\t\t\/* see gallery_shortcode() in wp-includes\/media.php *\/\n\t\t<\/style>\n\t\t<div id='gallery-1' class='gallery galleryid-47022 gallery-columns-6 gallery-size-thumbnail'><dl class='gallery-item'>\n\t\t\t<dt class='gallery-icon landscape'>\n\t\t\t\t<a href='https:\/\/www.nebrija.com\/medios\/actualidadnebrija\/wp-content\/uploads\/sites\/2\/2017\/12\/IMG_6875.jpg'><img loading=\"lazy\" decoding=\"async\" width=\"150\" height=\"150\" src=\"https:\/\/www.nebrija.com\/medios\/actualidadnebrija\/wp-content\/uploads\/sites\/2\/2017\/12\/IMG_6875-150x150.jpg\" class=\"attachment-thumbnail size-thumbnail\" alt=\"Miguel Bolla\u00edn acerca la realidad virtual a los alumnos de Comunicaci\u00f3n y Artes\" \/><\/a>\n\t\t\t<\/dt><\/dl><dl class='gallery-item'>\n\t\t\t<dt class='gallery-icon landscape'>\n\t\t\t\t<a href='https:\/\/www.nebrija.com\/medios\/actualidadnebrija\/wp-content\/uploads\/sites\/2\/2017\/12\/IMG_6863.jpg'><img loading=\"lazy\" decoding=\"async\" width=\"150\" height=\"150\" src=\"https:\/\/www.nebrija.com\/medios\/actualidadnebrija\/wp-content\/uploads\/sites\/2\/2017\/12\/IMG_6863-150x150.jpg\" class=\"attachment-thumbnail size-thumbnail\" alt=\"Miguel Bolla\u00edn acerca la realidad virtual a los alumnos de Comunicaci\u00f3n y Artes\" \/><\/a>\n\t\t\t<\/dt><\/dl><dl class='gallery-item'>\n\t\t\t<dt class='gallery-icon landscape'>\n\t\t\t\t<a href='https:\/\/www.nebrija.com\/medios\/actualidadnebrija\/wp-content\/uploads\/sites\/2\/2017\/12\/IMG_6835.jpg'><img loading=\"lazy\" decoding=\"async\" width=\"150\" height=\"150\" src=\"https:\/\/www.nebrija.com\/medios\/actualidadnebrija\/wp-content\/uploads\/sites\/2\/2017\/12\/IMG_6835-150x150.jpg\" class=\"attachment-thumbnail size-thumbnail\" alt=\"Miguel Bolla\u00edn acerca la realidad virtual a los alumnos de Comunicaci\u00f3n y Artes\" \/><\/a>\n\t\t\t<\/dt><\/dl><dl class='gallery-item'>\n\t\t\t<dt class='gallery-icon landscape'>\n\t\t\t\t<a href='https:\/\/www.nebrija.com\/medios\/actualidadnebrija\/wp-content\/uploads\/sites\/2\/2017\/12\/IMG_6828.jpg'><img loading=\"lazy\" decoding=\"async\" width=\"150\" height=\"150\" src=\"https:\/\/www.nebrija.com\/medios\/actualidadnebrija\/wp-content\/uploads\/sites\/2\/2017\/12\/IMG_6828-150x150.jpg\" class=\"attachment-thumbnail size-thumbnail\" alt=\"Miguel Bolla\u00edn acerca la realidad virtual a los alumnos de Comunicaci\u00f3n y Artes\" \/><\/a>\n\t\t\t<\/dt><\/dl><dl class='gallery-item'>\n\t\t\t<dt class='gallery-icon landscape'>\n\t\t\t\t<a href='https:\/\/www.nebrija.com\/medios\/actualidadnebrija\/wp-content\/uploads\/sites\/2\/2017\/12\/IMG_6811.jpg'><img loading=\"lazy\" decoding=\"async\" width=\"150\" height=\"150\" src=\"https:\/\/www.nebrija.com\/medios\/actualidadnebrija\/wp-content\/uploads\/sites\/2\/2017\/12\/IMG_6811-150x150.jpg\" class=\"attachment-thumbnail size-thumbnail\" alt=\"Miguel Bolla\u00edn acerca la realidad virtual a los alumnos de Comunicaci\u00f3n y Artes\" \/><\/a>\n\t\t\t<\/dt><\/dl><dl class='gallery-item'>\n\t\t\t<dt class='gallery-icon landscape'>\n\t\t\t\t<a href='https:\/\/www.nebrija.com\/medios\/actualidadnebrija\/wp-content\/uploads\/sites\/2\/2017\/12\/IMG_6795.jpg'><img loading=\"lazy\" decoding=\"async\" width=\"150\" height=\"150\" src=\"https:\/\/www.nebrija.com\/medios\/actualidadnebrija\/wp-content\/uploads\/sites\/2\/2017\/12\/IMG_6795-150x150.jpg\" class=\"attachment-thumbnail size-thumbnail\" alt=\"Miguel Bolla\u00edn acerca la realidad virtual a los alumnos de Comunicaci\u00f3n y Artes\" \/><\/a>\n\t\t\t<\/dt><\/dl><br style=\"clear: both\" \/>\n\t\t<\/div>\n\n","protected":false},"excerpt":{"rendered":"<p>Este lunes 18 de diciembre, Miguel Bolla\u00edn, fundador de Render Area, visit\u00f3 la Universidad Nebrija para acercar a los estudiantes los \u00faltimos trabajos en realidad virtual que ha venido desarrollando con su empresa. Los estudiantes del Grado en Comunicaci\u00f3n Audiovisual<\/p>\n","protected":false},"author":23,"featured_media":47027,"comment_status":"open","ping_status":"open","sticky":false,"template":"","format":"standard","meta":{"_acf_changed":false,"_monsterinsights_skip_tracking":false,"_monsterinsights_sitenote_active":false,"_monsterinsights_sitenote_note":"","_monsterinsights_sitenote_category":0,"footnotes":""},"categories":[3,3050,3078],"tags":[],"acf":[],"yoast_head":"<!-- This site is optimized with the Yoast SEO plugin v22.1 - https:\/\/yoast.com\/wordpress\/plugins\/seo\/ -->\n<title>Miguel Bolla\u00edn acerca la realidad virtual a los alumnos de Comunicaci\u00f3n y Artes - Actualidad Nebrija<\/title>\n<meta name=\"robots\" content=\"index, follow, max-snippet:-1, max-image-preview:large, max-video-preview:-1\" \/>\n<link rel=\"canonical\" href=\"https:\/\/www.nebrija.com\/medios\/actualidadnebrija\/2017\/12\/19\/miguel-bollain-acerca-la-realidad-virtual-los-alumnos-de-comunicacion-y-artes\/\" \/>\n<meta property=\"og:locale\" content=\"es_ES\" \/>\n<meta property=\"og:type\" content=\"article\" \/>\n<meta property=\"og:title\" content=\"Miguel Bolla\u00edn acerca la realidad virtual a los alumnos de Comunicaci\u00f3n y Artes - Actualidad Nebrija\" \/>\n<meta property=\"og:description\" content=\"Este lunes 18 de diciembre, Miguel Bolla\u00edn, fundador de Render Area, visit\u00f3 la Universidad Nebrija para acercar a los estudiantes los \u00faltimos trabajos en realidad virtual que ha venido desarrollando con su empresa. Los estudiantes del Grado en Comunicaci\u00f3n Audiovisual\" \/>\n<meta property=\"og:url\" content=\"https:\/\/www.nebrija.com\/medios\/actualidadnebrija\/2017\/12\/19\/miguel-bollain-acerca-la-realidad-virtual-los-alumnos-de-comunicacion-y-artes\/\" \/>\n<meta property=\"og:site_name\" content=\"Actualidad Nebrija\" \/>\n<meta property=\"article:published_time\" content=\"2017-12-19T15:27:56+00:00\" \/>\n<meta property=\"article:modified_time\" content=\"2017-12-19T15:33:09+00:00\" \/>\n<meta property=\"og:image\" content=\"https:\/\/www.nebrija.com\/medios\/actualidadnebrija\/wp-content\/uploads\/sites\/2\/2017\/12\/IMG_6863.jpg\" \/>\n\t<meta property=\"og:image:width\" content=\"1000\" \/>\n\t<meta property=\"og:image:height\" content=\"667\" \/>\n\t<meta property=\"og:image:type\" content=\"image\/jpeg\" \/>\n<meta name=\"author\" content=\"lgomezbe\" \/>\n<meta name=\"twitter:card\" content=\"summary_large_image\" \/>\n<meta name=\"twitter:label1\" content=\"Escrito por\" \/>\n\t<meta name=\"twitter:data1\" content=\"lgomezbe\" \/>\n\t<meta name=\"twitter:label2\" content=\"Tiempo de lectura\" \/>\n\t<meta name=\"twitter:data2\" content=\"1 minuto\" \/>\n<!-- \/ Yoast SEO plugin. -->","yoast_head_json":{"title":"Miguel Bolla\u00edn acerca la realidad virtual a los alumnos de Comunicaci\u00f3n y Artes - Actualidad Nebrija","robots":{"index":"index","follow":"follow","max-snippet":"max-snippet:-1","max-image-preview":"max-image-preview:large","max-video-preview":"max-video-preview:-1"},"canonical":"https:\/\/www.nebrija.com\/medios\/actualidadnebrija\/2017\/12\/19\/miguel-bollain-acerca-la-realidad-virtual-los-alumnos-de-comunicacion-y-artes\/","og_locale":"es_ES","og_type":"article","og_title":"Miguel Bolla\u00edn acerca la realidad virtual a los alumnos de Comunicaci\u00f3n y Artes - Actualidad Nebrija","og_description":"Este lunes 18 de diciembre, Miguel Bolla\u00edn, fundador de Render Area, visit\u00f3 la Universidad Nebrija para acercar a los estudiantes los \u00faltimos trabajos en realidad virtual que ha venido desarrollando con su empresa. Los estudiantes del Grado en Comunicaci\u00f3n Audiovisual","og_url":"https:\/\/www.nebrija.com\/medios\/actualidadnebrija\/2017\/12\/19\/miguel-bollain-acerca-la-realidad-virtual-los-alumnos-de-comunicacion-y-artes\/","og_site_name":"Actualidad Nebrija","article_published_time":"2017-12-19T15:27:56+00:00","article_modified_time":"2017-12-19T15:33:09+00:00","og_image":[{"width":1000,"height":667,"url":"https:\/\/www.nebrija.com\/medios\/actualidadnebrija\/wp-content\/uploads\/sites\/2\/2017\/12\/IMG_6863.jpg","type":"image\/jpeg"}],"author":"lgomezbe","twitter_card":"summary_large_image","twitter_misc":{"Escrito por":"lgomezbe","Tiempo de lectura":"1 minuto"},"schema":{"@context":"https:\/\/schema.org","@graph":[{"@type":"WebPage","@id":"https:\/\/www.nebrija.com\/medios\/actualidadnebrija\/2017\/12\/19\/miguel-bollain-acerca-la-realidad-virtual-los-alumnos-de-comunicacion-y-artes\/","url":"https:\/\/www.nebrija.com\/medios\/actualidadnebrija\/2017\/12\/19\/miguel-bollain-acerca-la-realidad-virtual-los-alumnos-de-comunicacion-y-artes\/","name":"Miguel Bolla\u00edn acerca la realidad virtual a los alumnos de Comunicaci\u00f3n y Artes - Actualidad Nebrija","isPartOf":{"@id":"https:\/\/www.nebrija.com\/medios\/actualidadnebrija\/#website"},"datePublished":"2017-12-19T15:27:56+00:00","dateModified":"2017-12-19T15:33:09+00:00","author":{"@id":"https:\/\/www.nebrija.com\/medios\/actualidadnebrija\/#\/schema\/person\/e6232b48104a001b2861271d566e28a7"},"breadcrumb":{"@id":"https:\/\/www.nebrija.com\/medios\/actualidadnebrija\/2017\/12\/19\/miguel-bollain-acerca-la-realidad-virtual-los-alumnos-de-comunicacion-y-artes\/#breadcrumb"},"inLanguage":"es","potentialAction":[{"@type":"ReadAction","target":["https:\/\/www.nebrija.com\/medios\/actualidadnebrija\/2017\/12\/19\/miguel-bollain-acerca-la-realidad-virtual-los-alumnos-de-comunicacion-y-artes\/"]}]},{"@type":"BreadcrumbList","@id":"https:\/\/www.nebrija.com\/medios\/actualidadnebrija\/2017\/12\/19\/miguel-bollain-acerca-la-realidad-virtual-los-alumnos-de-comunicacion-y-artes\/#breadcrumb","itemListElement":[{"@type":"ListItem","position":1,"name":"Home","item":"https:\/\/www.nebrija.com\/medios\/actualidadnebrija\/"},{"@type":"ListItem","position":2,"name":"Miguel Bolla\u00edn acerca la realidad virtual a los alumnos de Comunicaci\u00f3n y Artes"}]},{"@type":"WebSite","@id":"https:\/\/www.nebrija.com\/medios\/actualidadnebrija\/#website","url":"https:\/\/www.nebrija.com\/medios\/actualidadnebrija\/","name":"Actualidad Nebrija","description":"Noticias de la Universidad Nebrija","potentialAction":[{"@type":"SearchAction","target":{"@type":"EntryPoint","urlTemplate":"https:\/\/www.nebrija.com\/medios\/actualidadnebrija\/?s={search_term_string}"},"query-input":"required name=search_term_string"}],"inLanguage":"es"},{"@type":"Person","@id":"https:\/\/www.nebrija.com\/medios\/actualidadnebrija\/#\/schema\/person\/e6232b48104a001b2861271d566e28a7","name":"lgomezbe","image":{"@type":"ImageObject","inLanguage":"es","@id":"https:\/\/www.nebrija.com\/medios\/actualidadnebrija\/#\/schema\/person\/image\/","url":"https:\/\/secure.gravatar.com\/avatar\/91429af2b2eb6303c2012c36b2710a4a?s=96&d=mm&r=g","contentUrl":"https:\/\/secure.gravatar.com\/avatar\/91429af2b2eb6303c2012c36b2710a4a?s=96&d=mm&r=g","caption":"lgomezbe"},"url":"https:\/\/www.nebrija.com\/medios\/actualidadnebrija\/author\/lgomezbe\/"}]}},"_links":{"self":[{"href":"https:\/\/www.nebrija.com\/medios\/actualidadnebrija\/wp-json\/wp\/v2\/posts\/47022"}],"collection":[{"href":"https:\/\/www.nebrija.com\/medios\/actualidadnebrija\/wp-json\/wp\/v2\/posts"}],"about":[{"href":"https:\/\/www.nebrija.com\/medios\/actualidadnebrija\/wp-json\/wp\/v2\/types\/post"}],"author":[{"embeddable":true,"href":"https:\/\/www.nebrija.com\/medios\/actualidadnebrija\/wp-json\/wp\/v2\/users\/23"}],"replies":[{"embeddable":true,"href":"https:\/\/www.nebrija.com\/medios\/actualidadnebrija\/wp-json\/wp\/v2\/comments?post=47022"}],"version-history":[{"count":3,"href":"https:\/\/www.nebrija.com\/medios\/actualidadnebrija\/wp-json\/wp\/v2\/posts\/47022\/revisions"}],"predecessor-version":[{"id":47032,"href":"https:\/\/www.nebrija.com\/medios\/actualidadnebrija\/wp-json\/wp\/v2\/posts\/47022\/revisions\/47032"}],"wp:featuredmedia":[{"embeddable":true,"href":"https:\/\/www.nebrija.com\/medios\/actualidadnebrija\/wp-json\/wp\/v2\/media\/47027"}],"wp:attachment":[{"href":"https:\/\/www.nebrija.com\/medios\/actualidadnebrija\/wp-json\/wp\/v2\/media?parent=47022"}],"wp:term":[{"taxonomy":"category","embeddable":true,"href":"https:\/\/www.nebrija.com\/medios\/actualidadnebrija\/wp-json\/wp\/v2\/categories?post=47022"},{"taxonomy":"post_tag","embeddable":true,"href":"https:\/\/www.nebrija.com\/medios\/actualidadnebrija\/wp-json\/wp\/v2\/tags?post=47022"}],"curies":[{"name":"wp","href":"https:\/\/api.w.org\/{rel}","templated":true}]}}