{"id":47746,"date":"2018-01-31T17:33:33","date_gmt":"2018-01-31T16:33:33","guid":{"rendered":"http:\/\/www.nebrija.com\/medios\/actualidadnebrija\/?p=47746"},"modified":"2018-02-01T16:49:33","modified_gmt":"2018-02-01T15:49:33","slug":"jon-andoni-dunabeitia-se-incorpora-como-investigador-principal-la-facultad-de-lenguas-y-educacion","status":"publish","type":"post","link":"https:\/\/www.nebrija.com\/medios\/actualidadnebrija\/2018\/01\/31\/jon-andoni-dunabeitia-se-incorpora-como-investigador-principal-la-facultad-de-lenguas-y-educacion\/","title":{"rendered":"Jon Andoni Du\u00f1abeitia se incorpora como investigador principal a la Facultad de Lenguas y Educaci\u00f3n"},"content":{"rendered":"<p>Jon Andoni Du\u00f1abeitia (Bilbao, 1981) es doctor\u00a0en Psicolog\u00eda\u00a0por la Universidad de La Laguna y\u00a0experto en\u00a0ciencia cognitiva\u00a0y psicoling\u00fc\u00edstica. Despu\u00e9s de finalizar sus estudios como maestro (Universidad del Pa\u00eds Vasco) y psicopedagogo (Universidad de Deusto), comenz\u00f3 una carrera investigadora explorando la relaci\u00f3n entre cerebro y lenguaje,\u00a0usando\u00a0t\u00e9cnicas conductuales\u00a0y\u00a0de neuroimagen, atendiendo principalmente al al multiling\u00fcismo\u00a0y a los procesos de alfabetizaci\u00f3n en personas de diferentes edades. En los \u00faltimos a\u00f1os ha sido investigador principal de un equipo de cient\u00edficos en el Basque\u00a0Center on\u00a0Cognition, Brain\u00a0and\u00a0Language (BCBL) y docente en diferentes cursos de posgrado internacionales. Sus contribuciones cient\u00edficas superan los 80 art\u00edculos de impacto internacional, (<a href=\"https:\/\/jonandoni.com\">https:\/\/jonandoni.com<\/a>) y ha dirigido varios proyectos nacionales y auton\u00f3micos sobre aprendizaje de lenguas. Desde enero de 2018 se ha sumado al equipo de la Universidad Nebrija como profesor director e investigador principal del grupo de Ling\u00fc\u00edstica Aplicada a la Ense\u00f1anza de la Lenguas Extranjeras, de la <a href=\"https:\/\/www.nebrija.com\/la_universidad\/facultades\/facultad-artes-letras\/index.php\">Facultad de Lenguas y Educaci\u00f3n<\/a>.<\/p>\n<p>Con su llegada a la Universidad Nebrija pretende ayudar a desarrollar el potencial investigador de la Facultad, con el \u00e1nimo de lograr la excelencia cient\u00edfica de los diferentes equipos de investigaci\u00f3n y orientando la acci\u00f3n hacia las demandas del actual mercado cient\u00edfico. As\u00ed, se suma a la Universidad Nebrija con la idea de poner a disposici\u00f3n de todo el personal docente e investigador sus conocimientos sobre la investigaci\u00f3n cuantitativa en Humanidades y Ciencias Sociales, y tiene como objetivo ayudar a situar la Universidad Nebrija en el foco de atenci\u00f3n de la comunidad cient\u00edfica, demostrando que es una peque\u00f1a gran universidad tambi\u00e9n en producci\u00f3n cient\u00edfica con criterios de calidad. Para ello, centrar\u00e1 los esfuerzos del equipo en tres ejes principales: atracci\u00f3n de capital externo mediante la solicitud de proyectos de investigaci\u00f3n en convocatorias p\u00fablicas y privadas, producci\u00f3n cient\u00edfica en forma de art\u00edculos en las principales revistas internacionales y divulgaci\u00f3n de los hallazgos en foros profesionales y no profesionales, para acercar la ciencia a la sociedad. Sus estudios actuales se centran en analizar la relaci\u00f3n entre la adquisici\u00f3n de lenguas (especialmente del espa\u00f1ol como lengua extranjera), los procesos de aculturaci\u00f3n y los factores emocionales implicados en el aprendizaje.<\/p>\n","protected":false},"excerpt":{"rendered":"<p>Jon Andoni Du\u00f1abeitia (Bilbao, 1981) es doctor\u00a0en Psicolog\u00eda\u00a0por la Universidad de La Laguna y\u00a0experto en\u00a0ciencia cognitiva\u00a0y psicoling\u00fc\u00edstica. Despu\u00e9s de finalizar sus estudios como maestro (Universidad del Pa\u00eds Vasco) y psicopedagogo (Universidad de Deusto), comenz\u00f3 una carrera investigadora explorando la relaci\u00f3n<\/p>\n","protected":false},"author":23,"featured_media":47780,"comment_status":"open","ping_status":"open","sticky":false,"template":"","format":"standard","meta":{"_acf_changed":false,"_monsterinsights_skip_tracking":false,"_monsterinsights_sitenote_active":false,"_monsterinsights_sitenote_note":"","_monsterinsights_sitenote_category":0,"footnotes":""},"categories":[3049,3064],"tags":[3124],"acf":[],"yoast_head":"<!-- This site is optimized with the Yoast SEO plugin v22.1 - https:\/\/yoast.com\/wordpress\/plugins\/seo\/ -->\n<title>Jon Andoni Du\u00f1abeitia se incorpora como investigador principal a la Facultad de Lenguas y Educaci\u00f3n - Actualidad Nebrija<\/title>\n<meta name=\"robots\" content=\"index, follow, max-snippet:-1, max-image-preview:large, max-video-preview:-1\" \/>\n<link rel=\"canonical\" href=\"https:\/\/www.nebrija.com\/medios\/actualidadnebrija\/2018\/01\/31\/jon-andoni-dunabeitia-se-incorpora-como-investigador-principal-la-facultad-de-lenguas-y-educacion\/\" \/>\n<meta property=\"og:locale\" content=\"es_ES\" \/>\n<meta property=\"og:type\" content=\"article\" \/>\n<meta property=\"og:title\" content=\"Jon Andoni Du\u00f1abeitia se incorpora como investigador principal a la Facultad de Lenguas y Educaci\u00f3n - Actualidad Nebrija\" \/>\n<meta property=\"og:description\" content=\"Jon Andoni Du\u00f1abeitia (Bilbao, 1981) es doctor\u00a0en Psicolog\u00eda\u00a0por la Universidad de La Laguna y\u00a0experto en\u00a0ciencia cognitiva\u00a0y psicoling\u00fc\u00edstica. Despu\u00e9s de finalizar sus estudios como maestro (Universidad del Pa\u00eds Vasco) y psicopedagogo (Universidad de Deusto), comenz\u00f3 una carrera investigadora explorando la relaci\u00f3n\" \/>\n<meta property=\"og:url\" content=\"https:\/\/www.nebrija.com\/medios\/actualidadnebrija\/2018\/01\/31\/jon-andoni-dunabeitia-se-incorpora-como-investigador-principal-la-facultad-de-lenguas-y-educacion\/\" \/>\n<meta property=\"og:site_name\" content=\"Actualidad Nebrija\" \/>\n<meta property=\"article:published_time\" content=\"2018-01-31T16:33:33+00:00\" \/>\n<meta property=\"article:modified_time\" content=\"2018-02-01T15:49:33+00:00\" \/>\n<meta property=\"og:image\" content=\"https:\/\/www.nebrija.com\/medios\/actualidadnebrija\/wp-content\/uploads\/sites\/2\/2018\/01\/IMG_8129-web.jpg\" \/>\n\t<meta property=\"og:image:width\" content=\"1200\" \/>\n\t<meta property=\"og:image:height\" content=\"830\" \/>\n\t<meta property=\"og:image:type\" content=\"image\/jpeg\" \/>\n<meta name=\"author\" content=\"lgomezbe\" \/>\n<meta name=\"twitter:card\" content=\"summary_large_image\" \/>\n<meta name=\"twitter:label1\" content=\"Escrito por\" \/>\n\t<meta name=\"twitter:data1\" content=\"lgomezbe\" \/>\n\t<meta name=\"twitter:label2\" content=\"Tiempo de lectura\" \/>\n\t<meta name=\"twitter:data2\" content=\"2 minutos\" \/>\n<!-- \/ Yoast SEO plugin. -->","yoast_head_json":{"title":"Jon Andoni Du\u00f1abeitia se incorpora como investigador principal a la Facultad de Lenguas y Educaci\u00f3n - Actualidad Nebrija","robots":{"index":"index","follow":"follow","max-snippet":"max-snippet:-1","max-image-preview":"max-image-preview:large","max-video-preview":"max-video-preview:-1"},"canonical":"https:\/\/www.nebrija.com\/medios\/actualidadnebrija\/2018\/01\/31\/jon-andoni-dunabeitia-se-incorpora-como-investigador-principal-la-facultad-de-lenguas-y-educacion\/","og_locale":"es_ES","og_type":"article","og_title":"Jon Andoni Du\u00f1abeitia se incorpora como investigador principal a la Facultad de Lenguas y Educaci\u00f3n - Actualidad Nebrija","og_description":"Jon Andoni Du\u00f1abeitia (Bilbao, 1981) es doctor\u00a0en Psicolog\u00eda\u00a0por la Universidad de La Laguna y\u00a0experto en\u00a0ciencia cognitiva\u00a0y psicoling\u00fc\u00edstica. Despu\u00e9s de finalizar sus estudios como maestro (Universidad del Pa\u00eds Vasco) y psicopedagogo (Universidad de Deusto), comenz\u00f3 una carrera investigadora explorando la relaci\u00f3n","og_url":"https:\/\/www.nebrija.com\/medios\/actualidadnebrija\/2018\/01\/31\/jon-andoni-dunabeitia-se-incorpora-como-investigador-principal-la-facultad-de-lenguas-y-educacion\/","og_site_name":"Actualidad Nebrija","article_published_time":"2018-01-31T16:33:33+00:00","article_modified_time":"2018-02-01T15:49:33+00:00","og_image":[{"width":1200,"height":830,"url":"https:\/\/www.nebrija.com\/medios\/actualidadnebrija\/wp-content\/uploads\/sites\/2\/2018\/01\/IMG_8129-web.jpg","type":"image\/jpeg"}],"author":"lgomezbe","twitter_card":"summary_large_image","twitter_misc":{"Escrito por":"lgomezbe","Tiempo de lectura":"2 minutos"},"schema":{"@context":"https:\/\/schema.org","@graph":[{"@type":"WebPage","@id":"https:\/\/www.nebrija.com\/medios\/actualidadnebrija\/2018\/01\/31\/jon-andoni-dunabeitia-se-incorpora-como-investigador-principal-la-facultad-de-lenguas-y-educacion\/","url":"https:\/\/www.nebrija.com\/medios\/actualidadnebrija\/2018\/01\/31\/jon-andoni-dunabeitia-se-incorpora-como-investigador-principal-la-facultad-de-lenguas-y-educacion\/","name":"Jon Andoni Du\u00f1abeitia se incorpora como investigador principal a la Facultad de Lenguas y Educaci\u00f3n - Actualidad Nebrija","isPartOf":{"@id":"https:\/\/www.nebrija.com\/medios\/actualidadnebrija\/#website"},"datePublished":"2018-01-31T16:33:33+00:00","dateModified":"2018-02-01T15:49:33+00:00","author":{"@id":"https:\/\/www.nebrija.com\/medios\/actualidadnebrija\/#\/schema\/person\/e6232b48104a001b2861271d566e28a7"},"breadcrumb":{"@id":"https:\/\/www.nebrija.com\/medios\/actualidadnebrija\/2018\/01\/31\/jon-andoni-dunabeitia-se-incorpora-como-investigador-principal-la-facultad-de-lenguas-y-educacion\/#breadcrumb"},"inLanguage":"es","potentialAction":[{"@type":"ReadAction","target":["https:\/\/www.nebrija.com\/medios\/actualidadnebrija\/2018\/01\/31\/jon-andoni-dunabeitia-se-incorpora-como-investigador-principal-la-facultad-de-lenguas-y-educacion\/"]}]},{"@type":"BreadcrumbList","@id":"https:\/\/www.nebrija.com\/medios\/actualidadnebrija\/2018\/01\/31\/jon-andoni-dunabeitia-se-incorpora-como-investigador-principal-la-facultad-de-lenguas-y-educacion\/#breadcrumb","itemListElement":[{"@type":"ListItem","position":1,"name":"Home","item":"https:\/\/www.nebrija.com\/medios\/actualidadnebrija\/"},{"@type":"ListItem","position":2,"name":"Jon Andoni Du\u00f1abeitia se incorpora como investigador principal a la Facultad de Lenguas y Educaci\u00f3n"}]},{"@type":"WebSite","@id":"https:\/\/www.nebrija.com\/medios\/actualidadnebrija\/#website","url":"https:\/\/www.nebrija.com\/medios\/actualidadnebrija\/","name":"Actualidad Nebrija","description":"Noticias de la Universidad Nebrija","potentialAction":[{"@type":"SearchAction","target":{"@type":"EntryPoint","urlTemplate":"https:\/\/www.nebrija.com\/medios\/actualidadnebrija\/?s={search_term_string}"},"query-input":"required name=search_term_string"}],"inLanguage":"es"},{"@type":"Person","@id":"https:\/\/www.nebrija.com\/medios\/actualidadnebrija\/#\/schema\/person\/e6232b48104a001b2861271d566e28a7","name":"lgomezbe","image":{"@type":"ImageObject","inLanguage":"es","@id":"https:\/\/www.nebrija.com\/medios\/actualidadnebrija\/#\/schema\/person\/image\/","url":"https:\/\/secure.gravatar.com\/avatar\/91429af2b2eb6303c2012c36b2710a4a?s=96&d=mm&r=g","contentUrl":"https:\/\/secure.gravatar.com\/avatar\/91429af2b2eb6303c2012c36b2710a4a?s=96&d=mm&r=g","caption":"lgomezbe"},"url":"https:\/\/www.nebrija.com\/medios\/actualidadnebrija\/author\/lgomezbe\/"}]}},"_links":{"self":[{"href":"https:\/\/www.nebrija.com\/medios\/actualidadnebrija\/wp-json\/wp\/v2\/posts\/47746"}],"collection":[{"href":"https:\/\/www.nebrija.com\/medios\/actualidadnebrija\/wp-json\/wp\/v2\/posts"}],"about":[{"href":"https:\/\/www.nebrija.com\/medios\/actualidadnebrija\/wp-json\/wp\/v2\/types\/post"}],"author":[{"embeddable":true,"href":"https:\/\/www.nebrija.com\/medios\/actualidadnebrija\/wp-json\/wp\/v2\/users\/23"}],"replies":[{"embeddable":true,"href":"https:\/\/www.nebrija.com\/medios\/actualidadnebrija\/wp-json\/wp\/v2\/comments?post=47746"}],"version-history":[{"count":3,"href":"https:\/\/www.nebrija.com\/medios\/actualidadnebrija\/wp-json\/wp\/v2\/posts\/47746\/revisions"}],"predecessor-version":[{"id":47841,"href":"https:\/\/www.nebrija.com\/medios\/actualidadnebrija\/wp-json\/wp\/v2\/posts\/47746\/revisions\/47841"}],"wp:featuredmedia":[{"embeddable":true,"href":"https:\/\/www.nebrija.com\/medios\/actualidadnebrija\/wp-json\/wp\/v2\/media\/47780"}],"wp:attachment":[{"href":"https:\/\/www.nebrija.com\/medios\/actualidadnebrija\/wp-json\/wp\/v2\/media?parent=47746"}],"wp:term":[{"taxonomy":"category","embeddable":true,"href":"https:\/\/www.nebrija.com\/medios\/actualidadnebrija\/wp-json\/wp\/v2\/categories?post=47746"},{"taxonomy":"post_tag","embeddable":true,"href":"https:\/\/www.nebrija.com\/medios\/actualidadnebrija\/wp-json\/wp\/v2\/tags?post=47746"}],"curies":[{"name":"wp","href":"https:\/\/api.w.org\/{rel}","templated":true}]}}