{"id":49763,"date":"2018-04-16T16:08:18","date_gmt":"2018-04-16T14:08:18","guid":{"rendered":"http:\/\/www.nebrija.com\/medios\/actualidadnebrija\/?p=49763"},"modified":"2018-04-17T11:00:39","modified_gmt":"2018-04-17T09:00:39","slug":"la-universidad-allameh-tabataba-de-iran-abre-un-centro-de-estudios-persas-en-la-universidad-nebrija","status":"publish","type":"post","link":"https:\/\/www.nebrija.com\/medios\/actualidadnebrija\/2018\/04\/16\/la-universidad-allameh-tabataba-de-iran-abre-un-centro-de-estudios-persas-en-la-universidad-nebrija\/","title":{"rendered":"La Universidad Allameh Tabataba&#8217;i de Ir\u00e1n abre un centro de estudios persas en la Universidad Nebrija"},"content":{"rendered":"<p>La Universidad Allameh Tabataba&#8217;i, de Ir\u00e1n, ha abierto\u00a0 el centro Khayyam\u00a0 para Estudios Iran\u00eds y del Persa en las instalaciones de la Universidad Nebrija, dentro del marco de un acuerdo entre ambas instituciones para fomentar el estudio del persa en Espa\u00f1a y del espa\u00f1ol en Ir\u00e1n. La Universidad Nebrija abrir\u00e1 pr\u00f3ximamente un centro en Ir\u00e1n para el estudio del espa\u00f1ol.<\/p>\n<p>En el acto de inauguraci\u00f3n han estado presentes Mohammad Hassan Fadalfard, embajador de Ir\u00e1n en Espa\u00f1a; el profesor Hossein Salimi, rector de la Universidad Allameh Tabataba&#8217;i, y Joaqu\u00edn Espallargas, vicepresidente de la Universidad Nebrija. Los tres se han mostrado muy satisfechos por poder entablar nuevas relaciones entre Espa\u00f1a e Ir\u00e1n que fomenten el conocimiento de ambos lenguajes y culturas \u201cque llevan unidas desde hace la antig\u00fcedad\u201d, seg\u00fan ha explicado el rector Salimi.<\/p>\n<p>\u201cLos iran\u00eds hemos comprendido que la uni\u00f3n entre todas las culturas est\u00e1 en la solidaridad y la cooperaci\u00f3n\u201d, ha dicho Salimi, quien espera que con estos centros en ambas universidades se incrementen los intercambios de estudiantes y de acad\u00e9micos: \u201cAhora se pueden abrir nuevos cap\u00edtulos de cooperaci\u00f3n beneficiosos para ambas instituciones\u201d.<\/p>\n<p>Por su parte, Joaquin Espallargas, vicepresidente de la Universidad Nebrija, ha expresado la satisfacci\u00f3n de la Universidad por ser la sede de este centro, el primero de Europa de estas caracter\u00edsticas. Adem\u00e1s ha agradecido, \u201cen nombre de los alumnos que las disfruten, las dos becas que la Universidad Allameh Tabataba ha anunciado para alumnos espa\u00f1oles que quieran aprender persa, una lengua tan maravillosa como el espa\u00f1ol\u201d.<\/p>\n<p>El embajador iran\u00ed ha asegurado que \u201cel idioma persa no es solo de un \u00fanico pa\u00eds, sino de toda una extensa comunidad que lo utiliza, pertenece a la historia de las civilizaciones y es un tesoro de la humanidad que pertenece a todos. Es necesario transmitir este regalo a las futuras generaciones\u201d.<\/p>\n\n\t\t<style type=\"text\/css\">\n\t\t\t#gallery-1 {\n\t\t\t\tmargin: auto;\n\t\t\t}\n\t\t\t#gallery-1 .gallery-item {\n\t\t\t\tfloat: left;\n\t\t\t\tmargin-top: 10px;\n\t\t\t\ttext-align: center;\n\t\t\t\twidth: 16%;\n\t\t\t}\n\t\t\t#gallery-1 img {\n\t\t\t\tborder: 2px solid #cfcfcf;\n\t\t\t}\n\t\t\t#gallery-1 .gallery-caption {\n\t\t\t\tmargin-left: 0;\n\t\t\t}\n\t\t\t\/* see gallery_shortcode() in wp-includes\/media.php *\/\n\t\t<\/style>\n\t\t<div id='gallery-1' class='gallery galleryid-49763 gallery-columns-6 gallery-size-thumbnail'><dl class='gallery-item'>\n\t\t\t<dt class='gallery-icon landscape'>\n\t\t\t\t<a href='https:\/\/www.nebrija.com\/medios\/actualidadnebrija\/wp-content\/uploads\/sites\/2\/2018\/04\/IMG_6694.jpg'><img loading=\"lazy\" decoding=\"async\" width=\"150\" height=\"150\" src=\"https:\/\/www.nebrija.com\/medios\/actualidadnebrija\/wp-content\/uploads\/sites\/2\/2018\/04\/IMG_6694-150x150.jpg\" class=\"attachment-thumbnail size-thumbnail\" alt=\"Inauguraci\u00f3n centro Khayyam\" \/><\/a>\n\t\t\t<\/dt><\/dl><dl class='gallery-item'>\n\t\t\t<dt class='gallery-icon landscape'>\n\t\t\t\t<a href='https:\/\/www.nebrija.com\/medios\/actualidadnebrija\/wp-content\/uploads\/sites\/2\/2018\/04\/IMG_6699.jpg'><img loading=\"lazy\" decoding=\"async\" width=\"150\" height=\"150\" src=\"https:\/\/www.nebrija.com\/medios\/actualidadnebrija\/wp-content\/uploads\/sites\/2\/2018\/04\/IMG_6699-150x150.jpg\" class=\"attachment-thumbnail size-thumbnail\" alt=\"Inauguraci\u00f3n centro Khayyam\" \/><\/a>\n\t\t\t<\/dt><\/dl><dl class='gallery-item'>\n\t\t\t<dt class='gallery-icon landscape'>\n\t\t\t\t<a href='https:\/\/www.nebrija.com\/medios\/actualidadnebrija\/wp-content\/uploads\/sites\/2\/2018\/04\/IMG_6701.jpg'><img loading=\"lazy\" decoding=\"async\" width=\"150\" height=\"150\" src=\"https:\/\/www.nebrija.com\/medios\/actualidadnebrija\/wp-content\/uploads\/sites\/2\/2018\/04\/IMG_6701-150x150.jpg\" class=\"attachment-thumbnail size-thumbnail\" alt=\"Inauguraci\u00f3n centro Khayyam\" \/><\/a>\n\t\t\t<\/dt><\/dl><dl class='gallery-item'>\n\t\t\t<dt class='gallery-icon landscape'>\n\t\t\t\t<a href='https:\/\/www.nebrija.com\/medios\/actualidadnebrija\/wp-content\/uploads\/sites\/2\/2018\/04\/IMG_6703.jpg'><img loading=\"lazy\" decoding=\"async\" width=\"150\" height=\"150\" src=\"https:\/\/www.nebrija.com\/medios\/actualidadnebrija\/wp-content\/uploads\/sites\/2\/2018\/04\/IMG_6703-150x150.jpg\" class=\"attachment-thumbnail size-thumbnail\" alt=\"Inauguraci\u00f3n centro Khayyam\" \/><\/a>\n\t\t\t<\/dt><\/dl><dl class='gallery-item'>\n\t\t\t<dt class='gallery-icon landscape'>\n\t\t\t\t<a href='https:\/\/www.nebrija.com\/medios\/actualidadnebrija\/wp-content\/uploads\/sites\/2\/2018\/04\/IMG_6705.jpg'><img loading=\"lazy\" decoding=\"async\" width=\"150\" height=\"150\" src=\"https:\/\/www.nebrija.com\/medios\/actualidadnebrija\/wp-content\/uploads\/sites\/2\/2018\/04\/IMG_6705-150x150.jpg\" class=\"attachment-thumbnail size-thumbnail\" alt=\"Inauguraci\u00f3n centro Khayyam\" \/><\/a>\n\t\t\t<\/dt><\/dl><dl class='gallery-item'>\n\t\t\t<dt class='gallery-icon landscape'>\n\t\t\t\t<a href='https:\/\/www.nebrija.com\/medios\/actualidadnebrija\/wp-content\/uploads\/sites\/2\/2018\/04\/IMG_6706.jpg'><img loading=\"lazy\" decoding=\"async\" width=\"150\" height=\"150\" src=\"https:\/\/www.nebrija.com\/medios\/actualidadnebrija\/wp-content\/uploads\/sites\/2\/2018\/04\/IMG_6706-150x150.jpg\" class=\"attachment-thumbnail size-thumbnail\" alt=\"Inauguraci\u00f3n centro Khayyam\" \/><\/a>\n\t\t\t<\/dt><\/dl><br style=\"clear: both\" \/><dl class='gallery-item'>\n\t\t\t<dt class='gallery-icon landscape'>\n\t\t\t\t<a href='https:\/\/www.nebrija.com\/medios\/actualidadnebrija\/wp-content\/uploads\/sites\/2\/2018\/04\/IMG_6708.jpg'><img loading=\"lazy\" decoding=\"async\" width=\"150\" height=\"150\" src=\"https:\/\/www.nebrija.com\/medios\/actualidadnebrija\/wp-content\/uploads\/sites\/2\/2018\/04\/IMG_6708-150x150.jpg\" class=\"attachment-thumbnail size-thumbnail\" alt=\"Inauguraci\u00f3n centro Khayyam\" \/><\/a>\n\t\t\t<\/dt><\/dl><dl class='gallery-item'>\n\t\t\t<dt class='gallery-icon landscape'>\n\t\t\t\t<a href='https:\/\/www.nebrija.com\/medios\/actualidadnebrija\/wp-content\/uploads\/sites\/2\/2018\/04\/IMG_6718.jpg'><img loading=\"lazy\" decoding=\"async\" width=\"150\" height=\"150\" src=\"https:\/\/www.nebrija.com\/medios\/actualidadnebrija\/wp-content\/uploads\/sites\/2\/2018\/04\/IMG_6718-150x150.jpg\" class=\"attachment-thumbnail size-thumbnail\" alt=\"Inauguraci\u00f3n centro Khayyam\" \/><\/a>\n\t\t\t<\/dt><\/dl><dl class='gallery-item'>\n\t\t\t<dt class='gallery-icon landscape'>\n\t\t\t\t<a href='https:\/\/www.nebrija.com\/medios\/actualidadnebrija\/wp-content\/uploads\/sites\/2\/2018\/04\/IMG_6723.jpg'><img loading=\"lazy\" decoding=\"async\" width=\"150\" height=\"150\" src=\"https:\/\/www.nebrija.com\/medios\/actualidadnebrija\/wp-content\/uploads\/sites\/2\/2018\/04\/IMG_6723-150x150.jpg\" class=\"attachment-thumbnail size-thumbnail\" alt=\"Inauguraci\u00f3n centro Khayyam\" \/><\/a>\n\t\t\t<\/dt><\/dl><dl class='gallery-item'>\n\t\t\t<dt class='gallery-icon landscape'>\n\t\t\t\t<a href='https:\/\/www.nebrija.com\/medios\/actualidadnebrija\/wp-content\/uploads\/sites\/2\/2018\/04\/IMG_6731.jpg'><img loading=\"lazy\" decoding=\"async\" width=\"150\" height=\"150\" src=\"https:\/\/www.nebrija.com\/medios\/actualidadnebrija\/wp-content\/uploads\/sites\/2\/2018\/04\/IMG_6731-150x150.jpg\" class=\"attachment-thumbnail size-thumbnail\" alt=\"Inauguraci\u00f3n centro Khayyam\" \/><\/a>\n\t\t\t<\/dt><\/dl><dl class='gallery-item'>\n\t\t\t<dt class='gallery-icon landscape'>\n\t\t\t\t<a href='https:\/\/www.nebrija.com\/medios\/actualidadnebrija\/wp-content\/uploads\/sites\/2\/2018\/04\/IMG_6734.jpg'><img loading=\"lazy\" decoding=\"async\" width=\"150\" height=\"150\" src=\"https:\/\/www.nebrija.com\/medios\/actualidadnebrija\/wp-content\/uploads\/sites\/2\/2018\/04\/IMG_6734-150x150.jpg\" class=\"attachment-thumbnail size-thumbnail\" alt=\"Inauguraci\u00f3n centro Khayyam\" \/><\/a>\n\t\t\t<\/dt><\/dl><dl class='gallery-item'>\n\t\t\t<dt class='gallery-icon landscape'>\n\t\t\t\t<a href='https:\/\/www.nebrija.com\/medios\/actualidadnebrija\/wp-content\/uploads\/sites\/2\/2018\/04\/IMG_6740.jpg'><img loading=\"lazy\" decoding=\"async\" width=\"150\" height=\"150\" src=\"https:\/\/www.nebrija.com\/medios\/actualidadnebrija\/wp-content\/uploads\/sites\/2\/2018\/04\/IMG_6740-150x150.jpg\" class=\"attachment-thumbnail size-thumbnail\" alt=\"Inauguraci\u00f3n centro Khayyam\" \/><\/a>\n\t\t\t<\/dt><\/dl><br style=\"clear: both\" \/><dl class='gallery-item'>\n\t\t\t<dt class='gallery-icon landscape'>\n\t\t\t\t<a href='https:\/\/www.nebrija.com\/medios\/actualidadnebrija\/wp-content\/uploads\/sites\/2\/2018\/04\/IMG_6741.jpg'><img loading=\"lazy\" decoding=\"async\" width=\"150\" height=\"150\" src=\"https:\/\/www.nebrija.com\/medios\/actualidadnebrija\/wp-content\/uploads\/sites\/2\/2018\/04\/IMG_6741-150x150.jpg\" class=\"attachment-thumbnail size-thumbnail\" alt=\"Inauguraci\u00f3n centro Khayyam\" \/><\/a>\n\t\t\t<\/dt><\/dl><dl class='gallery-item'>\n\t\t\t<dt class='gallery-icon landscape'>\n\t\t\t\t<a href='https:\/\/www.nebrija.com\/medios\/actualidadnebrija\/wp-content\/uploads\/sites\/2\/2018\/04\/IMG_6743.jpg'><img loading=\"lazy\" decoding=\"async\" width=\"150\" height=\"150\" src=\"https:\/\/www.nebrija.com\/medios\/actualidadnebrija\/wp-content\/uploads\/sites\/2\/2018\/04\/IMG_6743-150x150.jpg\" class=\"attachment-thumbnail size-thumbnail\" alt=\"Inauguraci\u00f3n centro Khayyam\" \/><\/a>\n\t\t\t<\/dt><\/dl><dl class='gallery-item'>\n\t\t\t<dt class='gallery-icon landscape'>\n\t\t\t\t<a href='https:\/\/www.nebrija.com\/medios\/actualidadnebrija\/wp-content\/uploads\/sites\/2\/2018\/04\/IMG_6745.jpg'><img loading=\"lazy\" decoding=\"async\" width=\"150\" height=\"150\" src=\"https:\/\/www.nebrija.com\/medios\/actualidadnebrija\/wp-content\/uploads\/sites\/2\/2018\/04\/IMG_6745-150x150.jpg\" class=\"attachment-thumbnail size-thumbnail\" alt=\"Inauguraci\u00f3n centro Khayyam\" \/><\/a>\n\t\t\t<\/dt><\/dl><dl class='gallery-item'>\n\t\t\t<dt class='gallery-icon landscape'>\n\t\t\t\t<a href='https:\/\/www.nebrija.com\/medios\/actualidadnebrija\/wp-content\/uploads\/sites\/2\/2018\/04\/IMG_6751.jpg'><img loading=\"lazy\" decoding=\"async\" width=\"150\" height=\"150\" src=\"https:\/\/www.nebrija.com\/medios\/actualidadnebrija\/wp-content\/uploads\/sites\/2\/2018\/04\/IMG_6751-150x150.jpg\" class=\"attachment-thumbnail size-thumbnail\" alt=\"Inauguraci\u00f3n centro Khayyam\" \/><\/a>\n\t\t\t<\/dt><\/dl><dl class='gallery-item'>\n\t\t\t<dt class='gallery-icon landscape'>\n\t\t\t\t<a href='https:\/\/www.nebrija.com\/medios\/actualidadnebrija\/wp-content\/uploads\/sites\/2\/2018\/04\/IMG_6752.jpg'><img loading=\"lazy\" decoding=\"async\" width=\"150\" height=\"150\" src=\"https:\/\/www.nebrija.com\/medios\/actualidadnebrija\/wp-content\/uploads\/sites\/2\/2018\/04\/IMG_6752-150x150.jpg\" class=\"attachment-thumbnail size-thumbnail\" alt=\"Inauguraci\u00f3n centro Khayyam\" \/><\/a>\n\t\t\t<\/dt><\/dl><dl class='gallery-item'>\n\t\t\t<dt class='gallery-icon landscape'>\n\t\t\t\t<a href='https:\/\/www.nebrija.com\/medios\/actualidadnebrija\/wp-content\/uploads\/sites\/2\/2018\/04\/IMG_6756.jpg'><img loading=\"lazy\" decoding=\"async\" width=\"150\" height=\"150\" src=\"https:\/\/www.nebrija.com\/medios\/actualidadnebrija\/wp-content\/uploads\/sites\/2\/2018\/04\/IMG_6756-150x150.jpg\" class=\"attachment-thumbnail size-thumbnail\" alt=\"Inauguraci\u00f3n centro Khayyam\" \/><\/a>\n\t\t\t<\/dt><\/dl><br style=\"clear: both\" \/><dl class='gallery-item'>\n\t\t\t<dt class='gallery-icon landscape'>\n\t\t\t\t<a href='https:\/\/www.nebrija.com\/medios\/actualidadnebrija\/wp-content\/uploads\/sites\/2\/2018\/04\/IMG_6771.jpg'><img loading=\"lazy\" decoding=\"async\" width=\"150\" height=\"150\" src=\"https:\/\/www.nebrija.com\/medios\/actualidadnebrija\/wp-content\/uploads\/sites\/2\/2018\/04\/IMG_6771-150x150.jpg\" class=\"attachment-thumbnail size-thumbnail\" alt=\"Inauguraci\u00f3n centro Khayyam\" \/><\/a>\n\t\t\t<\/dt><\/dl><dl class='gallery-item'>\n\t\t\t<dt class='gallery-icon landscape'>\n\t\t\t\t<a href='https:\/\/www.nebrija.com\/medios\/actualidadnebrija\/wp-content\/uploads\/sites\/2\/2018\/04\/IMG_6772.jpg'><img loading=\"lazy\" decoding=\"async\" width=\"150\" height=\"150\" src=\"https:\/\/www.nebrija.com\/medios\/actualidadnebrija\/wp-content\/uploads\/sites\/2\/2018\/04\/IMG_6772-150x150.jpg\" class=\"attachment-thumbnail size-thumbnail\" alt=\"Inauguraci\u00f3n centro Khayyam\" \/><\/a>\n\t\t\t<\/dt><\/dl><dl class='gallery-item'>\n\t\t\t<dt class='gallery-icon landscape'>\n\t\t\t\t<a href='https:\/\/www.nebrija.com\/medios\/actualidadnebrija\/wp-content\/uploads\/sites\/2\/2018\/04\/IMG_6779.jpg'><img loading=\"lazy\" decoding=\"async\" width=\"150\" height=\"150\" src=\"https:\/\/www.nebrija.com\/medios\/actualidadnebrija\/wp-content\/uploads\/sites\/2\/2018\/04\/IMG_6779-150x150.jpg\" class=\"attachment-thumbnail size-thumbnail\" alt=\"Inauguraci\u00f3n centro Khayyam\" \/><\/a>\n\t\t\t<\/dt><\/dl><dl class='gallery-item'>\n\t\t\t<dt class='gallery-icon landscape'>\n\t\t\t\t<a href='https:\/\/www.nebrija.com\/medios\/actualidadnebrija\/wp-content\/uploads\/sites\/2\/2018\/04\/IMG_6782.jpg'><img loading=\"lazy\" decoding=\"async\" width=\"150\" height=\"150\" src=\"https:\/\/www.nebrija.com\/medios\/actualidadnebrija\/wp-content\/uploads\/sites\/2\/2018\/04\/IMG_6782-150x150.jpg\" class=\"attachment-thumbnail size-thumbnail\" alt=\"Inauguraci\u00f3n centro Khayyam\" \/><\/a>\n\t\t\t<\/dt><\/dl><dl class='gallery-item'>\n\t\t\t<dt class='gallery-icon landscape'>\n\t\t\t\t<a href='https:\/\/www.nebrija.com\/medios\/actualidadnebrija\/wp-content\/uploads\/sites\/2\/2018\/04\/IMG_6783.jpg'><img loading=\"lazy\" decoding=\"async\" width=\"150\" height=\"150\" src=\"https:\/\/www.nebrija.com\/medios\/actualidadnebrija\/wp-content\/uploads\/sites\/2\/2018\/04\/IMG_6783-150x150.jpg\" class=\"attachment-thumbnail size-thumbnail\" alt=\"Inauguraci\u00f3n centro Khayyam\" \/><\/a>\n\t\t\t<\/dt><\/dl><dl class='gallery-item'>\n\t\t\t<dt class='gallery-icon landscape'>\n\t\t\t\t<a href='https:\/\/www.nebrija.com\/medios\/actualidadnebrija\/wp-content\/uploads\/sites\/2\/2018\/04\/IMG_6788.jpg'><img loading=\"lazy\" decoding=\"async\" width=\"150\" height=\"150\" src=\"https:\/\/www.nebrija.com\/medios\/actualidadnebrija\/wp-content\/uploads\/sites\/2\/2018\/04\/IMG_6788-150x150.jpg\" class=\"attachment-thumbnail size-thumbnail\" alt=\"Inauguraci\u00f3n centro Khayyam\" \/><\/a>\n\t\t\t<\/dt><\/dl><br style=\"clear: both\" \/>\n\t\t<\/div>\n\n","protected":false},"excerpt":{"rendered":"<p>La Universidad Allameh Tabataba&#8217;i, de Ir\u00e1n, ha abierto\u00a0 el centro Khayyam\u00a0 para Estudios Iran\u00eds y del Persa en las instalaciones de la Universidad Nebrija, dentro del marco de un acuerdo entre ambas instituciones para fomentar el estudio del persa en<\/p>\n","protected":false},"author":263,"featured_media":49786,"comment_status":"open","ping_status":"open","sticky":false,"template":"","format":"standard","meta":{"_acf_changed":false,"_monsterinsights_skip_tracking":false,"_monsterinsights_sitenote_active":false,"_monsterinsights_sitenote_note":"","_monsterinsights_sitenote_category":0,"footnotes":""},"categories":[3049,3057,10],"tags":[3124],"acf":[],"yoast_head":"<!-- This site is optimized with the Yoast SEO plugin v22.1 - https:\/\/yoast.com\/wordpress\/plugins\/seo\/ -->\n<title>La Universidad Allameh Tabataba&#039;i de Ir\u00e1n abre un centro de estudios persas en la Universidad Nebrija - Actualidad Nebrija<\/title>\n<meta name=\"robots\" content=\"index, follow, max-snippet:-1, max-image-preview:large, max-video-preview:-1\" \/>\n<link rel=\"canonical\" href=\"https:\/\/www.nebrija.com\/medios\/actualidadnebrija\/2018\/04\/16\/la-universidad-allameh-tabataba-de-iran-abre-un-centro-de-estudios-persas-en-la-universidad-nebrija\/\" \/>\n<meta property=\"og:locale\" content=\"es_ES\" \/>\n<meta property=\"og:type\" content=\"article\" \/>\n<meta property=\"og:title\" content=\"La Universidad Allameh Tabataba&#039;i de Ir\u00e1n abre un centro de estudios persas en la Universidad Nebrija - Actualidad Nebrija\" \/>\n<meta property=\"og:description\" content=\"La Universidad Allameh Tabataba&#8217;i, de Ir\u00e1n, ha abierto\u00a0 el centro Khayyam\u00a0 para Estudios Iran\u00eds y del Persa en las instalaciones de la Universidad Nebrija, dentro del marco de un acuerdo entre ambas instituciones para fomentar el estudio del persa en\" \/>\n<meta property=\"og:url\" content=\"https:\/\/www.nebrija.com\/medios\/actualidadnebrija\/2018\/04\/16\/la-universidad-allameh-tabataba-de-iran-abre-un-centro-de-estudios-persas-en-la-universidad-nebrija\/\" \/>\n<meta property=\"og:site_name\" content=\"Actualidad Nebrija\" \/>\n<meta property=\"article:published_time\" content=\"2018-04-16T14:08:18+00:00\" \/>\n<meta property=\"article:modified_time\" content=\"2018-04-17T09:00:39+00:00\" \/>\n<meta property=\"og:image\" content=\"https:\/\/www.nebrija.com\/medios\/actualidadnebrija\/wp-content\/uploads\/sites\/2\/2018\/04\/IMG_6783.jpg\" \/>\n\t<meta property=\"og:image:width\" content=\"1000\" \/>\n\t<meta property=\"og:image:height\" content=\"667\" \/>\n\t<meta property=\"og:image:type\" content=\"image\/jpeg\" \/>\n<meta name=\"author\" content=\"pmartinezma\" \/>\n<meta name=\"twitter:card\" content=\"summary_large_image\" \/>\n<meta name=\"twitter:label1\" content=\"Escrito por\" \/>\n\t<meta name=\"twitter:data1\" content=\"pmartinezma\" \/>\n\t<meta name=\"twitter:label2\" content=\"Tiempo de lectura\" \/>\n\t<meta name=\"twitter:data2\" content=\"2 minutos\" \/>\n<!-- \/ Yoast SEO plugin. -->","yoast_head_json":{"title":"La Universidad Allameh Tabataba'i de Ir\u00e1n abre un centro de estudios persas en la Universidad Nebrija - Actualidad Nebrija","robots":{"index":"index","follow":"follow","max-snippet":"max-snippet:-1","max-image-preview":"max-image-preview:large","max-video-preview":"max-video-preview:-1"},"canonical":"https:\/\/www.nebrija.com\/medios\/actualidadnebrija\/2018\/04\/16\/la-universidad-allameh-tabataba-de-iran-abre-un-centro-de-estudios-persas-en-la-universidad-nebrija\/","og_locale":"es_ES","og_type":"article","og_title":"La Universidad Allameh Tabataba'i de Ir\u00e1n abre un centro de estudios persas en la Universidad Nebrija - Actualidad Nebrija","og_description":"La Universidad Allameh Tabataba&#8217;i, de Ir\u00e1n, ha abierto\u00a0 el centro Khayyam\u00a0 para Estudios Iran\u00eds y del Persa en las instalaciones de la Universidad Nebrija, dentro del marco de un acuerdo entre ambas instituciones para fomentar el estudio del persa en","og_url":"https:\/\/www.nebrija.com\/medios\/actualidadnebrija\/2018\/04\/16\/la-universidad-allameh-tabataba-de-iran-abre-un-centro-de-estudios-persas-en-la-universidad-nebrija\/","og_site_name":"Actualidad Nebrija","article_published_time":"2018-04-16T14:08:18+00:00","article_modified_time":"2018-04-17T09:00:39+00:00","og_image":[{"width":1000,"height":667,"url":"https:\/\/www.nebrija.com\/medios\/actualidadnebrija\/wp-content\/uploads\/sites\/2\/2018\/04\/IMG_6783.jpg","type":"image\/jpeg"}],"author":"pmartinezma","twitter_card":"summary_large_image","twitter_misc":{"Escrito por":"pmartinezma","Tiempo de lectura":"2 minutos"},"schema":{"@context":"https:\/\/schema.org","@graph":[{"@type":"WebPage","@id":"https:\/\/www.nebrija.com\/medios\/actualidadnebrija\/2018\/04\/16\/la-universidad-allameh-tabataba-de-iran-abre-un-centro-de-estudios-persas-en-la-universidad-nebrija\/","url":"https:\/\/www.nebrija.com\/medios\/actualidadnebrija\/2018\/04\/16\/la-universidad-allameh-tabataba-de-iran-abre-un-centro-de-estudios-persas-en-la-universidad-nebrija\/","name":"La Universidad Allameh Tabataba'i de Ir\u00e1n abre un centro de estudios persas en la Universidad Nebrija - Actualidad Nebrija","isPartOf":{"@id":"https:\/\/www.nebrija.com\/medios\/actualidadnebrija\/#website"},"datePublished":"2018-04-16T14:08:18+00:00","dateModified":"2018-04-17T09:00:39+00:00","author":{"@id":"https:\/\/www.nebrija.com\/medios\/actualidadnebrija\/#\/schema\/person\/eece520e53a2d6b773c896d785ca10ad"},"breadcrumb":{"@id":"https:\/\/www.nebrija.com\/medios\/actualidadnebrija\/2018\/04\/16\/la-universidad-allameh-tabataba-de-iran-abre-un-centro-de-estudios-persas-en-la-universidad-nebrija\/#breadcrumb"},"inLanguage":"es","potentialAction":[{"@type":"ReadAction","target":["https:\/\/www.nebrija.com\/medios\/actualidadnebrija\/2018\/04\/16\/la-universidad-allameh-tabataba-de-iran-abre-un-centro-de-estudios-persas-en-la-universidad-nebrija\/"]}]},{"@type":"BreadcrumbList","@id":"https:\/\/www.nebrija.com\/medios\/actualidadnebrija\/2018\/04\/16\/la-universidad-allameh-tabataba-de-iran-abre-un-centro-de-estudios-persas-en-la-universidad-nebrija\/#breadcrumb","itemListElement":[{"@type":"ListItem","position":1,"name":"Home","item":"https:\/\/www.nebrija.com\/medios\/actualidadnebrija\/"},{"@type":"ListItem","position":2,"name":"La Universidad Allameh Tabataba&#8217;i de Ir\u00e1n abre un centro de estudios persas en la Universidad Nebrija"}]},{"@type":"WebSite","@id":"https:\/\/www.nebrija.com\/medios\/actualidadnebrija\/#website","url":"https:\/\/www.nebrija.com\/medios\/actualidadnebrija\/","name":"Actualidad Nebrija","description":"Noticias de la Universidad Nebrija","potentialAction":[{"@type":"SearchAction","target":{"@type":"EntryPoint","urlTemplate":"https:\/\/www.nebrija.com\/medios\/actualidadnebrija\/?s={search_term_string}"},"query-input":"required name=search_term_string"}],"inLanguage":"es"},{"@type":"Person","@id":"https:\/\/www.nebrija.com\/medios\/actualidadnebrija\/#\/schema\/person\/eece520e53a2d6b773c896d785ca10ad","name":"pmartinezma","image":{"@type":"ImageObject","inLanguage":"es","@id":"https:\/\/www.nebrija.com\/medios\/actualidadnebrija\/#\/schema\/person\/image\/","url":"https:\/\/secure.gravatar.com\/avatar\/5feaacc0ce30f23dc14c8724dc28a01f?s=96&d=mm&r=g","contentUrl":"https:\/\/secure.gravatar.com\/avatar\/5feaacc0ce30f23dc14c8724dc28a01f?s=96&d=mm&r=g","caption":"pmartinezma"},"url":"https:\/\/www.nebrija.com\/medios\/actualidadnebrija\/author\/pmartinezma\/"}]}},"_links":{"self":[{"href":"https:\/\/www.nebrija.com\/medios\/actualidadnebrija\/wp-json\/wp\/v2\/posts\/49763"}],"collection":[{"href":"https:\/\/www.nebrija.com\/medios\/actualidadnebrija\/wp-json\/wp\/v2\/posts"}],"about":[{"href":"https:\/\/www.nebrija.com\/medios\/actualidadnebrija\/wp-json\/wp\/v2\/types\/post"}],"author":[{"embeddable":true,"href":"https:\/\/www.nebrija.com\/medios\/actualidadnebrija\/wp-json\/wp\/v2\/users\/263"}],"replies":[{"embeddable":true,"href":"https:\/\/www.nebrija.com\/medios\/actualidadnebrija\/wp-json\/wp\/v2\/comments?post=49763"}],"version-history":[{"count":4,"href":"https:\/\/www.nebrija.com\/medios\/actualidadnebrija\/wp-json\/wp\/v2\/posts\/49763\/revisions"}],"predecessor-version":[{"id":49842,"href":"https:\/\/www.nebrija.com\/medios\/actualidadnebrija\/wp-json\/wp\/v2\/posts\/49763\/revisions\/49842"}],"wp:featuredmedia":[{"embeddable":true,"href":"https:\/\/www.nebrija.com\/medios\/actualidadnebrija\/wp-json\/wp\/v2\/media\/49786"}],"wp:attachment":[{"href":"https:\/\/www.nebrija.com\/medios\/actualidadnebrija\/wp-json\/wp\/v2\/media?parent=49763"}],"wp:term":[{"taxonomy":"category","embeddable":true,"href":"https:\/\/www.nebrija.com\/medios\/actualidadnebrija\/wp-json\/wp\/v2\/categories?post=49763"},{"taxonomy":"post_tag","embeddable":true,"href":"https:\/\/www.nebrija.com\/medios\/actualidadnebrija\/wp-json\/wp\/v2\/tags?post=49763"}],"curies":[{"name":"wp","href":"https:\/\/api.w.org\/{rel}","templated":true}]}}