{"id":52068,"date":"2018-09-12T17:27:20","date_gmt":"2018-09-12T15:27:20","guid":{"rendered":"http:\/\/www.nebrija.com\/medios\/actualidadnebrija\/?p=52068"},"modified":"2019-01-25T14:32:13","modified_gmt":"2019-01-25T13:32:13","slug":"carlos-espaliu-se-incorpora-como-investigador-principal-la-facultad-de-ciencias-sociales","status":"publish","type":"post","link":"https:\/\/www.nebrija.com\/medios\/actualidadnebrija\/2018\/09\/12\/carlos-espaliu-se-incorpora-como-investigador-principal-la-facultad-de-ciencias-sociales\/","title":{"rendered":"Carlos Espali\u00fa, nuevo investigador principal de la Facultad de Ciencias Sociales"},"content":{"rendered":"<p>Carlos Espali\u00fa Berdud es, desde este mes de septiembre, el nuevo investigador principal del <a href=\"https:\/\/www.nebrija.com\/investigacion-universidad\/grupos\/grupo-segerico.php\">Grupo Nebrija de Seguridad, Gesti\u00f3n de Riesgos y Conflictos<\/a> de la Facultad de Ciencias Sociales. Licenciado en Derecho y doctor en Derecho Internacional P\u00fablico por la Universidad de C\u00f3rdoba, Espali\u00fa est\u00e1 acreditado como catedr\u00e1tico de universidad y se incorpora a la Facultad como profesor director.<\/p>\n<p>A lo largo de su trayectoria profesional, ha impartido docencia en varias universidades y ha sido vicedecano en la Universidad Internacional de Catalu\u00f1a. Destaca por su labor de investigaci\u00f3n, con 52 publicaciones cient\u00edficas y su participaci\u00f3n en 8 proyectos de investigaci\u00f3n competitivos, acumulando el reconocimiento de varios sexenios de investigaci\u00f3n.<\/p>\n<p>Con su llegada a la Universidad Nebrija pretende ayudar a desarrollar el potencial investigador de la Facultad, con el \u00e1nimo de lograr la excelencia cient\u00edfica de los diferentes equipos de investigaci\u00f3n y orientando la acci\u00f3n hacia las demandas del actual mercado cient\u00edfico. As\u00ed, se suma a la Universidad Nebrija con la idea de poner a disposici\u00f3n de todo el personal docente e investigador, sus conocimientos sobre la investigaci\u00f3n en seguridad, derecho internacional y conflictos.<\/p>\n<p>Su objetivo es ayudar a situar a Nebrija en el foco de atenci\u00f3n de la comunidad cient\u00edfica, demostrando que es una peque\u00f1a gran universidad tambi\u00e9n en producci\u00f3n cient\u00edfica con criterios de calidad. Para ello, centrar\u00e1 los esfuerzos del grupo de investigaci\u00f3n en tres ejes principales: atracci\u00f3n de capital externo mediante la solicitud de proyectos de investigaci\u00f3n en convocatorias p\u00fablicas y privadas, producci\u00f3n cient\u00edfica en forma de art\u00edculos en las principales revistas internacionales y divulgaci\u00f3n de los hallazgos en foros profesionales y no profesionales, para acercar la ciencia a la sociedad.<\/p>\n<p>&nbsp;<\/p>\n","protected":false},"excerpt":{"rendered":"<p>Carlos Espali\u00fa Berdud es, desde este mes de septiembre, el nuevo investigador principal del Grupo Nebrija de Seguridad, Gesti\u00f3n de Riesgos y Conflictos de la Facultad de Ciencias Sociales. Licenciado en Derecho y doctor en Derecho Internacional P\u00fablico por la<\/p>\n","protected":false},"author":23,"featured_media":52122,"comment_status":"open","ping_status":"open","sticky":false,"template":"","format":"standard","meta":{"_acf_changed":false,"_monsterinsights_skip_tracking":false,"_monsterinsights_sitenote_active":false,"_monsterinsights_sitenote_note":"","_monsterinsights_sitenote_category":0,"footnotes":""},"categories":[3,3051,3064],"tags":[3124],"acf":[],"yoast_head":"<!-- This site is optimized with the Yoast SEO plugin v22.1 - https:\/\/yoast.com\/wordpress\/plugins\/seo\/ -->\n<title>Carlos Espali\u00fa, nuevo investigador principal de la Facultad de Ciencias Sociales - Actualidad Nebrija<\/title>\n<meta name=\"robots\" content=\"index, follow, max-snippet:-1, max-image-preview:large, max-video-preview:-1\" \/>\n<link rel=\"canonical\" href=\"https:\/\/www.nebrija.com\/medios\/actualidadnebrija\/2018\/09\/12\/carlos-espaliu-se-incorpora-como-investigador-principal-la-facultad-de-ciencias-sociales\/\" \/>\n<meta property=\"og:locale\" content=\"es_ES\" \/>\n<meta property=\"og:type\" content=\"article\" \/>\n<meta property=\"og:title\" content=\"Carlos Espali\u00fa, nuevo investigador principal de la Facultad de Ciencias Sociales - Actualidad Nebrija\" \/>\n<meta property=\"og:description\" content=\"Carlos Espali\u00fa Berdud es, desde este mes de septiembre, el nuevo investigador principal del Grupo Nebrija de Seguridad, Gesti\u00f3n de Riesgos y Conflictos de la Facultad de Ciencias Sociales. Licenciado en Derecho y doctor en Derecho Internacional P\u00fablico por la\" \/>\n<meta property=\"og:url\" content=\"https:\/\/www.nebrija.com\/medios\/actualidadnebrija\/2018\/09\/12\/carlos-espaliu-se-incorpora-como-investigador-principal-la-facultad-de-ciencias-sociales\/\" \/>\n<meta property=\"og:site_name\" content=\"Actualidad Nebrija\" \/>\n<meta property=\"article:published_time\" content=\"2018-09-12T15:27:20+00:00\" \/>\n<meta property=\"article:modified_time\" content=\"2019-01-25T13:32:13+00:00\" \/>\n<meta property=\"og:image\" content=\"https:\/\/www.nebrija.com\/medios\/actualidadnebrija\/wp-content\/uploads\/sites\/2\/2018\/09\/IMG_3677.jpg\" \/>\n\t<meta property=\"og:image:width\" content=\"1500\" \/>\n\t<meta property=\"og:image:height\" content=\"1000\" \/>\n\t<meta property=\"og:image:type\" content=\"image\/jpeg\" \/>\n<meta name=\"author\" content=\"lgomezbe\" \/>\n<meta name=\"twitter:card\" content=\"summary_large_image\" \/>\n<meta name=\"twitter:label1\" content=\"Escrito por\" \/>\n\t<meta name=\"twitter:data1\" content=\"lgomezbe\" \/>\n\t<meta name=\"twitter:label2\" content=\"Tiempo de lectura\" \/>\n\t<meta name=\"twitter:data2\" content=\"2 minutos\" \/>\n<!-- \/ Yoast SEO plugin. -->","yoast_head_json":{"title":"Carlos Espali\u00fa, nuevo investigador principal de la Facultad de Ciencias Sociales - Actualidad Nebrija","robots":{"index":"index","follow":"follow","max-snippet":"max-snippet:-1","max-image-preview":"max-image-preview:large","max-video-preview":"max-video-preview:-1"},"canonical":"https:\/\/www.nebrija.com\/medios\/actualidadnebrija\/2018\/09\/12\/carlos-espaliu-se-incorpora-como-investigador-principal-la-facultad-de-ciencias-sociales\/","og_locale":"es_ES","og_type":"article","og_title":"Carlos Espali\u00fa, nuevo investigador principal de la Facultad de Ciencias Sociales - Actualidad Nebrija","og_description":"Carlos Espali\u00fa Berdud es, desde este mes de septiembre, el nuevo investigador principal del Grupo Nebrija de Seguridad, Gesti\u00f3n de Riesgos y Conflictos de la Facultad de Ciencias Sociales. Licenciado en Derecho y doctor en Derecho Internacional P\u00fablico por la","og_url":"https:\/\/www.nebrija.com\/medios\/actualidadnebrija\/2018\/09\/12\/carlos-espaliu-se-incorpora-como-investigador-principal-la-facultad-de-ciencias-sociales\/","og_site_name":"Actualidad Nebrija","article_published_time":"2018-09-12T15:27:20+00:00","article_modified_time":"2019-01-25T13:32:13+00:00","og_image":[{"width":1500,"height":1000,"url":"https:\/\/www.nebrija.com\/medios\/actualidadnebrija\/wp-content\/uploads\/sites\/2\/2018\/09\/IMG_3677.jpg","type":"image\/jpeg"}],"author":"lgomezbe","twitter_card":"summary_large_image","twitter_misc":{"Escrito por":"lgomezbe","Tiempo de lectura":"2 minutos"},"schema":{"@context":"https:\/\/schema.org","@graph":[{"@type":"WebPage","@id":"https:\/\/www.nebrija.com\/medios\/actualidadnebrija\/2018\/09\/12\/carlos-espaliu-se-incorpora-como-investigador-principal-la-facultad-de-ciencias-sociales\/","url":"https:\/\/www.nebrija.com\/medios\/actualidadnebrija\/2018\/09\/12\/carlos-espaliu-se-incorpora-como-investigador-principal-la-facultad-de-ciencias-sociales\/","name":"Carlos Espali\u00fa, nuevo investigador principal de la Facultad de Ciencias Sociales - Actualidad Nebrija","isPartOf":{"@id":"https:\/\/www.nebrija.com\/medios\/actualidadnebrija\/#website"},"datePublished":"2018-09-12T15:27:20+00:00","dateModified":"2019-01-25T13:32:13+00:00","author":{"@id":"https:\/\/www.nebrija.com\/medios\/actualidadnebrija\/#\/schema\/person\/e6232b48104a001b2861271d566e28a7"},"breadcrumb":{"@id":"https:\/\/www.nebrija.com\/medios\/actualidadnebrija\/2018\/09\/12\/carlos-espaliu-se-incorpora-como-investigador-principal-la-facultad-de-ciencias-sociales\/#breadcrumb"},"inLanguage":"es","potentialAction":[{"@type":"ReadAction","target":["https:\/\/www.nebrija.com\/medios\/actualidadnebrija\/2018\/09\/12\/carlos-espaliu-se-incorpora-como-investigador-principal-la-facultad-de-ciencias-sociales\/"]}]},{"@type":"BreadcrumbList","@id":"https:\/\/www.nebrija.com\/medios\/actualidadnebrija\/2018\/09\/12\/carlos-espaliu-se-incorpora-como-investigador-principal-la-facultad-de-ciencias-sociales\/#breadcrumb","itemListElement":[{"@type":"ListItem","position":1,"name":"Home","item":"https:\/\/www.nebrija.com\/medios\/actualidadnebrija\/"},{"@type":"ListItem","position":2,"name":"Carlos Espali\u00fa, nuevo investigador principal de la Facultad de Ciencias Sociales"}]},{"@type":"WebSite","@id":"https:\/\/www.nebrija.com\/medios\/actualidadnebrija\/#website","url":"https:\/\/www.nebrija.com\/medios\/actualidadnebrija\/","name":"Actualidad Nebrija","description":"Noticias de la Universidad Nebrija","potentialAction":[{"@type":"SearchAction","target":{"@type":"EntryPoint","urlTemplate":"https:\/\/www.nebrija.com\/medios\/actualidadnebrija\/?s={search_term_string}"},"query-input":"required name=search_term_string"}],"inLanguage":"es"},{"@type":"Person","@id":"https:\/\/www.nebrija.com\/medios\/actualidadnebrija\/#\/schema\/person\/e6232b48104a001b2861271d566e28a7","name":"lgomezbe","image":{"@type":"ImageObject","inLanguage":"es","@id":"https:\/\/www.nebrija.com\/medios\/actualidadnebrija\/#\/schema\/person\/image\/","url":"https:\/\/secure.gravatar.com\/avatar\/91429af2b2eb6303c2012c36b2710a4a?s=96&d=mm&r=g","contentUrl":"https:\/\/secure.gravatar.com\/avatar\/91429af2b2eb6303c2012c36b2710a4a?s=96&d=mm&r=g","caption":"lgomezbe"},"url":"https:\/\/www.nebrija.com\/medios\/actualidadnebrija\/author\/lgomezbe\/"}]}},"_links":{"self":[{"href":"https:\/\/www.nebrija.com\/medios\/actualidadnebrija\/wp-json\/wp\/v2\/posts\/52068"}],"collection":[{"href":"https:\/\/www.nebrija.com\/medios\/actualidadnebrija\/wp-json\/wp\/v2\/posts"}],"about":[{"href":"https:\/\/www.nebrija.com\/medios\/actualidadnebrija\/wp-json\/wp\/v2\/types\/post"}],"author":[{"embeddable":true,"href":"https:\/\/www.nebrija.com\/medios\/actualidadnebrija\/wp-json\/wp\/v2\/users\/23"}],"replies":[{"embeddable":true,"href":"https:\/\/www.nebrija.com\/medios\/actualidadnebrija\/wp-json\/wp\/v2\/comments?post=52068"}],"version-history":[{"count":2,"href":"https:\/\/www.nebrija.com\/medios\/actualidadnebrija\/wp-json\/wp\/v2\/posts\/52068\/revisions"}],"predecessor-version":[{"id":52124,"href":"https:\/\/www.nebrija.com\/medios\/actualidadnebrija\/wp-json\/wp\/v2\/posts\/52068\/revisions\/52124"}],"wp:featuredmedia":[{"embeddable":true,"href":"https:\/\/www.nebrija.com\/medios\/actualidadnebrija\/wp-json\/wp\/v2\/media\/52122"}],"wp:attachment":[{"href":"https:\/\/www.nebrija.com\/medios\/actualidadnebrija\/wp-json\/wp\/v2\/media?parent=52068"}],"wp:term":[{"taxonomy":"category","embeddable":true,"href":"https:\/\/www.nebrija.com\/medios\/actualidadnebrija\/wp-json\/wp\/v2\/categories?post=52068"},{"taxonomy":"post_tag","embeddable":true,"href":"https:\/\/www.nebrija.com\/medios\/actualidadnebrija\/wp-json\/wp\/v2\/tags?post=52068"}],"curies":[{"name":"wp","href":"https:\/\/api.w.org\/{rel}","templated":true}]}}