{"id":53669,"date":"2018-11-22T17:54:30","date_gmt":"2018-11-22T16:54:30","guid":{"rendered":"http:\/\/www.nebrija.com\/medios\/actualidadnebrija\/?p=53669"},"modified":"2023-04-25T16:23:59","modified_gmt":"2023-04-25T14:23:59","slug":"residencia-artistica-surco-universidad-nebrija-y-lanaveva","status":"publish","type":"post","link":"https:\/\/www.nebrija.com\/medios\/actualidadnebrija\/2018\/11\/22\/residencia-artistica-surco-universidad-nebrija-y-lanaveva\/","title":{"rendered":"Residencia art\u00edstica Surco: Universidad Nebrija y LaNaveVa"},"content":{"rendered":"<p>Del 8 al 11 del noviembre, los alumnos de la asignatura Desarrollo de Competencias II del <a href=\"https:\/\/www.nebrija.com\/carreras-universitarias\/grado-en-bellas-artes\/\">Grado de Bellas Artes<\/a> de la Universidad Nebrija, han realizado una residencia art\u00edstica en el Parque de Esculturas LaNaveVa, en Berrocalejo (C\u00e1ceres), coordinada por la profesora Luc\u00eda Loren.<\/p>\n<p>LaNaveVa<em>\u00a0<\/em>es un espacio\u00a0dedicado a la exhibici\u00f3n de esculturas e intervenciones, propuestas de\u00a0<em>landart<\/em>, arte ambiental y\u00a0<em>site specific<\/em> de artistas\u00a0reconocidos y nuevos talentos, que busca potenciar la obra de los artistas en un entorno propicio para el gran formato y las intervenciones en la naturaleza, adem\u00e1s de apostar por la reivindicaci\u00f3n\u00a0art\u00edstica\u00a0del medio natural.<\/p>\n<p>Los alumnos han llevado a cabo una serie de acciones art\u00edsticas vinculadas al entorno espec\u00edfico del Parque de Esculturas experimentando con otros formatos, contextos y discursos cr\u00edticos que han aportado nuevas posibilidades formales y conceptuales dentro del proceso de creaci\u00f3n de cada participante. Han trabajado el desarrollo de competencias profesionales tanto a nivel individual como colectivo y los proyectos realizados han puesto el foco de atenci\u00f3n tanto en el auto-conocimiento como en la generaci\u00f3n de conocimientos a nivel interpersonal. Uno de los objetivos principales ha sido el de abrir un dialogo equilibrado con el espacio en el que trabajamos, tratando de comprender su valor ecol\u00f3gico y cultural, para provocar una nueva lectura del paisaje que implique al espectador como conciencia viva y transformadora de su entorno.<\/p>\n<p><em>Reset<\/em>, realizada por Gustavo Ruiz, es una construcci\u00f3n ef\u00edmera con forma de majano, \u201crealizada sin ning\u00fan tipo de argamasa, con piedras y tierra del campo de cultivo, pensada para que se destruya, aludiendo al proceso natural de construcci\u00f3n y destrucci\u00f3n. La pieza contiene semillas de alfalfa y mostaza blanca, que fertilizan y airean la tierra\u201d. Hugo Prieto, en su pieza <em>Rumbo,<\/em> tambi\u00e9n ha utilizado piedras, inspir\u00e1ndose en una forma de construcci\u00f3n tradicional de la zona, aludiendo a palabras como \u201cdirecci\u00f3n, camino, se\u00f1al, paisaje, horizonte, mirada, detalle, puerta o vida\u201d. Por \u00faltimo, Suyi Yuan, ha llevado a cabo una acci\u00f3n performativa, <em>Silvestre<strong>,<\/strong><\/em> cubri\u00e9ndose el cuerpo con una vestimenta vegetal de avena silvestre en un trayecto simb\u00f3lico de vuelta a lo agreste, aludiendo a conceptos como \u201cregresar a la libertad original, volver a la esencia, ser naturaleza, caminar por las lindes, sentir la tierra, ser avena silvestre.\u201d<\/p>\n<p>Para m\u00e1s informaci\u00f3n sobre el proyecto:<\/p>\n<p>Instagram: surco_proyectoarte<\/p>\n<p>https:\/\/lanaveva.com\/<\/p>\n\n\t\t<style type=\"text\/css\">\n\t\t\t#gallery-1 {\n\t\t\t\tmargin: auto;\n\t\t\t}\n\t\t\t#gallery-1 .gallery-item {\n\t\t\t\tfloat: left;\n\t\t\t\tmargin-top: 10px;\n\t\t\t\ttext-align: center;\n\t\t\t\twidth: 33%;\n\t\t\t}\n\t\t\t#gallery-1 img {\n\t\t\t\tborder: 2px solid #cfcfcf;\n\t\t\t}\n\t\t\t#gallery-1 .gallery-caption {\n\t\t\t\tmargin-left: 0;\n\t\t\t}\n\t\t\t\/* see gallery_shortcode() in wp-includes\/media.php *\/\n\t\t<\/style>\n\t\t<div id='gallery-1' class='gallery galleryid-53669 gallery-columns-3 gallery-size-thumbnail'><dl class='gallery-item'>\n\t\t\t<dt class='gallery-icon portrait'>\n\t\t\t\t<a href='https:\/\/www.nebrija.com\/medios\/actualidadnebrija\/wp-content\/uploads\/sites\/2\/2018\/11\/artes-3.png'><img loading=\"lazy\" decoding=\"async\" width=\"150\" height=\"150\" src=\"https:\/\/www.nebrija.com\/medios\/actualidadnebrija\/wp-content\/uploads\/sites\/2\/2018\/11\/artes-3-150x150.png\" class=\"attachment-thumbnail size-thumbnail\" alt=\"\" \/><\/a>\n\t\t\t<\/dt><\/dl><dl class='gallery-item'>\n\t\t\t<dt class='gallery-icon landscape'>\n\t\t\t\t<a href='https:\/\/www.nebrija.com\/medios\/actualidadnebrija\/wp-content\/uploads\/sites\/2\/2018\/11\/artes-1.png'><img loading=\"lazy\" decoding=\"async\" width=\"150\" height=\"150\" src=\"https:\/\/www.nebrija.com\/medios\/actualidadnebrija\/wp-content\/uploads\/sites\/2\/2018\/11\/artes-1-150x150.png\" class=\"attachment-thumbnail size-thumbnail\" alt=\"\" \/><\/a>\n\t\t\t<\/dt><\/dl><dl class='gallery-item'>\n\t\t\t<dt class='gallery-icon landscape'>\n\t\t\t\t<a href='https:\/\/www.nebrija.com\/medios\/actualidadnebrija\/wp-content\/uploads\/sites\/2\/2018\/11\/artes-2.png'><img loading=\"lazy\" decoding=\"async\" width=\"150\" height=\"150\" src=\"https:\/\/www.nebrija.com\/medios\/actualidadnebrija\/wp-content\/uploads\/sites\/2\/2018\/11\/artes-2-150x150.png\" class=\"attachment-thumbnail size-thumbnail\" alt=\"\" \/><\/a>\n\t\t\t<\/dt><\/dl><br style=\"clear: both\" \/>\n\t\t<\/div>\n\n","protected":false},"excerpt":{"rendered":"<p>Del 8 al 11 del noviembre, los alumnos de la asignatura Desarrollo de Competencias II del Grado de Bellas Artes de la Universidad Nebrija, han realizado una residencia art\u00edstica en el Parque de Esculturas LaNaveVa, en Berrocalejo (C\u00e1ceres), coordinada por<\/p>\n","protected":false},"author":263,"featured_media":53672,"comment_status":"open","ping_status":"open","sticky":false,"template":"","format":"standard","meta":{"_acf_changed":false,"_monsterinsights_skip_tracking":false,"_monsterinsights_sitenote_active":false,"_monsterinsights_sitenote_note":"","_monsterinsights_sitenote_category":0,"footnotes":""},"categories":[3,3050],"tags":[],"acf":[],"yoast_head":"<!-- This site is optimized with the Yoast SEO plugin v22.1 - https:\/\/yoast.com\/wordpress\/plugins\/seo\/ -->\n<title>Residencia art\u00edstica Surco: Universidad Nebrija y LaNaveVa - Actualidad Nebrija<\/title>\n<meta name=\"robots\" content=\"index, follow, max-snippet:-1, max-image-preview:large, max-video-preview:-1\" \/>\n<link rel=\"canonical\" href=\"https:\/\/www.nebrija.com\/medios\/actualidadnebrija\/2018\/11\/22\/residencia-artistica-surco-universidad-nebrija-y-lanaveva\/\" \/>\n<meta property=\"og:locale\" content=\"es_ES\" \/>\n<meta property=\"og:type\" content=\"article\" \/>\n<meta property=\"og:title\" content=\"Residencia art\u00edstica Surco: Universidad Nebrija y LaNaveVa - Actualidad Nebrija\" \/>\n<meta property=\"og:description\" content=\"Del 8 al 11 del noviembre, los alumnos de la asignatura Desarrollo de Competencias II del Grado de Bellas Artes de la Universidad Nebrija, han realizado una residencia art\u00edstica en el Parque de Esculturas LaNaveVa, en Berrocalejo (C\u00e1ceres), coordinada por\" \/>\n<meta property=\"og:url\" content=\"https:\/\/www.nebrija.com\/medios\/actualidadnebrija\/2018\/11\/22\/residencia-artistica-surco-universidad-nebrija-y-lanaveva\/\" \/>\n<meta property=\"og:site_name\" content=\"Actualidad Nebrija\" \/>\n<meta property=\"article:published_time\" content=\"2018-11-22T16:54:30+00:00\" \/>\n<meta property=\"article:modified_time\" content=\"2023-04-25T14:23:59+00:00\" \/>\n<meta property=\"og:image\" content=\"https:\/\/www.nebrija.com\/medios\/actualidadnebrija\/wp-content\/uploads\/sites\/2\/2018\/11\/artes-1.png\" \/>\n\t<meta property=\"og:image:width\" content=\"782\" \/>\n\t<meta property=\"og:image:height\" content=\"513\" \/>\n\t<meta property=\"og:image:type\" content=\"image\/png\" \/>\n<meta name=\"author\" content=\"pmartinezma\" \/>\n<meta name=\"twitter:card\" content=\"summary_large_image\" \/>\n<meta name=\"twitter:label1\" content=\"Escrito por\" \/>\n\t<meta name=\"twitter:data1\" content=\"pmartinezma\" \/>\n\t<meta name=\"twitter:label2\" content=\"Tiempo de lectura\" \/>\n\t<meta name=\"twitter:data2\" content=\"2 minutos\" \/>\n<!-- \/ Yoast SEO plugin. -->","yoast_head_json":{"title":"Residencia art\u00edstica Surco: Universidad Nebrija y LaNaveVa - Actualidad Nebrija","robots":{"index":"index","follow":"follow","max-snippet":"max-snippet:-1","max-image-preview":"max-image-preview:large","max-video-preview":"max-video-preview:-1"},"canonical":"https:\/\/www.nebrija.com\/medios\/actualidadnebrija\/2018\/11\/22\/residencia-artistica-surco-universidad-nebrija-y-lanaveva\/","og_locale":"es_ES","og_type":"article","og_title":"Residencia art\u00edstica Surco: Universidad Nebrija y LaNaveVa - Actualidad Nebrija","og_description":"Del 8 al 11 del noviembre, los alumnos de la asignatura Desarrollo de Competencias II del Grado de Bellas Artes de la Universidad Nebrija, han realizado una residencia art\u00edstica en el Parque de Esculturas LaNaveVa, en Berrocalejo (C\u00e1ceres), coordinada por","og_url":"https:\/\/www.nebrija.com\/medios\/actualidadnebrija\/2018\/11\/22\/residencia-artistica-surco-universidad-nebrija-y-lanaveva\/","og_site_name":"Actualidad Nebrija","article_published_time":"2018-11-22T16:54:30+00:00","article_modified_time":"2023-04-25T14:23:59+00:00","og_image":[{"width":782,"height":513,"url":"https:\/\/www.nebrija.com\/medios\/actualidadnebrija\/wp-content\/uploads\/sites\/2\/2018\/11\/artes-1.png","type":"image\/png"}],"author":"pmartinezma","twitter_card":"summary_large_image","twitter_misc":{"Escrito por":"pmartinezma","Tiempo de lectura":"2 minutos"},"schema":{"@context":"https:\/\/schema.org","@graph":[{"@type":"WebPage","@id":"https:\/\/www.nebrija.com\/medios\/actualidadnebrija\/2018\/11\/22\/residencia-artistica-surco-universidad-nebrija-y-lanaveva\/","url":"https:\/\/www.nebrija.com\/medios\/actualidadnebrija\/2018\/11\/22\/residencia-artistica-surco-universidad-nebrija-y-lanaveva\/","name":"Residencia art\u00edstica Surco: Universidad Nebrija y LaNaveVa - Actualidad Nebrija","isPartOf":{"@id":"https:\/\/www.nebrija.com\/medios\/actualidadnebrija\/#website"},"datePublished":"2018-11-22T16:54:30+00:00","dateModified":"2023-04-25T14:23:59+00:00","author":{"@id":"https:\/\/www.nebrija.com\/medios\/actualidadnebrija\/#\/schema\/person\/eece520e53a2d6b773c896d785ca10ad"},"breadcrumb":{"@id":"https:\/\/www.nebrija.com\/medios\/actualidadnebrija\/2018\/11\/22\/residencia-artistica-surco-universidad-nebrija-y-lanaveva\/#breadcrumb"},"inLanguage":"es","potentialAction":[{"@type":"ReadAction","target":["https:\/\/www.nebrija.com\/medios\/actualidadnebrija\/2018\/11\/22\/residencia-artistica-surco-universidad-nebrija-y-lanaveva\/"]}]},{"@type":"BreadcrumbList","@id":"https:\/\/www.nebrija.com\/medios\/actualidadnebrija\/2018\/11\/22\/residencia-artistica-surco-universidad-nebrija-y-lanaveva\/#breadcrumb","itemListElement":[{"@type":"ListItem","position":1,"name":"Home","item":"https:\/\/www.nebrija.com\/medios\/actualidadnebrija\/"},{"@type":"ListItem","position":2,"name":"Residencia art\u00edstica Surco: Universidad Nebrija y LaNaveVa"}]},{"@type":"WebSite","@id":"https:\/\/www.nebrija.com\/medios\/actualidadnebrija\/#website","url":"https:\/\/www.nebrija.com\/medios\/actualidadnebrija\/","name":"Actualidad Nebrija","description":"Noticias de la Universidad Nebrija","potentialAction":[{"@type":"SearchAction","target":{"@type":"EntryPoint","urlTemplate":"https:\/\/www.nebrija.com\/medios\/actualidadnebrija\/?s={search_term_string}"},"query-input":"required name=search_term_string"}],"inLanguage":"es"},{"@type":"Person","@id":"https:\/\/www.nebrija.com\/medios\/actualidadnebrija\/#\/schema\/person\/eece520e53a2d6b773c896d785ca10ad","name":"pmartinezma","image":{"@type":"ImageObject","inLanguage":"es","@id":"https:\/\/www.nebrija.com\/medios\/actualidadnebrija\/#\/schema\/person\/image\/","url":"https:\/\/secure.gravatar.com\/avatar\/5feaacc0ce30f23dc14c8724dc28a01f?s=96&d=mm&r=g","contentUrl":"https:\/\/secure.gravatar.com\/avatar\/5feaacc0ce30f23dc14c8724dc28a01f?s=96&d=mm&r=g","caption":"pmartinezma"},"url":"https:\/\/www.nebrija.com\/medios\/actualidadnebrija\/author\/pmartinezma\/"}]}},"_links":{"self":[{"href":"https:\/\/www.nebrija.com\/medios\/actualidadnebrija\/wp-json\/wp\/v2\/posts\/53669"}],"collection":[{"href":"https:\/\/www.nebrija.com\/medios\/actualidadnebrija\/wp-json\/wp\/v2\/posts"}],"about":[{"href":"https:\/\/www.nebrija.com\/medios\/actualidadnebrija\/wp-json\/wp\/v2\/types\/post"}],"author":[{"embeddable":true,"href":"https:\/\/www.nebrija.com\/medios\/actualidadnebrija\/wp-json\/wp\/v2\/users\/263"}],"replies":[{"embeddable":true,"href":"https:\/\/www.nebrija.com\/medios\/actualidadnebrija\/wp-json\/wp\/v2\/comments?post=53669"}],"version-history":[{"count":2,"href":"https:\/\/www.nebrija.com\/medios\/actualidadnebrija\/wp-json\/wp\/v2\/posts\/53669\/revisions"}],"predecessor-version":[{"id":85534,"href":"https:\/\/www.nebrija.com\/medios\/actualidadnebrija\/wp-json\/wp\/v2\/posts\/53669\/revisions\/85534"}],"wp:featuredmedia":[{"embeddable":true,"href":"https:\/\/www.nebrija.com\/medios\/actualidadnebrija\/wp-json\/wp\/v2\/media\/53672"}],"wp:attachment":[{"href":"https:\/\/www.nebrija.com\/medios\/actualidadnebrija\/wp-json\/wp\/v2\/media?parent=53669"}],"wp:term":[{"taxonomy":"category","embeddable":true,"href":"https:\/\/www.nebrija.com\/medios\/actualidadnebrija\/wp-json\/wp\/v2\/categories?post=53669"},{"taxonomy":"post_tag","embeddable":true,"href":"https:\/\/www.nebrija.com\/medios\/actualidadnebrija\/wp-json\/wp\/v2\/tags?post=53669"}],"curies":[{"name":"wp","href":"https:\/\/api.w.org\/{rel}","templated":true}]}}