{"id":53973,"date":"2018-12-03T10:25:58","date_gmt":"2018-12-03T09:25:58","guid":{"rendered":"http:\/\/www.nebrija.com\/medios\/actualidadnebrija\/?p=53973"},"modified":"2018-12-03T10:25:58","modified_gmt":"2018-12-03T09:25:58","slug":"redescubriendo-la-hemeroteca-revistas-de-bellas-artes","status":"publish","type":"post","link":"https:\/\/www.nebrija.com\/medios\/actualidadnebrija\/2018\/12\/03\/redescubriendo-la-hemeroteca-revistas-de-bellas-artes\/","title":{"rendered":"(Re)descubriendo la Hemeroteca: Revistas de Bellas Artes (I)"},"content":{"rendered":"<p>La Biblioteca cuenta con una serie de recursos que muchas veces nos pasan desapercibidos, a veces por falta de tiempo, otras por desconocimiento\u2026 Uno de ellos es la incre\u00edble Hemeroteca con la que contamos, compuesta por revistas tanto en formato papel como electr\u00f3nicas, y que engloba servicios complementarios tan interesantes como los vaciados de art\u00edculos, los boletines electr\u00f3nicos, el servicio de aviso de \u00faltimo n\u00famero, etc.<\/p>\n<p>Hoy os vamos a hablar de las revistas que pertenecen al \u00e1rea de Bellas Artes. \u00bfSab\u00edais que contamos en nuestro fondo con m\u00e1s de 30 publicaciones peri\u00f3dicas relacionadas con este \u00e1rea? Algunas est\u00e1n suscritas a trav\u00e9s del Departamento de Bellas Artes, otras son revistas electr\u00f3nicas de acceso abierto, y todas est\u00e1n localizables desde nuestro Cat\u00e1logo-OPAC ~ Web Portal.<\/p>\n<p>Muchas de ellas de renombre internacional, otras importantes publicaciones nacionales, encontramos ediciones en espa\u00f1ol, en ingl\u00e9s y en alem\u00e1n.<\/p>\n<p>En esta primera parte os traemos una selecci\u00f3n de revistas sobre Bellas Artes que ampliaremos m\u00e1s adelante para complementar esta lista:<\/p>\n<p><strong><em><a href=\"http:\/\/biblioteca.nebrija.es\/cgi-bin\/opac\/?TITN=35946\">Artforum International<\/a>:<\/em><\/strong> revista internacional especializada en Arte contempor\u00e1neo con sede en la ciudad de Nueva York. La revista se publica diez veces al a\u00f1o, de septiembre a mayo, junto con un n\u00famero anual de verano<strong>. <\/strong>Est\u00e1 disponible en formato impreso.<strong>\u00a0<\/strong><\/p>\n<p><a href=\"http:\/\/biblioteca.nebrija.es\/cgi-bin\/opac\/?TITN=48750\"><strong><em>Art Nexus<\/em><\/strong><\/a><strong><em>: <\/em><\/strong>referencia obligada para todo aquel interesado en el panorama del arte latinoamericano y su repercusi\u00f3n en la escena internacional. Cuenta con la colaboraci\u00f3n permanente de los m\u00e1s reconocidos comisarios, cr\u00edticos y catedr\u00e1ticos del continente. Se publica trimestralmente en Colombia. Est\u00e1 disponible en formato impreso.<\/p>\n<p><strong><em><a href=\"http:\/\/biblioteca.nebrija.es\/cgi-bin\/opac\/?TITN=50235\">Arts and Humanities in Higher Education<\/a>: <\/em><\/strong>revista internacional revisada por profesionales. Publica art\u00edculos, cr\u00edticas y comentarios acad\u00e9micos relacionados con las artes y las humanidades en la educaci\u00f3n superior<strong>.<\/strong> Disponible en formato impreso y electr\u00f3nico.<\/p>\n<p><a href=\"http:\/\/biblioteca.nebrija.es\/cgi-bin\/opac\/?TITN=35676\"><strong><em>Cer\u00e1mica:<\/em><\/strong><\/a> publicacion sobre cer\u00e1mica artistica internacional, especialmente centrada en los paises de habla hispana y Europa. Disponible en formato impreso y electr\u00f3nico.<\/p>\n<p><strong><em><a href=\"http:\/\/biblioteca.nebrija.es\/cgi-bin\/opac\/?TITN=21945\">Descubrir el arte<\/a>: <\/em><\/strong>Publicaci\u00f3n mensual de divulgaci\u00f3n general, que trata todos los aspectos del arte, exposiciones, movimientos art\u00edsticos, historia, etc. Incluye reportajes, entrevistas, novedades, etc. Disponible en formato impreso.<\/p>\n<p><a href=\"http:\/\/biblioteca.nebrija.es\/cgi-bin\/opac\/?TITN=48029\"><strong><em>Frieze:<\/em><\/strong> <\/a>Publicaci\u00f3n brit\u00e1nica que sale ocho veces al a\u00f1o, desde 1991. Su contenido versa sobre el arte contempor\u00e1neo y la cultura moderna. Incluye ensayos, columnas y opiniones de expertos del sector. Disponible en formato impreso.<\/p>\n<p>Si quieres consultar todas nuestras revistas sobre arte, puedes hacerlo a trav\u00e9s de nuestro <a href=\"https:\/\/biblioteca.nebrija.es\/cgi-bin\/opac\/?ACC=DOSEARCH&amp;xsqf99=((bellas+artes).t994. Y (periodicas.t650.))\">Cat\u00e1logo-OPAC ~ Web Portal.<\/a> [Insertar enlace de la siguiente URL en el texto destacado arriba en rojo]<\/p>\n","protected":false},"excerpt":{"rendered":"<p>La Biblioteca cuenta con una serie de recursos que muchas veces nos pasan desapercibidos, a veces por falta de tiempo, otras por desconocimiento\u2026 Uno de ellos es la incre\u00edble Hemeroteca con la que contamos, compuesta por revistas tanto en formato<\/p>\n","protected":false},"author":263,"featured_media":53975,"comment_status":"open","ping_status":"open","sticky":false,"template":"","format":"standard","meta":{"_acf_changed":false,"_monsterinsights_skip_tracking":false,"_monsterinsights_sitenote_active":false,"_monsterinsights_sitenote_note":"","_monsterinsights_sitenote_category":0,"footnotes":""},"categories":[3063],"tags":[],"acf":[],"yoast_head":"<!-- This site is optimized with the Yoast SEO plugin v22.1 - https:\/\/yoast.com\/wordpress\/plugins\/seo\/ -->\n<title>(Re)descubriendo la Hemeroteca: Revistas de Bellas Artes (I) - Actualidad Nebrija<\/title>\n<meta name=\"robots\" content=\"index, follow, max-snippet:-1, max-image-preview:large, max-video-preview:-1\" \/>\n<link rel=\"canonical\" href=\"https:\/\/www.nebrija.com\/medios\/actualidadnebrija\/2018\/12\/03\/redescubriendo-la-hemeroteca-revistas-de-bellas-artes\/\" \/>\n<meta property=\"og:locale\" content=\"es_ES\" \/>\n<meta property=\"og:type\" content=\"article\" \/>\n<meta property=\"og:title\" content=\"(Re)descubriendo la Hemeroteca: Revistas de Bellas Artes (I) - Actualidad Nebrija\" \/>\n<meta property=\"og:description\" content=\"La Biblioteca cuenta con una serie de recursos que muchas veces nos pasan desapercibidos, a veces por falta de tiempo, otras por desconocimiento\u2026 Uno de ellos es la incre\u00edble Hemeroteca con la que contamos, compuesta por revistas tanto en formato\" \/>\n<meta property=\"og:url\" content=\"https:\/\/www.nebrija.com\/medios\/actualidadnebrija\/2018\/12\/03\/redescubriendo-la-hemeroteca-revistas-de-bellas-artes\/\" \/>\n<meta property=\"og:site_name\" content=\"Actualidad Nebrija\" \/>\n<meta property=\"article:published_time\" content=\"2018-12-03T09:25:58+00:00\" \/>\n<meta property=\"og:image\" content=\"https:\/\/www.nebrija.com\/medios\/actualidadnebrija\/wp-content\/uploads\/sites\/2\/2018\/12\/Revistas_BellasArtes.jpg\" \/>\n\t<meta property=\"og:image:width\" content=\"704\" \/>\n\t<meta property=\"og:image:height\" content=\"586\" \/>\n\t<meta property=\"og:image:type\" content=\"image\/jpeg\" \/>\n<meta name=\"author\" content=\"pmartinezma\" \/>\n<meta name=\"twitter:card\" content=\"summary_large_image\" \/>\n<meta name=\"twitter:label1\" content=\"Escrito por\" \/>\n\t<meta name=\"twitter:data1\" content=\"pmartinezma\" \/>\n\t<meta name=\"twitter:label2\" content=\"Tiempo de lectura\" \/>\n\t<meta name=\"twitter:data2\" content=\"2 minutos\" \/>\n<!-- \/ Yoast SEO plugin. -->","yoast_head_json":{"title":"(Re)descubriendo la Hemeroteca: Revistas de Bellas Artes (I) - Actualidad Nebrija","robots":{"index":"index","follow":"follow","max-snippet":"max-snippet:-1","max-image-preview":"max-image-preview:large","max-video-preview":"max-video-preview:-1"},"canonical":"https:\/\/www.nebrija.com\/medios\/actualidadnebrija\/2018\/12\/03\/redescubriendo-la-hemeroteca-revistas-de-bellas-artes\/","og_locale":"es_ES","og_type":"article","og_title":"(Re)descubriendo la Hemeroteca: Revistas de Bellas Artes (I) - Actualidad Nebrija","og_description":"La Biblioteca cuenta con una serie de recursos que muchas veces nos pasan desapercibidos, a veces por falta de tiempo, otras por desconocimiento\u2026 Uno de ellos es la incre\u00edble Hemeroteca con la que contamos, compuesta por revistas tanto en formato","og_url":"https:\/\/www.nebrija.com\/medios\/actualidadnebrija\/2018\/12\/03\/redescubriendo-la-hemeroteca-revistas-de-bellas-artes\/","og_site_name":"Actualidad Nebrija","article_published_time":"2018-12-03T09:25:58+00:00","og_image":[{"width":704,"height":586,"url":"https:\/\/www.nebrija.com\/medios\/actualidadnebrija\/wp-content\/uploads\/sites\/2\/2018\/12\/Revistas_BellasArtes.jpg","type":"image\/jpeg"}],"author":"pmartinezma","twitter_card":"summary_large_image","twitter_misc":{"Escrito por":"pmartinezma","Tiempo de lectura":"2 minutos"},"schema":{"@context":"https:\/\/schema.org","@graph":[{"@type":"WebPage","@id":"https:\/\/www.nebrija.com\/medios\/actualidadnebrija\/2018\/12\/03\/redescubriendo-la-hemeroteca-revistas-de-bellas-artes\/","url":"https:\/\/www.nebrija.com\/medios\/actualidadnebrija\/2018\/12\/03\/redescubriendo-la-hemeroteca-revistas-de-bellas-artes\/","name":"(Re)descubriendo la Hemeroteca: Revistas de Bellas Artes (I) - Actualidad Nebrija","isPartOf":{"@id":"https:\/\/www.nebrija.com\/medios\/actualidadnebrija\/#website"},"datePublished":"2018-12-03T09:25:58+00:00","dateModified":"2018-12-03T09:25:58+00:00","author":{"@id":"https:\/\/www.nebrija.com\/medios\/actualidadnebrija\/#\/schema\/person\/eece520e53a2d6b773c896d785ca10ad"},"breadcrumb":{"@id":"https:\/\/www.nebrija.com\/medios\/actualidadnebrija\/2018\/12\/03\/redescubriendo-la-hemeroteca-revistas-de-bellas-artes\/#breadcrumb"},"inLanguage":"es","potentialAction":[{"@type":"ReadAction","target":["https:\/\/www.nebrija.com\/medios\/actualidadnebrija\/2018\/12\/03\/redescubriendo-la-hemeroteca-revistas-de-bellas-artes\/"]}]},{"@type":"BreadcrumbList","@id":"https:\/\/www.nebrija.com\/medios\/actualidadnebrija\/2018\/12\/03\/redescubriendo-la-hemeroteca-revistas-de-bellas-artes\/#breadcrumb","itemListElement":[{"@type":"ListItem","position":1,"name":"Home","item":"https:\/\/www.nebrija.com\/medios\/actualidadnebrija\/"},{"@type":"ListItem","position":2,"name":"(Re)descubriendo la Hemeroteca: Revistas de Bellas Artes (I)"}]},{"@type":"WebSite","@id":"https:\/\/www.nebrija.com\/medios\/actualidadnebrija\/#website","url":"https:\/\/www.nebrija.com\/medios\/actualidadnebrija\/","name":"Actualidad Nebrija","description":"Noticias de la Universidad Nebrija","potentialAction":[{"@type":"SearchAction","target":{"@type":"EntryPoint","urlTemplate":"https:\/\/www.nebrija.com\/medios\/actualidadnebrija\/?s={search_term_string}"},"query-input":"required name=search_term_string"}],"inLanguage":"es"},{"@type":"Person","@id":"https:\/\/www.nebrija.com\/medios\/actualidadnebrija\/#\/schema\/person\/eece520e53a2d6b773c896d785ca10ad","name":"pmartinezma","image":{"@type":"ImageObject","inLanguage":"es","@id":"https:\/\/www.nebrija.com\/medios\/actualidadnebrija\/#\/schema\/person\/image\/","url":"https:\/\/secure.gravatar.com\/avatar\/5feaacc0ce30f23dc14c8724dc28a01f?s=96&d=mm&r=g","contentUrl":"https:\/\/secure.gravatar.com\/avatar\/5feaacc0ce30f23dc14c8724dc28a01f?s=96&d=mm&r=g","caption":"pmartinezma"},"url":"https:\/\/www.nebrija.com\/medios\/actualidadnebrija\/author\/pmartinezma\/"}]}},"_links":{"self":[{"href":"https:\/\/www.nebrija.com\/medios\/actualidadnebrija\/wp-json\/wp\/v2\/posts\/53973"}],"collection":[{"href":"https:\/\/www.nebrija.com\/medios\/actualidadnebrija\/wp-json\/wp\/v2\/posts"}],"about":[{"href":"https:\/\/www.nebrija.com\/medios\/actualidadnebrija\/wp-json\/wp\/v2\/types\/post"}],"author":[{"embeddable":true,"href":"https:\/\/www.nebrija.com\/medios\/actualidadnebrija\/wp-json\/wp\/v2\/users\/263"}],"replies":[{"embeddable":true,"href":"https:\/\/www.nebrija.com\/medios\/actualidadnebrija\/wp-json\/wp\/v2\/comments?post=53973"}],"version-history":[{"count":2,"href":"https:\/\/www.nebrija.com\/medios\/actualidadnebrija\/wp-json\/wp\/v2\/posts\/53973\/revisions"}],"predecessor-version":[{"id":53977,"href":"https:\/\/www.nebrija.com\/medios\/actualidadnebrija\/wp-json\/wp\/v2\/posts\/53973\/revisions\/53977"}],"wp:featuredmedia":[{"embeddable":true,"href":"https:\/\/www.nebrija.com\/medios\/actualidadnebrija\/wp-json\/wp\/v2\/media\/53975"}],"wp:attachment":[{"href":"https:\/\/www.nebrija.com\/medios\/actualidadnebrija\/wp-json\/wp\/v2\/media?parent=53973"}],"wp:term":[{"taxonomy":"category","embeddable":true,"href":"https:\/\/www.nebrija.com\/medios\/actualidadnebrija\/wp-json\/wp\/v2\/categories?post=53973"},{"taxonomy":"post_tag","embeddable":true,"href":"https:\/\/www.nebrija.com\/medios\/actualidadnebrija\/wp-json\/wp\/v2\/tags?post=53973"}],"curies":[{"name":"wp","href":"https:\/\/api.w.org\/{rel}","templated":true}]}}