{"id":54332,"date":"2018-12-17T16:14:03","date_gmt":"2018-12-17T15:14:03","guid":{"rendered":"http:\/\/www.nebrija.com\/medios\/actualidadnebrija\/?p=54332"},"modified":"2019-01-22T17:00:35","modified_gmt":"2019-01-22T16:00:35","slug":"en-el-mundo-artistico-todo-depende-de-tu-porfolio","status":"publish","type":"post","link":"https:\/\/www.nebrija.com\/medios\/actualidadnebrija\/2018\/12\/17\/en-el-mundo-artistico-todo-depende-de-tu-porfolio\/","title":{"rendered":"&#8220;En el mundo art\u00edstico todo depende de tu porfolio&#8221;"},"content":{"rendered":"<p>Los alumnos de la Facultad de Comunicaci\u00f3n y Artes recibieron la visita de Pablo Carpio,\u00a0artista freelance de concept art con una amplia experiencia en cine<br \/>\ny empresas de videojuegos, el lunes 17 de diciembre. Carpio habl\u00f3 sobre los trabajos realizados para productoras como Pixar y Marvel y su participaci\u00f3n en el desarrollo de videojuegos en empresas l\u00edderes en el sector tales como Riot Games, Insomniac Games, Tencent Games y Axis Animation.<\/p>\n<p>El artista cont\u00f3 que no hay una f\u00f3rmula secreta para trabajar en estas empresas, solo estar en el sitio adecuado y en el momento adecuado, pero destac\u00f3 que para poder tener estas oportunidades es fundamental estar preparado, &#8220;haberte pasado los cuatro a\u00f1os anteriores dibujando quince horas al d\u00eda&#8221;. Carpio explic\u00f3 que hab\u00eda empezado a hacer dibujo digital en el instituto y que ya en la universidad, antes de terminar la carrera, comenz\u00f3 a pensar en c\u00f3mo pod\u00eda encaminar sus pasos para su futuro profesional. &#8220;Utilizaba las redes sociales para publicar mis dibujos, interactuar con otros artistas y crear comunidad con gente de todo el mundo&#8221;, se\u00f1al\u00f3.<\/p>\n<p>Carpio aconsej\u00f3 a los alumnos que aprovechasen todas oportunidades que les brindaba la universidad de conocer gente y crear sinergias con personas de distintas \u00e1reas, para enriquecerse como artistas. Y les inst\u00f3 a que empezasen a trabajar cuanto antes en su porfolio: &#8220;En el mundo art\u00edstico todo depende del porfolio y lo que te muevas con \u00e9l&#8221;, destac\u00f3 el artista, que explic\u00f3 que es imprescindible invertir el tiempo necesario en aprender c\u00f3mo hacerlo lo mejor posible.<\/p>\n<p>El ponente anim\u00f3 a los estudiantes a considerar la industria del entretenimiento como una apuesta para su futuro profesional. &#8220;La gente quiere disfrutar cada vez m\u00e1s de su tiempo libre y busca nuevas formas de diversi\u00f3n y entretenimiento: m\u00fasica, videojuegos, series, pel\u00edculas&#8230;Hay mucho trabajo en este sector, es un \u00e1rea en expansi\u00f3n a nivel profesional. &#8220;, concluy\u00f3 Carpio.<\/p>\n\n\t\t<style type=\"text\/css\">\n\t\t\t#gallery-1 {\n\t\t\t\tmargin: auto;\n\t\t\t}\n\t\t\t#gallery-1 .gallery-item {\n\t\t\t\tfloat: left;\n\t\t\t\tmargin-top: 10px;\n\t\t\t\ttext-align: center;\n\t\t\t\twidth: 25%;\n\t\t\t}\n\t\t\t#gallery-1 img {\n\t\t\t\tborder: 2px solid #cfcfcf;\n\t\t\t}\n\t\t\t#gallery-1 .gallery-caption {\n\t\t\t\tmargin-left: 0;\n\t\t\t}\n\t\t\t\/* see gallery_shortcode() in wp-includes\/media.php *\/\n\t\t<\/style>\n\t\t<div id='gallery-1' class='gallery galleryid-54332 gallery-columns-4 gallery-size-thumbnail'><dl class='gallery-item'>\n\t\t\t<dt class='gallery-icon landscape'>\n\t\t\t\t<a href='https:\/\/www.nebrija.com\/medios\/actualidadnebrija\/wp-content\/uploads\/sites\/2\/2018\/12\/IMG_4292.jpg'><img loading=\"lazy\" decoding=\"async\" width=\"150\" height=\"150\" src=\"https:\/\/www.nebrija.com\/medios\/actualidadnebrija\/wp-content\/uploads\/sites\/2\/2018\/12\/IMG_4292-150x150.jpg\" class=\"attachment-thumbnail size-thumbnail\" alt=\"Encuentro con el artista Pablo Carpio\" \/><\/a>\n\t\t\t<\/dt><\/dl><dl class='gallery-item'>\n\t\t\t<dt class='gallery-icon landscape'>\n\t\t\t\t<a href='https:\/\/www.nebrija.com\/medios\/actualidadnebrija\/wp-content\/uploads\/sites\/2\/2018\/12\/IMG_4277.jpg'><img loading=\"lazy\" decoding=\"async\" width=\"150\" height=\"150\" src=\"https:\/\/www.nebrija.com\/medios\/actualidadnebrija\/wp-content\/uploads\/sites\/2\/2018\/12\/IMG_4277-150x150.jpg\" class=\"attachment-thumbnail size-thumbnail\" alt=\"Encuentro con el artista Pablo Carpio\" \/><\/a>\n\t\t\t<\/dt><\/dl><dl class='gallery-item'>\n\t\t\t<dt class='gallery-icon landscape'>\n\t\t\t\t<a href='https:\/\/www.nebrija.com\/medios\/actualidadnebrija\/wp-content\/uploads\/sites\/2\/2018\/12\/IMG_4273.jpg'><img loading=\"lazy\" decoding=\"async\" width=\"150\" height=\"150\" src=\"https:\/\/www.nebrija.com\/medios\/actualidadnebrija\/wp-content\/uploads\/sites\/2\/2018\/12\/IMG_4273-150x150.jpg\" class=\"attachment-thumbnail size-thumbnail\" alt=\"Encuentro con el artista Pablo Carpio\" \/><\/a>\n\t\t\t<\/dt><\/dl><dl class='gallery-item'>\n\t\t\t<dt class='gallery-icon landscape'>\n\t\t\t\t<a href='https:\/\/www.nebrija.com\/medios\/actualidadnebrija\/wp-content\/uploads\/sites\/2\/2018\/12\/IMG_4254.jpg'><img loading=\"lazy\" decoding=\"async\" width=\"150\" height=\"150\" src=\"https:\/\/www.nebrija.com\/medios\/actualidadnebrija\/wp-content\/uploads\/sites\/2\/2018\/12\/IMG_4254-150x150.jpg\" class=\"attachment-thumbnail size-thumbnail\" alt=\"Encuentro con el artista Pablo Carpio\" \/><\/a>\n\t\t\t<\/dt><\/dl><br style=\"clear: both\" \/><dl class='gallery-item'>\n\t\t\t<dt class='gallery-icon landscape'>\n\t\t\t\t<a href='https:\/\/www.nebrija.com\/medios\/actualidadnebrija\/wp-content\/uploads\/sites\/2\/2018\/12\/IMG_4198.jpg'><img loading=\"lazy\" decoding=\"async\" width=\"150\" height=\"150\" src=\"https:\/\/www.nebrija.com\/medios\/actualidadnebrija\/wp-content\/uploads\/sites\/2\/2018\/12\/IMG_4198-150x150.jpg\" class=\"attachment-thumbnail size-thumbnail\" alt=\"Encuentro con el artista Pablo Carpio\" \/><\/a>\n\t\t\t<\/dt><\/dl><dl class='gallery-item'>\n\t\t\t<dt class='gallery-icon landscape'>\n\t\t\t\t<a href='https:\/\/www.nebrija.com\/medios\/actualidadnebrija\/wp-content\/uploads\/sites\/2\/2018\/12\/IMG_4214.jpg'><img loading=\"lazy\" decoding=\"async\" width=\"150\" height=\"150\" src=\"https:\/\/www.nebrija.com\/medios\/actualidadnebrija\/wp-content\/uploads\/sites\/2\/2018\/12\/IMG_4214-150x150.jpg\" class=\"attachment-thumbnail size-thumbnail\" alt=\"Encuentro con el artista Pablo Carpio\" \/><\/a>\n\t\t\t<\/dt><\/dl><dl class='gallery-item'>\n\t\t\t<dt class='gallery-icon landscape'>\n\t\t\t\t<a href='https:\/\/www.nebrija.com\/medios\/actualidadnebrija\/wp-content\/uploads\/sites\/2\/2018\/12\/IMG_4230.jpg'><img loading=\"lazy\" decoding=\"async\" width=\"150\" height=\"150\" src=\"https:\/\/www.nebrija.com\/medios\/actualidadnebrija\/wp-content\/uploads\/sites\/2\/2018\/12\/IMG_4230-150x150.jpg\" class=\"attachment-thumbnail size-thumbnail\" alt=\"Encuentro con el artista Pablo Carpio\" \/><\/a>\n\t\t\t<\/dt><\/dl><dl class='gallery-item'>\n\t\t\t<dt class='gallery-icon landscape'>\n\t\t\t\t<a href='https:\/\/www.nebrija.com\/medios\/actualidadnebrija\/wp-content\/uploads\/sites\/2\/2018\/12\/IMG_4240.jpg'><img loading=\"lazy\" decoding=\"async\" width=\"150\" height=\"150\" src=\"https:\/\/www.nebrija.com\/medios\/actualidadnebrija\/wp-content\/uploads\/sites\/2\/2018\/12\/IMG_4240-150x150.jpg\" class=\"attachment-thumbnail size-thumbnail\" alt=\"Encuentro con el artista Pablo Carpio\" \/><\/a>\n\t\t\t<\/dt><\/dl><br style=\"clear: both\" \/>\n\t\t<\/div>\n\n","protected":false},"excerpt":{"rendered":"<p>Los alumnos de la Facultad de Comunicaci\u00f3n y Artes recibieron la visita de Pablo Carpio,\u00a0artista freelance de concept art con una amplia experiencia en cine y empresas de videojuegos, el lunes 17 de diciembre. Carpio habl\u00f3 sobre los trabajos realizados<\/p>\n","protected":false},"author":23,"featured_media":54325,"comment_status":"open","ping_status":"open","sticky":false,"template":"","format":"standard","meta":{"_acf_changed":false,"_monsterinsights_skip_tracking":false,"_monsterinsights_sitenote_active":false,"_monsterinsights_sitenote_note":"","_monsterinsights_sitenote_category":0,"footnotes":""},"categories":[3050],"tags":[],"acf":[],"yoast_head":"<!-- This site is optimized with the Yoast SEO plugin v22.1 - https:\/\/yoast.com\/wordpress\/plugins\/seo\/ -->\n<title>&quot;En el mundo art\u00edstico todo depende de tu porfolio&quot; - Actualidad Nebrija<\/title>\n<meta name=\"robots\" content=\"index, follow, max-snippet:-1, max-image-preview:large, max-video-preview:-1\" \/>\n<link rel=\"canonical\" href=\"https:\/\/www.nebrija.com\/medios\/actualidadnebrija\/2018\/12\/17\/en-el-mundo-artistico-todo-depende-de-tu-porfolio\/\" \/>\n<meta property=\"og:locale\" content=\"es_ES\" \/>\n<meta property=\"og:type\" content=\"article\" \/>\n<meta property=\"og:title\" content=\"&quot;En el mundo art\u00edstico todo depende de tu porfolio&quot; - Actualidad Nebrija\" \/>\n<meta property=\"og:description\" content=\"Los alumnos de la Facultad de Comunicaci\u00f3n y Artes recibieron la visita de Pablo Carpio,\u00a0artista freelance de concept art con una amplia experiencia en cine y empresas de videojuegos, el lunes 17 de diciembre. Carpio habl\u00f3 sobre los trabajos realizados\" \/>\n<meta property=\"og:url\" content=\"https:\/\/www.nebrija.com\/medios\/actualidadnebrija\/2018\/12\/17\/en-el-mundo-artistico-todo-depende-de-tu-porfolio\/\" \/>\n<meta property=\"og:site_name\" content=\"Actualidad Nebrija\" \/>\n<meta property=\"article:published_time\" content=\"2018-12-17T15:14:03+00:00\" \/>\n<meta property=\"article:modified_time\" content=\"2019-01-22T16:00:35+00:00\" \/>\n<meta property=\"og:image\" content=\"https:\/\/www.nebrija.com\/medios\/actualidadnebrija\/wp-content\/uploads\/sites\/2\/2018\/12\/IMG_4214.jpg\" \/>\n\t<meta property=\"og:image:width\" content=\"1500\" \/>\n\t<meta property=\"og:image:height\" content=\"1000\" \/>\n\t<meta property=\"og:image:type\" content=\"image\/jpeg\" \/>\n<meta name=\"author\" content=\"lgomezbe\" \/>\n<meta name=\"twitter:card\" content=\"summary_large_image\" \/>\n<meta name=\"twitter:label1\" content=\"Escrito por\" \/>\n\t<meta name=\"twitter:data1\" content=\"lgomezbe\" \/>\n\t<meta name=\"twitter:label2\" content=\"Tiempo de lectura\" \/>\n\t<meta name=\"twitter:data2\" content=\"2 minutos\" \/>\n<!-- \/ Yoast SEO plugin. -->","yoast_head_json":{"title":"\"En el mundo art\u00edstico todo depende de tu porfolio\" - Actualidad Nebrija","robots":{"index":"index","follow":"follow","max-snippet":"max-snippet:-1","max-image-preview":"max-image-preview:large","max-video-preview":"max-video-preview:-1"},"canonical":"https:\/\/www.nebrija.com\/medios\/actualidadnebrija\/2018\/12\/17\/en-el-mundo-artistico-todo-depende-de-tu-porfolio\/","og_locale":"es_ES","og_type":"article","og_title":"\"En el mundo art\u00edstico todo depende de tu porfolio\" - Actualidad Nebrija","og_description":"Los alumnos de la Facultad de Comunicaci\u00f3n y Artes recibieron la visita de Pablo Carpio,\u00a0artista freelance de concept art con una amplia experiencia en cine y empresas de videojuegos, el lunes 17 de diciembre. Carpio habl\u00f3 sobre los trabajos realizados","og_url":"https:\/\/www.nebrija.com\/medios\/actualidadnebrija\/2018\/12\/17\/en-el-mundo-artistico-todo-depende-de-tu-porfolio\/","og_site_name":"Actualidad Nebrija","article_published_time":"2018-12-17T15:14:03+00:00","article_modified_time":"2019-01-22T16:00:35+00:00","og_image":[{"width":1500,"height":1000,"url":"https:\/\/www.nebrija.com\/medios\/actualidadnebrija\/wp-content\/uploads\/sites\/2\/2018\/12\/IMG_4214.jpg","type":"image\/jpeg"}],"author":"lgomezbe","twitter_card":"summary_large_image","twitter_misc":{"Escrito por":"lgomezbe","Tiempo de lectura":"2 minutos"},"schema":{"@context":"https:\/\/schema.org","@graph":[{"@type":"WebPage","@id":"https:\/\/www.nebrija.com\/medios\/actualidadnebrija\/2018\/12\/17\/en-el-mundo-artistico-todo-depende-de-tu-porfolio\/","url":"https:\/\/www.nebrija.com\/medios\/actualidadnebrija\/2018\/12\/17\/en-el-mundo-artistico-todo-depende-de-tu-porfolio\/","name":"\"En el mundo art\u00edstico todo depende de tu porfolio\" - Actualidad Nebrija","isPartOf":{"@id":"https:\/\/www.nebrija.com\/medios\/actualidadnebrija\/#website"},"datePublished":"2018-12-17T15:14:03+00:00","dateModified":"2019-01-22T16:00:35+00:00","author":{"@id":"https:\/\/www.nebrija.com\/medios\/actualidadnebrija\/#\/schema\/person\/e6232b48104a001b2861271d566e28a7"},"breadcrumb":{"@id":"https:\/\/www.nebrija.com\/medios\/actualidadnebrija\/2018\/12\/17\/en-el-mundo-artistico-todo-depende-de-tu-porfolio\/#breadcrumb"},"inLanguage":"es","potentialAction":[{"@type":"ReadAction","target":["https:\/\/www.nebrija.com\/medios\/actualidadnebrija\/2018\/12\/17\/en-el-mundo-artistico-todo-depende-de-tu-porfolio\/"]}]},{"@type":"BreadcrumbList","@id":"https:\/\/www.nebrija.com\/medios\/actualidadnebrija\/2018\/12\/17\/en-el-mundo-artistico-todo-depende-de-tu-porfolio\/#breadcrumb","itemListElement":[{"@type":"ListItem","position":1,"name":"Home","item":"https:\/\/www.nebrija.com\/medios\/actualidadnebrija\/"},{"@type":"ListItem","position":2,"name":"&#8220;En el mundo art\u00edstico todo depende de tu porfolio&#8221;"}]},{"@type":"WebSite","@id":"https:\/\/www.nebrija.com\/medios\/actualidadnebrija\/#website","url":"https:\/\/www.nebrija.com\/medios\/actualidadnebrija\/","name":"Actualidad Nebrija","description":"Noticias de la Universidad Nebrija","potentialAction":[{"@type":"SearchAction","target":{"@type":"EntryPoint","urlTemplate":"https:\/\/www.nebrija.com\/medios\/actualidadnebrija\/?s={search_term_string}"},"query-input":"required name=search_term_string"}],"inLanguage":"es"},{"@type":"Person","@id":"https:\/\/www.nebrija.com\/medios\/actualidadnebrija\/#\/schema\/person\/e6232b48104a001b2861271d566e28a7","name":"lgomezbe","image":{"@type":"ImageObject","inLanguage":"es","@id":"https:\/\/www.nebrija.com\/medios\/actualidadnebrija\/#\/schema\/person\/image\/","url":"https:\/\/secure.gravatar.com\/avatar\/91429af2b2eb6303c2012c36b2710a4a?s=96&d=mm&r=g","contentUrl":"https:\/\/secure.gravatar.com\/avatar\/91429af2b2eb6303c2012c36b2710a4a?s=96&d=mm&r=g","caption":"lgomezbe"},"url":"https:\/\/www.nebrija.com\/medios\/actualidadnebrija\/author\/lgomezbe\/"}]}},"_links":{"self":[{"href":"https:\/\/www.nebrija.com\/medios\/actualidadnebrija\/wp-json\/wp\/v2\/posts\/54332"}],"collection":[{"href":"https:\/\/www.nebrija.com\/medios\/actualidadnebrija\/wp-json\/wp\/v2\/posts"}],"about":[{"href":"https:\/\/www.nebrija.com\/medios\/actualidadnebrija\/wp-json\/wp\/v2\/types\/post"}],"author":[{"embeddable":true,"href":"https:\/\/www.nebrija.com\/medios\/actualidadnebrija\/wp-json\/wp\/v2\/users\/23"}],"replies":[{"embeddable":true,"href":"https:\/\/www.nebrija.com\/medios\/actualidadnebrija\/wp-json\/wp\/v2\/comments?post=54332"}],"version-history":[{"count":8,"href":"https:\/\/www.nebrija.com\/medios\/actualidadnebrija\/wp-json\/wp\/v2\/posts\/54332\/revisions"}],"predecessor-version":[{"id":54479,"href":"https:\/\/www.nebrija.com\/medios\/actualidadnebrija\/wp-json\/wp\/v2\/posts\/54332\/revisions\/54479"}],"wp:featuredmedia":[{"embeddable":true,"href":"https:\/\/www.nebrija.com\/medios\/actualidadnebrija\/wp-json\/wp\/v2\/media\/54325"}],"wp:attachment":[{"href":"https:\/\/www.nebrija.com\/medios\/actualidadnebrija\/wp-json\/wp\/v2\/media?parent=54332"}],"wp:term":[{"taxonomy":"category","embeddable":true,"href":"https:\/\/www.nebrija.com\/medios\/actualidadnebrija\/wp-json\/wp\/v2\/categories?post=54332"},{"taxonomy":"post_tag","embeddable":true,"href":"https:\/\/www.nebrija.com\/medios\/actualidadnebrija\/wp-json\/wp\/v2\/tags?post=54332"}],"curies":[{"name":"wp","href":"https:\/\/api.w.org\/{rel}","templated":true}]}}