{"id":55207,"date":"2019-02-14T10:10:32","date_gmt":"2019-02-14T09:10:32","guid":{"rendered":"http:\/\/www.nebrija.com\/medios\/actualidadnebrija\/?p=55207"},"modified":"2019-02-14T13:53:35","modified_gmt":"2019-02-14T12:53:35","slug":"en-la-hipnosis-el-paciente-esta-en-un-estado-de-especial-receptividad-y-permeabilidad","status":"publish","type":"post","link":"https:\/\/www.nebrija.com\/medios\/actualidadnebrija\/2019\/02\/14\/en-la-hipnosis-el-paciente-esta-en-un-estado-de-especial-receptividad-y-permeabilidad\/","title":{"rendered":"&#8220;En la hipnosis el paciente est\u00e1 en un estado de especial receptividad y permeabilidad&#8221;"},"content":{"rendered":"<p>El presidente de la Asociaci\u00f3n Espa\u00f1ola de Hipnosis Cl\u00ednica, Jos\u00e9 El\u00edas Fern\u00e1ndez, acerc\u00f3 las claves y usos de la hipnoterapia en psicolog\u00eda a los alumnos del <a href=\"https:\/\/www.nebrija.com\/carreras-universitarias\/grado-psicologia\/\">Grado en Psicolog\u00eda<\/a> de la Universidad Nebrija.<\/p>\n<p>Jos\u00e9 El\u00edas Fern\u00e1ndez abord\u00f3 la hipnosis desde una perspectiva cient\u00edfica y ense\u00f1o a diferenciar entre la hipnosis directiva o teatral, la llevada a cabo en espect\u00e1culos y en televisi\u00f3n, y la hipnosis de terapia utilizada en las consultas. La principal diferencia es que la hipnosis directiva induce a las personas a un sue\u00f1o que no es \u00fatil para los psic\u00f3logos, ya que estos necesitan conciencia por parte del paciente para realizar la terapia \u201cporque cuando t\u00fa duermes no aprendes nada\u201d, explic\u00f3 Fern\u00e1ndez. En la hipnosis terap\u00e9utica el paciente entra en un sopor consciente en el que es guiado por el terapeuta.<\/p>\n<p>La definici\u00f3n de la hipnosis ha variado mucho desde sus inicios. Se ha llamado sonambulismo, estrechamiento de la conciencia, sue\u00f1o\u2026 Ahora se define como \u201cestado alternativo, que no alterado, de la conciencia\u201d, dijo el experto. \u201cEs un estado de especial receptividad y permeabilidad por la alta concentraci\u00f3n en la que est\u00e1 el paciente\u201d, a\u00f1adi\u00f3 Fern\u00e1ndez.<\/p>\n<p>Es un planteamiento err\u00f3neo el pensar que hay una p\u00e9rdida de la conciencia, de la voluntad o del autocontrol por parte del paciente: \u201cLa hipnosis no es peligrosa y los pacientes pueden despertar por su propia voluntad\u201d, asegur\u00f3 el presidente.<\/p>\n<p>La sugesti\u00f3n es una parte importante de la hipnosis, en ella entran en juego la voz de la persona que guiar\u00e1 la hipnosis, el magnetismo de algunas personas o la fascinaci\u00f3n por la fijaci\u00f3n constante de la mirada, entre otros factores: \u201cAlgunas personas tienen estos elementos de manera natural, pero se pueden conseguir con la pr\u00e1ctica\u201d, dijo Jos\u00e9 El\u00edas Fern\u00e1ndez.<\/p>\n<p>Para preparar una sesi\u00f3n de hipnosis hay que seguir varios pasos que ayudar\u00e1n a crear el estado necesario en el paciente para realizar la terapia. \u201cEs imprescindible establecer una buena relaci\u00f3n con el sujeto y verificar su inter\u00e9s por hacer la sesi\u00f3n de hipnosis para tener \u00e9xito\u201d, a\u00f1adi\u00f3 Fern\u00e1ndez.<\/p>\n<p>La hipnosis es una t\u00e9cnica complementaria para tratar fobias, terrores nocturnos, casos de estr\u00e9s postraum\u00e1tico, modificaci\u00f3n de la conducta hacia el trabajo o gesti\u00f3n del dolor, entre muchas otras.<\/p>\n<p>Tras la primera parte de la charla, Jos\u00e9 El\u00edas Fern\u00e1ndez puso en pr\u00e1ctica con los alumnos algunas de las t\u00e9cnicas para mostrarles c\u00f3mo inducir a la hipnosis y lo que se pueden realizar con ella.<\/p>\n\n\t\t<style type=\"text\/css\">\n\t\t\t#gallery-1 {\n\t\t\t\tmargin: auto;\n\t\t\t}\n\t\t\t#gallery-1 .gallery-item {\n\t\t\t\tfloat: left;\n\t\t\t\tmargin-top: 10px;\n\t\t\t\ttext-align: center;\n\t\t\t\twidth: 12%;\n\t\t\t}\n\t\t\t#gallery-1 img {\n\t\t\t\tborder: 2px solid #cfcfcf;\n\t\t\t}\n\t\t\t#gallery-1 .gallery-caption {\n\t\t\t\tmargin-left: 0;\n\t\t\t}\n\t\t\t\/* see gallery_shortcode() in wp-includes\/media.php *\/\n\t\t<\/style>\n\t\t<div id='gallery-1' class='gallery galleryid-55207 gallery-columns-8 gallery-size-thumbnail'><dl class='gallery-item'>\n\t\t\t<dt class='gallery-icon landscape'>\n\t\t\t\t<a href='https:\/\/www.nebrija.com\/medios\/actualidadnebrija\/wp-content\/uploads\/sites\/2\/2019\/02\/MG_9206.jpg'><img loading=\"lazy\" decoding=\"async\" width=\"150\" height=\"150\" src=\"https:\/\/www.nebrija.com\/medios\/actualidadnebrija\/wp-content\/uploads\/sites\/2\/2019\/02\/MG_9206-150x150.jpg\" class=\"attachment-thumbnail size-thumbnail\" alt=\"Taller de hipnosis cl\u00ednica\" \/><\/a>\n\t\t\t<\/dt><\/dl><dl class='gallery-item'>\n\t\t\t<dt class='gallery-icon landscape'>\n\t\t\t\t<a href='https:\/\/www.nebrija.com\/medios\/actualidadnebrija\/wp-content\/uploads\/sites\/2\/2019\/02\/MG_9209.jpg'><img loading=\"lazy\" decoding=\"async\" width=\"150\" height=\"150\" src=\"https:\/\/www.nebrija.com\/medios\/actualidadnebrija\/wp-content\/uploads\/sites\/2\/2019\/02\/MG_9209-150x150.jpg\" class=\"attachment-thumbnail size-thumbnail\" alt=\"Taller de hipnosis cl\u00ednica\" \/><\/a>\n\t\t\t<\/dt><\/dl><dl class='gallery-item'>\n\t\t\t<dt class='gallery-icon landscape'>\n\t\t\t\t<a href='https:\/\/www.nebrija.com\/medios\/actualidadnebrija\/wp-content\/uploads\/sites\/2\/2019\/02\/MG_9217.jpg'><img loading=\"lazy\" decoding=\"async\" width=\"150\" height=\"150\" src=\"https:\/\/www.nebrija.com\/medios\/actualidadnebrija\/wp-content\/uploads\/sites\/2\/2019\/02\/MG_9217-150x150.jpg\" class=\"attachment-thumbnail size-thumbnail\" alt=\"Taller de hipnosis cl\u00ednica\" \/><\/a>\n\t\t\t<\/dt><\/dl><dl class='gallery-item'>\n\t\t\t<dt class='gallery-icon landscape'>\n\t\t\t\t<a href='https:\/\/www.nebrija.com\/medios\/actualidadnebrija\/wp-content\/uploads\/sites\/2\/2019\/02\/MG_9220.jpg'><img loading=\"lazy\" decoding=\"async\" width=\"150\" height=\"150\" src=\"https:\/\/www.nebrija.com\/medios\/actualidadnebrija\/wp-content\/uploads\/sites\/2\/2019\/02\/MG_9220-150x150.jpg\" class=\"attachment-thumbnail size-thumbnail\" alt=\"Taller de hipnosis cl\u00ednica\" \/><\/a>\n\t\t\t<\/dt><\/dl><dl class='gallery-item'>\n\t\t\t<dt class='gallery-icon landscape'>\n\t\t\t\t<a href='https:\/\/www.nebrija.com\/medios\/actualidadnebrija\/wp-content\/uploads\/sites\/2\/2019\/02\/MG_9222.jpg'><img loading=\"lazy\" decoding=\"async\" width=\"150\" height=\"150\" src=\"https:\/\/www.nebrija.com\/medios\/actualidadnebrija\/wp-content\/uploads\/sites\/2\/2019\/02\/MG_9222-150x150.jpg\" class=\"attachment-thumbnail size-thumbnail\" alt=\"Taller de hipnosis cl\u00ednica\" \/><\/a>\n\t\t\t<\/dt><\/dl><dl class='gallery-item'>\n\t\t\t<dt class='gallery-icon landscape'>\n\t\t\t\t<a href='https:\/\/www.nebrija.com\/medios\/actualidadnebrija\/wp-content\/uploads\/sites\/2\/2019\/02\/MG_9226.jpg'><img loading=\"lazy\" decoding=\"async\" width=\"150\" height=\"150\" src=\"https:\/\/www.nebrija.com\/medios\/actualidadnebrija\/wp-content\/uploads\/sites\/2\/2019\/02\/MG_9226-150x150.jpg\" class=\"attachment-thumbnail size-thumbnail\" alt=\"Taller de hipnosis cl\u00ednica\" \/><\/a>\n\t\t\t<\/dt><\/dl><dl class='gallery-item'>\n\t\t\t<dt class='gallery-icon landscape'>\n\t\t\t\t<a href='https:\/\/www.nebrija.com\/medios\/actualidadnebrija\/wp-content\/uploads\/sites\/2\/2019\/02\/MG_9228.jpg'><img loading=\"lazy\" decoding=\"async\" width=\"150\" height=\"150\" src=\"https:\/\/www.nebrija.com\/medios\/actualidadnebrija\/wp-content\/uploads\/sites\/2\/2019\/02\/MG_9228-150x150.jpg\" class=\"attachment-thumbnail size-thumbnail\" alt=\"Taller de hipnosis cl\u00ednica\" \/><\/a>\n\t\t\t<\/dt><\/dl><dl class='gallery-item'>\n\t\t\t<dt class='gallery-icon landscape'>\n\t\t\t\t<a href='https:\/\/www.nebrija.com\/medios\/actualidadnebrija\/wp-content\/uploads\/sites\/2\/2019\/02\/MG_9231.jpg'><img loading=\"lazy\" decoding=\"async\" width=\"150\" height=\"150\" src=\"https:\/\/www.nebrija.com\/medios\/actualidadnebrija\/wp-content\/uploads\/sites\/2\/2019\/02\/MG_9231-150x150.jpg\" class=\"attachment-thumbnail size-thumbnail\" alt=\"Taller de hipnosis cl\u00ednica\" \/><\/a>\n\t\t\t<\/dt><\/dl><br style=\"clear: both\" \/>\n\t\t<\/div>\n\n<p>&nbsp;<\/p>\n","protected":false},"excerpt":{"rendered":"<p>El presidente de la Asociaci\u00f3n Espa\u00f1ola de Hipnosis Cl\u00ednica, Jos\u00e9 El\u00edas Fern\u00e1ndez, acerc\u00f3 las claves y usos de la hipnoterapia en psicolog\u00eda a los alumnos del Grado en Psicolog\u00eda de la Universidad Nebrija. Jos\u00e9 El\u00edas Fern\u00e1ndez abord\u00f3 la hipnosis desde<\/p>\n","protected":false},"author":263,"featured_media":55224,"comment_status":"open","ping_status":"open","sticky":false,"template":"","format":"standard","meta":{"_acf_changed":false,"_monsterinsights_skip_tracking":false,"_monsterinsights_sitenote_active":false,"_monsterinsights_sitenote_note":"","_monsterinsights_sitenote_category":0,"footnotes":""},"categories":[3051],"tags":[3124],"acf":[],"yoast_head":"<!-- This site is optimized with the Yoast SEO plugin v22.1 - https:\/\/yoast.com\/wordpress\/plugins\/seo\/ -->\n<title>&quot;En la hipnosis el paciente est\u00e1 en un estado de especial receptividad y permeabilidad&quot; - Actualidad Nebrija<\/title>\n<meta name=\"robots\" content=\"index, follow, max-snippet:-1, max-image-preview:large, max-video-preview:-1\" \/>\n<link rel=\"canonical\" href=\"https:\/\/www.nebrija.com\/medios\/actualidadnebrija\/2019\/02\/14\/en-la-hipnosis-el-paciente-esta-en-un-estado-de-especial-receptividad-y-permeabilidad\/\" \/>\n<meta property=\"og:locale\" content=\"es_ES\" \/>\n<meta property=\"og:type\" content=\"article\" \/>\n<meta property=\"og:title\" content=\"&quot;En la hipnosis el paciente est\u00e1 en un estado de especial receptividad y permeabilidad&quot; - Actualidad Nebrija\" \/>\n<meta property=\"og:description\" content=\"El presidente de la Asociaci\u00f3n Espa\u00f1ola de Hipnosis Cl\u00ednica, Jos\u00e9 El\u00edas Fern\u00e1ndez, acerc\u00f3 las claves y usos de la hipnoterapia en psicolog\u00eda a los alumnos del Grado en Psicolog\u00eda de la Universidad Nebrija. Jos\u00e9 El\u00edas Fern\u00e1ndez abord\u00f3 la hipnosis desde\" \/>\n<meta property=\"og:url\" content=\"https:\/\/www.nebrija.com\/medios\/actualidadnebrija\/2019\/02\/14\/en-la-hipnosis-el-paciente-esta-en-un-estado-de-especial-receptividad-y-permeabilidad\/\" \/>\n<meta property=\"og:site_name\" content=\"Actualidad Nebrija\" \/>\n<meta property=\"article:published_time\" content=\"2019-02-14T09:10:32+00:00\" \/>\n<meta property=\"article:modified_time\" content=\"2019-02-14T12:53:35+00:00\" \/>\n<meta property=\"og:image\" content=\"https:\/\/www.nebrija.com\/medios\/actualidadnebrija\/wp-content\/uploads\/sites\/2\/2019\/02\/MG_9217.jpg\" \/>\n\t<meta property=\"og:image:width\" content=\"1500\" \/>\n\t<meta property=\"og:image:height\" content=\"1000\" \/>\n\t<meta property=\"og:image:type\" content=\"image\/jpeg\" \/>\n<meta name=\"author\" content=\"pmartinezma\" \/>\n<meta name=\"twitter:card\" content=\"summary_large_image\" \/>\n<meta name=\"twitter:label1\" content=\"Escrito por\" \/>\n\t<meta name=\"twitter:data1\" content=\"pmartinezma\" \/>\n\t<meta name=\"twitter:label2\" content=\"Tiempo de lectura\" \/>\n\t<meta name=\"twitter:data2\" content=\"2 minutos\" \/>\n<!-- \/ Yoast SEO plugin. -->","yoast_head_json":{"title":"\"En la hipnosis el paciente est\u00e1 en un estado de especial receptividad y permeabilidad\" - Actualidad Nebrija","robots":{"index":"index","follow":"follow","max-snippet":"max-snippet:-1","max-image-preview":"max-image-preview:large","max-video-preview":"max-video-preview:-1"},"canonical":"https:\/\/www.nebrija.com\/medios\/actualidadnebrija\/2019\/02\/14\/en-la-hipnosis-el-paciente-esta-en-un-estado-de-especial-receptividad-y-permeabilidad\/","og_locale":"es_ES","og_type":"article","og_title":"\"En la hipnosis el paciente est\u00e1 en un estado de especial receptividad y permeabilidad\" - Actualidad Nebrija","og_description":"El presidente de la Asociaci\u00f3n Espa\u00f1ola de Hipnosis Cl\u00ednica, Jos\u00e9 El\u00edas Fern\u00e1ndez, acerc\u00f3 las claves y usos de la hipnoterapia en psicolog\u00eda a los alumnos del Grado en Psicolog\u00eda de la Universidad Nebrija. Jos\u00e9 El\u00edas Fern\u00e1ndez abord\u00f3 la hipnosis desde","og_url":"https:\/\/www.nebrija.com\/medios\/actualidadnebrija\/2019\/02\/14\/en-la-hipnosis-el-paciente-esta-en-un-estado-de-especial-receptividad-y-permeabilidad\/","og_site_name":"Actualidad Nebrija","article_published_time":"2019-02-14T09:10:32+00:00","article_modified_time":"2019-02-14T12:53:35+00:00","og_image":[{"width":1500,"height":1000,"url":"https:\/\/www.nebrija.com\/medios\/actualidadnebrija\/wp-content\/uploads\/sites\/2\/2019\/02\/MG_9217.jpg","type":"image\/jpeg"}],"author":"pmartinezma","twitter_card":"summary_large_image","twitter_misc":{"Escrito por":"pmartinezma","Tiempo de lectura":"2 minutos"},"schema":{"@context":"https:\/\/schema.org","@graph":[{"@type":"WebPage","@id":"https:\/\/www.nebrija.com\/medios\/actualidadnebrija\/2019\/02\/14\/en-la-hipnosis-el-paciente-esta-en-un-estado-de-especial-receptividad-y-permeabilidad\/","url":"https:\/\/www.nebrija.com\/medios\/actualidadnebrija\/2019\/02\/14\/en-la-hipnosis-el-paciente-esta-en-un-estado-de-especial-receptividad-y-permeabilidad\/","name":"\"En la hipnosis el paciente est\u00e1 en un estado de especial receptividad y permeabilidad\" - Actualidad Nebrija","isPartOf":{"@id":"https:\/\/www.nebrija.com\/medios\/actualidadnebrija\/#website"},"datePublished":"2019-02-14T09:10:32+00:00","dateModified":"2019-02-14T12:53:35+00:00","author":{"@id":"https:\/\/www.nebrija.com\/medios\/actualidadnebrija\/#\/schema\/person\/eece520e53a2d6b773c896d785ca10ad"},"breadcrumb":{"@id":"https:\/\/www.nebrija.com\/medios\/actualidadnebrija\/2019\/02\/14\/en-la-hipnosis-el-paciente-esta-en-un-estado-de-especial-receptividad-y-permeabilidad\/#breadcrumb"},"inLanguage":"es","potentialAction":[{"@type":"ReadAction","target":["https:\/\/www.nebrija.com\/medios\/actualidadnebrija\/2019\/02\/14\/en-la-hipnosis-el-paciente-esta-en-un-estado-de-especial-receptividad-y-permeabilidad\/"]}]},{"@type":"BreadcrumbList","@id":"https:\/\/www.nebrija.com\/medios\/actualidadnebrija\/2019\/02\/14\/en-la-hipnosis-el-paciente-esta-en-un-estado-de-especial-receptividad-y-permeabilidad\/#breadcrumb","itemListElement":[{"@type":"ListItem","position":1,"name":"Home","item":"https:\/\/www.nebrija.com\/medios\/actualidadnebrija\/"},{"@type":"ListItem","position":2,"name":"&#8220;En la hipnosis el paciente est\u00e1 en un estado de especial receptividad y permeabilidad&#8221;"}]},{"@type":"WebSite","@id":"https:\/\/www.nebrija.com\/medios\/actualidadnebrija\/#website","url":"https:\/\/www.nebrija.com\/medios\/actualidadnebrija\/","name":"Actualidad Nebrija","description":"Noticias de la Universidad Nebrija","potentialAction":[{"@type":"SearchAction","target":{"@type":"EntryPoint","urlTemplate":"https:\/\/www.nebrija.com\/medios\/actualidadnebrija\/?s={search_term_string}"},"query-input":"required name=search_term_string"}],"inLanguage":"es"},{"@type":"Person","@id":"https:\/\/www.nebrija.com\/medios\/actualidadnebrija\/#\/schema\/person\/eece520e53a2d6b773c896d785ca10ad","name":"pmartinezma","image":{"@type":"ImageObject","inLanguage":"es","@id":"https:\/\/www.nebrija.com\/medios\/actualidadnebrija\/#\/schema\/person\/image\/","url":"https:\/\/secure.gravatar.com\/avatar\/5feaacc0ce30f23dc14c8724dc28a01f?s=96&d=mm&r=g","contentUrl":"https:\/\/secure.gravatar.com\/avatar\/5feaacc0ce30f23dc14c8724dc28a01f?s=96&d=mm&r=g","caption":"pmartinezma"},"url":"https:\/\/www.nebrija.com\/medios\/actualidadnebrija\/author\/pmartinezma\/"}]}},"_links":{"self":[{"href":"https:\/\/www.nebrija.com\/medios\/actualidadnebrija\/wp-json\/wp\/v2\/posts\/55207"}],"collection":[{"href":"https:\/\/www.nebrija.com\/medios\/actualidadnebrija\/wp-json\/wp\/v2\/posts"}],"about":[{"href":"https:\/\/www.nebrija.com\/medios\/actualidadnebrija\/wp-json\/wp\/v2\/types\/post"}],"author":[{"embeddable":true,"href":"https:\/\/www.nebrija.com\/medios\/actualidadnebrija\/wp-json\/wp\/v2\/users\/263"}],"replies":[{"embeddable":true,"href":"https:\/\/www.nebrija.com\/medios\/actualidadnebrija\/wp-json\/wp\/v2\/comments?post=55207"}],"version-history":[{"count":3,"href":"https:\/\/www.nebrija.com\/medios\/actualidadnebrija\/wp-json\/wp\/v2\/posts\/55207\/revisions"}],"predecessor-version":[{"id":55283,"href":"https:\/\/www.nebrija.com\/medios\/actualidadnebrija\/wp-json\/wp\/v2\/posts\/55207\/revisions\/55283"}],"wp:featuredmedia":[{"embeddable":true,"href":"https:\/\/www.nebrija.com\/medios\/actualidadnebrija\/wp-json\/wp\/v2\/media\/55224"}],"wp:attachment":[{"href":"https:\/\/www.nebrija.com\/medios\/actualidadnebrija\/wp-json\/wp\/v2\/media?parent=55207"}],"wp:term":[{"taxonomy":"category","embeddable":true,"href":"https:\/\/www.nebrija.com\/medios\/actualidadnebrija\/wp-json\/wp\/v2\/categories?post=55207"},{"taxonomy":"post_tag","embeddable":true,"href":"https:\/\/www.nebrija.com\/medios\/actualidadnebrija\/wp-json\/wp\/v2\/tags?post=55207"}],"curies":[{"name":"wp","href":"https:\/\/api.w.org\/{rel}","templated":true}]}}