{"id":56099,"date":"2019-03-11T12:38:43","date_gmt":"2019-03-11T11:38:43","guid":{"rendered":"http:\/\/www.nebrija.com\/medios\/actualidadnebrija\/?p=56099"},"modified":"2019-03-29T10:06:32","modified_gmt":"2019-03-29T09:06:32","slug":"nebrija-primera-clasificada-en-baloncesto-femenino-grupo-b-cum","status":"publish","type":"post","link":"https:\/\/www.nebrija.com\/medios\/actualidadnebrija\/2019\/03\/11\/nebrija-primera-clasificada-en-baloncesto-femenino-grupo-b-cum\/","title":{"rendered":"Nebrija, primera clasificada en Baloncesto Femenino, Grupo B \u2013 CUM"},"content":{"rendered":"<p><strong><em>Imponi\u00e9ndose a la Universidad Pontificia Comillas en la \u00faltima jornada de la Liga Universitaria.<\/em><\/strong><\/p>\n<p>El equipo femenino de baloncesto de la Universidad Nebrija est\u00e1 de enhorabuena.<\/p>\n<p>Tras una segunda fase de los Campeonatos Universitarios de Madrid impecable, nuestras chicas llegaron a la \u00faltima jornada con todas las opciones de logar la primera plaza del Grupo B de la Liga Universitaria.<\/p>\n<p>Con un juego contundente en defensa y grandes transiciones en ataque, obtuvieron la victoria frente a la Universidad Comillas, lo que les permiti\u00f3 terminar la competici\u00f3n en lo m\u00e1s alto de la clasificaci\u00f3n madrile\u00f1a, quedando de la siguiente manera el cuadro de honor final:<\/p>\n<ol>\n<li>Universidad Nebrija<\/li>\n<li>Universidad Alcal\u00e1<\/li>\n<li>Universidad Comillas<\/li>\n<li>Universidad San Pablo CEU<\/li>\n<li>UNED<\/li>\n<li>Universidad Francisco de Vitoria.<\/li>\n<\/ol>\n<p>Damos la enhorabuena a todas las chicas del equipo, as\u00ed como al cuerpo t\u00e9cnico. \u00a1Felicidades! \u00a1Gran trabajo!<\/p>\n<p>M\u00e1s informaci\u00f3n en el Servicio de Deportes \u2013 <a href=\"mailto:deportes@nebrija.es\">deportes@nebrija.es<\/a><\/p>\n<p>&nbsp;<\/p>\n","protected":false},"excerpt":{"rendered":"<p>Imponi\u00e9ndose a la Universidad Pontificia Comillas en la \u00faltima jornada de la Liga Universitaria. El equipo femenino de baloncesto de la Universidad Nebrija est\u00e1 de enhorabuena. Tras una segunda fase de los Campeonatos Universitarios de Madrid impecable, nuestras chicas llegaron<\/p>\n","protected":false},"author":263,"featured_media":56816,"comment_status":"open","ping_status":"open","sticky":false,"template":"","format":"standard","meta":{"_acf_changed":false,"_monsterinsights_skip_tracking":false,"_monsterinsights_sitenote_active":false,"_monsterinsights_sitenote_note":"","_monsterinsights_sitenote_category":0,"footnotes":""},"categories":[3062],"tags":[],"acf":[],"yoast_head":"<!-- This site is optimized with the Yoast SEO plugin v22.1 - https:\/\/yoast.com\/wordpress\/plugins\/seo\/ -->\n<title>Nebrija, primera clasificada en Baloncesto Femenino, Grupo B \u2013 CUM - Actualidad Nebrija<\/title>\n<meta name=\"robots\" content=\"index, follow, max-snippet:-1, max-image-preview:large, max-video-preview:-1\" \/>\n<link rel=\"canonical\" href=\"https:\/\/www.nebrija.com\/medios\/actualidadnebrija\/2019\/03\/11\/nebrija-primera-clasificada-en-baloncesto-femenino-grupo-b-cum\/\" \/>\n<meta property=\"og:locale\" content=\"es_ES\" \/>\n<meta property=\"og:type\" content=\"article\" \/>\n<meta property=\"og:title\" content=\"Nebrija, primera clasificada en Baloncesto Femenino, Grupo B \u2013 CUM - Actualidad Nebrija\" \/>\n<meta property=\"og:description\" content=\"Imponi\u00e9ndose a la Universidad Pontificia Comillas en la \u00faltima jornada de la Liga Universitaria. El equipo femenino de baloncesto de la Universidad Nebrija est\u00e1 de enhorabuena. Tras una segunda fase de los Campeonatos Universitarios de Madrid impecable, nuestras chicas llegaron\" \/>\n<meta property=\"og:url\" content=\"https:\/\/www.nebrija.com\/medios\/actualidadnebrija\/2019\/03\/11\/nebrija-primera-clasificada-en-baloncesto-femenino-grupo-b-cum\/\" \/>\n<meta property=\"og:site_name\" content=\"Actualidad Nebrija\" \/>\n<meta property=\"article:published_time\" content=\"2019-03-11T11:38:43+00:00\" \/>\n<meta property=\"article:modified_time\" content=\"2019-03-29T09:06:32+00:00\" \/>\n<meta property=\"og:image\" content=\"https:\/\/www.nebrija.com\/medios\/actualidadnebrija\/wp-content\/uploads\/sites\/2\/2019\/03\/baloncesto-femenino-2.jpg\" \/>\n\t<meta property=\"og:image:width\" content=\"786\" \/>\n\t<meta property=\"og:image:height\" content=\"458\" \/>\n\t<meta property=\"og:image:type\" content=\"image\/jpeg\" \/>\n<meta name=\"author\" content=\"pmartinezma\" \/>\n<meta name=\"twitter:card\" content=\"summary_large_image\" \/>\n<meta name=\"twitter:label1\" content=\"Escrito por\" \/>\n\t<meta name=\"twitter:data1\" content=\"pmartinezma\" \/>\n\t<meta name=\"twitter:label2\" content=\"Tiempo de lectura\" \/>\n\t<meta name=\"twitter:data2\" content=\"1 minuto\" \/>\n<!-- \/ Yoast SEO plugin. -->","yoast_head_json":{"title":"Nebrija, primera clasificada en Baloncesto Femenino, Grupo B \u2013 CUM - Actualidad Nebrija","robots":{"index":"index","follow":"follow","max-snippet":"max-snippet:-1","max-image-preview":"max-image-preview:large","max-video-preview":"max-video-preview:-1"},"canonical":"https:\/\/www.nebrija.com\/medios\/actualidadnebrija\/2019\/03\/11\/nebrija-primera-clasificada-en-baloncesto-femenino-grupo-b-cum\/","og_locale":"es_ES","og_type":"article","og_title":"Nebrija, primera clasificada en Baloncesto Femenino, Grupo B \u2013 CUM - Actualidad Nebrija","og_description":"Imponi\u00e9ndose a la Universidad Pontificia Comillas en la \u00faltima jornada de la Liga Universitaria. El equipo femenino de baloncesto de la Universidad Nebrija est\u00e1 de enhorabuena. Tras una segunda fase de los Campeonatos Universitarios de Madrid impecable, nuestras chicas llegaron","og_url":"https:\/\/www.nebrija.com\/medios\/actualidadnebrija\/2019\/03\/11\/nebrija-primera-clasificada-en-baloncesto-femenino-grupo-b-cum\/","og_site_name":"Actualidad Nebrija","article_published_time":"2019-03-11T11:38:43+00:00","article_modified_time":"2019-03-29T09:06:32+00:00","og_image":[{"width":786,"height":458,"url":"https:\/\/www.nebrija.com\/medios\/actualidadnebrija\/wp-content\/uploads\/sites\/2\/2019\/03\/baloncesto-femenino-2.jpg","type":"image\/jpeg"}],"author":"pmartinezma","twitter_card":"summary_large_image","twitter_misc":{"Escrito por":"pmartinezma","Tiempo de lectura":"1 minuto"},"schema":{"@context":"https:\/\/schema.org","@graph":[{"@type":"WebPage","@id":"https:\/\/www.nebrija.com\/medios\/actualidadnebrija\/2019\/03\/11\/nebrija-primera-clasificada-en-baloncesto-femenino-grupo-b-cum\/","url":"https:\/\/www.nebrija.com\/medios\/actualidadnebrija\/2019\/03\/11\/nebrija-primera-clasificada-en-baloncesto-femenino-grupo-b-cum\/","name":"Nebrija, primera clasificada en Baloncesto Femenino, Grupo B \u2013 CUM - Actualidad Nebrija","isPartOf":{"@id":"https:\/\/www.nebrija.com\/medios\/actualidadnebrija\/#website"},"datePublished":"2019-03-11T11:38:43+00:00","dateModified":"2019-03-29T09:06:32+00:00","author":{"@id":"https:\/\/www.nebrija.com\/medios\/actualidadnebrija\/#\/schema\/person\/eece520e53a2d6b773c896d785ca10ad"},"breadcrumb":{"@id":"https:\/\/www.nebrija.com\/medios\/actualidadnebrija\/2019\/03\/11\/nebrija-primera-clasificada-en-baloncesto-femenino-grupo-b-cum\/#breadcrumb"},"inLanguage":"es","potentialAction":[{"@type":"ReadAction","target":["https:\/\/www.nebrija.com\/medios\/actualidadnebrija\/2019\/03\/11\/nebrija-primera-clasificada-en-baloncesto-femenino-grupo-b-cum\/"]}]},{"@type":"BreadcrumbList","@id":"https:\/\/www.nebrija.com\/medios\/actualidadnebrija\/2019\/03\/11\/nebrija-primera-clasificada-en-baloncesto-femenino-grupo-b-cum\/#breadcrumb","itemListElement":[{"@type":"ListItem","position":1,"name":"Home","item":"https:\/\/www.nebrija.com\/medios\/actualidadnebrija\/"},{"@type":"ListItem","position":2,"name":"Nebrija, primera clasificada en Baloncesto Femenino, Grupo B \u2013 CUM"}]},{"@type":"WebSite","@id":"https:\/\/www.nebrija.com\/medios\/actualidadnebrija\/#website","url":"https:\/\/www.nebrija.com\/medios\/actualidadnebrija\/","name":"Actualidad Nebrija","description":"Noticias de la Universidad Nebrija","potentialAction":[{"@type":"SearchAction","target":{"@type":"EntryPoint","urlTemplate":"https:\/\/www.nebrija.com\/medios\/actualidadnebrija\/?s={search_term_string}"},"query-input":"required name=search_term_string"}],"inLanguage":"es"},{"@type":"Person","@id":"https:\/\/www.nebrija.com\/medios\/actualidadnebrija\/#\/schema\/person\/eece520e53a2d6b773c896d785ca10ad","name":"pmartinezma","image":{"@type":"ImageObject","inLanguage":"es","@id":"https:\/\/www.nebrija.com\/medios\/actualidadnebrija\/#\/schema\/person\/image\/","url":"https:\/\/secure.gravatar.com\/avatar\/5feaacc0ce30f23dc14c8724dc28a01f?s=96&d=mm&r=g","contentUrl":"https:\/\/secure.gravatar.com\/avatar\/5feaacc0ce30f23dc14c8724dc28a01f?s=96&d=mm&r=g","caption":"pmartinezma"},"url":"https:\/\/www.nebrija.com\/medios\/actualidadnebrija\/author\/pmartinezma\/"}]}},"_links":{"self":[{"href":"https:\/\/www.nebrija.com\/medios\/actualidadnebrija\/wp-json\/wp\/v2\/posts\/56099"}],"collection":[{"href":"https:\/\/www.nebrija.com\/medios\/actualidadnebrija\/wp-json\/wp\/v2\/posts"}],"about":[{"href":"https:\/\/www.nebrija.com\/medios\/actualidadnebrija\/wp-json\/wp\/v2\/types\/post"}],"author":[{"embeddable":true,"href":"https:\/\/www.nebrija.com\/medios\/actualidadnebrija\/wp-json\/wp\/v2\/users\/263"}],"replies":[{"embeddable":true,"href":"https:\/\/www.nebrija.com\/medios\/actualidadnebrija\/wp-json\/wp\/v2\/comments?post=56099"}],"version-history":[{"count":1,"href":"https:\/\/www.nebrija.com\/medios\/actualidadnebrija\/wp-json\/wp\/v2\/posts\/56099\/revisions"}],"predecessor-version":[{"id":56107,"href":"https:\/\/www.nebrija.com\/medios\/actualidadnebrija\/wp-json\/wp\/v2\/posts\/56099\/revisions\/56107"}],"wp:featuredmedia":[{"embeddable":true,"href":"https:\/\/www.nebrija.com\/medios\/actualidadnebrija\/wp-json\/wp\/v2\/media\/56816"}],"wp:attachment":[{"href":"https:\/\/www.nebrija.com\/medios\/actualidadnebrija\/wp-json\/wp\/v2\/media?parent=56099"}],"wp:term":[{"taxonomy":"category","embeddable":true,"href":"https:\/\/www.nebrija.com\/medios\/actualidadnebrija\/wp-json\/wp\/v2\/categories?post=56099"},{"taxonomy":"post_tag","embeddable":true,"href":"https:\/\/www.nebrija.com\/medios\/actualidadnebrija\/wp-json\/wp\/v2\/tags?post=56099"}],"curies":[{"name":"wp","href":"https:\/\/api.w.org\/{rel}","templated":true}]}}