{"id":56414,"date":"2019-03-18T17:53:12","date_gmt":"2019-03-18T16:53:12","guid":{"rendered":"http:\/\/www.nebrija.com\/medios\/actualidadnebrija\/?p=56414"},"modified":"2019-03-21T13:44:57","modified_gmt":"2019-03-21T12:44:57","slug":"la-positividad-es-como-el-deporte-se-practica","status":"publish","type":"post","link":"https:\/\/www.nebrija.com\/medios\/actualidadnebrija\/2019\/03\/18\/la-positividad-es-como-el-deporte-se-practica\/","title":{"rendered":"&#8220;La positividad es como el deporte, hay que practicarla&#8221;"},"content":{"rendered":"<p>A menudo nos olvidamos de la importancia que tiene nuestra imagen personal en lo que transmitimos a los dem\u00e1s. Nos preocupamos mucho de lo que vamos a decir, pero no tenemos en cuenta que, cuando nos comunicamos, decimos mucho m\u00e1s con el cuerpo que con las palabras. Pocas veces somos conscientes de la importancia de nuestra imagen personal y lo que proyectamos con ella: la idea que se formen los dem\u00e1s de nosotros, a partir\u00a0de la primera impresi\u00f3n, es la que generalmente perdura y la que nos abrir\u00e1 o cerrar\u00e1 las puertas hacia nuevas oportunidades.<\/p>\n<p>Este fue el tema central de la charla de Andrea Vilallonga, asesora\u00a0de imagen personal y corporativa, dentro del\u00a0proyecto de innovaci\u00f3n docente Masterclass Nebrija, organizado por el\u00a0<a href=\"https:\/\/www.nebrija.com\/institutos-nebrija\/instituto-competencias-profesionales.php\">Instituto Nebrija de Competencias Profesionales<\/a>: una serie de conferencias con diferentes expertos para preparar a los estudiantes en materias cruciales su futuro profesional.<\/p>\n<p>&#8220;Juzgar la apariencia de los dem\u00e1s no es ser superficial, es ser humanos. Todos lo hacemos, queramos o no. No actuamos por superficialidad, es instinto&#8221;, afirm\u00f3 Vilallonga. La consultora explic\u00f3 la importancia de ser conscientes de lo que transmitimos cuando nos comunicamos con otras personas, de manera que podamos trabajar con esas percepciones. Para ello, la clave est\u00e1 en &#8220;conocernos a nosotros mismos, aceptarnos como somos y trabajar nuestra autoestima&#8221;, seg\u00fan la experta en imagen personal.<\/p>\n<p>&#8220;En la primera impresi\u00f3n, el 55% de la opini\u00f3n que los dem\u00e1s se crean de nosotros es a trav\u00e9s del f\u00edsico&#8221;, se\u00f1al\u00f3 la asesora de imagen. Es fundamental que seamos conscientes de esta realidad, para que podamos trabajar sobre nuestra imagen y lo que estamos proyectando cuando hablamos con otras personas. &#8220;No podemos conseguir que nos vean guapos, pero s\u00ed que nos vean c\u00f3mo nosotros queremos&#8221;, continu\u00f3 Vilallonga, que explic\u00f3 la importancia de quitar &#8220;ruido&#8221; a nuestra imagen para que nos recuerden por nuestro mensaje y no por lo que nuestro aspecto dice de nosotros.<\/p>\n<p>En esta l\u00ednea, la consultora destac\u00f3 algunos aspectos fundamentales que debemos cuidar, como la higiene personal, la ropa y la sonrisa. &#8220;Da igual c\u00f3mo te vistas, siempre que respetes el\u00a0<em>dress code\u00a0<\/em>del lugar al que vas, que te sientas a gusto y que las prendas que lleves est\u00e9n bien, afirm\u00f3 la ponente, en referencia a la mala imagen que transmite la ropa arrugada, las manchas en los zapatos, las gafas sucias o las manos descuidadas.\u00a0Vilallonga tambi\u00e9n habl\u00f3 sobre la necesidad de vocalizar para hacer llegar adecuadamente nuestro mensaje y sobre la importancia de mirar a los ojos a la persona con la que estamos hablando.<\/p>\n<p>Pero, sin duda, en lo que m\u00e1s \u00e9nfasis puso la asesora de imagen fue en la actitud: &#8220;Es nuestra responsabilidad tener buena actitud&#8221;. Y ofreci\u00f3 tres claves muy sencillas para trabajar la actitud: fomentar la amabilidad, aprender a ser discretos y practicar la escucha activa. &#8220;La positividad es como el deporte, hay que practicarla&#8221;, destac\u00f3 Villalonga, que explico c\u00f3mo la energ\u00eda negativa tiene mucho m\u00e1s fuerza que la positiva y que debemos trabajar en un estilo de vida positivo para darle la vuelta a esta balanza. &#8220;Si cambi\u00e1is vuestra energ\u00eda, de lo negativo a lo positivo que hay en vosotros, vais a ser capaces de transmitir mucho m\u00e1s y eso os acercar\u00e1 a vuestras metas personales y profesionales&#8221;, concluy\u00f3 la experta.<\/p>\n\n\t\t<style type=\"text\/css\">\n\t\t\t#gallery-1 {\n\t\t\t\tmargin: auto;\n\t\t\t}\n\t\t\t#gallery-1 .gallery-item {\n\t\t\t\tfloat: left;\n\t\t\t\tmargin-top: 10px;\n\t\t\t\ttext-align: center;\n\t\t\t\twidth: 25%;\n\t\t\t}\n\t\t\t#gallery-1 img {\n\t\t\t\tborder: 2px solid #cfcfcf;\n\t\t\t}\n\t\t\t#gallery-1 .gallery-caption {\n\t\t\t\tmargin-left: 0;\n\t\t\t}\n\t\t\t\/* see gallery_shortcode() in wp-includes\/media.php *\/\n\t\t<\/style>\n\t\t<div id='gallery-1' class='gallery galleryid-56414 gallery-columns-4 gallery-size-thumbnail'><dl class='gallery-item'>\n\t\t\t<dt class='gallery-icon landscape'>\n\t\t\t\t<a href='https:\/\/www.nebrija.com\/medios\/actualidadnebrija\/wp-content\/uploads\/sites\/2\/2019\/03\/IMG_6366.jpg'><img loading=\"lazy\" decoding=\"async\" width=\"150\" height=\"150\" src=\"https:\/\/www.nebrija.com\/medios\/actualidadnebrija\/wp-content\/uploads\/sites\/2\/2019\/03\/IMG_6366-150x150.jpg\" class=\"attachment-thumbnail size-thumbnail\" alt=\"Andrea Vilallonga: &quot;La positividad es como el deporte, se practica&quot;\" \/><\/a>\n\t\t\t<\/dt><\/dl><dl class='gallery-item'>\n\t\t\t<dt class='gallery-icon landscape'>\n\t\t\t\t<a href='https:\/\/www.nebrija.com\/medios\/actualidadnebrija\/wp-content\/uploads\/sites\/2\/2019\/03\/IMG_6398.jpg'><img loading=\"lazy\" decoding=\"async\" width=\"150\" height=\"150\" src=\"https:\/\/www.nebrija.com\/medios\/actualidadnebrija\/wp-content\/uploads\/sites\/2\/2019\/03\/IMG_6398-150x150.jpg\" class=\"attachment-thumbnail size-thumbnail\" alt=\"Andrea Vilallonga: &quot;La positividad es como el deporte, se practica&quot;\" \/><\/a>\n\t\t\t<\/dt><\/dl><dl class='gallery-item'>\n\t\t\t<dt class='gallery-icon landscape'>\n\t\t\t\t<a href='https:\/\/www.nebrija.com\/medios\/actualidadnebrija\/wp-content\/uploads\/sites\/2\/2019\/03\/IMG_6421.jpg'><img loading=\"lazy\" decoding=\"async\" width=\"150\" height=\"150\" src=\"https:\/\/www.nebrija.com\/medios\/actualidadnebrija\/wp-content\/uploads\/sites\/2\/2019\/03\/IMG_6421-150x150.jpg\" class=\"attachment-thumbnail size-thumbnail\" alt=\"Andrea Vilallonga: &quot;La positividad es como el deporte, se practica&quot;\" \/><\/a>\n\t\t\t<\/dt><\/dl><dl class='gallery-item'>\n\t\t\t<dt class='gallery-icon landscape'>\n\t\t\t\t<a href='https:\/\/www.nebrija.com\/medios\/actualidadnebrija\/wp-content\/uploads\/sites\/2\/2019\/03\/IMG_6402.jpg'><img loading=\"lazy\" decoding=\"async\" width=\"150\" height=\"150\" src=\"https:\/\/www.nebrija.com\/medios\/actualidadnebrija\/wp-content\/uploads\/sites\/2\/2019\/03\/IMG_6402-150x150.jpg\" class=\"attachment-thumbnail size-thumbnail\" alt=\"Andrea Vilallonga: &quot;La positividad es como el deporte, se practica&quot;\" \/><\/a>\n\t\t\t<\/dt><\/dl><br style=\"clear: both\" \/><dl class='gallery-item'>\n\t\t\t<dt class='gallery-icon landscape'>\n\t\t\t\t<a href='https:\/\/www.nebrija.com\/medios\/actualidadnebrija\/wp-content\/uploads\/sites\/2\/2019\/03\/IMG_6478.jpg'><img loading=\"lazy\" decoding=\"async\" width=\"150\" height=\"150\" src=\"https:\/\/www.nebrija.com\/medios\/actualidadnebrija\/wp-content\/uploads\/sites\/2\/2019\/03\/IMG_6478-150x150.jpg\" class=\"attachment-thumbnail size-thumbnail\" alt=\"Andrea Vilallonga: &quot;La positividad es como el deporte, se practica&quot;\" \/><\/a>\n\t\t\t<\/dt><\/dl><dl class='gallery-item'>\n\t\t\t<dt class='gallery-icon landscape'>\n\t\t\t\t<a href='https:\/\/www.nebrija.com\/medios\/actualidadnebrija\/wp-content\/uploads\/sites\/2\/2019\/03\/IMG_6573.jpg'><img loading=\"lazy\" decoding=\"async\" width=\"150\" height=\"150\" src=\"https:\/\/www.nebrija.com\/medios\/actualidadnebrija\/wp-content\/uploads\/sites\/2\/2019\/03\/IMG_6573-150x150.jpg\" class=\"attachment-thumbnail size-thumbnail\" alt=\"\" \/><\/a>\n\t\t\t<\/dt><\/dl><dl class='gallery-item'>\n\t\t\t<dt class='gallery-icon landscape'>\n\t\t\t\t<a href='https:\/\/www.nebrija.com\/medios\/actualidadnebrija\/wp-content\/uploads\/sites\/2\/2019\/03\/IMG_6508.jpg'><img loading=\"lazy\" decoding=\"async\" width=\"150\" height=\"150\" src=\"https:\/\/www.nebrija.com\/medios\/actualidadnebrija\/wp-content\/uploads\/sites\/2\/2019\/03\/IMG_6508-150x150.jpg\" class=\"attachment-thumbnail size-thumbnail\" alt=\"Andrea Vilallonga: &quot;La positividad es como el deporte, se practica&quot;\" \/><\/a>\n\t\t\t<\/dt><\/dl><dl class='gallery-item'>\n\t\t\t<dt class='gallery-icon landscape'>\n\t\t\t\t<a href='https:\/\/www.nebrija.com\/medios\/actualidadnebrija\/wp-content\/uploads\/sites\/2\/2019\/03\/IMG_6600.jpg'><img loading=\"lazy\" decoding=\"async\" width=\"150\" height=\"150\" src=\"https:\/\/www.nebrija.com\/medios\/actualidadnebrija\/wp-content\/uploads\/sites\/2\/2019\/03\/IMG_6600-150x150.jpg\" class=\"attachment-thumbnail size-thumbnail\" alt=\"Andrea Vilallonga: &quot;La positividad es como el deporte, se practica&quot;\" \/><\/a>\n\t\t\t<\/dt><\/dl><br style=\"clear: both\" \/>\n\t\t<\/div>\n\n","protected":false},"excerpt":{"rendered":"<p>A menudo nos olvidamos de la importancia que tiene nuestra imagen personal en lo que transmitimos a los dem\u00e1s. Nos preocupamos mucho de lo que vamos a decir, pero no tenemos en cuenta que, cuando nos comunicamos, decimos mucho m\u00e1s<\/p>\n","protected":false},"author":23,"featured_media":56570,"comment_status":"open","ping_status":"open","sticky":false,"template":"","format":"standard","meta":{"_acf_changed":false,"_monsterinsights_skip_tracking":false,"_monsterinsights_sitenote_active":false,"_monsterinsights_sitenote_note":"","_monsterinsights_sitenote_category":0,"footnotes":""},"categories":[3057,3078],"tags":[3287,3238,3124,3275,3274],"acf":[],"yoast_head":"<!-- This site is optimized with the Yoast SEO plugin v22.1 - https:\/\/yoast.com\/wordpress\/plugins\/seo\/ -->\n<title>Andrea Vilallonga: &quot;La positividad es como el deporte, se practica&quot;<\/title>\n<meta name=\"description\" content=\"Andrea Vilallonga, asesora y consultora de imagen, habl\u00f3 con los alumnos de Nebrija sobre la importancia que tiene nuestra imagen personal en lo que transmitimos a los dem\u00e1s y c\u00f3mo la primera impresi\u00f3n es determinante para abrirnos o cerrarnos las puertas a nuevas oportunidades.\" \/>\n<meta name=\"robots\" content=\"index, follow, max-snippet:-1, max-image-preview:large, max-video-preview:-1\" \/>\n<link rel=\"canonical\" href=\"https:\/\/www.nebrija.com\/medios\/actualidadnebrija\/2019\/03\/18\/la-positividad-es-como-el-deporte-se-practica\/\" \/>\n<meta property=\"og:locale\" content=\"es_ES\" \/>\n<meta property=\"og:type\" content=\"article\" \/>\n<meta property=\"og:title\" content=\"Andrea Vilallonga: &quot;La positividad es como el deporte, se practica&quot;\" \/>\n<meta property=\"og:description\" content=\"Andrea Vilallonga, asesora y consultora de imagen, habl\u00f3 con los alumnos de Nebrija sobre la importancia que tiene nuestra imagen personal en lo que transmitimos a los dem\u00e1s y c\u00f3mo la primera impresi\u00f3n es determinante para abrirnos o cerrarnos las puertas a nuevas oportunidades.\" \/>\n<meta property=\"og:url\" content=\"https:\/\/www.nebrija.com\/medios\/actualidadnebrija\/2019\/03\/18\/la-positividad-es-como-el-deporte-se-practica\/\" \/>\n<meta property=\"og:site_name\" content=\"Actualidad Nebrija\" \/>\n<meta property=\"article:published_time\" content=\"2019-03-18T16:53:12+00:00\" \/>\n<meta property=\"article:modified_time\" content=\"2019-03-21T12:44:57+00:00\" \/>\n<meta property=\"og:image\" content=\"https:\/\/www.nebrija.com\/medios\/actualidadnebrija\/wp-content\/uploads\/sites\/2\/2019\/03\/IMG_6421-787x459-1.jpg\" \/>\n\t<meta property=\"og:image:width\" content=\"787\" \/>\n\t<meta property=\"og:image:height\" content=\"459\" \/>\n\t<meta property=\"og:image:type\" content=\"image\/jpeg\" \/>\n<meta name=\"author\" content=\"lgomezbe\" \/>\n<meta name=\"twitter:card\" content=\"summary_large_image\" \/>\n<meta name=\"twitter:label1\" content=\"Escrito por\" \/>\n\t<meta name=\"twitter:data1\" content=\"lgomezbe\" \/>\n\t<meta name=\"twitter:label2\" content=\"Tiempo de lectura\" \/>\n\t<meta name=\"twitter:data2\" content=\"3 minutos\" \/>\n<!-- \/ Yoast SEO plugin. -->","yoast_head_json":{"title":"Andrea Vilallonga: \"La positividad es como el deporte, se practica\"","description":"Andrea Vilallonga, asesora y consultora de imagen, habl\u00f3 con los alumnos de Nebrija sobre la importancia que tiene nuestra imagen personal en lo que transmitimos a los dem\u00e1s y c\u00f3mo la primera impresi\u00f3n es determinante para abrirnos o cerrarnos las puertas a nuevas oportunidades.","robots":{"index":"index","follow":"follow","max-snippet":"max-snippet:-1","max-image-preview":"max-image-preview:large","max-video-preview":"max-video-preview:-1"},"canonical":"https:\/\/www.nebrija.com\/medios\/actualidadnebrija\/2019\/03\/18\/la-positividad-es-como-el-deporte-se-practica\/","og_locale":"es_ES","og_type":"article","og_title":"Andrea Vilallonga: \"La positividad es como el deporte, se practica\"","og_description":"Andrea Vilallonga, asesora y consultora de imagen, habl\u00f3 con los alumnos de Nebrija sobre la importancia que tiene nuestra imagen personal en lo que transmitimos a los dem\u00e1s y c\u00f3mo la primera impresi\u00f3n es determinante para abrirnos o cerrarnos las puertas a nuevas oportunidades.","og_url":"https:\/\/www.nebrija.com\/medios\/actualidadnebrija\/2019\/03\/18\/la-positividad-es-como-el-deporte-se-practica\/","og_site_name":"Actualidad Nebrija","article_published_time":"2019-03-18T16:53:12+00:00","article_modified_time":"2019-03-21T12:44:57+00:00","og_image":[{"width":787,"height":459,"url":"https:\/\/www.nebrija.com\/medios\/actualidadnebrija\/wp-content\/uploads\/sites\/2\/2019\/03\/IMG_6421-787x459-1.jpg","type":"image\/jpeg"}],"author":"lgomezbe","twitter_card":"summary_large_image","twitter_misc":{"Escrito por":"lgomezbe","Tiempo de lectura":"3 minutos"},"schema":{"@context":"https:\/\/schema.org","@graph":[{"@type":"WebPage","@id":"https:\/\/www.nebrija.com\/medios\/actualidadnebrija\/2019\/03\/18\/la-positividad-es-como-el-deporte-se-practica\/","url":"https:\/\/www.nebrija.com\/medios\/actualidadnebrija\/2019\/03\/18\/la-positividad-es-como-el-deporte-se-practica\/","name":"Andrea Vilallonga: \"La positividad es como el deporte, se practica\"","isPartOf":{"@id":"https:\/\/www.nebrija.com\/medios\/actualidadnebrija\/#website"},"datePublished":"2019-03-18T16:53:12+00:00","dateModified":"2019-03-21T12:44:57+00:00","author":{"@id":"https:\/\/www.nebrija.com\/medios\/actualidadnebrija\/#\/schema\/person\/e6232b48104a001b2861271d566e28a7"},"description":"Andrea Vilallonga, asesora y consultora de imagen, habl\u00f3 con los alumnos de Nebrija sobre la importancia que tiene nuestra imagen personal en lo que transmitimos a los dem\u00e1s y c\u00f3mo la primera impresi\u00f3n es determinante para abrirnos o cerrarnos las puertas a nuevas oportunidades.","breadcrumb":{"@id":"https:\/\/www.nebrija.com\/medios\/actualidadnebrija\/2019\/03\/18\/la-positividad-es-como-el-deporte-se-practica\/#breadcrumb"},"inLanguage":"es","potentialAction":[{"@type":"ReadAction","target":["https:\/\/www.nebrija.com\/medios\/actualidadnebrija\/2019\/03\/18\/la-positividad-es-como-el-deporte-se-practica\/"]}]},{"@type":"BreadcrumbList","@id":"https:\/\/www.nebrija.com\/medios\/actualidadnebrija\/2019\/03\/18\/la-positividad-es-como-el-deporte-se-practica\/#breadcrumb","itemListElement":[{"@type":"ListItem","position":1,"name":"Home","item":"https:\/\/www.nebrija.com\/medios\/actualidadnebrija\/"},{"@type":"ListItem","position":2,"name":"&#8220;La positividad es como el deporte, hay que practicarla&#8221;"}]},{"@type":"WebSite","@id":"https:\/\/www.nebrija.com\/medios\/actualidadnebrija\/#website","url":"https:\/\/www.nebrija.com\/medios\/actualidadnebrija\/","name":"Actualidad Nebrija","description":"Noticias de la Universidad Nebrija","potentialAction":[{"@type":"SearchAction","target":{"@type":"EntryPoint","urlTemplate":"https:\/\/www.nebrija.com\/medios\/actualidadnebrija\/?s={search_term_string}"},"query-input":"required name=search_term_string"}],"inLanguage":"es"},{"@type":"Person","@id":"https:\/\/www.nebrija.com\/medios\/actualidadnebrija\/#\/schema\/person\/e6232b48104a001b2861271d566e28a7","name":"lgomezbe","image":{"@type":"ImageObject","inLanguage":"es","@id":"https:\/\/www.nebrija.com\/medios\/actualidadnebrija\/#\/schema\/person\/image\/","url":"https:\/\/secure.gravatar.com\/avatar\/91429af2b2eb6303c2012c36b2710a4a?s=96&d=mm&r=g","contentUrl":"https:\/\/secure.gravatar.com\/avatar\/91429af2b2eb6303c2012c36b2710a4a?s=96&d=mm&r=g","caption":"lgomezbe"},"url":"https:\/\/www.nebrija.com\/medios\/actualidadnebrija\/author\/lgomezbe\/"}]}},"_links":{"self":[{"href":"https:\/\/www.nebrija.com\/medios\/actualidadnebrija\/wp-json\/wp\/v2\/posts\/56414"}],"collection":[{"href":"https:\/\/www.nebrija.com\/medios\/actualidadnebrija\/wp-json\/wp\/v2\/posts"}],"about":[{"href":"https:\/\/www.nebrija.com\/medios\/actualidadnebrija\/wp-json\/wp\/v2\/types\/post"}],"author":[{"embeddable":true,"href":"https:\/\/www.nebrija.com\/medios\/actualidadnebrija\/wp-json\/wp\/v2\/users\/23"}],"replies":[{"embeddable":true,"href":"https:\/\/www.nebrija.com\/medios\/actualidadnebrija\/wp-json\/wp\/v2\/comments?post=56414"}],"version-history":[{"count":2,"href":"https:\/\/www.nebrija.com\/medios\/actualidadnebrija\/wp-json\/wp\/v2\/posts\/56414\/revisions"}],"predecessor-version":[{"id":56477,"href":"https:\/\/www.nebrija.com\/medios\/actualidadnebrija\/wp-json\/wp\/v2\/posts\/56414\/revisions\/56477"}],"wp:featuredmedia":[{"embeddable":true,"href":"https:\/\/www.nebrija.com\/medios\/actualidadnebrija\/wp-json\/wp\/v2\/media\/56570"}],"wp:attachment":[{"href":"https:\/\/www.nebrija.com\/medios\/actualidadnebrija\/wp-json\/wp\/v2\/media?parent=56414"}],"wp:term":[{"taxonomy":"category","embeddable":true,"href":"https:\/\/www.nebrija.com\/medios\/actualidadnebrija\/wp-json\/wp\/v2\/categories?post=56414"},{"taxonomy":"post_tag","embeddable":true,"href":"https:\/\/www.nebrija.com\/medios\/actualidadnebrija\/wp-json\/wp\/v2\/tags?post=56414"}],"curies":[{"name":"wp","href":"https:\/\/api.w.org\/{rel}","templated":true}]}}