{"id":56863,"date":"2019-04-01T10:23:54","date_gmt":"2019-04-01T08:23:54","guid":{"rendered":"http:\/\/www.nebrija.com\/medios\/actualidadnebrija\/?p=56863"},"modified":"2019-04-01T10:24:53","modified_gmt":"2019-04-01T08:24:53","slug":"nebrija-organiza-la-primera-conferencia-del-arquitecto-christian-heuchel-en-espana","status":"publish","type":"post","link":"https:\/\/www.nebrija.com\/medios\/actualidadnebrija\/2019\/04\/01\/nebrija-organiza-la-primera-conferencia-del-arquitecto-christian-heuchel-en-espana\/","title":{"rendered":"Nebrija organiza la primera conferencia del arquitecto Christian Heuchel en Espa\u00f1a"},"content":{"rendered":"<p>El Colegio de Arquitectos de Madrid acogi\u00f3 la primera conferencia del arquitecto alem\u00e1n Christian Heuchel en Espa\u00f1a, organizada por la <a href=\"https:\/\/www.nebrija.com\/la_universidad\/facultades\/escuela-politecnica-superior-arquitectura\/\">Escuela Polit\u00e9cnica<\/a> de la Universidad Nebrija en el marco de la Semana de la Arquitectura y el Dise\u00f1o.<\/p>\n<p>Christoph Dorschfeldt, consejero de Asuntos Culturales de la Embajada de Alemania en Espa\u00f1a, particip\u00f3 en el encuentro, donde trat\u00f3 la importancia de la arquitectura y su influencia en la vida pol\u00edtica. Como ejemplo, habl\u00f3 sobre el movimiento Bauhaus, que este a\u00f1o cumple su primer centenario, \u201csin\u00f3nimo de modernidad, especialmente en la arquitectura, con una mayor\u00eda de artistas dem\u00f3cratas que ve\u00edan en la Rep\u00fablica Weimar una gran oportunidad para la libertad pol\u00edtica y la libertad de dise\u00f1o art\u00edstico\u201d.<\/p>\n<p>La Bauhaus representaba una pol\u00edtica abierta, dem\u00f3crata y socialista, lo que supon\u00eda una amenaza para el r\u00e9gimen nazi, que terminar\u00eda cerrando la escuela y obligando a los artistas a exiliarse, que, al no poder seguir desarrollando su estilo en Alemania, ense\u00f1aron los principios de la Bauhaus por todo el mundo. \u201cHoy en d\u00eda la arquitectura no es menos pol\u00edtica\u201d, afirm\u00f3 el consejero alem\u00e1n, que destac\u00f3 c\u00f3mo la arquitectura influye en las cuestiones de gesti\u00f3n de barrios, con tendencias actuales como la gentrificaci\u00f3n.<\/p>\n<p>Esta vinculaci\u00f3n entre la pol\u00edtica y la arquitectura tambi\u00e9n tiene su influencia en el , estudio <a href=\"https:\/\/www.ortner-ortner.com\/de\">O&amp;O Baukunst<\/a>, dirigido desde 2006 por Christian Heuchel. Fundador de la asociaci\u00f3n de arquitectos Rheinfl\u00fcgel y propietario de la oficina de artistas de BHK, explic\u00f3 en su ponencia que \u201clos arquitectos debemos dise\u00f1ar proyectos atemporales, porque al final los pol\u00edticos cambian, pero los dise\u00f1os arquitect\u00f3nicos permanecen. Esa es la gran oportunidad y responsabilidad de la arquitectura\u201d.<\/p>\n<p>El arquitecto habl\u00f3 sobre algunos de sus proyectos m\u00e1s importantes, como el Museum Quartier de Viena, donde la ciudad se transforma en pos de una nueva cultura y de una nueva sociedad contempor\u00e1nea, que representa uno de los principales focos de visita y de inter\u00e9s de una Viena tremendamente cultural desde su fundaci\u00f3n. Heuchel\u00a0inst\u00f3 a los alumnos a dise\u00f1ar edificios que fueran \u201cabsorbidos por las ciudades\u201d, que influenciaran en el paisaje urbano con sus ideas, teniendo en cuenta la atemporalidad de los dise\u00f1os que realizaran.<\/p>\n<p>El arquitecto hizo un repaso por su obra y su enfoque de la arquitectura, donde uno de sus temas principales es c\u00f3mo los dise\u00f1os arquitect\u00f3nicos pueden apropiarse de lo viejo, de monumentos que ya construidos, que tienen una vida anterior, y utilizarlos de nuevo con otro prop\u00f3sito y en otro contexto. Una forma de \u201cconstruir una nueva tradici\u00f3n contempor\u00e1nea, s\u00f3lida y de vanguardia a trav\u00e9s de una arquitectura absolutamente singular\u201d, como destac\u00f3 Fernando Moral, director del <a href=\"https:\/\/www.nebrija.com\/carreras-universitarias\/grado-arquitectura\/\">Grado en Arquitectura<\/a> de la Universidad Nebrija, durante la presentaci\u00f3n del artista.<\/p>\n\n\t\t<style type=\"text\/css\">\n\t\t\t#gallery-1 {\n\t\t\t\tmargin: auto;\n\t\t\t}\n\t\t\t#gallery-1 .gallery-item {\n\t\t\t\tfloat: left;\n\t\t\t\tmargin-top: 10px;\n\t\t\t\ttext-align: center;\n\t\t\t\twidth: 16%;\n\t\t\t}\n\t\t\t#gallery-1 img {\n\t\t\t\tborder: 2px solid #cfcfcf;\n\t\t\t}\n\t\t\t#gallery-1 .gallery-caption {\n\t\t\t\tmargin-left: 0;\n\t\t\t}\n\t\t\t\/* see gallery_shortcode() in wp-includes\/media.php *\/\n\t\t<\/style>\n\t\t<div id='gallery-1' class='gallery galleryid-56863 gallery-columns-6 gallery-size-thumbnail'><dl class='gallery-item'>\n\t\t\t<dt class='gallery-icon landscape'>\n\t\t\t\t<a href='https:\/\/www.nebrija.com\/medios\/actualidadnebrija\/wp-content\/uploads\/sites\/2\/2019\/03\/IMG_9238.jpg'><img loading=\"lazy\" decoding=\"async\" width=\"150\" height=\"150\" src=\"https:\/\/www.nebrija.com\/medios\/actualidadnebrija\/wp-content\/uploads\/sites\/2\/2019\/03\/IMG_9238-150x150.jpg\" class=\"attachment-thumbnail size-thumbnail\" alt=\"Nebrija organiza la primera conferencia del arquitecto Christian Heuchel en Espa\u00f1a\" \/><\/a>\n\t\t\t<\/dt><\/dl><dl class='gallery-item'>\n\t\t\t<dt class='gallery-icon landscape'>\n\t\t\t\t<a href='https:\/\/www.nebrija.com\/medios\/actualidadnebrija\/wp-content\/uploads\/sites\/2\/2019\/03\/IMG_9233.jpg'><img loading=\"lazy\" decoding=\"async\" width=\"150\" height=\"150\" src=\"https:\/\/www.nebrija.com\/medios\/actualidadnebrija\/wp-content\/uploads\/sites\/2\/2019\/03\/IMG_9233-150x150.jpg\" class=\"attachment-thumbnail size-thumbnail\" alt=\"Nebrija organiza la primera conferencia del arquitecto Christian Heuchel en Espa\u00f1a\" \/><\/a>\n\t\t\t<\/dt><\/dl><dl class='gallery-item'>\n\t\t\t<dt class='gallery-icon landscape'>\n\t\t\t\t<a href='https:\/\/www.nebrija.com\/medios\/actualidadnebrija\/wp-content\/uploads\/sites\/2\/2019\/03\/IMG_9272.jpg'><img loading=\"lazy\" decoding=\"async\" width=\"150\" height=\"150\" src=\"https:\/\/www.nebrija.com\/medios\/actualidadnebrija\/wp-content\/uploads\/sites\/2\/2019\/03\/IMG_9272-150x150.jpg\" class=\"attachment-thumbnail size-thumbnail\" alt=\"Nebrija organiza la primera conferencia del arquitecto Christian Heuchel en Espa\u00f1a\" \/><\/a>\n\t\t\t<\/dt><\/dl><dl class='gallery-item'>\n\t\t\t<dt class='gallery-icon landscape'>\n\t\t\t\t<a href='https:\/\/www.nebrija.com\/medios\/actualidadnebrija\/wp-content\/uploads\/sites\/2\/2019\/03\/IMG_9258.jpg'><img loading=\"lazy\" decoding=\"async\" width=\"150\" height=\"150\" src=\"https:\/\/www.nebrija.com\/medios\/actualidadnebrija\/wp-content\/uploads\/sites\/2\/2019\/03\/IMG_9258-150x150.jpg\" class=\"attachment-thumbnail size-thumbnail\" alt=\"Nebrija organiza la primera conferencia del arquitecto Christian Heuchel en Espa\u00f1a\" \/><\/a>\n\t\t\t<\/dt><\/dl><dl class='gallery-item'>\n\t\t\t<dt class='gallery-icon landscape'>\n\t\t\t\t<a href='https:\/\/www.nebrija.com\/medios\/actualidadnebrija\/wp-content\/uploads\/sites\/2\/2019\/03\/IMG_9211.jpg'><img loading=\"lazy\" decoding=\"async\" width=\"150\" height=\"150\" src=\"https:\/\/www.nebrija.com\/medios\/actualidadnebrija\/wp-content\/uploads\/sites\/2\/2019\/03\/IMG_9211-150x150.jpg\" class=\"attachment-thumbnail size-thumbnail\" alt=\"Nebrija organiza la primera conferencia del arquitecto Christian Heuchel en Espa\u00f1a\" \/><\/a>\n\t\t\t<\/dt><\/dl><dl class='gallery-item'>\n\t\t\t<dt class='gallery-icon landscape'>\n\t\t\t\t<a href='https:\/\/www.nebrija.com\/medios\/actualidadnebrija\/wp-content\/uploads\/sites\/2\/2019\/03\/IMG_9204.jpg'><img loading=\"lazy\" decoding=\"async\" width=\"150\" height=\"150\" src=\"https:\/\/www.nebrija.com\/medios\/actualidadnebrija\/wp-content\/uploads\/sites\/2\/2019\/03\/IMG_9204-150x150.jpg\" class=\"attachment-thumbnail size-thumbnail\" alt=\"Nebrija organiza la primera conferencia del arquitecto Christian Heuchel en Espa\u00f1a\" \/><\/a>\n\t\t\t<\/dt><\/dl><br style=\"clear: both\" \/>\n\t\t<\/div>\n\n","protected":false},"excerpt":{"rendered":"<p>El Colegio de Arquitectos de Madrid acogi\u00f3 la primera conferencia del arquitecto alem\u00e1n Christian Heuchel en Espa\u00f1a, organizada por la Escuela Polit\u00e9cnica de la Universidad Nebrija en el marco de la Semana de la Arquitectura y el Dise\u00f1o. Christoph Dorschfeldt,<\/p>\n","protected":false},"author":23,"featured_media":56730,"comment_status":"open","ping_status":"open","sticky":false,"template":"","format":"standard","meta":{"_acf_changed":false,"_monsterinsights_skip_tracking":false,"_monsterinsights_sitenote_active":false,"_monsterinsights_sitenote_note":"","_monsterinsights_sitenote_category":0,"footnotes":""},"categories":[3053],"tags":[3124,3323],"acf":[],"yoast_head":"<!-- This site is optimized with the Yoast SEO plugin v22.1 - https:\/\/yoast.com\/wordpress\/plugins\/seo\/ -->\n<title>Primera conferencia del arquitecto Christian Heuchel en Espa\u00f1a<\/title>\n<meta name=\"description\" content=\"El Colegio de Arquitectos de Madrid acogi\u00f3 la primera conferencia del arquitecto alem\u00e1n Christian Heuchel en Espa\u00f1a, organizada por la Escuela Polit\u00e9cnica de la Universidad Nebrija en el marco de la Semana de la Arquitectura y el Dise\u00f1o.\" \/>\n<meta name=\"robots\" content=\"index, follow, max-snippet:-1, max-image-preview:large, max-video-preview:-1\" \/>\n<link rel=\"canonical\" href=\"https:\/\/www.nebrija.com\/medios\/actualidadnebrija\/2019\/04\/01\/nebrija-organiza-la-primera-conferencia-del-arquitecto-christian-heuchel-en-espana\/\" \/>\n<meta property=\"og:locale\" content=\"es_ES\" \/>\n<meta property=\"og:type\" content=\"article\" \/>\n<meta property=\"og:title\" content=\"Primera conferencia del arquitecto Christian Heuchel en Espa\u00f1a\" \/>\n<meta property=\"og:description\" content=\"El Colegio de Arquitectos de Madrid acogi\u00f3 la primera conferencia del arquitecto alem\u00e1n Christian Heuchel en Espa\u00f1a, organizada por la Escuela Polit\u00e9cnica de la Universidad Nebrija en el marco de la Semana de la Arquitectura y el Dise\u00f1o.\" \/>\n<meta property=\"og:url\" content=\"https:\/\/www.nebrija.com\/medios\/actualidadnebrija\/2019\/04\/01\/nebrija-organiza-la-primera-conferencia-del-arquitecto-christian-heuchel-en-espana\/\" \/>\n<meta property=\"og:site_name\" content=\"Actualidad Nebrija\" \/>\n<meta property=\"article:published_time\" content=\"2019-04-01T08:23:54+00:00\" \/>\n<meta property=\"article:modified_time\" content=\"2019-04-01T08:24:53+00:00\" \/>\n<meta property=\"og:image\" content=\"https:\/\/www.nebrija.com\/medios\/actualidadnebrija\/wp-content\/uploads\/sites\/2\/2019\/03\/IMG_9272.jpg\" \/>\n\t<meta property=\"og:image:width\" content=\"1200\" \/>\n\t<meta property=\"og:image:height\" content=\"800\" \/>\n\t<meta property=\"og:image:type\" content=\"image\/jpeg\" \/>\n<meta name=\"author\" content=\"lgomezbe\" \/>\n<meta name=\"twitter:card\" content=\"summary_large_image\" \/>\n<meta name=\"twitter:label1\" content=\"Escrito por\" \/>\n\t<meta name=\"twitter:data1\" content=\"lgomezbe\" \/>\n\t<meta name=\"twitter:label2\" content=\"Tiempo de lectura\" \/>\n\t<meta name=\"twitter:data2\" content=\"2 minutos\" \/>\n<!-- \/ Yoast SEO plugin. -->","yoast_head_json":{"title":"Primera conferencia del arquitecto Christian Heuchel en Espa\u00f1a","description":"El Colegio de Arquitectos de Madrid acogi\u00f3 la primera conferencia del arquitecto alem\u00e1n Christian Heuchel en Espa\u00f1a, organizada por la Escuela Polit\u00e9cnica de la Universidad Nebrija en el marco de la Semana de la Arquitectura y el Dise\u00f1o.","robots":{"index":"index","follow":"follow","max-snippet":"max-snippet:-1","max-image-preview":"max-image-preview:large","max-video-preview":"max-video-preview:-1"},"canonical":"https:\/\/www.nebrija.com\/medios\/actualidadnebrija\/2019\/04\/01\/nebrija-organiza-la-primera-conferencia-del-arquitecto-christian-heuchel-en-espana\/","og_locale":"es_ES","og_type":"article","og_title":"Primera conferencia del arquitecto Christian Heuchel en Espa\u00f1a","og_description":"El Colegio de Arquitectos de Madrid acogi\u00f3 la primera conferencia del arquitecto alem\u00e1n Christian Heuchel en Espa\u00f1a, organizada por la Escuela Polit\u00e9cnica de la Universidad Nebrija en el marco de la Semana de la Arquitectura y el Dise\u00f1o.","og_url":"https:\/\/www.nebrija.com\/medios\/actualidadnebrija\/2019\/04\/01\/nebrija-organiza-la-primera-conferencia-del-arquitecto-christian-heuchel-en-espana\/","og_site_name":"Actualidad Nebrija","article_published_time":"2019-04-01T08:23:54+00:00","article_modified_time":"2019-04-01T08:24:53+00:00","og_image":[{"width":1200,"height":800,"url":"https:\/\/www.nebrija.com\/medios\/actualidadnebrija\/wp-content\/uploads\/sites\/2\/2019\/03\/IMG_9272.jpg","type":"image\/jpeg"}],"author":"lgomezbe","twitter_card":"summary_large_image","twitter_misc":{"Escrito por":"lgomezbe","Tiempo de lectura":"2 minutos"},"schema":{"@context":"https:\/\/schema.org","@graph":[{"@type":"WebPage","@id":"https:\/\/www.nebrija.com\/medios\/actualidadnebrija\/2019\/04\/01\/nebrija-organiza-la-primera-conferencia-del-arquitecto-christian-heuchel-en-espana\/","url":"https:\/\/www.nebrija.com\/medios\/actualidadnebrija\/2019\/04\/01\/nebrija-organiza-la-primera-conferencia-del-arquitecto-christian-heuchel-en-espana\/","name":"Primera conferencia del arquitecto Christian Heuchel en Espa\u00f1a","isPartOf":{"@id":"https:\/\/www.nebrija.com\/medios\/actualidadnebrija\/#website"},"datePublished":"2019-04-01T08:23:54+00:00","dateModified":"2019-04-01T08:24:53+00:00","author":{"@id":"https:\/\/www.nebrija.com\/medios\/actualidadnebrija\/#\/schema\/person\/e6232b48104a001b2861271d566e28a7"},"description":"El Colegio de Arquitectos de Madrid acogi\u00f3 la primera conferencia del arquitecto alem\u00e1n Christian Heuchel en Espa\u00f1a, organizada por la Escuela Polit\u00e9cnica de la Universidad Nebrija en el marco de la Semana de la Arquitectura y el Dise\u00f1o.","breadcrumb":{"@id":"https:\/\/www.nebrija.com\/medios\/actualidadnebrija\/2019\/04\/01\/nebrija-organiza-la-primera-conferencia-del-arquitecto-christian-heuchel-en-espana\/#breadcrumb"},"inLanguage":"es","potentialAction":[{"@type":"ReadAction","target":["https:\/\/www.nebrija.com\/medios\/actualidadnebrija\/2019\/04\/01\/nebrija-organiza-la-primera-conferencia-del-arquitecto-christian-heuchel-en-espana\/"]}]},{"@type":"BreadcrumbList","@id":"https:\/\/www.nebrija.com\/medios\/actualidadnebrija\/2019\/04\/01\/nebrija-organiza-la-primera-conferencia-del-arquitecto-christian-heuchel-en-espana\/#breadcrumb","itemListElement":[{"@type":"ListItem","position":1,"name":"Home","item":"https:\/\/www.nebrija.com\/medios\/actualidadnebrija\/"},{"@type":"ListItem","position":2,"name":"Nebrija organiza la primera conferencia del arquitecto Christian Heuchel en Espa\u00f1a"}]},{"@type":"WebSite","@id":"https:\/\/www.nebrija.com\/medios\/actualidadnebrija\/#website","url":"https:\/\/www.nebrija.com\/medios\/actualidadnebrija\/","name":"Actualidad Nebrija","description":"Noticias de la Universidad Nebrija","potentialAction":[{"@type":"SearchAction","target":{"@type":"EntryPoint","urlTemplate":"https:\/\/www.nebrija.com\/medios\/actualidadnebrija\/?s={search_term_string}"},"query-input":"required name=search_term_string"}],"inLanguage":"es"},{"@type":"Person","@id":"https:\/\/www.nebrija.com\/medios\/actualidadnebrija\/#\/schema\/person\/e6232b48104a001b2861271d566e28a7","name":"lgomezbe","image":{"@type":"ImageObject","inLanguage":"es","@id":"https:\/\/www.nebrija.com\/medios\/actualidadnebrija\/#\/schema\/person\/image\/","url":"https:\/\/secure.gravatar.com\/avatar\/91429af2b2eb6303c2012c36b2710a4a?s=96&d=mm&r=g","contentUrl":"https:\/\/secure.gravatar.com\/avatar\/91429af2b2eb6303c2012c36b2710a4a?s=96&d=mm&r=g","caption":"lgomezbe"},"url":"https:\/\/www.nebrija.com\/medios\/actualidadnebrija\/author\/lgomezbe\/"}]}},"_links":{"self":[{"href":"https:\/\/www.nebrija.com\/medios\/actualidadnebrija\/wp-json\/wp\/v2\/posts\/56863"}],"collection":[{"href":"https:\/\/www.nebrija.com\/medios\/actualidadnebrija\/wp-json\/wp\/v2\/posts"}],"about":[{"href":"https:\/\/www.nebrija.com\/medios\/actualidadnebrija\/wp-json\/wp\/v2\/types\/post"}],"author":[{"embeddable":true,"href":"https:\/\/www.nebrija.com\/medios\/actualidadnebrija\/wp-json\/wp\/v2\/users\/23"}],"replies":[{"embeddable":true,"href":"https:\/\/www.nebrija.com\/medios\/actualidadnebrija\/wp-json\/wp\/v2\/comments?post=56863"}],"version-history":[{"count":1,"href":"https:\/\/www.nebrija.com\/medios\/actualidadnebrija\/wp-json\/wp\/v2\/posts\/56863\/revisions"}],"predecessor-version":[{"id":56864,"href":"https:\/\/www.nebrija.com\/medios\/actualidadnebrija\/wp-json\/wp\/v2\/posts\/56863\/revisions\/56864"}],"wp:featuredmedia":[{"embeddable":true,"href":"https:\/\/www.nebrija.com\/medios\/actualidadnebrija\/wp-json\/wp\/v2\/media\/56730"}],"wp:attachment":[{"href":"https:\/\/www.nebrija.com\/medios\/actualidadnebrija\/wp-json\/wp\/v2\/media?parent=56863"}],"wp:term":[{"taxonomy":"category","embeddable":true,"href":"https:\/\/www.nebrija.com\/medios\/actualidadnebrija\/wp-json\/wp\/v2\/categories?post=56863"},{"taxonomy":"post_tag","embeddable":true,"href":"https:\/\/www.nebrija.com\/medios\/actualidadnebrija\/wp-json\/wp\/v2\/tags?post=56863"}],"curies":[{"name":"wp","href":"https:\/\/api.w.org\/{rel}","templated":true}]}}