{"id":57048,"date":"2019-04-03T13:17:40","date_gmt":"2019-04-03T11:17:40","guid":{"rendered":"http:\/\/www.nebrija.com\/medios\/actualidadnebrija\/?p=57048"},"modified":"2019-04-03T17:18:00","modified_gmt":"2019-04-03T15:18:00","slug":"para-el-paciente-con-insomnio-la-cama-es-la-vez-objeto-de-deseo-y-potro-de-tortura","status":"publish","type":"post","link":"https:\/\/www.nebrija.com\/medios\/actualidadnebrija\/2019\/04\/03\/para-el-paciente-con-insomnio-la-cama-es-la-vez-objeto-de-deseo-y-potro-de-tortura\/","title":{"rendered":"\u201cPara el paciente con insomnio la cama es, a la vez, objeto de deseo y potro de tortura\u201d"},"content":{"rendered":"<p>Iv\u00e1n Eguzquiza Solis, responsable de psicolog\u00eda del Instituto de Investigaciones del Sue\u00f1o, comparti\u00f3 con los alumnos del <a href=\"https:\/\/www.nebrija.com\/carreras-universitarias\/grado-psicologia\/\">Grado en Psicolog\u00eda<\/a> algunos casos cl\u00ednicos de insomnio cr\u00f3nico para mostrarles c\u00f3mo diagnosticarlo y c\u00f3mo tratarlo.<\/p>\n<p>Este campo es otra de las salidas profesionales a las que los alumnos podr\u00e1n dirigirse cuando terminen sus estudios por lo que es interesante que ampl\u00eden su formaci\u00f3n y conozcan otras l\u00edneas profesionales.<\/p>\n<p>Eguzquiza explic\u00f3 a los alumnos que \u201cnormalmente, el insomnio cr\u00f3nico comienza con un episodio traum\u00e1tico y se mantiene en el tiempo, es decir, que el inicio y la continuaci\u00f3n vienen por motivos distintos\u201d. El causante puede ser tambi\u00e9n alg\u00fan tipo de problema m\u00e9dico como las apneas, el sonambulismo, la falta de melatonina\u2026, pero tambi\u00e9n puede deberse a otro tipo de problemas como personales, preocupaci\u00f3n por el trabajo\u2026<\/p>\n<p>La clave para llegar al sue\u00f1o es la melatonina que genera el cerebro seg\u00fan e acerca la noche, \u201cpero no todo el mundo lleva el mismo reloj ni al mismo tiempo\u201d. Por eso, seg\u00fan el experto, \u201cen ocasiones se generan problemas de suelo si el paciente se acuerda demasiado pronto, seg\u00fan su reloj, como para que el cerebro haya generado suficiente melatonina y mientras espera en la cama, se pone nervioso y este nerviosismo tapa la somnolencia\u201d.<\/p>\n<p>Para el paciente con insomnio, \u201cla cama es, a la vez, objeto de deseo y potro de tortura\u201d, dijo Eguzquiza, \u201cy esto crea un condicionamiento aversivo hacia la cama, por eso es fundamental que los pacientes con insomnio cr\u00f3nico no est\u00e9n en la cama si no est\u00e1n durmiendo\u201d. Eguzquiza recomend\u00f3 que cuando un paciente encontrara problemas para conciliar el sue\u00f1o o se despierte a mitad de noche \u201ces mejor levantarse de la cama y hacer otra cosa que quedarse ah\u00ed poni\u00e9ndose nervioso. Pero es muy duro salir de la cama a mitad de noche\u201d, reconoci\u00f3.<\/p>\n<p>La segregaci\u00f3n de la melatonina se puede regular, de forma qu\u00edmica con medicaci\u00f3n, pero tambi\u00e9n con otras herramientas que son, seg\u00fan el experto, \u201cm\u00e1s efectivas a largo plazo\u201d. Por un lao se pueden utilizar l\u00e1mparas de luminoterapia que regulan la luz que reciben nuestros ojos, que condiciona la segregaci\u00f3n de la melatonina. \u201cCon m\u00e1s luz, nuestro cerebro lo identifica con el d\u00eda y no genera melatonina, por eso no es recomendable utilizar pantallas antes de ir a dormir\u201d, explic\u00f3 Eguzquiza.<\/p>\n<p>Otra herramienta utilizada en el tratamiento del insomnio es la agenda del sue\u00f1o que sirve para regularizar las horas de descanso hasta acoplarlas a las horas necesarias y efectivas de sue\u00f1o, \u201caprendiendo a gestionar los ritmos\u201d. Con esta agenda se puede restringir las horas de sue\u00f1o artificial, haciendo que se vaya antes a la cama o m\u00e1s tarde y levant\u00e1ndose antes o despu\u00e9s. \u201cEl tratamiento para el insomnio es como una dieta: es duro y contra intuitivo, pero es muy efectivo si se conf\u00eda ciegamente en el terapeuta. Es imprescindible que el paciente est\u00e9 motivado\u201d, concluy\u00f3 Iv\u00e1n Eguzquiza Solis.<\/p>\n\n\t\t<style type=\"text\/css\">\n\t\t\t#gallery-1 {\n\t\t\t\tmargin: auto;\n\t\t\t}\n\t\t\t#gallery-1 .gallery-item {\n\t\t\t\tfloat: left;\n\t\t\t\tmargin-top: 10px;\n\t\t\t\ttext-align: center;\n\t\t\t\twidth: 25%;\n\t\t\t}\n\t\t\t#gallery-1 img {\n\t\t\t\tborder: 2px solid #cfcfcf;\n\t\t\t}\n\t\t\t#gallery-1 .gallery-caption {\n\t\t\t\tmargin-left: 0;\n\t\t\t}\n\t\t\t\/* see gallery_shortcode() in wp-includes\/media.php *\/\n\t\t<\/style>\n\t\t<div id='gallery-1' class='gallery galleryid-57048 gallery-columns-4 gallery-size-thumbnail'><dl class='gallery-item'>\n\t\t\t<dt class='gallery-icon landscape'>\n\t\t\t\t<a href='https:\/\/www.nebrija.com\/medios\/actualidadnebrija\/wp-content\/uploads\/sites\/2\/2019\/04\/IMG_1640.jpg'><img loading=\"lazy\" decoding=\"async\" width=\"150\" height=\"150\" src=\"https:\/\/www.nebrija.com\/medios\/actualidadnebrija\/wp-content\/uploads\/sites\/2\/2019\/04\/IMG_1640-150x150.jpg\" class=\"attachment-thumbnail size-thumbnail\" alt=\"Tratamiento del insomnio cr\u00f3nico\" \/><\/a>\n\t\t\t<\/dt><\/dl><dl class='gallery-item'>\n\t\t\t<dt class='gallery-icon landscape'>\n\t\t\t\t<a href='https:\/\/www.nebrija.com\/medios\/actualidadnebrija\/wp-content\/uploads\/sites\/2\/2019\/04\/IMG_1646.jpg'><img loading=\"lazy\" decoding=\"async\" width=\"150\" height=\"150\" src=\"https:\/\/www.nebrija.com\/medios\/actualidadnebrija\/wp-content\/uploads\/sites\/2\/2019\/04\/IMG_1646-150x150.jpg\" class=\"attachment-thumbnail size-thumbnail\" alt=\"Tratamiento del insomnio cr\u00f3nico\" \/><\/a>\n\t\t\t<\/dt><\/dl><dl class='gallery-item'>\n\t\t\t<dt class='gallery-icon landscape'>\n\t\t\t\t<a href='https:\/\/www.nebrija.com\/medios\/actualidadnebrija\/wp-content\/uploads\/sites\/2\/2019\/04\/IMG_1650.jpg'><img loading=\"lazy\" decoding=\"async\" width=\"150\" height=\"150\" src=\"https:\/\/www.nebrija.com\/medios\/actualidadnebrija\/wp-content\/uploads\/sites\/2\/2019\/04\/IMG_1650-150x150.jpg\" class=\"attachment-thumbnail size-thumbnail\" alt=\"Tratamiento del insomnio cr\u00f3nico\" \/><\/a>\n\t\t\t<\/dt><\/dl><dl class='gallery-item'>\n\t\t\t<dt class='gallery-icon landscape'>\n\t\t\t\t<a href='https:\/\/www.nebrija.com\/medios\/actualidadnebrija\/wp-content\/uploads\/sites\/2\/2019\/04\/IMG_1660.jpg'><img loading=\"lazy\" decoding=\"async\" width=\"150\" height=\"150\" src=\"https:\/\/www.nebrija.com\/medios\/actualidadnebrija\/wp-content\/uploads\/sites\/2\/2019\/04\/IMG_1660-150x150.jpg\" class=\"attachment-thumbnail size-thumbnail\" alt=\"Tratamiento del insomnio cr\u00f3nico\" \/><\/a>\n\t\t\t<\/dt><\/dl><br style=\"clear: both\" \/><dl class='gallery-item'>\n\t\t\t<dt class='gallery-icon landscape'>\n\t\t\t\t<a href='https:\/\/www.nebrija.com\/medios\/actualidadnebrija\/wp-content\/uploads\/sites\/2\/2019\/04\/IMG_1667.jpg'><img loading=\"lazy\" decoding=\"async\" width=\"150\" height=\"150\" src=\"https:\/\/www.nebrija.com\/medios\/actualidadnebrija\/wp-content\/uploads\/sites\/2\/2019\/04\/IMG_1667-150x150.jpg\" class=\"attachment-thumbnail size-thumbnail\" alt=\"Tratamiento del insomnio cr\u00f3nico\" \/><\/a>\n\t\t\t<\/dt><\/dl><dl class='gallery-item'>\n\t\t\t<dt class='gallery-icon landscape'>\n\t\t\t\t<a href='https:\/\/www.nebrija.com\/medios\/actualidadnebrija\/wp-content\/uploads\/sites\/2\/2019\/04\/IMG_1671.jpg'><img loading=\"lazy\" decoding=\"async\" width=\"150\" height=\"150\" src=\"https:\/\/www.nebrija.com\/medios\/actualidadnebrija\/wp-content\/uploads\/sites\/2\/2019\/04\/IMG_1671-150x150.jpg\" class=\"attachment-thumbnail size-thumbnail\" alt=\"Tratamiento del insomnio cr\u00f3nico\" \/><\/a>\n\t\t\t<\/dt><\/dl><dl class='gallery-item'>\n\t\t\t<dt class='gallery-icon landscape'>\n\t\t\t\t<a href='https:\/\/www.nebrija.com\/medios\/actualidadnebrija\/wp-content\/uploads\/sites\/2\/2019\/04\/IMG_1672.jpg'><img loading=\"lazy\" decoding=\"async\" width=\"150\" height=\"150\" src=\"https:\/\/www.nebrija.com\/medios\/actualidadnebrija\/wp-content\/uploads\/sites\/2\/2019\/04\/IMG_1672-150x150.jpg\" class=\"attachment-thumbnail size-thumbnail\" alt=\"Tratamiento del insomnio cr\u00f3nico\" \/><\/a>\n\t\t\t<\/dt><\/dl><dl class='gallery-item'>\n\t\t\t<dt class='gallery-icon landscape'>\n\t\t\t\t<a href='https:\/\/www.nebrija.com\/medios\/actualidadnebrija\/wp-content\/uploads\/sites\/2\/2019\/04\/IMG_1679.jpg'><img loading=\"lazy\" decoding=\"async\" width=\"150\" height=\"150\" src=\"https:\/\/www.nebrija.com\/medios\/actualidadnebrija\/wp-content\/uploads\/sites\/2\/2019\/04\/IMG_1679-150x150.jpg\" class=\"attachment-thumbnail size-thumbnail\" alt=\"Tratamiento del insomnio cr\u00f3nico\" \/><\/a>\n\t\t\t<\/dt><\/dl><br style=\"clear: both\" \/>\n\t\t<\/div>\n\n","protected":false},"excerpt":{"rendered":"<p>Iv\u00e1n Eguzquiza Solis, responsable de psicolog\u00eda del Instituto de Investigaciones del Sue\u00f1o, comparti\u00f3 con los alumnos del Grado en Psicolog\u00eda algunos casos cl\u00ednicos de insomnio cr\u00f3nico para mostrarles c\u00f3mo diagnosticarlo y c\u00f3mo tratarlo. Este campo es otra de las salidas<\/p>\n","protected":false},"author":263,"featured_media":57074,"comment_status":"open","ping_status":"open","sticky":false,"template":"","format":"standard","meta":{"_acf_changed":false,"_monsterinsights_skip_tracking":false,"_monsterinsights_sitenote_active":false,"_monsterinsights_sitenote_note":"","_monsterinsights_sitenote_category":0,"footnotes":""},"categories":[3051],"tags":[3124,3345,3343,3344],"acf":[],"yoast_head":"<!-- This site is optimized with the Yoast SEO plugin v22.1 - https:\/\/yoast.com\/wordpress\/plugins\/seo\/ -->\n<title>\u201cPara el paciente con insomnio la cama es, a la vez, objeto de deseo y potro de tortura\u201d<\/title>\n<meta name=\"description\" content=\"Iv\u00e1n Eguzquiza Solis, responsable de psicolog\u00eda del Instituto de Investigaciones del Sue\u00f1o, comparti\u00f3 con los alumnos del Grado en Psicolog\u00eda algunos casos cl\u00ednicos de insomnio cr\u00f3nico para mostrarles c\u00f3mo diagnosticarlo y c\u00f3mo tratarlo.\" \/>\n<meta name=\"robots\" content=\"index, follow, max-snippet:-1, max-image-preview:large, max-video-preview:-1\" \/>\n<link rel=\"canonical\" href=\"https:\/\/www.nebrija.com\/medios\/actualidadnebrija\/2019\/04\/03\/para-el-paciente-con-insomnio-la-cama-es-la-vez-objeto-de-deseo-y-potro-de-tortura\/\" \/>\n<meta property=\"og:locale\" content=\"es_ES\" \/>\n<meta property=\"og:type\" content=\"article\" \/>\n<meta property=\"og:title\" content=\"\u201cPara el paciente con insomnio la cama es, a la vez, objeto de deseo y potro de tortura\u201d\" \/>\n<meta property=\"og:description\" content=\"Iv\u00e1n Eguzquiza Solis, responsable de psicolog\u00eda del Instituto de Investigaciones del Sue\u00f1o, comparti\u00f3 con los alumnos del Grado en Psicolog\u00eda algunos casos cl\u00ednicos de insomnio cr\u00f3nico para mostrarles c\u00f3mo diagnosticarlo y c\u00f3mo tratarlo.\" \/>\n<meta property=\"og:url\" content=\"https:\/\/www.nebrija.com\/medios\/actualidadnebrija\/2019\/04\/03\/para-el-paciente-con-insomnio-la-cama-es-la-vez-objeto-de-deseo-y-potro-de-tortura\/\" \/>\n<meta property=\"og:site_name\" content=\"Actualidad Nebrija\" \/>\n<meta property=\"article:published_time\" content=\"2019-04-03T11:17:40+00:00\" \/>\n<meta property=\"article:modified_time\" content=\"2019-04-03T15:18:00+00:00\" \/>\n<meta property=\"og:image\" content=\"https:\/\/www.nebrija.com\/medios\/actualidadnebrija\/wp-content\/uploads\/sites\/2\/2019\/04\/IMG_1660.jpg\" \/>\n\t<meta property=\"og:image:width\" content=\"1000\" \/>\n\t<meta property=\"og:image:height\" content=\"667\" \/>\n\t<meta property=\"og:image:type\" content=\"image\/jpeg\" \/>\n<meta name=\"author\" content=\"pmartinezma\" \/>\n<meta name=\"twitter:card\" content=\"summary_large_image\" \/>\n<meta name=\"twitter:label1\" content=\"Escrito por\" \/>\n\t<meta name=\"twitter:data1\" content=\"pmartinezma\" \/>\n\t<meta name=\"twitter:label2\" content=\"Tiempo de lectura\" \/>\n\t<meta name=\"twitter:data2\" content=\"3 minutos\" \/>\n<!-- \/ Yoast SEO plugin. -->","yoast_head_json":{"title":"\u201cPara el paciente con insomnio la cama es, a la vez, objeto de deseo y potro de tortura\u201d","description":"Iv\u00e1n Eguzquiza Solis, responsable de psicolog\u00eda del Instituto de Investigaciones del Sue\u00f1o, comparti\u00f3 con los alumnos del Grado en Psicolog\u00eda algunos casos cl\u00ednicos de insomnio cr\u00f3nico para mostrarles c\u00f3mo diagnosticarlo y c\u00f3mo tratarlo.","robots":{"index":"index","follow":"follow","max-snippet":"max-snippet:-1","max-image-preview":"max-image-preview:large","max-video-preview":"max-video-preview:-1"},"canonical":"https:\/\/www.nebrija.com\/medios\/actualidadnebrija\/2019\/04\/03\/para-el-paciente-con-insomnio-la-cama-es-la-vez-objeto-de-deseo-y-potro-de-tortura\/","og_locale":"es_ES","og_type":"article","og_title":"\u201cPara el paciente con insomnio la cama es, a la vez, objeto de deseo y potro de tortura\u201d","og_description":"Iv\u00e1n Eguzquiza Solis, responsable de psicolog\u00eda del Instituto de Investigaciones del Sue\u00f1o, comparti\u00f3 con los alumnos del Grado en Psicolog\u00eda algunos casos cl\u00ednicos de insomnio cr\u00f3nico para mostrarles c\u00f3mo diagnosticarlo y c\u00f3mo tratarlo.","og_url":"https:\/\/www.nebrija.com\/medios\/actualidadnebrija\/2019\/04\/03\/para-el-paciente-con-insomnio-la-cama-es-la-vez-objeto-de-deseo-y-potro-de-tortura\/","og_site_name":"Actualidad Nebrija","article_published_time":"2019-04-03T11:17:40+00:00","article_modified_time":"2019-04-03T15:18:00+00:00","og_image":[{"width":1000,"height":667,"url":"https:\/\/www.nebrija.com\/medios\/actualidadnebrija\/wp-content\/uploads\/sites\/2\/2019\/04\/IMG_1660.jpg","type":"image\/jpeg"}],"author":"pmartinezma","twitter_card":"summary_large_image","twitter_misc":{"Escrito por":"pmartinezma","Tiempo de lectura":"3 minutos"},"schema":{"@context":"https:\/\/schema.org","@graph":[{"@type":"WebPage","@id":"https:\/\/www.nebrija.com\/medios\/actualidadnebrija\/2019\/04\/03\/para-el-paciente-con-insomnio-la-cama-es-la-vez-objeto-de-deseo-y-potro-de-tortura\/","url":"https:\/\/www.nebrija.com\/medios\/actualidadnebrija\/2019\/04\/03\/para-el-paciente-con-insomnio-la-cama-es-la-vez-objeto-de-deseo-y-potro-de-tortura\/","name":"\u201cPara el paciente con insomnio la cama es, a la vez, objeto de deseo y potro de tortura\u201d","isPartOf":{"@id":"https:\/\/www.nebrija.com\/medios\/actualidadnebrija\/#website"},"datePublished":"2019-04-03T11:17:40+00:00","dateModified":"2019-04-03T15:18:00+00:00","author":{"@id":"https:\/\/www.nebrija.com\/medios\/actualidadnebrija\/#\/schema\/person\/eece520e53a2d6b773c896d785ca10ad"},"description":"Iv\u00e1n Eguzquiza Solis, responsable de psicolog\u00eda del Instituto de Investigaciones del Sue\u00f1o, comparti\u00f3 con los alumnos del Grado en Psicolog\u00eda algunos casos cl\u00ednicos de insomnio cr\u00f3nico para mostrarles c\u00f3mo diagnosticarlo y c\u00f3mo tratarlo.","breadcrumb":{"@id":"https:\/\/www.nebrija.com\/medios\/actualidadnebrija\/2019\/04\/03\/para-el-paciente-con-insomnio-la-cama-es-la-vez-objeto-de-deseo-y-potro-de-tortura\/#breadcrumb"},"inLanguage":"es","potentialAction":[{"@type":"ReadAction","target":["https:\/\/www.nebrija.com\/medios\/actualidadnebrija\/2019\/04\/03\/para-el-paciente-con-insomnio-la-cama-es-la-vez-objeto-de-deseo-y-potro-de-tortura\/"]}]},{"@type":"BreadcrumbList","@id":"https:\/\/www.nebrija.com\/medios\/actualidadnebrija\/2019\/04\/03\/para-el-paciente-con-insomnio-la-cama-es-la-vez-objeto-de-deseo-y-potro-de-tortura\/#breadcrumb","itemListElement":[{"@type":"ListItem","position":1,"name":"Home","item":"https:\/\/www.nebrija.com\/medios\/actualidadnebrija\/"},{"@type":"ListItem","position":2,"name":"\u201cPara el paciente con insomnio la cama es, a la vez, objeto de deseo y potro de tortura\u201d"}]},{"@type":"WebSite","@id":"https:\/\/www.nebrija.com\/medios\/actualidadnebrija\/#website","url":"https:\/\/www.nebrija.com\/medios\/actualidadnebrija\/","name":"Actualidad Nebrija","description":"Noticias de la Universidad Nebrija","potentialAction":[{"@type":"SearchAction","target":{"@type":"EntryPoint","urlTemplate":"https:\/\/www.nebrija.com\/medios\/actualidadnebrija\/?s={search_term_string}"},"query-input":"required name=search_term_string"}],"inLanguage":"es"},{"@type":"Person","@id":"https:\/\/www.nebrija.com\/medios\/actualidadnebrija\/#\/schema\/person\/eece520e53a2d6b773c896d785ca10ad","name":"pmartinezma","image":{"@type":"ImageObject","inLanguage":"es","@id":"https:\/\/www.nebrija.com\/medios\/actualidadnebrija\/#\/schema\/person\/image\/","url":"https:\/\/secure.gravatar.com\/avatar\/5feaacc0ce30f23dc14c8724dc28a01f?s=96&d=mm&r=g","contentUrl":"https:\/\/secure.gravatar.com\/avatar\/5feaacc0ce30f23dc14c8724dc28a01f?s=96&d=mm&r=g","caption":"pmartinezma"},"url":"https:\/\/www.nebrija.com\/medios\/actualidadnebrija\/author\/pmartinezma\/"}]}},"_links":{"self":[{"href":"https:\/\/www.nebrija.com\/medios\/actualidadnebrija\/wp-json\/wp\/v2\/posts\/57048"}],"collection":[{"href":"https:\/\/www.nebrija.com\/medios\/actualidadnebrija\/wp-json\/wp\/v2\/posts"}],"about":[{"href":"https:\/\/www.nebrija.com\/medios\/actualidadnebrija\/wp-json\/wp\/v2\/types\/post"}],"author":[{"embeddable":true,"href":"https:\/\/www.nebrija.com\/medios\/actualidadnebrija\/wp-json\/wp\/v2\/users\/263"}],"replies":[{"embeddable":true,"href":"https:\/\/www.nebrija.com\/medios\/actualidadnebrija\/wp-json\/wp\/v2\/comments?post=57048"}],"version-history":[{"count":1,"href":"https:\/\/www.nebrija.com\/medios\/actualidadnebrija\/wp-json\/wp\/v2\/posts\/57048\/revisions"}],"predecessor-version":[{"id":57080,"href":"https:\/\/www.nebrija.com\/medios\/actualidadnebrija\/wp-json\/wp\/v2\/posts\/57048\/revisions\/57080"}],"wp:featuredmedia":[{"embeddable":true,"href":"https:\/\/www.nebrija.com\/medios\/actualidadnebrija\/wp-json\/wp\/v2\/media\/57074"}],"wp:attachment":[{"href":"https:\/\/www.nebrija.com\/medios\/actualidadnebrija\/wp-json\/wp\/v2\/media?parent=57048"}],"wp:term":[{"taxonomy":"category","embeddable":true,"href":"https:\/\/www.nebrija.com\/medios\/actualidadnebrija\/wp-json\/wp\/v2\/categories?post=57048"},{"taxonomy":"post_tag","embeddable":true,"href":"https:\/\/www.nebrija.com\/medios\/actualidadnebrija\/wp-json\/wp\/v2\/tags?post=57048"}],"curies":[{"name":"wp","href":"https:\/\/api.w.org\/{rel}","templated":true}]}}