{"id":58498,"date":"2019-05-21T15:56:10","date_gmt":"2019-05-21T13:56:10","guid":{"rendered":"http:\/\/www.nebrija.com\/medios\/actualidadnebrija\/?p=58498"},"modified":"2019-05-21T16:12:13","modified_gmt":"2019-05-21T14:12:13","slug":"la-principal-labor-del-terapeuta-es-entender-al-paciente-para-entender-el-dolor-desde-su-posicion","status":"publish","type":"post","link":"https:\/\/www.nebrija.com\/medios\/actualidadnebrija\/2019\/05\/21\/la-principal-labor-del-terapeuta-es-entender-al-paciente-para-entender-el-dolor-desde-su-posicion\/","title":{"rendered":"\u201cLa labor del terapeuta es entender el dolor desde la posici\u00f3n del paciente&#8221;"},"content":{"rendered":"<p>El <a href=\"https:\/\/www.nebrija.com\/carreras-universitarias\/grado-psicologia\/\">Grado de Psicolog\u00eda<\/a> se encuentra muy pr\u00f3ximo a la realidad que se vive en las consultas y quiere formar a los alumnos en los \u00faltimos avances en terapias. Para ello, organiz\u00f3 una ponencia con Ana Isabel Saz, psic\u00f3loga con m\u00e1s de veinte a\u00f1os de experiencia en diferentes \u00e1mbitos del sector.<\/p>\n<p>La ponencia recogi\u00f3 las llamadas \u201cterapias de tercera generaci\u00f3n, que son aquellas que dan un paso m\u00e1s all\u00e1\u201d, dijo Juan Carlos Rodr\u00edguez, director del Grado de Psicolog\u00eda. Seg\u00fan explic\u00f3 Ana Isabel Saz, \u201cesta nueva ola de terapias no olvida a las anteriores, sino que se alimenta de ellas para continuar\u201d. Una caracter\u00edstica de este tipo de terapias es que \u201cbusca entender el sufrimiento\u201d.<\/p>\n<p><strong>Aceptar los s\u00edntomas para realizar cambios<\/strong><\/p>\n<p>El enfoque de estas terapias es desde el conocimiento del contexto, el an\u00e1lisis funcional, el principio de aceptaci\u00f3n y la desmedicalizaci\u00f3n. \u201cNo busca tanto la eliminaci\u00f3n de los s\u00edntomas, sino la aceptaci\u00f3n de ellos y b\u00fasqueda de comportamientos adaptativos\u201d, explic\u00f3 Saz. \u201cLa aceptaci\u00f3n no es una resignaci\u00f3n, sino la comprensi\u00f3n y activaci\u00f3n de los cambios\u201d, a\u00f1adi\u00f3 la psic\u00f3loga.<\/p>\n<p>Ana Isabel Saz habl\u00f3 de las tres olas y explic\u00f3 sus diferencias y evoluci\u00f3n. En las terapias de la primera ola que se mostraban contrarias al psicoan\u00e1lisis se denominaban terapias conductistas y a\u00f1adieron a la ecuaci\u00f3n la importancia de los procesos internos que unen pensamiento y emoci\u00f3n.<\/p>\n<p>Las terapias de segunda generaci\u00f3n, las llamadas terapias cognitivas tienen en cuenta el contexto: \u201clos pensamientos tienen consecuencias en la conducta y en los sentimientos y lo mismo sucede al rev\u00e9s\u201d, explic\u00f3 Saz.<\/p>\n<p>La tercera generaci\u00f3n hace un replanteamiento del contexto, la aceptaci\u00f3n y el abandono de la lucha contra los s\u00edntomas. Adem\u00e1s, se hacen protocolos m\u00e1s flexibles que se adaptan a los pacientes y no al rev\u00e9s. \u201cLa principal labor del terapeuta es entender al paciente para entender el dolor desde su posici\u00f3n\u201d, dijo la psic\u00f3loga.<\/p>\n<p>Para Ana Isabel Saz es fundamental entender que \u201cel problema no est\u00e1 dentro de la persona, sino que las circunstancias que le rodean hace que afronte las situaciones de determinada forma que le hace sufrir\u201d. Es importante tener claro el concepto de que \u201cnadie es una enfermedad, se tienen tendencias o rasgos\u201d, y usar el lenguaje de forma correcta. \u00a0Seg\u00fan Saz \u201cel terapeuta debe dar al paciente las herramientas necesarias para construir otras gafas con las que ver la realidad\u201d<\/p>\n<p><strong>Terapias de la tercera generaci\u00f3n<\/strong><\/p>\n<p>La psic\u00f3loga puso algunos ejemplos de tipos de terapias que pertenecen a esta tercera generaci\u00f3n. El conocido <em>mindfulness<\/em> est\u00e1 dentro de esta nueva ola. \u201cEs una filosof\u00eda de vida que a nuestra cultura occidental le cuesta mucho\u201d, dijo Saz. Entre sus caracter\u00edstica est\u00e1 tener una mente abierta, paciencia y aceptaci\u00f3n.<\/p>\n<p>La psicoterapia anal\u00edtica funcional crea un microespacio dentro de la terapia con una intensa relaci\u00f3n entre paciente y terapeuta para tratar ah\u00ed los problemas que luego se extrapolan a la vida y hacer as\u00ed cambios conductuales.<\/p>\n<p>Tambi\u00e9n explic\u00f3 la terapia de aceptaci\u00f3n y compromiso\u00a0 que \u201cintenta crear un vida rica aceptando el dolor que inevitablemente le acompa\u00f1a. La civilizaci\u00f3n occidental tiende a anular el dolor evitar las emociones negativas que no desaparecen y se traducen en molestias en el paciente\u201d, asegur\u00f3 Saz.<\/p>\n<p>La actitud del terapeuta debe ser siempre \u201cde comprensi\u00f3n, no luchar contra lo que siente el paciente y analizar todas sus acciones como parte de su sintomatolog\u00eda\u201d.<\/p>\n\n\t\t<style type=\"text\/css\">\n\t\t\t#gallery-1 {\n\t\t\t\tmargin: auto;\n\t\t\t}\n\t\t\t#gallery-1 .gallery-item {\n\t\t\t\tfloat: left;\n\t\t\t\tmargin-top: 10px;\n\t\t\t\ttext-align: center;\n\t\t\t\twidth: 16%;\n\t\t\t}\n\t\t\t#gallery-1 img {\n\t\t\t\tborder: 2px solid #cfcfcf;\n\t\t\t}\n\t\t\t#gallery-1 .gallery-caption {\n\t\t\t\tmargin-left: 0;\n\t\t\t}\n\t\t\t\/* see gallery_shortcode() in wp-includes\/media.php *\/\n\t\t<\/style>\n\t\t<div id='gallery-1' class='gallery galleryid-58498 gallery-columns-6 gallery-size-thumbnail'><dl class='gallery-item'>\n\t\t\t<dt class='gallery-icon landscape'>\n\t\t\t\t<a href='https:\/\/www.nebrija.com\/medios\/actualidadnebrija\/wp-content\/uploads\/sites\/2\/2019\/05\/IMG_1721.jpg'><img loading=\"lazy\" decoding=\"async\" width=\"150\" height=\"150\" src=\"https:\/\/www.nebrija.com\/medios\/actualidadnebrija\/wp-content\/uploads\/sites\/2\/2019\/05\/IMG_1721-150x150.jpg\" class=\"attachment-thumbnail size-thumbnail\" alt=\"Terapias de tercera generaci\u00f3n\" \/><\/a>\n\t\t\t<\/dt><\/dl><dl class='gallery-item'>\n\t\t\t<dt class='gallery-icon landscape'>\n\t\t\t\t<a href='https:\/\/www.nebrija.com\/medios\/actualidadnebrija\/wp-content\/uploads\/sites\/2\/2019\/05\/IMG_1735.jpg'><img loading=\"lazy\" decoding=\"async\" width=\"150\" height=\"150\" src=\"https:\/\/www.nebrija.com\/medios\/actualidadnebrija\/wp-content\/uploads\/sites\/2\/2019\/05\/IMG_1735-150x150.jpg\" class=\"attachment-thumbnail size-thumbnail\" alt=\"Terapias de tercera generaci\u00f3n\" \/><\/a>\n\t\t\t<\/dt><\/dl><dl class='gallery-item'>\n\t\t\t<dt class='gallery-icon landscape'>\n\t\t\t\t<a href='https:\/\/www.nebrija.com\/medios\/actualidadnebrija\/wp-content\/uploads\/sites\/2\/2019\/05\/IMG_1740.jpg'><img loading=\"lazy\" decoding=\"async\" width=\"150\" height=\"150\" src=\"https:\/\/www.nebrija.com\/medios\/actualidadnebrija\/wp-content\/uploads\/sites\/2\/2019\/05\/IMG_1740-150x150.jpg\" class=\"attachment-thumbnail size-thumbnail\" alt=\"Terapias de tercera generaci\u00f3n\" \/><\/a>\n\t\t\t<\/dt><\/dl><dl class='gallery-item'>\n\t\t\t<dt class='gallery-icon landscape'>\n\t\t\t\t<a href='https:\/\/www.nebrija.com\/medios\/actualidadnebrija\/wp-content\/uploads\/sites\/2\/2019\/05\/IMG_1746.jpg'><img loading=\"lazy\" decoding=\"async\" width=\"150\" height=\"150\" src=\"https:\/\/www.nebrija.com\/medios\/actualidadnebrija\/wp-content\/uploads\/sites\/2\/2019\/05\/IMG_1746-150x150.jpg\" class=\"attachment-thumbnail size-thumbnail\" alt=\"Terapias de tercera generaci\u00f3n\" \/><\/a>\n\t\t\t<\/dt><\/dl><dl class='gallery-item'>\n\t\t\t<dt class='gallery-icon landscape'>\n\t\t\t\t<a href='https:\/\/www.nebrija.com\/medios\/actualidadnebrija\/wp-content\/uploads\/sites\/2\/2019\/05\/IMG_1757.jpg'><img loading=\"lazy\" decoding=\"async\" width=\"150\" height=\"150\" src=\"https:\/\/www.nebrija.com\/medios\/actualidadnebrija\/wp-content\/uploads\/sites\/2\/2019\/05\/IMG_1757-150x150.jpg\" class=\"attachment-thumbnail size-thumbnail\" alt=\"Terapias de tercera generaci\u00f3n\" \/><\/a>\n\t\t\t<\/dt><\/dl><dl class='gallery-item'>\n\t\t\t<dt class='gallery-icon landscape'>\n\t\t\t\t<a href='https:\/\/www.nebrija.com\/medios\/actualidadnebrija\/wp-content\/uploads\/sites\/2\/2019\/05\/IMG_1766.jpg'><img loading=\"lazy\" decoding=\"async\" width=\"150\" height=\"150\" src=\"https:\/\/www.nebrija.com\/medios\/actualidadnebrija\/wp-content\/uploads\/sites\/2\/2019\/05\/IMG_1766-150x150.jpg\" class=\"attachment-thumbnail size-thumbnail\" alt=\"Terapias de tercera generaci\u00f3n\" \/><\/a>\n\t\t\t<\/dt><\/dl><br style=\"clear: both\" \/>\n\t\t<\/div>\n\n","protected":false},"excerpt":{"rendered":"<p>El Grado de Psicolog\u00eda se encuentra muy pr\u00f3ximo a la realidad que se vive en las consultas y quiere formar a los alumnos en los \u00faltimos avances en terapias. Para ello, organiz\u00f3 una ponencia con Ana Isabel Saz, psic\u00f3loga con m\u00e1s de veinte a\u00f1os de experiencia en diferentes \u00e1mbitos.<\/p>\n","protected":false},"author":263,"featured_media":58503,"comment_status":"open","ping_status":"open","sticky":false,"template":"","format":"standard","meta":{"_acf_changed":false,"_monsterinsights_skip_tracking":false,"_monsterinsights_sitenote_active":false,"_monsterinsights_sitenote_note":"","_monsterinsights_sitenote_category":0,"footnotes":""},"categories":[3051],"tags":[3124,3344,3446],"acf":[],"yoast_head":"<!-- This site is optimized with the Yoast SEO plugin v22.1 - https:\/\/yoast.com\/wordpress\/plugins\/seo\/ -->\n<title>\u201cLa principal labor del terapeuta es entender al paciente para entender el dolor desde su posici\u00f3n\u201d<\/title>\n<meta name=\"description\" content=\"El Grado de Psicolog\u00eda se encuentra muy pr\u00f3ximo a la realidad que se vive en las consultas y quiere formar a los alumnos en los \u00faltimos avances en terapias. Para ello, organiz\u00f3 una ponencia con Ana Isabel Saz, psic\u00f3loga con m\u00e1s de veinte a\u00f1os de experiencia en diferentes \u00e1mbitos del sector.\" \/>\n<meta name=\"robots\" content=\"index, follow, max-snippet:-1, max-image-preview:large, max-video-preview:-1\" \/>\n<link rel=\"canonical\" href=\"https:\/\/www.nebrija.com\/medios\/actualidadnebrija\/2019\/05\/21\/la-principal-labor-del-terapeuta-es-entender-al-paciente-para-entender-el-dolor-desde-su-posicion\/\" \/>\n<meta property=\"og:locale\" content=\"es_ES\" \/>\n<meta property=\"og:type\" content=\"article\" \/>\n<meta property=\"og:title\" content=\"\u201cLa principal labor del terapeuta es entender al paciente para entender el dolor desde su posici\u00f3n\u201d\" \/>\n<meta property=\"og:description\" content=\"El Grado de Psicolog\u00eda se encuentra muy pr\u00f3ximo a la realidad que se vive en las consultas y quiere formar a los alumnos en los \u00faltimos avances en terapias. Para ello, organiz\u00f3 una ponencia con Ana Isabel Saz, psic\u00f3loga con m\u00e1s de veinte a\u00f1os de experiencia en diferentes \u00e1mbitos del sector.\" \/>\n<meta property=\"og:url\" content=\"https:\/\/www.nebrija.com\/medios\/actualidadnebrija\/2019\/05\/21\/la-principal-labor-del-terapeuta-es-entender-al-paciente-para-entender-el-dolor-desde-su-posicion\/\" \/>\n<meta property=\"og:site_name\" content=\"Actualidad Nebrija\" \/>\n<meta property=\"article:published_time\" content=\"2019-05-21T13:56:10+00:00\" \/>\n<meta property=\"article:modified_time\" content=\"2019-05-21T14:12:13+00:00\" \/>\n<meta property=\"og:image\" content=\"https:\/\/www.nebrija.com\/medios\/actualidadnebrija\/wp-content\/uploads\/sites\/2\/2019\/05\/IMG_1757.jpg\" \/>\n\t<meta property=\"og:image:width\" content=\"1000\" \/>\n\t<meta property=\"og:image:height\" content=\"667\" \/>\n\t<meta property=\"og:image:type\" content=\"image\/jpeg\" \/>\n<meta name=\"author\" content=\"pmartinezma\" \/>\n<meta name=\"twitter:card\" content=\"summary_large_image\" \/>\n<meta name=\"twitter:label1\" content=\"Escrito por\" \/>\n\t<meta name=\"twitter:data1\" content=\"pmartinezma\" \/>\n\t<meta name=\"twitter:label2\" content=\"Tiempo de lectura\" \/>\n\t<meta name=\"twitter:data2\" content=\"3 minutos\" \/>\n<!-- \/ Yoast SEO plugin. -->","yoast_head_json":{"title":"\u201cLa principal labor del terapeuta es entender al paciente para entender el dolor desde su posici\u00f3n\u201d","description":"El Grado de Psicolog\u00eda se encuentra muy pr\u00f3ximo a la realidad que se vive en las consultas y quiere formar a los alumnos en los \u00faltimos avances en terapias. Para ello, organiz\u00f3 una ponencia con Ana Isabel Saz, psic\u00f3loga con m\u00e1s de veinte a\u00f1os de experiencia en diferentes \u00e1mbitos del sector.","robots":{"index":"index","follow":"follow","max-snippet":"max-snippet:-1","max-image-preview":"max-image-preview:large","max-video-preview":"max-video-preview:-1"},"canonical":"https:\/\/www.nebrija.com\/medios\/actualidadnebrija\/2019\/05\/21\/la-principal-labor-del-terapeuta-es-entender-al-paciente-para-entender-el-dolor-desde-su-posicion\/","og_locale":"es_ES","og_type":"article","og_title":"\u201cLa principal labor del terapeuta es entender al paciente para entender el dolor desde su posici\u00f3n\u201d","og_description":"El Grado de Psicolog\u00eda se encuentra muy pr\u00f3ximo a la realidad que se vive en las consultas y quiere formar a los alumnos en los \u00faltimos avances en terapias. Para ello, organiz\u00f3 una ponencia con Ana Isabel Saz, psic\u00f3loga con m\u00e1s de veinte a\u00f1os de experiencia en diferentes \u00e1mbitos del sector.","og_url":"https:\/\/www.nebrija.com\/medios\/actualidadnebrija\/2019\/05\/21\/la-principal-labor-del-terapeuta-es-entender-al-paciente-para-entender-el-dolor-desde-su-posicion\/","og_site_name":"Actualidad Nebrija","article_published_time":"2019-05-21T13:56:10+00:00","article_modified_time":"2019-05-21T14:12:13+00:00","og_image":[{"width":1000,"height":667,"url":"https:\/\/www.nebrija.com\/medios\/actualidadnebrija\/wp-content\/uploads\/sites\/2\/2019\/05\/IMG_1757.jpg","type":"image\/jpeg"}],"author":"pmartinezma","twitter_card":"summary_large_image","twitter_misc":{"Escrito por":"pmartinezma","Tiempo de lectura":"3 minutos"},"schema":{"@context":"https:\/\/schema.org","@graph":[{"@type":"WebPage","@id":"https:\/\/www.nebrija.com\/medios\/actualidadnebrija\/2019\/05\/21\/la-principal-labor-del-terapeuta-es-entender-al-paciente-para-entender-el-dolor-desde-su-posicion\/","url":"https:\/\/www.nebrija.com\/medios\/actualidadnebrija\/2019\/05\/21\/la-principal-labor-del-terapeuta-es-entender-al-paciente-para-entender-el-dolor-desde-su-posicion\/","name":"\u201cLa principal labor del terapeuta es entender al paciente para entender el dolor desde su posici\u00f3n\u201d","isPartOf":{"@id":"https:\/\/www.nebrija.com\/medios\/actualidadnebrija\/#website"},"datePublished":"2019-05-21T13:56:10+00:00","dateModified":"2019-05-21T14:12:13+00:00","author":{"@id":"https:\/\/www.nebrija.com\/medios\/actualidadnebrija\/#\/schema\/person\/eece520e53a2d6b773c896d785ca10ad"},"description":"El Grado de Psicolog\u00eda se encuentra muy pr\u00f3ximo a la realidad que se vive en las consultas y quiere formar a los alumnos en los \u00faltimos avances en terapias. Para ello, organiz\u00f3 una ponencia con Ana Isabel Saz, psic\u00f3loga con m\u00e1s de veinte a\u00f1os de experiencia en diferentes \u00e1mbitos del sector.","breadcrumb":{"@id":"https:\/\/www.nebrija.com\/medios\/actualidadnebrija\/2019\/05\/21\/la-principal-labor-del-terapeuta-es-entender-al-paciente-para-entender-el-dolor-desde-su-posicion\/#breadcrumb"},"inLanguage":"es","potentialAction":[{"@type":"ReadAction","target":["https:\/\/www.nebrija.com\/medios\/actualidadnebrija\/2019\/05\/21\/la-principal-labor-del-terapeuta-es-entender-al-paciente-para-entender-el-dolor-desde-su-posicion\/"]}]},{"@type":"BreadcrumbList","@id":"https:\/\/www.nebrija.com\/medios\/actualidadnebrija\/2019\/05\/21\/la-principal-labor-del-terapeuta-es-entender-al-paciente-para-entender-el-dolor-desde-su-posicion\/#breadcrumb","itemListElement":[{"@type":"ListItem","position":1,"name":"Home","item":"https:\/\/www.nebrija.com\/medios\/actualidadnebrija\/"},{"@type":"ListItem","position":2,"name":"\u201cLa labor del terapeuta es entender el dolor desde la posici\u00f3n del paciente\u00bb"}]},{"@type":"WebSite","@id":"https:\/\/www.nebrija.com\/medios\/actualidadnebrija\/#website","url":"https:\/\/www.nebrija.com\/medios\/actualidadnebrija\/","name":"Actualidad Nebrija","description":"Noticias de la Universidad Nebrija","potentialAction":[{"@type":"SearchAction","target":{"@type":"EntryPoint","urlTemplate":"https:\/\/www.nebrija.com\/medios\/actualidadnebrija\/?s={search_term_string}"},"query-input":"required name=search_term_string"}],"inLanguage":"es"},{"@type":"Person","@id":"https:\/\/www.nebrija.com\/medios\/actualidadnebrija\/#\/schema\/person\/eece520e53a2d6b773c896d785ca10ad","name":"pmartinezma","image":{"@type":"ImageObject","inLanguage":"es","@id":"https:\/\/www.nebrija.com\/medios\/actualidadnebrija\/#\/schema\/person\/image\/","url":"https:\/\/secure.gravatar.com\/avatar\/5feaacc0ce30f23dc14c8724dc28a01f?s=96&d=mm&r=g","contentUrl":"https:\/\/secure.gravatar.com\/avatar\/5feaacc0ce30f23dc14c8724dc28a01f?s=96&d=mm&r=g","caption":"pmartinezma"},"url":"https:\/\/www.nebrija.com\/medios\/actualidadnebrija\/author\/pmartinezma\/"}]}},"_links":{"self":[{"href":"https:\/\/www.nebrija.com\/medios\/actualidadnebrija\/wp-json\/wp\/v2\/posts\/58498"}],"collection":[{"href":"https:\/\/www.nebrija.com\/medios\/actualidadnebrija\/wp-json\/wp\/v2\/posts"}],"about":[{"href":"https:\/\/www.nebrija.com\/medios\/actualidadnebrija\/wp-json\/wp\/v2\/types\/post"}],"author":[{"embeddable":true,"href":"https:\/\/www.nebrija.com\/medios\/actualidadnebrija\/wp-json\/wp\/v2\/users\/263"}],"replies":[{"embeddable":true,"href":"https:\/\/www.nebrija.com\/medios\/actualidadnebrija\/wp-json\/wp\/v2\/comments?post=58498"}],"version-history":[{"count":13,"href":"https:\/\/www.nebrija.com\/medios\/actualidadnebrija\/wp-json\/wp\/v2\/posts\/58498\/revisions"}],"predecessor-version":[{"id":58517,"href":"https:\/\/www.nebrija.com\/medios\/actualidadnebrija\/wp-json\/wp\/v2\/posts\/58498\/revisions\/58517"}],"wp:featuredmedia":[{"embeddable":true,"href":"https:\/\/www.nebrija.com\/medios\/actualidadnebrija\/wp-json\/wp\/v2\/media\/58503"}],"wp:attachment":[{"href":"https:\/\/www.nebrija.com\/medios\/actualidadnebrija\/wp-json\/wp\/v2\/media?parent=58498"}],"wp:term":[{"taxonomy":"category","embeddable":true,"href":"https:\/\/www.nebrija.com\/medios\/actualidadnebrija\/wp-json\/wp\/v2\/categories?post=58498"},{"taxonomy":"post_tag","embeddable":true,"href":"https:\/\/www.nebrija.com\/medios\/actualidadnebrija\/wp-json\/wp\/v2\/tags?post=58498"}],"curies":[{"name":"wp","href":"https:\/\/api.w.org\/{rel}","templated":true}]}}