{"id":59139,"date":"2019-06-12T18:46:45","date_gmt":"2019-06-12T16:46:45","guid":{"rendered":"http:\/\/www.nebrija.com\/medios\/actualidadnebrija\/?p=59139"},"modified":"2019-06-13T09:15:33","modified_gmt":"2019-06-13T07:15:33","slug":"fabricacion-aditiva-cuando-los-algoritmos-sustituyan-nuestro-trabajo","status":"publish","type":"post","link":"https:\/\/www.nebrija.com\/medios\/actualidadnebrija\/2019\/06\/12\/fabricacion-aditiva-cuando-los-algoritmos-sustituyan-nuestro-trabajo\/","title":{"rendered":"&#8220;Desarrollamos algoritmos que puedan gestionar decisiones que toman ingenieros&#8221;"},"content":{"rendered":"<p>Un amplio abanico de expertos tanto del mundo empresarial como del \u00e1mbito de la investigaci\u00f3n ha coincidido para debatir sobre fabricaci\u00f3n aditiva, en la primera jornada sobre la materia organizada por la <a href=\"https:\/\/www.nebrija.com\/la_universidad\/facultades\/escuela-politecnica-superior-arquitectura\/\">Escuela Polit\u00e9cnica Superior<\/a> de la Universidad Nebrija. Un total de diez ponentes han profundizado en esta tecnolog\u00eda de fabricaci\u00f3n, que se encuentra en auge. Consiste en crear objetos de una pieza mediante la adici\u00f3n de capas de materiales moldeables, que generalmente se realiza usando una impresora 3D.<\/p>\n<p>Entre los asistentes se encontraba Miguel \u00c1ngel Granda, director de I+D de BOSCH, quien ha centrado su ponencia en el sector de los componentes de automoci\u00f3n. A lo largo de su intervenci\u00f3n ha hecho hincapi\u00e9 en la productividad como factor determinante y ha abogado por la creaci\u00f3n de ecosistemas abiertos, poniendo como ejemplo a la empresa HP, proveedor de m\u00e1quinas de impresi\u00f3n en 3D. En la misma l\u00ednea se ha situado Alfredo Rozal\u00e9n, de IVECO, al apostar por un trabajo colaborativo que permita avanzar en el \u00e1mbito de la fabricaci\u00f3n aditiva, la cual defiende como un m\u00e9todo para eliminar p\u00e9rdidas.<\/p>\n<h2><strong>\u201cMuchos de nuestros proveedores tenemos que ir a buscarlos fuera\u201d<\/strong><\/h2>\n<p>Granda comparti\u00f3 su experiencia en BOSCH, as\u00ed como los \u00faltimos avances realizados por la empresa en relaci\u00f3n con el tema central de su ponencia. Se mostr\u00f3 convencido de que falta conocimiento sobre la fabricaci\u00f3n aditiva y de que hay un d\u00e9ficit de proveedores. Tampoco considera suficiente la inversi\u00f3n en Espa\u00f1a en este campo, un punto importante, a su juicio, para mejorar la competitividad.<\/p>\n<p>Tambi\u00e9n ha acudido a la jornada Alfonso Denia, director de ADATICA, empresa dedicada, entre otras cosas, al dise\u00f1o de sistemas y estructuras en el sector aeron\u00e1utico. Denia, por su parte, ha sugerido prudencia a la hora de utilizar la fabricaci\u00f3n aditiva puesto que \u201ces simplemente otra nueva tecnolog\u00eda de fabricaci\u00f3n que requiere mucho conocimiento para sacar ventaja a sus particularidades\u201d. As\u00ed, el ponente abog\u00f3 por utilizarla s\u00f3lo en aquellos casos en los que su uso supone un gran salto cualitativo con respecto a la tecnolog\u00eda tradicional. Por otro lado ha destacado que \u201cla estrategia debe ser sobre requisitos de la pieza que se quiere fabricar\u201d.<\/p>\n<p>En el \u00e1mbito de la investigaci\u00f3n ha acudido a la jornada Miguel \u00c1ngel Rodiel, director de tecnolog\u00eda de IMDEA Materiales, un centro de investigaci\u00f3n que pone en valor la ciencia \u00fatil y promueve talentos. Entre sus objetivos se encuentra la optimizaci\u00f3n de las propiedades mec\u00e1nicas de los materiales. A este respecto Adri\u00e1n Jim\u00e9nez, <em>country manager<\/em> en Espa\u00f1a de la empresa 3DZ, ha afirmado que \u201cla guerra hoy est\u00e1 en los materiales\u201d. Es decir, el objetivo es conseguir materiales apropiados para la fabricaci\u00f3n aditiva que consigan sustituir a los est\u00e1ndares actuales.<\/p>\n<h2>La universidad como herramienta de <em>networking<\/em><\/h2>\n<p>La jornada la han completado Sergio Corbera y Rafael Barea, investigadores de la Universidad Nebrija, cuyo grupo de investigaci\u00f3n busca herramientas para automatizar el desarrollo de dise\u00f1o de\u00a0producto. En palabras del propio Corbera: \u201cnos centramos en el desarrollo de las arquitecturas y agentes que deben existir en un te\u00f3rico sistema futurible que sea inteligente y capaz de gestionar las decisiones que ahora toma el equipo de ingenier\u00eda por algoritmos matem\u00e1ticos\u201d.<\/p>\n<p>En relaci\u00f3n a la jornada, Corbera ha querido destacar la importancia de estos actos, en los que la universidad proporciona bases a nivel laboratorio para que la industria pueda potenciarlas y sacarles rendimiento. \u201cEs muy enriquecedor que este tipo de eventos se celebren en la universidad, porque as\u00ed es conocida y act\u00faa como herramienta de <em>networking<\/em> a la hora de establecer proyectos con empresas. Tambi\u00e9n le permite al alumnado ver qu\u00e9 hay en la industria y comprobar que lo que hacen en la universidad tiene su aplicaci\u00f3n pr\u00e1ctica fuera\u201d.<\/p>\n\n\t\t<style type=\"text\/css\">\n\t\t\t#gallery-1 {\n\t\t\t\tmargin: auto;\n\t\t\t}\n\t\t\t#gallery-1 .gallery-item {\n\t\t\t\tfloat: left;\n\t\t\t\tmargin-top: 10px;\n\t\t\t\ttext-align: center;\n\t\t\t\twidth: 16%;\n\t\t\t}\n\t\t\t#gallery-1 img {\n\t\t\t\tborder: 2px solid #cfcfcf;\n\t\t\t}\n\t\t\t#gallery-1 .gallery-caption {\n\t\t\t\tmargin-left: 0;\n\t\t\t}\n\t\t\t\/* see gallery_shortcode() in wp-includes\/media.php *\/\n\t\t<\/style>\n\t\t<div id='gallery-1' class='gallery galleryid-59139 gallery-columns-6 gallery-size-thumbnail'><dl class='gallery-item'>\n\t\t\t<dt class='gallery-icon landscape'>\n\t\t\t\t<a href='https:\/\/www.nebrija.com\/medios\/actualidadnebrija\/wp-content\/uploads\/sites\/2\/2019\/06\/DSC00943.jpg'><img loading=\"lazy\" decoding=\"async\" width=\"150\" height=\"150\" src=\"https:\/\/www.nebrija.com\/medios\/actualidadnebrija\/wp-content\/uploads\/sites\/2\/2019\/06\/DSC00943-150x150.jpg\" class=\"attachment-thumbnail size-thumbnail\" alt=\"Fabricaci\u00f3n aditiva\" \/><\/a>\n\t\t\t<\/dt><\/dl><dl class='gallery-item'>\n\t\t\t<dt class='gallery-icon landscape'>\n\t\t\t\t<a href='https:\/\/www.nebrija.com\/medios\/actualidadnebrija\/wp-content\/uploads\/sites\/2\/2019\/06\/DSC00952.jpg'><img loading=\"lazy\" decoding=\"async\" width=\"150\" height=\"150\" src=\"https:\/\/www.nebrija.com\/medios\/actualidadnebrija\/wp-content\/uploads\/sites\/2\/2019\/06\/DSC00952-150x150.jpg\" class=\"attachment-thumbnail size-thumbnail\" alt=\"Fabricaci\u00f3n aditiva\" \/><\/a>\n\t\t\t<\/dt><\/dl><dl class='gallery-item'>\n\t\t\t<dt class='gallery-icon landscape'>\n\t\t\t\t<a href='https:\/\/www.nebrija.com\/medios\/actualidadnebrija\/wp-content\/uploads\/sites\/2\/2019\/06\/DSC00954.jpg'><img loading=\"lazy\" decoding=\"async\" width=\"150\" height=\"150\" src=\"https:\/\/www.nebrija.com\/medios\/actualidadnebrija\/wp-content\/uploads\/sites\/2\/2019\/06\/DSC00954-150x150.jpg\" class=\"attachment-thumbnail size-thumbnail\" alt=\"Fabricaci\u00f3n aditiva\" \/><\/a>\n\t\t\t<\/dt><\/dl><dl class='gallery-item'>\n\t\t\t<dt class='gallery-icon landscape'>\n\t\t\t\t<a href='https:\/\/www.nebrija.com\/medios\/actualidadnebrija\/wp-content\/uploads\/sites\/2\/2019\/06\/DSC00959.jpg'><img loading=\"lazy\" decoding=\"async\" width=\"150\" height=\"150\" src=\"https:\/\/www.nebrija.com\/medios\/actualidadnebrija\/wp-content\/uploads\/sites\/2\/2019\/06\/DSC00959-150x150.jpg\" class=\"attachment-thumbnail size-thumbnail\" alt=\"Fabricaci\u00f3n aditiva\" \/><\/a>\n\t\t\t<\/dt><\/dl><dl class='gallery-item'>\n\t\t\t<dt class='gallery-icon landscape'>\n\t\t\t\t<a href='https:\/\/www.nebrija.com\/medios\/actualidadnebrija\/wp-content\/uploads\/sites\/2\/2019\/06\/DSC00966.jpg'><img loading=\"lazy\" decoding=\"async\" width=\"150\" height=\"150\" src=\"https:\/\/www.nebrija.com\/medios\/actualidadnebrija\/wp-content\/uploads\/sites\/2\/2019\/06\/DSC00966-150x150.jpg\" class=\"attachment-thumbnail size-thumbnail\" alt=\"Fabricaci\u00f3n aditiva\" \/><\/a>\n\t\t\t<\/dt><\/dl><dl class='gallery-item'>\n\t\t\t<dt class='gallery-icon landscape'>\n\t\t\t\t<a href='https:\/\/www.nebrija.com\/medios\/actualidadnebrija\/wp-content\/uploads\/sites\/2\/2019\/06\/DSC00986.jpg'><img loading=\"lazy\" decoding=\"async\" width=\"150\" height=\"150\" src=\"https:\/\/www.nebrija.com\/medios\/actualidadnebrija\/wp-content\/uploads\/sites\/2\/2019\/06\/DSC00986-150x150.jpg\" class=\"attachment-thumbnail size-thumbnail\" alt=\"Fabricaci\u00f3n aditiva\" \/><\/a>\n\t\t\t<\/dt><\/dl><br style=\"clear: both\" \/><dl class='gallery-item'>\n\t\t\t<dt class='gallery-icon landscape'>\n\t\t\t\t<a href='https:\/\/www.nebrija.com\/medios\/actualidadnebrija\/wp-content\/uploads\/sites\/2\/2019\/06\/DSC00994.jpg'><img loading=\"lazy\" decoding=\"async\" width=\"150\" height=\"150\" src=\"https:\/\/www.nebrija.com\/medios\/actualidadnebrija\/wp-content\/uploads\/sites\/2\/2019\/06\/DSC00994-150x150.jpg\" class=\"attachment-thumbnail size-thumbnail\" alt=\"Fabricaci\u00f3n aditiva\" \/><\/a>\n\t\t\t<\/dt><\/dl><dl class='gallery-item'>\n\t\t\t<dt class='gallery-icon landscape'>\n\t\t\t\t<a href='https:\/\/www.nebrija.com\/medios\/actualidadnebrija\/wp-content\/uploads\/sites\/2\/2019\/06\/DSC01005.jpg'><img loading=\"lazy\" decoding=\"async\" width=\"150\" height=\"150\" src=\"https:\/\/www.nebrija.com\/medios\/actualidadnebrija\/wp-content\/uploads\/sites\/2\/2019\/06\/DSC01005-150x150.jpg\" class=\"attachment-thumbnail size-thumbnail\" alt=\"Fabricaci\u00f3n aditiva\" \/><\/a>\n\t\t\t<\/dt><\/dl><dl class='gallery-item'>\n\t\t\t<dt class='gallery-icon landscape'>\n\t\t\t\t<a href='https:\/\/www.nebrija.com\/medios\/actualidadnebrija\/wp-content\/uploads\/sites\/2\/2019\/06\/DSC01011.jpg'><img loading=\"lazy\" decoding=\"async\" width=\"150\" height=\"150\" src=\"https:\/\/www.nebrija.com\/medios\/actualidadnebrija\/wp-content\/uploads\/sites\/2\/2019\/06\/DSC01011-150x150.jpg\" class=\"attachment-thumbnail size-thumbnail\" alt=\"Fabricaci\u00f3n aditiva\" \/><\/a>\n\t\t\t<\/dt><\/dl><dl class='gallery-item'>\n\t\t\t<dt class='gallery-icon landscape'>\n\t\t\t\t<a href='https:\/\/www.nebrija.com\/medios\/actualidadnebrija\/wp-content\/uploads\/sites\/2\/2019\/06\/DSC01018.jpg'><img loading=\"lazy\" decoding=\"async\" width=\"150\" height=\"150\" src=\"https:\/\/www.nebrija.com\/medios\/actualidadnebrija\/wp-content\/uploads\/sites\/2\/2019\/06\/DSC01018-150x150.jpg\" class=\"attachment-thumbnail size-thumbnail\" alt=\"Fabricaci\u00f3n aditiva\" \/><\/a>\n\t\t\t<\/dt><\/dl><dl class='gallery-item'>\n\t\t\t<dt class='gallery-icon landscape'>\n\t\t\t\t<a href='https:\/\/www.nebrija.com\/medios\/actualidadnebrija\/wp-content\/uploads\/sites\/2\/2019\/06\/DSC01023.jpg'><img loading=\"lazy\" decoding=\"async\" width=\"150\" height=\"150\" src=\"https:\/\/www.nebrija.com\/medios\/actualidadnebrija\/wp-content\/uploads\/sites\/2\/2019\/06\/DSC01023-150x150.jpg\" class=\"attachment-thumbnail size-thumbnail\" alt=\"Fabricaci\u00f3n aditiva\" \/><\/a>\n\t\t\t<\/dt><\/dl><dl class='gallery-item'>\n\t\t\t<dt class='gallery-icon landscape'>\n\t\t\t\t<a href='https:\/\/www.nebrija.com\/medios\/actualidadnebrija\/wp-content\/uploads\/sites\/2\/2019\/06\/DSC01028.jpg'><img loading=\"lazy\" decoding=\"async\" width=\"150\" height=\"150\" src=\"https:\/\/www.nebrija.com\/medios\/actualidadnebrija\/wp-content\/uploads\/sites\/2\/2019\/06\/DSC01028-150x150.jpg\" class=\"attachment-thumbnail size-thumbnail\" alt=\"Fabricaci\u00f3n aditiva\" \/><\/a>\n\t\t\t<\/dt><\/dl><br style=\"clear: both\" \/><dl class='gallery-item'>\n\t\t\t<dt class='gallery-icon landscape'>\n\t\t\t\t<a href='https:\/\/www.nebrija.com\/medios\/actualidadnebrija\/wp-content\/uploads\/sites\/2\/2019\/06\/DSC01036.jpg'><img loading=\"lazy\" decoding=\"async\" width=\"150\" height=\"150\" src=\"https:\/\/www.nebrija.com\/medios\/actualidadnebrija\/wp-content\/uploads\/sites\/2\/2019\/06\/DSC01036-150x150.jpg\" class=\"attachment-thumbnail size-thumbnail\" alt=\"Fabricaci\u00f3n aditiva\" \/><\/a>\n\t\t\t<\/dt><\/dl><dl class='gallery-item'>\n\t\t\t<dt class='gallery-icon landscape'>\n\t\t\t\t<a href='https:\/\/www.nebrija.com\/medios\/actualidadnebrija\/wp-content\/uploads\/sites\/2\/2019\/06\/DSC01042.jpg'><img loading=\"lazy\" decoding=\"async\" width=\"150\" height=\"150\" src=\"https:\/\/www.nebrija.com\/medios\/actualidadnebrija\/wp-content\/uploads\/sites\/2\/2019\/06\/DSC01042-150x150.jpg\" class=\"attachment-thumbnail size-thumbnail\" alt=\"Fabricaci\u00f3n aditiva\" \/><\/a>\n\t\t\t<\/dt><\/dl><dl class='gallery-item'>\n\t\t\t<dt class='gallery-icon landscape'>\n\t\t\t\t<a href='https:\/\/www.nebrija.com\/medios\/actualidadnebrija\/wp-content\/uploads\/sites\/2\/2019\/06\/DSC01046.jpg'><img loading=\"lazy\" decoding=\"async\" width=\"150\" height=\"150\" src=\"https:\/\/www.nebrija.com\/medios\/actualidadnebrija\/wp-content\/uploads\/sites\/2\/2019\/06\/DSC01046-150x150.jpg\" class=\"attachment-thumbnail size-thumbnail\" alt=\"Fabricaci\u00f3n aditiva\" \/><\/a>\n\t\t\t<\/dt><\/dl><dl class='gallery-item'>\n\t\t\t<dt class='gallery-icon landscape'>\n\t\t\t\t<a href='https:\/\/www.nebrija.com\/medios\/actualidadnebrija\/wp-content\/uploads\/sites\/2\/2019\/06\/DSC01051.jpg'><img loading=\"lazy\" decoding=\"async\" width=\"150\" height=\"150\" src=\"https:\/\/www.nebrija.com\/medios\/actualidadnebrija\/wp-content\/uploads\/sites\/2\/2019\/06\/DSC01051-150x150.jpg\" class=\"attachment-thumbnail size-thumbnail\" alt=\"Fabricaci\u00f3n aditiva\" \/><\/a>\n\t\t\t<\/dt><\/dl><dl class='gallery-item'>\n\t\t\t<dt class='gallery-icon landscape'>\n\t\t\t\t<a href='https:\/\/www.nebrija.com\/medios\/actualidadnebrija\/wp-content\/uploads\/sites\/2\/2019\/06\/DSC01059.jpg'><img loading=\"lazy\" decoding=\"async\" width=\"150\" height=\"150\" src=\"https:\/\/www.nebrija.com\/medios\/actualidadnebrija\/wp-content\/uploads\/sites\/2\/2019\/06\/DSC01059-150x150.jpg\" class=\"attachment-thumbnail size-thumbnail\" alt=\"Fabricaci\u00f3n aditiva\" \/><\/a>\n\t\t\t<\/dt><\/dl><dl class='gallery-item'>\n\t\t\t<dt class='gallery-icon landscape'>\n\t\t\t\t<a href='https:\/\/www.nebrija.com\/medios\/actualidadnebrija\/wp-content\/uploads\/sites\/2\/2019\/06\/DSC01070.jpg'><img loading=\"lazy\" decoding=\"async\" width=\"150\" height=\"150\" src=\"https:\/\/www.nebrija.com\/medios\/actualidadnebrija\/wp-content\/uploads\/sites\/2\/2019\/06\/DSC01070-150x150.jpg\" class=\"attachment-thumbnail size-thumbnail\" alt=\"Fabricaci\u00f3n aditiva\" \/><\/a>\n\t\t\t<\/dt><\/dl><br style=\"clear: both\" \/>\n\t\t<\/div>\n\n","protected":false},"excerpt":{"rendered":"<p>La Escuela Polit\u00e9cnica Superior de la Universidad Nebrija ha acogido una jornada sobre fabricaci\u00f3n aditiva en la que diversos expertos han compartido sus conocimientos sobre esta tecnolog\u00eda.<\/p>\n","protected":false},"author":263,"featured_media":59146,"comment_status":"open","ping_status":"open","sticky":false,"template":"","format":"standard","meta":{"_acf_changed":false,"_monsterinsights_skip_tracking":false,"_monsterinsights_sitenote_active":false,"_monsterinsights_sitenote_note":"","_monsterinsights_sitenote_category":0,"footnotes":""},"categories":[3053],"tags":[3509,3124,3111,3508,3113,3513,3298],"acf":[],"yoast_head":"<!-- This site is optimized with the Yoast SEO plugin v22.1 - https:\/\/yoast.com\/wordpress\/plugins\/seo\/ -->\n<title>Fabricaci\u00f3n aditiva: cuando los algoritmos sustituyan nuestro trabajo<\/title>\n<meta name=\"description\" content=\"La Escuela Polit\u00e9cnica Superior de la Universidad Nebrija ha acogido una jornada sobre fabricaci\u00f3n aditiva en la que expertos tanto del mundo empresarial como de la investigaci\u00f3n han compartido sus conocimientos sobre esta tecnolog\u00eda.\" \/>\n<meta name=\"robots\" content=\"index, follow, max-snippet:-1, max-image-preview:large, max-video-preview:-1\" \/>\n<link rel=\"canonical\" href=\"https:\/\/www.nebrija.com\/medios\/actualidadnebrija\/2019\/06\/12\/fabricacion-aditiva-cuando-los-algoritmos-sustituyan-nuestro-trabajo\/\" \/>\n<meta property=\"og:locale\" content=\"es_ES\" \/>\n<meta property=\"og:type\" content=\"article\" \/>\n<meta property=\"og:title\" content=\"Fabricaci\u00f3n aditiva: cuando los algoritmos sustituyan nuestro trabajo\" \/>\n<meta property=\"og:description\" content=\"La Escuela Polit\u00e9cnica Superior de la Universidad Nebrija ha acogido una jornada sobre fabricaci\u00f3n aditiva en la que expertos tanto del mundo empresarial como de la investigaci\u00f3n han compartido sus conocimientos sobre esta tecnolog\u00eda.\" \/>\n<meta property=\"og:url\" content=\"https:\/\/www.nebrija.com\/medios\/actualidadnebrija\/2019\/06\/12\/fabricacion-aditiva-cuando-los-algoritmos-sustituyan-nuestro-trabajo\/\" \/>\n<meta property=\"og:site_name\" content=\"Actualidad Nebrija\" \/>\n<meta property=\"article:published_time\" content=\"2019-06-12T16:46:45+00:00\" \/>\n<meta property=\"article:modified_time\" content=\"2019-06-13T07:15:33+00:00\" \/>\n<meta property=\"og:image\" content=\"https:\/\/www.nebrija.com\/medios\/actualidadnebrija\/wp-content\/uploads\/sites\/2\/2019\/06\/DSC00986.jpg\" \/>\n\t<meta property=\"og:image:width\" content=\"1000\" \/>\n\t<meta property=\"og:image:height\" content=\"667\" \/>\n\t<meta property=\"og:image:type\" content=\"image\/jpeg\" \/>\n<meta name=\"author\" content=\"pmartinezma\" \/>\n<meta name=\"twitter:card\" content=\"summary_large_image\" \/>\n<meta name=\"twitter:label1\" content=\"Escrito por\" \/>\n\t<meta name=\"twitter:data1\" content=\"pmartinezma\" \/>\n\t<meta name=\"twitter:label2\" content=\"Tiempo de lectura\" \/>\n\t<meta name=\"twitter:data2\" content=\"3 minutos\" \/>\n<!-- \/ Yoast SEO plugin. -->","yoast_head_json":{"title":"Fabricaci\u00f3n aditiva: cuando los algoritmos sustituyan nuestro trabajo","description":"La Escuela Polit\u00e9cnica Superior de la Universidad Nebrija ha acogido una jornada sobre fabricaci\u00f3n aditiva en la que expertos tanto del mundo empresarial como de la investigaci\u00f3n han compartido sus conocimientos sobre esta tecnolog\u00eda.","robots":{"index":"index","follow":"follow","max-snippet":"max-snippet:-1","max-image-preview":"max-image-preview:large","max-video-preview":"max-video-preview:-1"},"canonical":"https:\/\/www.nebrija.com\/medios\/actualidadnebrija\/2019\/06\/12\/fabricacion-aditiva-cuando-los-algoritmos-sustituyan-nuestro-trabajo\/","og_locale":"es_ES","og_type":"article","og_title":"Fabricaci\u00f3n aditiva: cuando los algoritmos sustituyan nuestro trabajo","og_description":"La Escuela Polit\u00e9cnica Superior de la Universidad Nebrija ha acogido una jornada sobre fabricaci\u00f3n aditiva en la que expertos tanto del mundo empresarial como de la investigaci\u00f3n han compartido sus conocimientos sobre esta tecnolog\u00eda.","og_url":"https:\/\/www.nebrija.com\/medios\/actualidadnebrija\/2019\/06\/12\/fabricacion-aditiva-cuando-los-algoritmos-sustituyan-nuestro-trabajo\/","og_site_name":"Actualidad Nebrija","article_published_time":"2019-06-12T16:46:45+00:00","article_modified_time":"2019-06-13T07:15:33+00:00","og_image":[{"width":1000,"height":667,"url":"https:\/\/www.nebrija.com\/medios\/actualidadnebrija\/wp-content\/uploads\/sites\/2\/2019\/06\/DSC00986.jpg","type":"image\/jpeg"}],"author":"pmartinezma","twitter_card":"summary_large_image","twitter_misc":{"Escrito por":"pmartinezma","Tiempo de lectura":"3 minutos"},"schema":{"@context":"https:\/\/schema.org","@graph":[{"@type":"WebPage","@id":"https:\/\/www.nebrija.com\/medios\/actualidadnebrija\/2019\/06\/12\/fabricacion-aditiva-cuando-los-algoritmos-sustituyan-nuestro-trabajo\/","url":"https:\/\/www.nebrija.com\/medios\/actualidadnebrija\/2019\/06\/12\/fabricacion-aditiva-cuando-los-algoritmos-sustituyan-nuestro-trabajo\/","name":"Fabricaci\u00f3n aditiva: cuando los algoritmos sustituyan nuestro trabajo","isPartOf":{"@id":"https:\/\/www.nebrija.com\/medios\/actualidadnebrija\/#website"},"datePublished":"2019-06-12T16:46:45+00:00","dateModified":"2019-06-13T07:15:33+00:00","author":{"@id":"https:\/\/www.nebrija.com\/medios\/actualidadnebrija\/#\/schema\/person\/eece520e53a2d6b773c896d785ca10ad"},"description":"La Escuela Polit\u00e9cnica Superior de la Universidad Nebrija ha acogido una jornada sobre fabricaci\u00f3n aditiva en la que expertos tanto del mundo empresarial como de la investigaci\u00f3n han compartido sus conocimientos sobre esta tecnolog\u00eda.","breadcrumb":{"@id":"https:\/\/www.nebrija.com\/medios\/actualidadnebrija\/2019\/06\/12\/fabricacion-aditiva-cuando-los-algoritmos-sustituyan-nuestro-trabajo\/#breadcrumb"},"inLanguage":"es","potentialAction":[{"@type":"ReadAction","target":["https:\/\/www.nebrija.com\/medios\/actualidadnebrija\/2019\/06\/12\/fabricacion-aditiva-cuando-los-algoritmos-sustituyan-nuestro-trabajo\/"]}]},{"@type":"BreadcrumbList","@id":"https:\/\/www.nebrija.com\/medios\/actualidadnebrija\/2019\/06\/12\/fabricacion-aditiva-cuando-los-algoritmos-sustituyan-nuestro-trabajo\/#breadcrumb","itemListElement":[{"@type":"ListItem","position":1,"name":"Home","item":"https:\/\/www.nebrija.com\/medios\/actualidadnebrija\/"},{"@type":"ListItem","position":2,"name":"\"Desarrollamos algoritmos que puedan gestionar decisiones que toman ingenieros\""}]},{"@type":"WebSite","@id":"https:\/\/www.nebrija.com\/medios\/actualidadnebrija\/#website","url":"https:\/\/www.nebrija.com\/medios\/actualidadnebrija\/","name":"Actualidad Nebrija","description":"Noticias de la Universidad Nebrija","potentialAction":[{"@type":"SearchAction","target":{"@type":"EntryPoint","urlTemplate":"https:\/\/www.nebrija.com\/medios\/actualidadnebrija\/?s={search_term_string}"},"query-input":"required name=search_term_string"}],"inLanguage":"es"},{"@type":"Person","@id":"https:\/\/www.nebrija.com\/medios\/actualidadnebrija\/#\/schema\/person\/eece520e53a2d6b773c896d785ca10ad","name":"pmartinezma","image":{"@type":"ImageObject","inLanguage":"es","@id":"https:\/\/www.nebrija.com\/medios\/actualidadnebrija\/#\/schema\/person\/image\/","url":"https:\/\/secure.gravatar.com\/avatar\/5feaacc0ce30f23dc14c8724dc28a01f?s=96&d=mm&r=g","contentUrl":"https:\/\/secure.gravatar.com\/avatar\/5feaacc0ce30f23dc14c8724dc28a01f?s=96&d=mm&r=g","caption":"pmartinezma"},"url":"https:\/\/www.nebrija.com\/medios\/actualidadnebrija\/author\/pmartinezma\/"}]}},"_links":{"self":[{"href":"https:\/\/www.nebrija.com\/medios\/actualidadnebrija\/wp-json\/wp\/v2\/posts\/59139"}],"collection":[{"href":"https:\/\/www.nebrija.com\/medios\/actualidadnebrija\/wp-json\/wp\/v2\/posts"}],"about":[{"href":"https:\/\/www.nebrija.com\/medios\/actualidadnebrija\/wp-json\/wp\/v2\/types\/post"}],"author":[{"embeddable":true,"href":"https:\/\/www.nebrija.com\/medios\/actualidadnebrija\/wp-json\/wp\/v2\/users\/263"}],"replies":[{"embeddable":true,"href":"https:\/\/www.nebrija.com\/medios\/actualidadnebrija\/wp-json\/wp\/v2\/comments?post=59139"}],"version-history":[{"count":16,"href":"https:\/\/www.nebrija.com\/medios\/actualidadnebrija\/wp-json\/wp\/v2\/posts\/59139\/revisions"}],"predecessor-version":[{"id":59204,"href":"https:\/\/www.nebrija.com\/medios\/actualidadnebrija\/wp-json\/wp\/v2\/posts\/59139\/revisions\/59204"}],"wp:featuredmedia":[{"embeddable":true,"href":"https:\/\/www.nebrija.com\/medios\/actualidadnebrija\/wp-json\/wp\/v2\/media\/59146"}],"wp:attachment":[{"href":"https:\/\/www.nebrija.com\/medios\/actualidadnebrija\/wp-json\/wp\/v2\/media?parent=59139"}],"wp:term":[{"taxonomy":"category","embeddable":true,"href":"https:\/\/www.nebrija.com\/medios\/actualidadnebrija\/wp-json\/wp\/v2\/categories?post=59139"},{"taxonomy":"post_tag","embeddable":true,"href":"https:\/\/www.nebrija.com\/medios\/actualidadnebrija\/wp-json\/wp\/v2\/tags?post=59139"}],"curies":[{"name":"wp","href":"https:\/\/api.w.org\/{rel}","templated":true}]}}