{"id":60331,"date":"2019-09-12T16:02:54","date_gmt":"2019-09-12T14:02:54","guid":{"rendered":"https:\/\/www.nebrija.com\/medios\/actualidadnebrija\/?p=60331"},"modified":"2020-02-05T12:11:28","modified_gmt":"2020-02-05T11:11:28","slug":"alice-foucart-nueva-investigadora-principal-en-la-facultad-de-lenguas-y-educacion","status":"publish","type":"post","link":"https:\/\/www.nebrija.com\/medios\/actualidadnebrija\/2019\/09\/12\/alice-foucart-nueva-investigadora-principal-en-la-facultad-de-lenguas-y-educacion\/","title":{"rendered":"Alice Foucart, nueva investigadora principal en la Facultad de Lenguas y Educaci\u00f3n"},"content":{"rendered":"<p>Alice Foucart\u00a0se ha incorporado este curso a la Facultad de Lenguas y Educaci\u00f3n y al Centro de Ciencia Cognitiva (C3) como investigadora principal del <a href=\"https:\/\/www.nebrija.com\/investigacion-universidad\/grupos\/grupo-lenguas.php\">Grupo Nebrija en\u00a0Ling\u00fc\u00edstica Aplicada a la Ense\u00f1anza de Lenguas Extranjeras<\/a>.<\/p>\n<p>La profesora Foucart es experta en psicoling\u00fc\u00edstica. Su investigaci\u00f3n se centra en el procesamiento del lenguaje en primer y segundo idioma y en c\u00f3mo el lenguaje influye en otros aspectos cognitivos, como la toma de decisiones, el procesamiento de emociones y la cognici\u00f3n social. Para desarrollar su investigaci\u00f3n emp\u00edrica utiliza metodolog\u00edas conductuales y (electro) fisiol\u00f3gicas, como el eye-tracker y potenciales evocados (ERPs).<\/p>\n<p>Doctora por la University of Edinburgh (Reino Unido) y por la Universit\u00e9 de Provence (Francia), cuenta con un M\u00e1ster en Ciencias del Lenguaje por la Universit\u00e9 de Provence y la University of York (Reino Unido) y es licenciada en Filolog\u00eda Inglesa por la Universit\u00e9 de Lille (Francia). A lo largo de su trayectoria profesional ha trabajado\u00a0 como investigadora postdoctoral en tres instituciones del Reino Unido: Heriot-Watt University, University of Edinburgh y University of Bangor. Adem\u00e1s, ha formado parte del claustro de la Universitat Pompeu Fabra y ha dirigido un proyecto Marie Sklodowska-Curie en Ghent University (B\u00e9lgica). Es editora asociada de las revistas <em>Second Language Research<\/em> y <em>Frontiers in Psychology<\/em>.\u00a0 Como docente, imparte clases en los \u00e1mbitos de Ling\u00fc\u00edstica Francesa, Psicolog\u00eda y Neurociencia.<\/p>\n<p>Con su incorporaci\u00f3n a la Universidad Nebrija aportar\u00e1 toda su experiencia investigadora y docente al\u00a0<a href=\"https:\/\/www.nebrija.com\/investigacion-universidad\/grupos\/grupo-lenguas.php\">Grupo Nebrija en\u00a0Ling\u00fc\u00edstica Aplicada a la Ense\u00f1anza de Lenguas Extranjeras<\/a>\u00a0y al Centro de Ciencia Cognitiva\u00a0para profundizar el conocimiento del cerebro biling\u00fce.<\/p>\n","protected":false},"excerpt":{"rendered":"<p>Alice Foucart\u00a0se ha incorporado este curso a la Facultad de Lenguas y Educaci\u00f3n y al Centro de Ciencia Cognitiva (C3) como investigadora principal del Grupo Nebrija en\u00a0Ling\u00fc\u00edstica Aplicada a la Ense\u00f1anza de Lenguas Extranjeras. La profesora Foucart es experta en<\/p>\n","protected":false},"author":23,"featured_media":60333,"comment_status":"open","ping_status":"open","sticky":false,"template":"","format":"standard","meta":{"_acf_changed":false,"_monsterinsights_skip_tracking":false,"_monsterinsights_sitenote_active":false,"_monsterinsights_sitenote_note":"","_monsterinsights_sitenote_category":0,"footnotes":""},"categories":[3064],"tags":[3124],"acf":[],"yoast_head":"<!-- This site is optimized with the Yoast SEO plugin v22.1 - https:\/\/yoast.com\/wordpress\/plugins\/seo\/ -->\n<title>Alice Foucart, nueva investigadora principal en la Facultad de Lenguas y Educaci\u00f3n - Actualidad Nebrija<\/title>\n<meta name=\"robots\" content=\"index, follow, max-snippet:-1, max-image-preview:large, max-video-preview:-1\" \/>\n<link rel=\"canonical\" href=\"https:\/\/www.nebrija.com\/medios\/actualidadnebrija\/2019\/09\/12\/alice-foucart-nueva-investigadora-principal-en-la-facultad-de-lenguas-y-educacion\/\" \/>\n<meta property=\"og:locale\" content=\"es_ES\" \/>\n<meta property=\"og:type\" content=\"article\" \/>\n<meta property=\"og:title\" content=\"Alice Foucart, nueva investigadora principal en la Facultad de Lenguas y Educaci\u00f3n - Actualidad Nebrija\" \/>\n<meta property=\"og:description\" content=\"Alice Foucart\u00a0se ha incorporado este curso a la Facultad de Lenguas y Educaci\u00f3n y al Centro de Ciencia Cognitiva (C3) como investigadora principal del Grupo Nebrija en\u00a0Ling\u00fc\u00edstica Aplicada a la Ense\u00f1anza de Lenguas Extranjeras. La profesora Foucart es experta en\" \/>\n<meta property=\"og:url\" content=\"https:\/\/www.nebrija.com\/medios\/actualidadnebrija\/2019\/09\/12\/alice-foucart-nueva-investigadora-principal-en-la-facultad-de-lenguas-y-educacion\/\" \/>\n<meta property=\"og:site_name\" content=\"Actualidad Nebrija\" \/>\n<meta property=\"article:published_time\" content=\"2019-09-12T14:02:54+00:00\" \/>\n<meta property=\"article:modified_time\" content=\"2020-02-05T11:11:28+00:00\" \/>\n<meta property=\"og:image\" content=\"https:\/\/www.nebrija.com\/medios\/actualidadnebrija\/wp-content\/uploads\/sites\/2\/2019\/09\/alice-foucart.jpg\" \/>\n\t<meta property=\"og:image:width\" content=\"1000\" \/>\n\t<meta property=\"og:image:height\" content=\"667\" \/>\n\t<meta property=\"og:image:type\" content=\"image\/jpeg\" \/>\n<meta name=\"author\" content=\"lgomezbe\" \/>\n<meta name=\"twitter:card\" content=\"summary_large_image\" \/>\n<meta name=\"twitter:label1\" content=\"Escrito por\" \/>\n\t<meta name=\"twitter:data1\" content=\"lgomezbe\" \/>\n\t<meta name=\"twitter:label2\" content=\"Tiempo de lectura\" \/>\n\t<meta name=\"twitter:data2\" content=\"1 minuto\" \/>\n<!-- \/ Yoast SEO plugin. -->","yoast_head_json":{"title":"Alice Foucart, nueva investigadora principal en la Facultad de Lenguas y Educaci\u00f3n - Actualidad Nebrija","robots":{"index":"index","follow":"follow","max-snippet":"max-snippet:-1","max-image-preview":"max-image-preview:large","max-video-preview":"max-video-preview:-1"},"canonical":"https:\/\/www.nebrija.com\/medios\/actualidadnebrija\/2019\/09\/12\/alice-foucart-nueva-investigadora-principal-en-la-facultad-de-lenguas-y-educacion\/","og_locale":"es_ES","og_type":"article","og_title":"Alice Foucart, nueva investigadora principal en la Facultad de Lenguas y Educaci\u00f3n - Actualidad Nebrija","og_description":"Alice Foucart\u00a0se ha incorporado este curso a la Facultad de Lenguas y Educaci\u00f3n y al Centro de Ciencia Cognitiva (C3) como investigadora principal del Grupo Nebrija en\u00a0Ling\u00fc\u00edstica Aplicada a la Ense\u00f1anza de Lenguas Extranjeras. La profesora Foucart es experta en","og_url":"https:\/\/www.nebrija.com\/medios\/actualidadnebrija\/2019\/09\/12\/alice-foucart-nueva-investigadora-principal-en-la-facultad-de-lenguas-y-educacion\/","og_site_name":"Actualidad Nebrija","article_published_time":"2019-09-12T14:02:54+00:00","article_modified_time":"2020-02-05T11:11:28+00:00","og_image":[{"width":1000,"height":667,"url":"https:\/\/www.nebrija.com\/medios\/actualidadnebrija\/wp-content\/uploads\/sites\/2\/2019\/09\/alice-foucart.jpg","type":"image\/jpeg"}],"author":"lgomezbe","twitter_card":"summary_large_image","twitter_misc":{"Escrito por":"lgomezbe","Tiempo de lectura":"1 minuto"},"schema":{"@context":"https:\/\/schema.org","@graph":[{"@type":"WebPage","@id":"https:\/\/www.nebrija.com\/medios\/actualidadnebrija\/2019\/09\/12\/alice-foucart-nueva-investigadora-principal-en-la-facultad-de-lenguas-y-educacion\/","url":"https:\/\/www.nebrija.com\/medios\/actualidadnebrija\/2019\/09\/12\/alice-foucart-nueva-investigadora-principal-en-la-facultad-de-lenguas-y-educacion\/","name":"Alice Foucart, nueva investigadora principal en la Facultad de Lenguas y Educaci\u00f3n - Actualidad Nebrija","isPartOf":{"@id":"https:\/\/www.nebrija.com\/medios\/actualidadnebrija\/#website"},"datePublished":"2019-09-12T14:02:54+00:00","dateModified":"2020-02-05T11:11:28+00:00","author":{"@id":"https:\/\/www.nebrija.com\/medios\/actualidadnebrija\/#\/schema\/person\/e6232b48104a001b2861271d566e28a7"},"breadcrumb":{"@id":"https:\/\/www.nebrija.com\/medios\/actualidadnebrija\/2019\/09\/12\/alice-foucart-nueva-investigadora-principal-en-la-facultad-de-lenguas-y-educacion\/#breadcrumb"},"inLanguage":"es","potentialAction":[{"@type":"ReadAction","target":["https:\/\/www.nebrija.com\/medios\/actualidadnebrija\/2019\/09\/12\/alice-foucart-nueva-investigadora-principal-en-la-facultad-de-lenguas-y-educacion\/"]}]},{"@type":"BreadcrumbList","@id":"https:\/\/www.nebrija.com\/medios\/actualidadnebrija\/2019\/09\/12\/alice-foucart-nueva-investigadora-principal-en-la-facultad-de-lenguas-y-educacion\/#breadcrumb","itemListElement":[{"@type":"ListItem","position":1,"name":"Home","item":"https:\/\/www.nebrija.com\/medios\/actualidadnebrija\/"},{"@type":"ListItem","position":2,"name":"Alice Foucart, nueva investigadora principal en la Facultad de Lenguas y Educaci\u00f3n"}]},{"@type":"WebSite","@id":"https:\/\/www.nebrija.com\/medios\/actualidadnebrija\/#website","url":"https:\/\/www.nebrija.com\/medios\/actualidadnebrija\/","name":"Actualidad Nebrija","description":"Noticias de la Universidad Nebrija","potentialAction":[{"@type":"SearchAction","target":{"@type":"EntryPoint","urlTemplate":"https:\/\/www.nebrija.com\/medios\/actualidadnebrija\/?s={search_term_string}"},"query-input":"required name=search_term_string"}],"inLanguage":"es"},{"@type":"Person","@id":"https:\/\/www.nebrija.com\/medios\/actualidadnebrija\/#\/schema\/person\/e6232b48104a001b2861271d566e28a7","name":"lgomezbe","image":{"@type":"ImageObject","inLanguage":"es","@id":"https:\/\/www.nebrija.com\/medios\/actualidadnebrija\/#\/schema\/person\/image\/","url":"https:\/\/secure.gravatar.com\/avatar\/91429af2b2eb6303c2012c36b2710a4a?s=96&d=mm&r=g","contentUrl":"https:\/\/secure.gravatar.com\/avatar\/91429af2b2eb6303c2012c36b2710a4a?s=96&d=mm&r=g","caption":"lgomezbe"},"url":"https:\/\/www.nebrija.com\/medios\/actualidadnebrija\/author\/lgomezbe\/"}]}},"_links":{"self":[{"href":"https:\/\/www.nebrija.com\/medios\/actualidadnebrija\/wp-json\/wp\/v2\/posts\/60331"}],"collection":[{"href":"https:\/\/www.nebrija.com\/medios\/actualidadnebrija\/wp-json\/wp\/v2\/posts"}],"about":[{"href":"https:\/\/www.nebrija.com\/medios\/actualidadnebrija\/wp-json\/wp\/v2\/types\/post"}],"author":[{"embeddable":true,"href":"https:\/\/www.nebrija.com\/medios\/actualidadnebrija\/wp-json\/wp\/v2\/users\/23"}],"replies":[{"embeddable":true,"href":"https:\/\/www.nebrija.com\/medios\/actualidadnebrija\/wp-json\/wp\/v2\/comments?post=60331"}],"version-history":[{"count":1,"href":"https:\/\/www.nebrija.com\/medios\/actualidadnebrija\/wp-json\/wp\/v2\/posts\/60331\/revisions"}],"predecessor-version":[{"id":60332,"href":"https:\/\/www.nebrija.com\/medios\/actualidadnebrija\/wp-json\/wp\/v2\/posts\/60331\/revisions\/60332"}],"wp:featuredmedia":[{"embeddable":true,"href":"https:\/\/www.nebrija.com\/medios\/actualidadnebrija\/wp-json\/wp\/v2\/media\/60333"}],"wp:attachment":[{"href":"https:\/\/www.nebrija.com\/medios\/actualidadnebrija\/wp-json\/wp\/v2\/media?parent=60331"}],"wp:term":[{"taxonomy":"category","embeddable":true,"href":"https:\/\/www.nebrija.com\/medios\/actualidadnebrija\/wp-json\/wp\/v2\/categories?post=60331"},{"taxonomy":"post_tag","embeddable":true,"href":"https:\/\/www.nebrija.com\/medios\/actualidadnebrija\/wp-json\/wp\/v2\/tags?post=60331"}],"curies":[{"name":"wp","href":"https:\/\/api.w.org\/{rel}","templated":true}]}}