{"id":60802,"date":"2019-10-07T11:32:29","date_gmt":"2019-10-07T09:32:29","guid":{"rendered":"https:\/\/www.nebrija.com\/medios\/actualidadnebrija\/?p=60802"},"modified":"2019-10-07T11:32:29","modified_gmt":"2019-10-07T09:32:29","slug":"el-croquis","status":"publish","type":"post","link":"https:\/\/www.nebrija.com\/medios\/actualidadnebrija\/2019\/10\/07\/el-croquis\/","title":{"rendered":"El Croquis"},"content":{"rendered":"<h2><em>Revista de Arquitectura<\/em><\/h2>\n<p>El Servicio de Biblioteca cuenta con una serie de revistas que forman parte de nuestra Hemeroteca, algunas en formato electr\u00f3nico y otras en formato papel. Estas publicaciones peri\u00f3dicas son prestigiosas revistas cient\u00edficas, referentes a las materias que se imparten en las diversas titulaciones de la Universidad.<\/p>\n<p>De las revistas suscritas por el Departamento de Arquitectura, vamos a destacar por su calidad editorial y su valor internacional, la revista <em><a href=\"https:\/\/biblioteca.nebrija.es\/cgi-bin\/opac\/?TITN=9253\"><strong>El Croquis<\/strong><\/a>, <\/em>publicaci\u00f3n sobre arquitectura de \u00e1mbito internacional, que est\u00e1 editada en Madrid y se publica de manera bimestral, en castellano e ingl\u00e9s.<\/p>\n<p>Los n\u00fameros son ejemplares monogr\u00e1ficos que analizan el trabajo de los arquitectos m\u00e1s sobresalientes a nivel internacional, as\u00ed como de los estudios de arquitectura m\u00e1s reconocidos. El contenido de la revista se centra en la publicaci\u00f3n de forma exhaustiva de los proyectos seleccionados, con especial atenci\u00f3n a la exposici\u00f3n detallada de la documentaci\u00f3n gr\u00e1fica, y en concreto, el proceso proyectual y a los aspectos y detalles constructivos m\u00e1s singulares de cada obra.<\/p>\n<p>La revista est\u00e1 disponible en papel desde el n\u00famero 98 (1999). El \u00faltimo n\u00famero recibido ha sido el n\u00famero 200 (2019), que est\u00e1 dedicado al Studio Mumbai. Si est\u00e1s interesado en consultar la revista, puedes localizarla en nuestra sucursal de Dehesa de la Villa o a trav\u00e9s del <strong>Cat\u00e1logo-OPAC ~ Web Portal<\/strong>.<\/p>\n<p>Para m\u00e1s informaci\u00f3n sobre las publicaciones peri\u00f3dicas de la Biblioteca, consulta nuestra p\u00e1gina de revistas en el <a href=\"https:\/\/biblioteca.nebrija.es\/cgi-bin\/opac?HELPID=unne0013\"><strong>Cat\u00e1logo-OPAC ~ Web Portal<\/strong>.<\/a><\/p>\n","protected":false},"excerpt":{"rendered":"<p>Revista de Arquitectura El Servicio de Biblioteca cuenta con una serie de revistas que forman parte de nuestra Hemeroteca, algunas en formato electr\u00f3nico y otras en formato papel. Estas publicaciones peri\u00f3dicas son prestigiosas revistas cient\u00edficas, referentes a las materias que<\/p>\n","protected":false},"author":263,"featured_media":60804,"comment_status":"open","ping_status":"open","sticky":false,"template":"","format":"standard","meta":{"_acf_changed":false,"_monsterinsights_skip_tracking":false,"_monsterinsights_sitenote_active":false,"_monsterinsights_sitenote_note":"","_monsterinsights_sitenote_category":0,"footnotes":""},"categories":[3063],"tags":[],"acf":[],"yoast_head":"<!-- This site is optimized with the Yoast SEO plugin v22.1 - https:\/\/yoast.com\/wordpress\/plugins\/seo\/ -->\n<title>El Croquis - Actualidad Nebrija<\/title>\n<meta name=\"robots\" content=\"index, follow, max-snippet:-1, max-image-preview:large, max-video-preview:-1\" \/>\n<link rel=\"canonical\" href=\"https:\/\/www.nebrija.com\/medios\/actualidadnebrija\/2019\/10\/07\/el-croquis\/\" \/>\n<meta property=\"og:locale\" content=\"es_ES\" \/>\n<meta property=\"og:type\" content=\"article\" \/>\n<meta property=\"og:title\" content=\"El Croquis - Actualidad Nebrija\" \/>\n<meta property=\"og:description\" content=\"Revista de Arquitectura El Servicio de Biblioteca cuenta con una serie de revistas que forman parte de nuestra Hemeroteca, algunas en formato electr\u00f3nico y otras en formato papel. Estas publicaciones peri\u00f3dicas son prestigiosas revistas cient\u00edficas, referentes a las materias que\" \/>\n<meta property=\"og:url\" content=\"https:\/\/www.nebrija.com\/medios\/actualidadnebrija\/2019\/10\/07\/el-croquis\/\" \/>\n<meta property=\"og:site_name\" content=\"Actualidad Nebrija\" \/>\n<meta property=\"article:published_time\" content=\"2019-10-07T09:32:29+00:00\" \/>\n<meta property=\"og:image\" content=\"https:\/\/www.nebrija.com\/medios\/actualidadnebrija\/wp-content\/uploads\/sites\/2\/2019\/10\/El_croquis.jpg\" \/>\n\t<meta property=\"og:image:width\" content=\"1024\" \/>\n\t<meta property=\"og:image:height\" content=\"538\" \/>\n\t<meta property=\"og:image:type\" content=\"image\/jpeg\" \/>\n<meta name=\"author\" content=\"pmartinezma\" \/>\n<meta name=\"twitter:card\" content=\"summary_large_image\" \/>\n<meta name=\"twitter:label1\" content=\"Escrito por\" \/>\n\t<meta name=\"twitter:data1\" content=\"pmartinezma\" \/>\n\t<meta name=\"twitter:label2\" content=\"Tiempo de lectura\" \/>\n\t<meta name=\"twitter:data2\" content=\"1 minuto\" \/>\n<!-- \/ Yoast SEO plugin. -->","yoast_head_json":{"title":"El Croquis - Actualidad Nebrija","robots":{"index":"index","follow":"follow","max-snippet":"max-snippet:-1","max-image-preview":"max-image-preview:large","max-video-preview":"max-video-preview:-1"},"canonical":"https:\/\/www.nebrija.com\/medios\/actualidadnebrija\/2019\/10\/07\/el-croquis\/","og_locale":"es_ES","og_type":"article","og_title":"El Croquis - Actualidad Nebrija","og_description":"Revista de Arquitectura El Servicio de Biblioteca cuenta con una serie de revistas que forman parte de nuestra Hemeroteca, algunas en formato electr\u00f3nico y otras en formato papel. Estas publicaciones peri\u00f3dicas son prestigiosas revistas cient\u00edficas, referentes a las materias que","og_url":"https:\/\/www.nebrija.com\/medios\/actualidadnebrija\/2019\/10\/07\/el-croquis\/","og_site_name":"Actualidad Nebrija","article_published_time":"2019-10-07T09:32:29+00:00","og_image":[{"width":1024,"height":538,"url":"https:\/\/www.nebrija.com\/medios\/actualidadnebrija\/wp-content\/uploads\/sites\/2\/2019\/10\/El_croquis.jpg","type":"image\/jpeg"}],"author":"pmartinezma","twitter_card":"summary_large_image","twitter_misc":{"Escrito por":"pmartinezma","Tiempo de lectura":"1 minuto"},"schema":{"@context":"https:\/\/schema.org","@graph":[{"@type":"WebPage","@id":"https:\/\/www.nebrija.com\/medios\/actualidadnebrija\/2019\/10\/07\/el-croquis\/","url":"https:\/\/www.nebrija.com\/medios\/actualidadnebrija\/2019\/10\/07\/el-croquis\/","name":"El Croquis - Actualidad Nebrija","isPartOf":{"@id":"https:\/\/www.nebrija.com\/medios\/actualidadnebrija\/#website"},"datePublished":"2019-10-07T09:32:29+00:00","dateModified":"2019-10-07T09:32:29+00:00","author":{"@id":"https:\/\/www.nebrija.com\/medios\/actualidadnebrija\/#\/schema\/person\/eece520e53a2d6b773c896d785ca10ad"},"breadcrumb":{"@id":"https:\/\/www.nebrija.com\/medios\/actualidadnebrija\/2019\/10\/07\/el-croquis\/#breadcrumb"},"inLanguage":"es","potentialAction":[{"@type":"ReadAction","target":["https:\/\/www.nebrija.com\/medios\/actualidadnebrija\/2019\/10\/07\/el-croquis\/"]}]},{"@type":"BreadcrumbList","@id":"https:\/\/www.nebrija.com\/medios\/actualidadnebrija\/2019\/10\/07\/el-croquis\/#breadcrumb","itemListElement":[{"@type":"ListItem","position":1,"name":"Home","item":"https:\/\/www.nebrija.com\/medios\/actualidadnebrija\/"},{"@type":"ListItem","position":2,"name":"El Croquis"}]},{"@type":"WebSite","@id":"https:\/\/www.nebrija.com\/medios\/actualidadnebrija\/#website","url":"https:\/\/www.nebrija.com\/medios\/actualidadnebrija\/","name":"Actualidad Nebrija","description":"Noticias de la Universidad Nebrija","potentialAction":[{"@type":"SearchAction","target":{"@type":"EntryPoint","urlTemplate":"https:\/\/www.nebrija.com\/medios\/actualidadnebrija\/?s={search_term_string}"},"query-input":"required name=search_term_string"}],"inLanguage":"es"},{"@type":"Person","@id":"https:\/\/www.nebrija.com\/medios\/actualidadnebrija\/#\/schema\/person\/eece520e53a2d6b773c896d785ca10ad","name":"pmartinezma","image":{"@type":"ImageObject","inLanguage":"es","@id":"https:\/\/www.nebrija.com\/medios\/actualidadnebrija\/#\/schema\/person\/image\/","url":"https:\/\/secure.gravatar.com\/avatar\/5feaacc0ce30f23dc14c8724dc28a01f?s=96&d=mm&r=g","contentUrl":"https:\/\/secure.gravatar.com\/avatar\/5feaacc0ce30f23dc14c8724dc28a01f?s=96&d=mm&r=g","caption":"pmartinezma"},"url":"https:\/\/www.nebrija.com\/medios\/actualidadnebrija\/author\/pmartinezma\/"}]}},"_links":{"self":[{"href":"https:\/\/www.nebrija.com\/medios\/actualidadnebrija\/wp-json\/wp\/v2\/posts\/60802"}],"collection":[{"href":"https:\/\/www.nebrija.com\/medios\/actualidadnebrija\/wp-json\/wp\/v2\/posts"}],"about":[{"href":"https:\/\/www.nebrija.com\/medios\/actualidadnebrija\/wp-json\/wp\/v2\/types\/post"}],"author":[{"embeddable":true,"href":"https:\/\/www.nebrija.com\/medios\/actualidadnebrija\/wp-json\/wp\/v2\/users\/263"}],"replies":[{"embeddable":true,"href":"https:\/\/www.nebrija.com\/medios\/actualidadnebrija\/wp-json\/wp\/v2\/comments?post=60802"}],"version-history":[{"count":1,"href":"https:\/\/www.nebrija.com\/medios\/actualidadnebrija\/wp-json\/wp\/v2\/posts\/60802\/revisions"}],"predecessor-version":[{"id":60806,"href":"https:\/\/www.nebrija.com\/medios\/actualidadnebrija\/wp-json\/wp\/v2\/posts\/60802\/revisions\/60806"}],"wp:featuredmedia":[{"embeddable":true,"href":"https:\/\/www.nebrija.com\/medios\/actualidadnebrija\/wp-json\/wp\/v2\/media\/60804"}],"wp:attachment":[{"href":"https:\/\/www.nebrija.com\/medios\/actualidadnebrija\/wp-json\/wp\/v2\/media?parent=60802"}],"wp:term":[{"taxonomy":"category","embeddable":true,"href":"https:\/\/www.nebrija.com\/medios\/actualidadnebrija\/wp-json\/wp\/v2\/categories?post=60802"},{"taxonomy":"post_tag","embeddable":true,"href":"https:\/\/www.nebrija.com\/medios\/actualidadnebrija\/wp-json\/wp\/v2\/tags?post=60802"}],"curies":[{"name":"wp","href":"https:\/\/api.w.org\/{rel}","templated":true}]}}