{"id":61560,"date":"2019-11-07T11:55:54","date_gmt":"2019-11-07T10:55:54","guid":{"rendered":"https:\/\/www.nebrija.com\/medios\/actualidadnebrija\/?p=61560"},"modified":"2019-11-07T11:57:55","modified_gmt":"2019-11-07T10:57:55","slug":"el-jefe-de-protocolo-del-ministerio-de-educacion-y-formacion-profesional-recibe-a-los-alumnos-de-protocolo-empresarial-y-social","status":"publish","type":"post","link":"https:\/\/www.nebrija.com\/medios\/actualidadnebrija\/2019\/11\/07\/el-jefe-de-protocolo-del-ministerio-de-educacion-y-formacion-profesional-recibe-a-los-alumnos-de-protocolo-empresarial-y-social\/","title":{"rendered":"El jefe de protocolo del Ministerio de Educaci\u00f3n y Formaci\u00f3n Profesional, recibe a los alumnos de Protocolo Empresarial y Social"},"content":{"rendered":"<p class=\"Cuerpo\" style=\"text-align: justify; text-justify: inter-ideograph;\"><span lang=\"ES-TRAD\">El pasado mi\u00e9rcoles 23 de octubre, los alumnos que cursan la asignatura de Protocolo Empresarial y Social, impartida por la profesora Mar Castro, tuvieron la oportunidad de visitar el majestuoso edificio del Ministerio de Educaci\u00f3n y Formaci\u00f3n Profesional de la mano de Arturo Mart\u00ednez Meg\u00eda, jefe de protocolo de esta instituci\u00f3n desde 2008.<\/span><\/p>\n<p class=\"Cuerpo\" style=\"text-align: justify; text-justify: inter-ideograph;\"><span lang=\"ES-TRAD\">La visita comenz\u00f3 en el vest\u00edbulo, donde, seg\u00fan Mart\u00ednez explic\u00f3, tienen lugar la mayor\u00eda de actos que se celebran en el Ministerio \u201cpuesto que caben unas 120 personas sentadas o alrededor de 250 personas pueden estar c\u00f3modas de pie\u201d, aunque reciben \u201cm\u00e1s cr\u00edticas\u201d si hacen un acto de estas caracter\u00edsticas, apunt\u00f3 Arturo. Adem\u00e1s, \u201clas puertas de cristal permiten controlar a los invitados que van llegando, hay servicios cerca y el pasillo lateral es c\u00f3modo para poner un servicio de catering\u201d, describi\u00f3 Mart\u00ednez a los alumnos. Actualmente, el Ministerio hace los actos de toma de posesi\u00f3n y la entrega de la condecoraci\u00f3n de Alfonso X el Sabio. Tambi\u00e9n se encarga de la inauguraci\u00f3n de cursos \u201caunque no se celebra aqu\u00ed\u201d. <\/span><\/p>\n<p class=\"Cuerpo\" style=\"text-align: justify; text-justify: inter-ideograph;\"><span lang=\"ES-TRAD\">El edifico donde se ubica este Ministerio \u201cse construy\u00f3 pensando en que fuera un ministerio\u201d y tras las ampliaciones que ha experimentado a lo largo de los a\u00f1os y la evoluci\u00f3n de la funcionalidad de este tipo de edificios, \u201cla arquitectura y distribuci\u00f3n es sumamente compleja\u201d, apunt\u00f3 el jefe de protocolo entre risas. Tambi\u00e9n destac\u00f3 a los alumnos que \u201cesta es la primera vez en la historia que el Ministerio de Educaci\u00f3n incluye en su t\u00edtulo el apellido de Formaci\u00f3n Profesional\u201d y que tambi\u00e9n es el primer a\u00f1o que \u201clas reales academias no dependen de este Ministerio\u201d. <\/span><\/p>\n<p class=\"Cuerpo\" style=\"text-align: justify; text-justify: inter-ideograph;\"><span lang=\"ES-TRAD\">Subiendo las escaleras, todos los alumnos se sorprendieron al ver los retratos de los ministros de educaci\u00f3n que decoraban la pared. Arturo Mart\u00ednez los condujo al Sal\u00f3n de Cuadros, donde quedaron prendados ante los retratos antiguos que tapizan la pared de toda la sala. Al parecer, antiguamente cuando un ministro cesa, este pod\u00eda elegir a un pintor para que le hiciera un retrato y la obra se colgaba en el sal\u00f3n para conmemorar su labor. \u201cLa tradici\u00f3n se mantiene hasta ahora\u201d, coment\u00f3 Mart\u00ednez que se\u00f1al\u00f3 que este Ministerio es el \u00fanico que mantiene \u201ctodos los cuadros desde que se cre\u00f3, incluso los que se perdieron tras la Segunda Rep\u00fablica\u201d. El acto de colgar el cuadro se celebraba en ese sal\u00f3n pero \u201cya no caben m\u00e1s, por eso se ha empezado a exponer los retratos en la escalera principal\u201d, por lo que se celebra en otra de las salas.<\/span><\/p>\n<p class=\"Cuerpo\" style=\"text-align: justify; text-justify: inter-ideograph;\"><span lang=\"ES-TRAD\">Arturo Mart\u00ednez maravill\u00f3 a los alumnos con la entrada al Sal\u00f3n Goya, el sal\u00f3n noble donde se celebran las reuniones de los consejeros. Todos los cuadros que decoran las grandes paredes son de la Escuela Goya, \u201caunque ninguno es obra del propio pintor\u201d y son cesiones del Museo del Prado. El elemento m\u00e1s destacado de esta sala es la enorme mesa presidencial ubicada en el centro, para la que Mart\u00ednez apuesta siempre por la presidencia francesa claramente destacada por la posici\u00f3n de las banderas oficiales. En el Sal\u00f3n Goya caben entre 60 y 70 personas y se celebran tambi\u00e9n peque\u00f1os actos internos y las firmas de convenios. <\/span><\/p>\n<p class=\"Cuerpo\" style=\"text-align: justify; text-justify: inter-ideograph;\"><span lang=\"ES-TRAD\">El jefe de protocolo comparti\u00f3 que \u201cestar en manos de un Gobierno en funciones se nota mucho en la cantidad de actividades que se pueden hacer\u201d y ahora, en plena campa\u00f1a electoral \u201cno se pueden explicar reformas ni leyes, la ley electoral lo impide porque puede interpretarse como propaganda y eso limita nuestras funciones\u201d. Arturo Mart\u00ednez, en su papel de jefe de protocolo, advirti\u00f3 a los alumnos de que la autoridad \u201ctiene la \u00faltima palabra\u201d, aunque no encaje bien con lo que ser\u00eda \u201cm\u00e1s adecuado\u201d. Anim\u00f3 a los alumnos a \u201cimplicarse en la imagen y gesti\u00f3n del acto\u201d, pues es lo que un buen encargado de protocolo tiene que hacer.<\/span><\/p>\n<p><em>(*) Esta noticia ha sido redactada por Aina Arbona Gelabert, alumnas de <span lang=\"ES-TRAD\">la asignatura de Protocolo Empresarial y Social.<\/span><\/em><\/p>\n\n\t\t<style type=\"text\/css\">\n\t\t\t#gallery-1 {\n\t\t\t\tmargin: auto;\n\t\t\t}\n\t\t\t#gallery-1 .gallery-item {\n\t\t\t\tfloat: left;\n\t\t\t\tmargin-top: 10px;\n\t\t\t\ttext-align: center;\n\t\t\t\twidth: 25%;\n\t\t\t}\n\t\t\t#gallery-1 img {\n\t\t\t\tborder: 2px solid #cfcfcf;\n\t\t\t}\n\t\t\t#gallery-1 .gallery-caption {\n\t\t\t\tmargin-left: 0;\n\t\t\t}\n\t\t\t\/* see gallery_shortcode() in wp-includes\/media.php *\/\n\t\t<\/style>\n\t\t<div id='gallery-1' class='gallery galleryid-61560 gallery-columns-4 gallery-size-thumbnail'><dl class='gallery-item'>\n\t\t\t<dt class='gallery-icon landscape'>\n\t\t\t\t<a href='https:\/\/www.nebrija.com\/medios\/actualidadnebrija\/wp-content\/uploads\/sites\/2\/2019\/11\/RetratosMInistros.jpg'><img loading=\"lazy\" decoding=\"async\" width=\"150\" height=\"150\" src=\"https:\/\/www.nebrija.com\/medios\/actualidadnebrija\/wp-content\/uploads\/sites\/2\/2019\/11\/RetratosMInistros-150x150.jpg\" class=\"attachment-thumbnail size-thumbnail\" alt=\"\" \/><\/a>\n\t\t\t<\/dt><\/dl><dl class='gallery-item'>\n\t\t\t<dt class='gallery-icon landscape'>\n\t\t\t\t<a href='https:\/\/www.nebrija.com\/medios\/actualidadnebrija\/wp-content\/uploads\/sites\/2\/2019\/11\/Salo\u0301n-Goya.jpg'><img loading=\"lazy\" decoding=\"async\" width=\"150\" height=\"150\" src=\"https:\/\/www.nebrija.com\/medios\/actualidadnebrija\/wp-content\/uploads\/sites\/2\/2019\/11\/Salo\u0301n-Goya-150x150.jpg\" class=\"attachment-thumbnail size-thumbnail\" alt=\"\" \/><\/a>\n\t\t\t<\/dt><\/dl><dl class='gallery-item'>\n\t\t\t<dt class='gallery-icon landscape'>\n\t\t\t\t<a href='https:\/\/www.nebrija.com\/medios\/actualidadnebrija\/wp-content\/uploads\/sites\/2\/2019\/11\/Alumnos-vesti\u0301bulo.jpg'><img loading=\"lazy\" decoding=\"async\" width=\"150\" height=\"150\" src=\"https:\/\/www.nebrija.com\/medios\/actualidadnebrija\/wp-content\/uploads\/sites\/2\/2019\/11\/Alumnos-vesti\u0301bulo-150x150.jpg\" class=\"attachment-thumbnail size-thumbnail\" alt=\"\" \/><\/a>\n\t\t\t<\/dt><\/dl><dl class='gallery-item'>\n\t\t\t<dt class='gallery-icon landscape'>\n\t\t\t\t<a href='https:\/\/www.nebrija.com\/medios\/actualidadnebrija\/wp-content\/uploads\/sites\/2\/2019\/11\/Retratos-ministros.jpg'><img loading=\"lazy\" decoding=\"async\" width=\"150\" height=\"150\" src=\"https:\/\/www.nebrija.com\/medios\/actualidadnebrija\/wp-content\/uploads\/sites\/2\/2019\/11\/Retratos-ministros-150x150.jpg\" class=\"attachment-thumbnail size-thumbnail\" alt=\"\" \/><\/a>\n\t\t\t<\/dt><\/dl><br style=\"clear: both\" \/>\n\t\t<\/div>\n\n","protected":false},"excerpt":{"rendered":"<p>Los alumnos de la asignatura de Protocolo Empresarial y Social visitaron el majestuoso edificio del Ministerio de Educaci\u00f3n y Formaci\u00f3n Profesional de la mano de Arturo Mart\u00ednez Meg\u00eda, jefe de protocolo de esta instituci\u00f3n desde 2008.<\/p>\n","protected":false},"author":263,"featured_media":61564,"comment_status":"open","ping_status":"open","sticky":false,"template":"","format":"standard","meta":{"_acf_changed":false,"_monsterinsights_skip_tracking":false,"_monsterinsights_sitenote_active":false,"_monsterinsights_sitenote_note":"","_monsterinsights_sitenote_category":0,"footnotes":""},"categories":[3,3050],"tags":[],"acf":[],"yoast_head":"<!-- This site is optimized with the Yoast SEO plugin v22.1 - https:\/\/yoast.com\/wordpress\/plugins\/seo\/ -->\n<title>El jefe de protocolo del Ministerio de Educaci\u00f3n y Formaci\u00f3n Profesional, recibe a los alumnos de Protocolo Empresarial y Social - Actualidad Nebrija<\/title>\n<meta name=\"robots\" content=\"index, follow, max-snippet:-1, max-image-preview:large, max-video-preview:-1\" \/>\n<link rel=\"canonical\" href=\"https:\/\/www.nebrija.com\/medios\/actualidadnebrija\/2019\/11\/07\/el-jefe-de-protocolo-del-ministerio-de-educacion-y-formacion-profesional-recibe-a-los-alumnos-de-protocolo-empresarial-y-social\/\" \/>\n<meta property=\"og:locale\" content=\"es_ES\" \/>\n<meta property=\"og:type\" content=\"article\" \/>\n<meta property=\"og:title\" content=\"El jefe de protocolo del Ministerio de Educaci\u00f3n y Formaci\u00f3n Profesional, recibe a los alumnos de Protocolo Empresarial y Social - Actualidad Nebrija\" \/>\n<meta property=\"og:description\" content=\"Los alumnos de la asignatura de Protocolo Empresarial y Social visitaron el majestuoso edificio del Ministerio de Educaci\u00f3n y Formaci\u00f3n Profesional de la mano de Arturo Mart\u00ednez Meg\u00eda, jefe de protocolo de esta instituci\u00f3n desde 2008.\" \/>\n<meta property=\"og:url\" content=\"https:\/\/www.nebrija.com\/medios\/actualidadnebrija\/2019\/11\/07\/el-jefe-de-protocolo-del-ministerio-de-educacion-y-formacion-profesional-recibe-a-los-alumnos-de-protocolo-empresarial-y-social\/\" \/>\n<meta property=\"og:site_name\" content=\"Actualidad Nebrija\" \/>\n<meta property=\"article:published_time\" content=\"2019-11-07T10:55:54+00:00\" \/>\n<meta property=\"article:modified_time\" content=\"2019-11-07T10:57:55+00:00\" \/>\n<meta property=\"og:image\" content=\"https:\/\/www.nebrija.com\/medios\/actualidadnebrija\/wp-content\/uploads\/sites\/2\/2019\/11\/Alumnos-vesti\u0301bulo.jpg\" \/>\n\t<meta property=\"og:image:width\" content=\"640\" \/>\n\t<meta property=\"og:image:height\" content=\"480\" \/>\n\t<meta property=\"og:image:type\" content=\"image\/jpeg\" \/>\n<meta name=\"author\" content=\"pmartinezma\" \/>\n<meta name=\"twitter:card\" content=\"summary_large_image\" \/>\n<meta name=\"twitter:label1\" content=\"Escrito por\" \/>\n\t<meta name=\"twitter:data1\" content=\"pmartinezma\" \/>\n\t<meta name=\"twitter:label2\" content=\"Tiempo de lectura\" \/>\n\t<meta name=\"twitter:data2\" content=\"4 minutos\" \/>\n<!-- \/ Yoast SEO plugin. -->","yoast_head_json":{"title":"El jefe de protocolo del Ministerio de Educaci\u00f3n y Formaci\u00f3n Profesional, recibe a los alumnos de Protocolo Empresarial y Social - Actualidad Nebrija","robots":{"index":"index","follow":"follow","max-snippet":"max-snippet:-1","max-image-preview":"max-image-preview:large","max-video-preview":"max-video-preview:-1"},"canonical":"https:\/\/www.nebrija.com\/medios\/actualidadnebrija\/2019\/11\/07\/el-jefe-de-protocolo-del-ministerio-de-educacion-y-formacion-profesional-recibe-a-los-alumnos-de-protocolo-empresarial-y-social\/","og_locale":"es_ES","og_type":"article","og_title":"El jefe de protocolo del Ministerio de Educaci\u00f3n y Formaci\u00f3n Profesional, recibe a los alumnos de Protocolo Empresarial y Social - Actualidad Nebrija","og_description":"Los alumnos de la asignatura de Protocolo Empresarial y Social visitaron el majestuoso edificio del Ministerio de Educaci\u00f3n y Formaci\u00f3n Profesional de la mano de Arturo Mart\u00ednez Meg\u00eda, jefe de protocolo de esta instituci\u00f3n desde 2008.","og_url":"https:\/\/www.nebrija.com\/medios\/actualidadnebrija\/2019\/11\/07\/el-jefe-de-protocolo-del-ministerio-de-educacion-y-formacion-profesional-recibe-a-los-alumnos-de-protocolo-empresarial-y-social\/","og_site_name":"Actualidad Nebrija","article_published_time":"2019-11-07T10:55:54+00:00","article_modified_time":"2019-11-07T10:57:55+00:00","og_image":[{"width":640,"height":480,"url":"https:\/\/www.nebrija.com\/medios\/actualidadnebrija\/wp-content\/uploads\/sites\/2\/2019\/11\/Alumnos-vesti\u0301bulo.jpg","type":"image\/jpeg"}],"author":"pmartinezma","twitter_card":"summary_large_image","twitter_misc":{"Escrito por":"pmartinezma","Tiempo de lectura":"4 minutos"},"schema":{"@context":"https:\/\/schema.org","@graph":[{"@type":"WebPage","@id":"https:\/\/www.nebrija.com\/medios\/actualidadnebrija\/2019\/11\/07\/el-jefe-de-protocolo-del-ministerio-de-educacion-y-formacion-profesional-recibe-a-los-alumnos-de-protocolo-empresarial-y-social\/","url":"https:\/\/www.nebrija.com\/medios\/actualidadnebrija\/2019\/11\/07\/el-jefe-de-protocolo-del-ministerio-de-educacion-y-formacion-profesional-recibe-a-los-alumnos-de-protocolo-empresarial-y-social\/","name":"El jefe de protocolo del Ministerio de Educaci\u00f3n y Formaci\u00f3n Profesional, recibe a los alumnos de Protocolo Empresarial y Social - Actualidad Nebrija","isPartOf":{"@id":"https:\/\/www.nebrija.com\/medios\/actualidadnebrija\/#website"},"datePublished":"2019-11-07T10:55:54+00:00","dateModified":"2019-11-07T10:57:55+00:00","author":{"@id":"https:\/\/www.nebrija.com\/medios\/actualidadnebrija\/#\/schema\/person\/eece520e53a2d6b773c896d785ca10ad"},"breadcrumb":{"@id":"https:\/\/www.nebrija.com\/medios\/actualidadnebrija\/2019\/11\/07\/el-jefe-de-protocolo-del-ministerio-de-educacion-y-formacion-profesional-recibe-a-los-alumnos-de-protocolo-empresarial-y-social\/#breadcrumb"},"inLanguage":"es","potentialAction":[{"@type":"ReadAction","target":["https:\/\/www.nebrija.com\/medios\/actualidadnebrija\/2019\/11\/07\/el-jefe-de-protocolo-del-ministerio-de-educacion-y-formacion-profesional-recibe-a-los-alumnos-de-protocolo-empresarial-y-social\/"]}]},{"@type":"BreadcrumbList","@id":"https:\/\/www.nebrija.com\/medios\/actualidadnebrija\/2019\/11\/07\/el-jefe-de-protocolo-del-ministerio-de-educacion-y-formacion-profesional-recibe-a-los-alumnos-de-protocolo-empresarial-y-social\/#breadcrumb","itemListElement":[{"@type":"ListItem","position":1,"name":"Home","item":"https:\/\/www.nebrija.com\/medios\/actualidadnebrija\/"},{"@type":"ListItem","position":2,"name":"El jefe de protocolo del Ministerio de Educaci\u00f3n y Formaci\u00f3n Profesional, recibe a los alumnos de Protocolo Empresarial y Social"}]},{"@type":"WebSite","@id":"https:\/\/www.nebrija.com\/medios\/actualidadnebrija\/#website","url":"https:\/\/www.nebrija.com\/medios\/actualidadnebrija\/","name":"Actualidad Nebrija","description":"Noticias de la Universidad Nebrija","potentialAction":[{"@type":"SearchAction","target":{"@type":"EntryPoint","urlTemplate":"https:\/\/www.nebrija.com\/medios\/actualidadnebrija\/?s={search_term_string}"},"query-input":"required name=search_term_string"}],"inLanguage":"es"},{"@type":"Person","@id":"https:\/\/www.nebrija.com\/medios\/actualidadnebrija\/#\/schema\/person\/eece520e53a2d6b773c896d785ca10ad","name":"pmartinezma","image":{"@type":"ImageObject","inLanguage":"es","@id":"https:\/\/www.nebrija.com\/medios\/actualidadnebrija\/#\/schema\/person\/image\/","url":"https:\/\/secure.gravatar.com\/avatar\/5feaacc0ce30f23dc14c8724dc28a01f?s=96&d=mm&r=g","contentUrl":"https:\/\/secure.gravatar.com\/avatar\/5feaacc0ce30f23dc14c8724dc28a01f?s=96&d=mm&r=g","caption":"pmartinezma"},"url":"https:\/\/www.nebrija.com\/medios\/actualidadnebrija\/author\/pmartinezma\/"}]}},"_links":{"self":[{"href":"https:\/\/www.nebrija.com\/medios\/actualidadnebrija\/wp-json\/wp\/v2\/posts\/61560"}],"collection":[{"href":"https:\/\/www.nebrija.com\/medios\/actualidadnebrija\/wp-json\/wp\/v2\/posts"}],"about":[{"href":"https:\/\/www.nebrija.com\/medios\/actualidadnebrija\/wp-json\/wp\/v2\/types\/post"}],"author":[{"embeddable":true,"href":"https:\/\/www.nebrija.com\/medios\/actualidadnebrija\/wp-json\/wp\/v2\/users\/263"}],"replies":[{"embeddable":true,"href":"https:\/\/www.nebrija.com\/medios\/actualidadnebrija\/wp-json\/wp\/v2\/comments?post=61560"}],"version-history":[{"count":3,"href":"https:\/\/www.nebrija.com\/medios\/actualidadnebrija\/wp-json\/wp\/v2\/posts\/61560\/revisions"}],"predecessor-version":[{"id":61567,"href":"https:\/\/www.nebrija.com\/medios\/actualidadnebrija\/wp-json\/wp\/v2\/posts\/61560\/revisions\/61567"}],"wp:featuredmedia":[{"embeddable":true,"href":"https:\/\/www.nebrija.com\/medios\/actualidadnebrija\/wp-json\/wp\/v2\/media\/61564"}],"wp:attachment":[{"href":"https:\/\/www.nebrija.com\/medios\/actualidadnebrija\/wp-json\/wp\/v2\/media?parent=61560"}],"wp:term":[{"taxonomy":"category","embeddable":true,"href":"https:\/\/www.nebrija.com\/medios\/actualidadnebrija\/wp-json\/wp\/v2\/categories?post=61560"},{"taxonomy":"post_tag","embeddable":true,"href":"https:\/\/www.nebrija.com\/medios\/actualidadnebrija\/wp-json\/wp\/v2\/tags?post=61560"}],"curies":[{"name":"wp","href":"https:\/\/api.w.org\/{rel}","templated":true}]}}