{"id":64004,"date":"2020-02-21T12:54:57","date_gmt":"2020-02-21T11:54:57","guid":{"rendered":"https:\/\/www.nebrija.com\/medios\/actualidadnebrija\/?p=64004"},"modified":"2020-02-21T12:56:05","modified_gmt":"2020-02-21T11:56:05","slug":"el-silencio-condena-a-las-victimas-de-abuso-sexual-infantil","status":"publish","type":"post","link":"https:\/\/www.nebrija.com\/medios\/actualidadnebrija\/2020\/02\/21\/el-silencio-condena-a-las-victimas-de-abuso-sexual-infantil\/","title":{"rendered":"\u201cEl silencio condena a las v\u00edctimas de abuso sexual infantil\u201d"},"content":{"rendered":"<p>En Espa\u00f1a, uno de cada cinco menores sufren casos de abuso sexual infantil, una realidad que solo tiene cabida en los medios de comunicaci\u00f3n cuando un caso llama especialmente la atenci\u00f3n, pero que muchos otros sufren en silencio d\u00eda a d\u00eda.<br \/>\nNatalia Ortega de Pablo, psic\u00f3loga experta en abuso infantil, imparti\u00f3 una charla a los alumnos del <a href=\"https:\/\/www.nebrija.com\/carreras-universitarias\/grado-psicologia\/\">Grado en Psicolog\u00eda<\/a> para aprender a detectar estos casos y c\u00f3mo tratarlos en la consulta: \u201cMi intenci\u00f3n es que salg\u00e1is concienciados de que hay que dar voz a las v\u00edctimas del abuso sexual infantil y sois los elegidos para hacerlo al haber escogido esta profesi\u00f3n\u201d.<\/p>\n<p>Seg\u00fan la psic\u00f3loga el tratamiento psicol\u00f3gico para v\u00edctimas de abusos sexuales infantiles son fundamentales, porque \u201clas consecuencias pueden ser muy graves y a largo plazo\u201d. Un rasgo com\u00fan en todas las v\u00edctimas que Natalia Ortega de Pablo recalc\u00f3 es la culpabilidad que \u201cse sienten culpables por no haber sido capaces de parar los abusos\u201d por lo que su recuperaci\u00f3n y tratamiento debe empezar por evitar esa culpabilidad.<\/p>\n<p>Reconocer los abusos en menores no es sencillo porque \u201clos ni\u00f1os son silenciados, es con lo que juega el abusador\u201d, por lo que pueden pasar a\u00f1os sin que esa trauma salga a la luz. Adem\u00e1s, los abusos no siempre van acompa\u00f1ados de violencia f\u00edsica, \u201cpero s\u00ed es frecuente la violencia verbal\u201d.<\/p>\n<p>De hecho, la psic\u00f3loga explic\u00f3 que, en muchas ocasiones, \u201clos adultos han acudido a su consulta buscando ayuda profesional por alg\u00fan otro tema y en consulta se descubre que tiene origen en alg\u00fan abuso cuando eran ni\u00f1os y que hab\u00edan bloqueado\u201d.<br \/>\nPor eso, la experta recomend\u00f3 a los futuros psic\u00f3logos que \u201ccuando evalu\u00e9is a un ni\u00f1o ten\u00e9is que comparar su verbalizaci\u00f3n en distintas situaciones y ver su lenguaje no verbal para saber si hay alg\u00fan tipo de fabulaci\u00f3n o es una situaci\u00f3n real lo que est\u00e1 relatando\u201d.<\/p>\n<p>Natalia Ortega de Pablo tambi\u00e9n hizo hincapi\u00e9 en la necesidad de educar a los menores para la prevenci\u00f3n de los abusos y darles herramientas para identificar lo que les est\u00e1 ocurriendo como algo no normalizado y atreverse a cont\u00e1rselo a alguien: \u201cEs importante trabajar la sexualidad desde peque\u00f1os y la educaci\u00f3n afectiva sexual adecuada al proceso madurativo de cada ni\u00f1o\u201d. Dentro de esa educaci\u00f3n, la psic\u00f3loga puso parte de la atenci\u00f3n en conductas que realizan los adultos: \u201cNo obliguemos a los ni\u00f1os a dar muestras de afecto porque les hacemos sentir que siempre tienen que decir que s\u00ed y que ser\u00e1n m\u00e1s buenos si aceptan y son cari\u00f1osos\u201d, lo que les puede llevar a no ver una situaci\u00f3n de abuso como tal.<\/p>\n<p>Durante la conferencia Natalia Ortega de Pablo quiso desmentir falsas creencias establecidas en la sociedad como que los abusos infantiles son poco frecuentes o que solo los sufren las ni\u00f1as. Otra idea err\u00f3nea es que los agresores est\u00e1n locos o tienen una enfermedad mental: \u201cNormalmente los agresores tienen una funcionalidad laboral y social perfectamente habitual y no siempre han sido v\u00edctimas previas\u201d. Es cierto que una gran parte de los agresores \u201csuelen ser conocidos de las v\u00edctimas. Si el abuso ocurre en el seno de las familias, a veces estas no lo denuncian porque tienen miedo a romper el n\u00facleo familiar\u201d, explic\u00f3 la experta.<\/p>\n<p>Los alumnos expusieron muchas de sus dudas durante la charla y se interesaron por saber si es posible reconducir la conducta de los agresores con tratamiento psicol\u00f3gico: \u201cPara reconducir la conducta de los agresores es necesario trabajar desde un reconocimiento real por parte del agresor de los abusos que ha cometido. Con los agresores se puede hacer una intervenci\u00f3n, pero no est\u00e1 demostrado que se corrija la conducta\u201d, indic\u00f3 la psic\u00f3loga.<\/p>\n\n\t\t<style type=\"text\/css\">\n\t\t\t#gallery-1 {\n\t\t\t\tmargin: auto;\n\t\t\t}\n\t\t\t#gallery-1 .gallery-item {\n\t\t\t\tfloat: left;\n\t\t\t\tmargin-top: 10px;\n\t\t\t\ttext-align: center;\n\t\t\t\twidth: 14%;\n\t\t\t}\n\t\t\t#gallery-1 img {\n\t\t\t\tborder: 2px solid #cfcfcf;\n\t\t\t}\n\t\t\t#gallery-1 .gallery-caption {\n\t\t\t\tmargin-left: 0;\n\t\t\t}\n\t\t\t\/* see gallery_shortcode() in wp-includes\/media.php *\/\n\t\t<\/style>\n\t\t<div id='gallery-1' class='gallery galleryid-64004 gallery-columns-7 gallery-size-thumbnail'><dl class='gallery-item'>\n\t\t\t<dt class='gallery-icon landscape'>\n\t\t\t\t<a href='https:\/\/www.nebrija.com\/medios\/actualidadnebrija\/wp-content\/uploads\/sites\/2\/2020\/02\/DSC09786-1.jpg'><img loading=\"lazy\" decoding=\"async\" width=\"150\" height=\"150\" src=\"https:\/\/www.nebrija.com\/medios\/actualidadnebrija\/wp-content\/uploads\/sites\/2\/2020\/02\/DSC09786-1-150x150.jpg\" class=\"attachment-thumbnail size-thumbnail\" alt=\"Abuso Sexual Infantil\" \/><\/a>\n\t\t\t<\/dt><\/dl><dl class='gallery-item'>\n\t\t\t<dt class='gallery-icon landscape'>\n\t\t\t\t<a href='https:\/\/www.nebrija.com\/medios\/actualidadnebrija\/wp-content\/uploads\/sites\/2\/2020\/02\/DSC09767-1.jpg'><img loading=\"lazy\" decoding=\"async\" width=\"150\" height=\"150\" src=\"https:\/\/www.nebrija.com\/medios\/actualidadnebrija\/wp-content\/uploads\/sites\/2\/2020\/02\/DSC09767-1-150x150.jpg\" class=\"attachment-thumbnail size-thumbnail\" alt=\"Abuso Sexual Infantil\" \/><\/a>\n\t\t\t<\/dt><\/dl><dl class='gallery-item'>\n\t\t\t<dt class='gallery-icon landscape'>\n\t\t\t\t<a href='https:\/\/www.nebrija.com\/medios\/actualidadnebrija\/wp-content\/uploads\/sites\/2\/2020\/02\/DSC09764-1.jpg'><img loading=\"lazy\" decoding=\"async\" width=\"150\" height=\"150\" src=\"https:\/\/www.nebrija.com\/medios\/actualidadnebrija\/wp-content\/uploads\/sites\/2\/2020\/02\/DSC09764-1-150x150.jpg\" class=\"attachment-thumbnail size-thumbnail\" alt=\"Abuso Sexual Infantil\" \/><\/a>\n\t\t\t<\/dt><\/dl><dl class='gallery-item'>\n\t\t\t<dt class='gallery-icon landscape'>\n\t\t\t\t<a href='https:\/\/www.nebrija.com\/medios\/actualidadnebrija\/wp-content\/uploads\/sites\/2\/2020\/02\/DSC09742-1.jpg'><img loading=\"lazy\" decoding=\"async\" width=\"150\" height=\"150\" src=\"https:\/\/www.nebrija.com\/medios\/actualidadnebrija\/wp-content\/uploads\/sites\/2\/2020\/02\/DSC09742-1-150x150.jpg\" class=\"attachment-thumbnail size-thumbnail\" alt=\"Abuso Sexual Infantil\" \/><\/a>\n\t\t\t<\/dt><\/dl><dl class='gallery-item'>\n\t\t\t<dt class='gallery-icon landscape'>\n\t\t\t\t<a href='https:\/\/www.nebrija.com\/medios\/actualidadnebrija\/wp-content\/uploads\/sites\/2\/2020\/02\/DSC09719-1.jpg'><img loading=\"lazy\" decoding=\"async\" width=\"150\" height=\"150\" src=\"https:\/\/www.nebrija.com\/medios\/actualidadnebrija\/wp-content\/uploads\/sites\/2\/2020\/02\/DSC09719-1-150x150.jpg\" class=\"attachment-thumbnail size-thumbnail\" alt=\"Abuso Sexual Infantil\" \/><\/a>\n\t\t\t<\/dt><\/dl><dl class='gallery-item'>\n\t\t\t<dt class='gallery-icon landscape'>\n\t\t\t\t<a href='https:\/\/www.nebrija.com\/medios\/actualidadnebrija\/wp-content\/uploads\/sites\/2\/2020\/02\/DSC09702-1.jpg'><img loading=\"lazy\" decoding=\"async\" width=\"150\" height=\"150\" src=\"https:\/\/www.nebrija.com\/medios\/actualidadnebrija\/wp-content\/uploads\/sites\/2\/2020\/02\/DSC09702-1-150x150.jpg\" class=\"attachment-thumbnail size-thumbnail\" alt=\"Abuso Sexual Infantil\" \/><\/a>\n\t\t\t<\/dt><\/dl><dl class='gallery-item'>\n\t\t\t<dt class='gallery-icon landscape'>\n\t\t\t\t<a href='https:\/\/www.nebrija.com\/medios\/actualidadnebrija\/wp-content\/uploads\/sites\/2\/2020\/02\/DSC09682-1.jpg'><img loading=\"lazy\" decoding=\"async\" width=\"150\" height=\"150\" src=\"https:\/\/www.nebrija.com\/medios\/actualidadnebrija\/wp-content\/uploads\/sites\/2\/2020\/02\/DSC09682-1-150x150.jpg\" class=\"attachment-thumbnail size-thumbnail\" alt=\"Abuso Sexual Infantil\" \/><\/a>\n\t\t\t<\/dt><\/dl><br style=\"clear: both\" \/>\n\t\t<\/div>\n\n","protected":false},"excerpt":{"rendered":"<p>En Espa\u00f1a, uno de cada cinco menores sufren casos de abuso sexual infantil, una realidad que solo tiene cabida en los medios de comunicaci\u00f3n cuando un caso llama especialmente la atenci\u00f3n, pero que muchos otros sufren en silencio d\u00eda a d\u00eda.<\/p>\n","protected":false},"author":263,"featured_media":64006,"comment_status":"open","ping_status":"open","sticky":false,"template":"","format":"standard","meta":{"_acf_changed":false,"_monsterinsights_skip_tracking":false,"_monsterinsights_sitenote_active":false,"_monsterinsights_sitenote_note":"","_monsterinsights_sitenote_category":0,"footnotes":""},"categories":[3051],"tags":[3839,3124,3838,3840],"acf":[],"yoast_head":"<!-- This site is optimized with the Yoast SEO plugin v22.1 - https:\/\/yoast.com\/wordpress\/plugins\/seo\/ -->\n<title>\u201cEl silencio condena a las v\u00edctimas de abuso sexual infantil\u201d<\/title>\n<meta name=\"description\" content=\"En Espa\u00f1a, uno de cada cinco menores sufren casos de abuso sexual infantil, una realidad que solo tiene cabida en los medios de comunicaci\u00f3n cuando un caso llama especialmente la atenci\u00f3n, pero que muchos otros sufren en silencio d\u00eda a d\u00eda.\" \/>\n<meta name=\"robots\" content=\"index, follow, max-snippet:-1, max-image-preview:large, max-video-preview:-1\" \/>\n<link rel=\"canonical\" href=\"https:\/\/www.nebrija.com\/medios\/actualidadnebrija\/2020\/02\/21\/el-silencio-condena-a-las-victimas-de-abuso-sexual-infantil\/\" \/>\n<meta property=\"og:locale\" content=\"es_ES\" \/>\n<meta property=\"og:type\" content=\"article\" \/>\n<meta property=\"og:title\" content=\"\u201cEl silencio condena a las v\u00edctimas de abuso sexual infantil\u201d\" \/>\n<meta property=\"og:description\" content=\"En Espa\u00f1a, uno de cada cinco menores sufren casos de abuso sexual infantil, una realidad que solo tiene cabida en los medios de comunicaci\u00f3n cuando un caso llama especialmente la atenci\u00f3n, pero que muchos otros sufren en silencio d\u00eda a d\u00eda.\" \/>\n<meta property=\"og:url\" content=\"https:\/\/www.nebrija.com\/medios\/actualidadnebrija\/2020\/02\/21\/el-silencio-condena-a-las-victimas-de-abuso-sexual-infantil\/\" \/>\n<meta property=\"og:site_name\" content=\"Actualidad Nebrija\" \/>\n<meta property=\"article:published_time\" content=\"2020-02-21T11:54:57+00:00\" \/>\n<meta property=\"article:modified_time\" content=\"2020-02-21T11:56:05+00:00\" \/>\n<meta property=\"og:image\" content=\"https:\/\/www.nebrija.com\/medios\/actualidadnebrija\/wp-content\/uploads\/sites\/2\/2020\/02\/DSC09702-1.jpg\" \/>\n\t<meta property=\"og:image:width\" content=\"1000\" \/>\n\t<meta property=\"og:image:height\" content=\"667\" \/>\n\t<meta property=\"og:image:type\" content=\"image\/jpeg\" \/>\n<meta name=\"author\" content=\"pmartinezma\" \/>\n<meta name=\"twitter:card\" content=\"summary_large_image\" \/>\n<meta name=\"twitter:label1\" content=\"Escrito por\" \/>\n\t<meta name=\"twitter:data1\" content=\"pmartinezma\" \/>\n\t<meta name=\"twitter:label2\" content=\"Tiempo de lectura\" \/>\n\t<meta name=\"twitter:data2\" content=\"3 minutos\" \/>\n<!-- \/ Yoast SEO plugin. -->","yoast_head_json":{"title":"\u201cEl silencio condena a las v\u00edctimas de abuso sexual infantil\u201d","description":"En Espa\u00f1a, uno de cada cinco menores sufren casos de abuso sexual infantil, una realidad que solo tiene cabida en los medios de comunicaci\u00f3n cuando un caso llama especialmente la atenci\u00f3n, pero que muchos otros sufren en silencio d\u00eda a d\u00eda.","robots":{"index":"index","follow":"follow","max-snippet":"max-snippet:-1","max-image-preview":"max-image-preview:large","max-video-preview":"max-video-preview:-1"},"canonical":"https:\/\/www.nebrija.com\/medios\/actualidadnebrija\/2020\/02\/21\/el-silencio-condena-a-las-victimas-de-abuso-sexual-infantil\/","og_locale":"es_ES","og_type":"article","og_title":"\u201cEl silencio condena a las v\u00edctimas de abuso sexual infantil\u201d","og_description":"En Espa\u00f1a, uno de cada cinco menores sufren casos de abuso sexual infantil, una realidad que solo tiene cabida en los medios de comunicaci\u00f3n cuando un caso llama especialmente la atenci\u00f3n, pero que muchos otros sufren en silencio d\u00eda a d\u00eda.","og_url":"https:\/\/www.nebrija.com\/medios\/actualidadnebrija\/2020\/02\/21\/el-silencio-condena-a-las-victimas-de-abuso-sexual-infantil\/","og_site_name":"Actualidad Nebrija","article_published_time":"2020-02-21T11:54:57+00:00","article_modified_time":"2020-02-21T11:56:05+00:00","og_image":[{"width":1000,"height":667,"url":"https:\/\/www.nebrija.com\/medios\/actualidadnebrija\/wp-content\/uploads\/sites\/2\/2020\/02\/DSC09702-1.jpg","type":"image\/jpeg"}],"author":"pmartinezma","twitter_card":"summary_large_image","twitter_misc":{"Escrito por":"pmartinezma","Tiempo de lectura":"3 minutos"},"schema":{"@context":"https:\/\/schema.org","@graph":[{"@type":"WebPage","@id":"https:\/\/www.nebrija.com\/medios\/actualidadnebrija\/2020\/02\/21\/el-silencio-condena-a-las-victimas-de-abuso-sexual-infantil\/","url":"https:\/\/www.nebrija.com\/medios\/actualidadnebrija\/2020\/02\/21\/el-silencio-condena-a-las-victimas-de-abuso-sexual-infantil\/","name":"\u201cEl silencio condena a las v\u00edctimas de abuso sexual infantil\u201d","isPartOf":{"@id":"https:\/\/www.nebrija.com\/medios\/actualidadnebrija\/#website"},"datePublished":"2020-02-21T11:54:57+00:00","dateModified":"2020-02-21T11:56:05+00:00","author":{"@id":"https:\/\/www.nebrija.com\/medios\/actualidadnebrija\/#\/schema\/person\/eece520e53a2d6b773c896d785ca10ad"},"description":"En Espa\u00f1a, uno de cada cinco menores sufren casos de abuso sexual infantil, una realidad que solo tiene cabida en los medios de comunicaci\u00f3n cuando un caso llama especialmente la atenci\u00f3n, pero que muchos otros sufren en silencio d\u00eda a d\u00eda.","breadcrumb":{"@id":"https:\/\/www.nebrija.com\/medios\/actualidadnebrija\/2020\/02\/21\/el-silencio-condena-a-las-victimas-de-abuso-sexual-infantil\/#breadcrumb"},"inLanguage":"es","potentialAction":[{"@type":"ReadAction","target":["https:\/\/www.nebrija.com\/medios\/actualidadnebrija\/2020\/02\/21\/el-silencio-condena-a-las-victimas-de-abuso-sexual-infantil\/"]}]},{"@type":"BreadcrumbList","@id":"https:\/\/www.nebrija.com\/medios\/actualidadnebrija\/2020\/02\/21\/el-silencio-condena-a-las-victimas-de-abuso-sexual-infantil\/#breadcrumb","itemListElement":[{"@type":"ListItem","position":1,"name":"Home","item":"https:\/\/www.nebrija.com\/medios\/actualidadnebrija\/"},{"@type":"ListItem","position":2,"name":"\u201cEl silencio condena a las v\u00edctimas de abuso sexual infantil\u201d"}]},{"@type":"WebSite","@id":"https:\/\/www.nebrija.com\/medios\/actualidadnebrija\/#website","url":"https:\/\/www.nebrija.com\/medios\/actualidadnebrija\/","name":"Actualidad Nebrija","description":"Noticias de la Universidad Nebrija","potentialAction":[{"@type":"SearchAction","target":{"@type":"EntryPoint","urlTemplate":"https:\/\/www.nebrija.com\/medios\/actualidadnebrija\/?s={search_term_string}"},"query-input":"required name=search_term_string"}],"inLanguage":"es"},{"@type":"Person","@id":"https:\/\/www.nebrija.com\/medios\/actualidadnebrija\/#\/schema\/person\/eece520e53a2d6b773c896d785ca10ad","name":"pmartinezma","image":{"@type":"ImageObject","inLanguage":"es","@id":"https:\/\/www.nebrija.com\/medios\/actualidadnebrija\/#\/schema\/person\/image\/","url":"https:\/\/secure.gravatar.com\/avatar\/5feaacc0ce30f23dc14c8724dc28a01f?s=96&d=mm&r=g","contentUrl":"https:\/\/secure.gravatar.com\/avatar\/5feaacc0ce30f23dc14c8724dc28a01f?s=96&d=mm&r=g","caption":"pmartinezma"},"url":"https:\/\/www.nebrija.com\/medios\/actualidadnebrija\/author\/pmartinezma\/"}]}},"_links":{"self":[{"href":"https:\/\/www.nebrija.com\/medios\/actualidadnebrija\/wp-json\/wp\/v2\/posts\/64004"}],"collection":[{"href":"https:\/\/www.nebrija.com\/medios\/actualidadnebrija\/wp-json\/wp\/v2\/posts"}],"about":[{"href":"https:\/\/www.nebrija.com\/medios\/actualidadnebrija\/wp-json\/wp\/v2\/types\/post"}],"author":[{"embeddable":true,"href":"https:\/\/www.nebrija.com\/medios\/actualidadnebrija\/wp-json\/wp\/v2\/users\/263"}],"replies":[{"embeddable":true,"href":"https:\/\/www.nebrija.com\/medios\/actualidadnebrija\/wp-json\/wp\/v2\/comments?post=64004"}],"version-history":[{"count":1,"href":"https:\/\/www.nebrija.com\/medios\/actualidadnebrija\/wp-json\/wp\/v2\/posts\/64004\/revisions"}],"predecessor-version":[{"id":64012,"href":"https:\/\/www.nebrija.com\/medios\/actualidadnebrija\/wp-json\/wp\/v2\/posts\/64004\/revisions\/64012"}],"wp:featuredmedia":[{"embeddable":true,"href":"https:\/\/www.nebrija.com\/medios\/actualidadnebrija\/wp-json\/wp\/v2\/media\/64006"}],"wp:attachment":[{"href":"https:\/\/www.nebrija.com\/medios\/actualidadnebrija\/wp-json\/wp\/v2\/media?parent=64004"}],"wp:term":[{"taxonomy":"category","embeddable":true,"href":"https:\/\/www.nebrija.com\/medios\/actualidadnebrija\/wp-json\/wp\/v2\/categories?post=64004"},{"taxonomy":"post_tag","embeddable":true,"href":"https:\/\/www.nebrija.com\/medios\/actualidadnebrija\/wp-json\/wp\/v2\/tags?post=64004"}],"curies":[{"name":"wp","href":"https:\/\/api.w.org\/{rel}","templated":true}]}}