{"id":64045,"date":"2020-02-25T17:40:56","date_gmt":"2020-02-25T16:40:56","guid":{"rendered":"https:\/\/www.nebrija.com\/medios\/actualidadnebrija\/?p=64045"},"modified":"2020-02-25T17:40:56","modified_gmt":"2020-02-25T16:40:56","slug":"estilismo-de-moda","status":"publish","type":"post","link":"https:\/\/www.nebrija.com\/medios\/actualidadnebrija\/2020\/02\/25\/estilismo-de-moda\/","title":{"rendered":"Estilismo de Moda"},"content":{"rendered":"<p>El trabajo del estilista de moda no se ci\u00f1e \u00fanicamente a seleccionar prendas y vestir a los modelos, sino que tambi\u00e9n consiste en hacer que un producto sea lo m\u00e1s deseable y atractivo posible.<\/p>\n<p>El nuevo manual editado por Gustavo Gili, <a href=\"https:\/\/biblioteca.nebrija.es\/cgi-bin\/opac\/?TITN=111339\"><strong><em>Estilismo de Moda<\/em><\/strong><em>,<\/em><\/a> est\u00e1 inspirado en todos aquellos que quieren hacer carrera en el \u201cmundo fashion\u201d. Esta gu\u00eda relata qu\u00e9 es ser un estilista de moda, cu\u00e1les son sus funciones, a qu\u00e9 desaf\u00edos se enfrenta diariamente, e incluso nos cuenta sobre las herramientas de trabajo que debe tener, explica de forma detallada, paso a paso, el proceso fotogr\u00e1fico, examina las diferencias entre el estilismo comercial y el editorial, as\u00ed como el tipo de habilidades que cada uno de ellos requiere, y describe la vida laboral cotidiana del estilista.<\/p>\n<p>Es una obra que est\u00e1 ampliamente ilustrada con im\u00e1genes de estilismos dise\u00f1ados tanto por profesionales como por estudiantes que demuestran que, incluso con un presupuesto limitado, con grandes dosis de imaginaci\u00f3n y dinamismo es posible crear obras bellas y adecuadas para cada necesidad.<\/p>\n<p>Este libro electr\u00f3nico est\u00e1 disponible a trav\u00e9s del <a href=\"https:\/\/biblioteca.nebrija.es\/cgi-bin\/opac\/\"><strong>Cat\u00e1logo-OPAC ~ Web Portal<\/strong><\/a> de la Red de Bibliotecas.<\/p>\n","protected":false},"excerpt":{"rendered":"<p>El trabajo del estilista de moda no se ci\u00f1e \u00fanicamente a seleccionar prendas y vestir a los modelos, sino que tambi\u00e9n consiste en hacer que un producto sea lo m\u00e1s deseable y atractivo posible. El nuevo manual editado por Gustavo<\/p>\n","protected":false},"author":263,"featured_media":64046,"comment_status":"open","ping_status":"open","sticky":false,"template":"","format":"standard","meta":{"_acf_changed":false,"_monsterinsights_skip_tracking":false,"_monsterinsights_sitenote_active":false,"_monsterinsights_sitenote_note":"","_monsterinsights_sitenote_category":0,"footnotes":""},"categories":[3063],"tags":[],"acf":[],"yoast_head":"<!-- This site is optimized with the Yoast SEO plugin v22.1 - https:\/\/yoast.com\/wordpress\/plugins\/seo\/ -->\n<title>Estilismo de Moda - Actualidad Nebrija<\/title>\n<meta name=\"robots\" content=\"index, follow, max-snippet:-1, max-image-preview:large, max-video-preview:-1\" \/>\n<link rel=\"canonical\" href=\"https:\/\/www.nebrija.com\/medios\/actualidadnebrija\/2020\/02\/25\/estilismo-de-moda\/\" \/>\n<meta property=\"og:locale\" content=\"es_ES\" \/>\n<meta property=\"og:type\" content=\"article\" \/>\n<meta property=\"og:title\" content=\"Estilismo de Moda - Actualidad Nebrija\" \/>\n<meta property=\"og:description\" content=\"El trabajo del estilista de moda no se ci\u00f1e \u00fanicamente a seleccionar prendas y vestir a los modelos, sino que tambi\u00e9n consiste en hacer que un producto sea lo m\u00e1s deseable y atractivo posible. El nuevo manual editado por Gustavo\" \/>\n<meta property=\"og:url\" content=\"https:\/\/www.nebrija.com\/medios\/actualidadnebrija\/2020\/02\/25\/estilismo-de-moda\/\" \/>\n<meta property=\"og:site_name\" content=\"Actualidad Nebrija\" \/>\n<meta property=\"article:published_time\" content=\"2020-02-25T16:40:56+00:00\" \/>\n<meta property=\"og:image\" content=\"https:\/\/www.nebrija.com\/medios\/actualidadnebrija\/wp-content\/uploads\/sites\/2\/2020\/02\/cub_estilismo_de_moda.jpg\" \/>\n\t<meta property=\"og:image:width\" content=\"348\" \/>\n\t<meta property=\"og:image:height\" content=\"499\" \/>\n\t<meta property=\"og:image:type\" content=\"image\/jpeg\" \/>\n<meta name=\"author\" content=\"pmartinezma\" \/>\n<meta name=\"twitter:card\" content=\"summary_large_image\" \/>\n<meta name=\"twitter:label1\" content=\"Escrito por\" \/>\n\t<meta name=\"twitter:data1\" content=\"pmartinezma\" \/>\n\t<meta name=\"twitter:label2\" content=\"Tiempo de lectura\" \/>\n\t<meta name=\"twitter:data2\" content=\"1 minuto\" \/>\n<!-- \/ Yoast SEO plugin. -->","yoast_head_json":{"title":"Estilismo de Moda - Actualidad Nebrija","robots":{"index":"index","follow":"follow","max-snippet":"max-snippet:-1","max-image-preview":"max-image-preview:large","max-video-preview":"max-video-preview:-1"},"canonical":"https:\/\/www.nebrija.com\/medios\/actualidadnebrija\/2020\/02\/25\/estilismo-de-moda\/","og_locale":"es_ES","og_type":"article","og_title":"Estilismo de Moda - Actualidad Nebrija","og_description":"El trabajo del estilista de moda no se ci\u00f1e \u00fanicamente a seleccionar prendas y vestir a los modelos, sino que tambi\u00e9n consiste en hacer que un producto sea lo m\u00e1s deseable y atractivo posible. El nuevo manual editado por Gustavo","og_url":"https:\/\/www.nebrija.com\/medios\/actualidadnebrija\/2020\/02\/25\/estilismo-de-moda\/","og_site_name":"Actualidad Nebrija","article_published_time":"2020-02-25T16:40:56+00:00","og_image":[{"width":348,"height":499,"url":"https:\/\/www.nebrija.com\/medios\/actualidadnebrija\/wp-content\/uploads\/sites\/2\/2020\/02\/cub_estilismo_de_moda.jpg","type":"image\/jpeg"}],"author":"pmartinezma","twitter_card":"summary_large_image","twitter_misc":{"Escrito por":"pmartinezma","Tiempo de lectura":"1 minuto"},"schema":{"@context":"https:\/\/schema.org","@graph":[{"@type":"WebPage","@id":"https:\/\/www.nebrija.com\/medios\/actualidadnebrija\/2020\/02\/25\/estilismo-de-moda\/","url":"https:\/\/www.nebrija.com\/medios\/actualidadnebrija\/2020\/02\/25\/estilismo-de-moda\/","name":"Estilismo de Moda - Actualidad Nebrija","isPartOf":{"@id":"https:\/\/www.nebrija.com\/medios\/actualidadnebrija\/#website"},"datePublished":"2020-02-25T16:40:56+00:00","dateModified":"2020-02-25T16:40:56+00:00","author":{"@id":"https:\/\/www.nebrija.com\/medios\/actualidadnebrija\/#\/schema\/person\/eece520e53a2d6b773c896d785ca10ad"},"breadcrumb":{"@id":"https:\/\/www.nebrija.com\/medios\/actualidadnebrija\/2020\/02\/25\/estilismo-de-moda\/#breadcrumb"},"inLanguage":"es","potentialAction":[{"@type":"ReadAction","target":["https:\/\/www.nebrija.com\/medios\/actualidadnebrija\/2020\/02\/25\/estilismo-de-moda\/"]}]},{"@type":"BreadcrumbList","@id":"https:\/\/www.nebrija.com\/medios\/actualidadnebrija\/2020\/02\/25\/estilismo-de-moda\/#breadcrumb","itemListElement":[{"@type":"ListItem","position":1,"name":"Home","item":"https:\/\/www.nebrija.com\/medios\/actualidadnebrija\/"},{"@type":"ListItem","position":2,"name":"Estilismo de Moda"}]},{"@type":"WebSite","@id":"https:\/\/www.nebrija.com\/medios\/actualidadnebrija\/#website","url":"https:\/\/www.nebrija.com\/medios\/actualidadnebrija\/","name":"Actualidad Nebrija","description":"Noticias de la Universidad Nebrija","potentialAction":[{"@type":"SearchAction","target":{"@type":"EntryPoint","urlTemplate":"https:\/\/www.nebrija.com\/medios\/actualidadnebrija\/?s={search_term_string}"},"query-input":"required name=search_term_string"}],"inLanguage":"es"},{"@type":"Person","@id":"https:\/\/www.nebrija.com\/medios\/actualidadnebrija\/#\/schema\/person\/eece520e53a2d6b773c896d785ca10ad","name":"pmartinezma","image":{"@type":"ImageObject","inLanguage":"es","@id":"https:\/\/www.nebrija.com\/medios\/actualidadnebrija\/#\/schema\/person\/image\/","url":"https:\/\/secure.gravatar.com\/avatar\/5feaacc0ce30f23dc14c8724dc28a01f?s=96&d=mm&r=g","contentUrl":"https:\/\/secure.gravatar.com\/avatar\/5feaacc0ce30f23dc14c8724dc28a01f?s=96&d=mm&r=g","caption":"pmartinezma"},"url":"https:\/\/www.nebrija.com\/medios\/actualidadnebrija\/author\/pmartinezma\/"}]}},"_links":{"self":[{"href":"https:\/\/www.nebrija.com\/medios\/actualidadnebrija\/wp-json\/wp\/v2\/posts\/64045"}],"collection":[{"href":"https:\/\/www.nebrija.com\/medios\/actualidadnebrija\/wp-json\/wp\/v2\/posts"}],"about":[{"href":"https:\/\/www.nebrija.com\/medios\/actualidadnebrija\/wp-json\/wp\/v2\/types\/post"}],"author":[{"embeddable":true,"href":"https:\/\/www.nebrija.com\/medios\/actualidadnebrija\/wp-json\/wp\/v2\/users\/263"}],"replies":[{"embeddable":true,"href":"https:\/\/www.nebrija.com\/medios\/actualidadnebrija\/wp-json\/wp\/v2\/comments?post=64045"}],"version-history":[{"count":2,"href":"https:\/\/www.nebrija.com\/medios\/actualidadnebrija\/wp-json\/wp\/v2\/posts\/64045\/revisions"}],"predecessor-version":[{"id":64155,"href":"https:\/\/www.nebrija.com\/medios\/actualidadnebrija\/wp-json\/wp\/v2\/posts\/64045\/revisions\/64155"}],"wp:featuredmedia":[{"embeddable":true,"href":"https:\/\/www.nebrija.com\/medios\/actualidadnebrija\/wp-json\/wp\/v2\/media\/64046"}],"wp:attachment":[{"href":"https:\/\/www.nebrija.com\/medios\/actualidadnebrija\/wp-json\/wp\/v2\/media?parent=64045"}],"wp:term":[{"taxonomy":"category","embeddable":true,"href":"https:\/\/www.nebrija.com\/medios\/actualidadnebrija\/wp-json\/wp\/v2\/categories?post=64045"},{"taxonomy":"post_tag","embeddable":true,"href":"https:\/\/www.nebrija.com\/medios\/actualidadnebrija\/wp-json\/wp\/v2\/tags?post=64045"}],"curies":[{"name":"wp","href":"https:\/\/api.w.org\/{rel}","templated":true}]}}