{"id":64638,"date":"2020-03-11T12:22:04","date_gmt":"2020-03-11T11:22:04","guid":{"rendered":"https:\/\/www.nebrija.com\/medios\/actualidadnebrija\/?p=64638"},"modified":"2024-07-15T11:06:46","modified_gmt":"2024-07-15T09:06:46","slug":"lebrija-y-nebrija-unidos-en-el-v-centenario-de-antonio","status":"publish","type":"post","link":"https:\/\/www.nebrija.com\/medios\/actualidadnebrija\/2020\/03\/11\/lebrija-y-nebrija-unidos-en-el-v-centenario-de-antonio\/","title":{"rendered":"Lebrija y Nebrija, unidos en el V centenario de la muerte de Antonio de Nebrija"},"content":{"rendered":"<p>La Universidad Nebrija y la Fundaci\u00f3n Antonio de Nebrija han firmado un convenio con el Ayuntamiento de Lebrija para la organizaci\u00f3n conjunta de actividades conmemorativas del V centenario de la muerte de Antonio de Nebrija. Han rubricado el acuerdo Jos\u00e9 Benito Barroso, alcalde de Lebrija, y Fernando Tom\u00e9, vicerrector de Estudiantes y Empleabilidad de la Universidad Nebrija y director de la Fundaci\u00f3n Antonio de Nebrija.<\/p>\n<p>Dentro del proyecto cultural <em>2022, A\u00f1o Cultural Nebrija<\/em>, impulsado por el Ayuntamiento de Lebrija, las tres instituciones ya est\u00e1n elaborando un c\u00f3mic y organizando un congreso de lengua y gram\u00e1tica en Lebrija, pueblo natal de Antonio de Nebrija, en 2022, a las que se sumar\u00e1n otras actividades, a\u00fan en ciernes.<\/p>\n<p>En su intervenci\u00f3n, Barroso ha afirmado que &#8220;la Fundaci\u00f3n y la Universidad Nebrija se dan la mano con el Ayuntamiento bajo el fin com\u00fan de promocionar el legado de Antonio de Nebrija en el V centenario de su muerte&#8221;. Por su parte, Fernando Tom\u00e9 ha asegurado: &#8220;Es una maravillosa oportunidad de presentar las muchas y valiosas aportaciones de unos de los mayores pol\u00edmatas y humanistas de nuestra historia&#8221;.<\/p>\n<p>El pasado 23 de enero la Universidad Nebrija recibi\u00f3 la visita de Jos\u00e9 Benito Barroso y Jos\u00e9 \u00c1ngel Mart\u00ednez Fern\u00e1ndez, delegado de Cultura, Patrimonio y Turismo del Ayuntamiento de Lebrija, que fueron recibidos por Fernando Tom\u00e9 y Diego Moldes, director de Relaciones Institucionales de la Universidad Nebrija y de la Fundaci\u00f3n Antonio de Nebrija.<\/p>\n<p>La hist\u00f3rica y antigua villa de Nebrija, hoy Lebrija, localidad de la provincia de Sevilla con m\u00e1s de veintisiete mil habitantes, es el lugar de nacimiento de <a href=\"https:\/\/www.nebrija.com\/la_universidad\/presentacion\/biografia-antonio-nebrija.php\">Antonio de Nebrija<\/a> (1441-1522), nacido Antonio Mart\u00ednez de Cala y Xarana, el mayor humanista en espa\u00f1ol y quien da nombre a la Universidad Nebrija. El profundo legado cultural y educativo de este gran sabio renacentista marcado por la exigencia acad\u00e9mica, la transversalidad y la internacionalizaci\u00f3n est\u00e1 vivo en los propios valores de la Universidad Nebrija.<\/p>\n<p>En el a\u00f1o 2022 tendr\u00e1 lugar la celebraci\u00f3n del V Centenario de la muerte de Antonio de Nebrija. Entre sus aportaciones a la cultura espa\u00f1ola est\u00e1 la primera Gram\u00e1tica sobre la lengua castellana (1492), la primera gram\u00e1tica normativa de una lengua romance. Adem\u00e1s, destaca por sus <em>Introductiones latinae<\/em> (1481), sus diccionarios lat\u00edn-espa\u00f1ol (1492), espa\u00f1ol-lat\u00edn (1495) y su participaci\u00f3n en la Biblia Pol\u00edglota Complutense (1514).<\/p>\n<p><em>Texto: Javier Picos.\u00a0<\/em><\/p>\n\n\t\t<style type=\"text\/css\">\n\t\t\t#gallery-1 {\n\t\t\t\tmargin: auto;\n\t\t\t}\n\t\t\t#gallery-1 .gallery-item {\n\t\t\t\tfloat: left;\n\t\t\t\tmargin-top: 10px;\n\t\t\t\ttext-align: center;\n\t\t\t\twidth: 33%;\n\t\t\t}\n\t\t\t#gallery-1 img {\n\t\t\t\tborder: 2px solid #cfcfcf;\n\t\t\t}\n\t\t\t#gallery-1 .gallery-caption {\n\t\t\t\tmargin-left: 0;\n\t\t\t}\n\t\t\t\/* see gallery_shortcode() in wp-includes\/media.php *\/\n\t\t<\/style>\n\t\t<div id='gallery-1' class='gallery galleryid-64638 gallery-columns-3 gallery-size-thumbnail'><dl class='gallery-item'>\n\t\t\t<dt class='gallery-icon landscape'>\n\t\t\t\t<a href='https:\/\/www.nebrija.com\/medios\/actualidadnebrija\/wp-content\/uploads\/sites\/2\/2020\/03\/Firma-protocolo-Universidad-y-Fundaci\u00f3n-Nebrija-3-e1762427065231.jpg'><img loading=\"lazy\" decoding=\"async\" width=\"150\" height=\"150\" src=\"https:\/\/www.nebrija.com\/medios\/actualidadnebrija\/wp-content\/uploads\/sites\/2\/2020\/03\/Firma-protocolo-Universidad-y-Fundaci\u00f3n-Nebrija-3-150x150.jpg\" class=\"attachment-thumbnail size-thumbnail\" alt=\"\" \/><\/a>\n\t\t\t<\/dt><\/dl><dl class='gallery-item'>\n\t\t\t<dt class='gallery-icon landscape'>\n\t\t\t\t<a href='https:\/\/www.nebrija.com\/medios\/actualidadnebrija\/wp-content\/uploads\/sites\/2\/2020\/03\/Firma-protocolo-Universidad-y-Fundaci\u00f3n-Nebrija-4-e1757328646347.jpg'><img loading=\"lazy\" decoding=\"async\" width=\"150\" height=\"150\" src=\"https:\/\/www.nebrija.com\/medios\/actualidadnebrija\/wp-content\/uploads\/sites\/2\/2020\/03\/Firma-protocolo-Universidad-y-Fundaci\u00f3n-Nebrija-4-150x150.jpg\" class=\"attachment-thumbnail size-thumbnail\" alt=\"\" \/><\/a>\n\t\t\t<\/dt><\/dl>\n\t\t\t<br style='clear: both' \/>\n\t\t<\/div>\n\n","protected":false},"excerpt":{"rendered":"<p>La Universidad Nebrija y la Fundaci\u00f3n Antonio de Nebrija han firmado un convenio con el Ayuntamiento de Lebrija para la organizaci\u00f3n conjunta de actividades conmemorativas del V centenario de la muerte de Antonio de Nebrija. Han rubricado el acuerdo Jos\u00e9<\/p>\n","protected":false},"author":326,"featured_media":64639,"comment_status":"open","ping_status":"open","sticky":false,"template":"","format":"standard","meta":{"_acf_changed":false,"_monsterinsights_skip_tracking":false,"_monsterinsights_sitenote_active":false,"_monsterinsights_sitenote_note":"","_monsterinsights_sitenote_category":0,"footnotes":""},"categories":[3,12,3058],"tags":[3895,3324,3896],"acf":[],"yoast_head":"<!-- This site is optimized with the Yoast SEO plugin v22.1 - https:\/\/yoast.com\/wordpress\/plugins\/seo\/ -->\n<title>Lebrija y Nebrija, unidos en el V centenario de la muerte de Antonio de Nebrija - Actualidad Nebrija<\/title>\n<meta name=\"robots\" content=\"index, follow, max-snippet:-1, max-image-preview:large, max-video-preview:-1\" \/>\n<link rel=\"canonical\" href=\"https:\/\/www.nebrija.com\/medios\/actualidadnebrija\/2020\/03\/11\/lebrija-y-nebrija-unidos-en-el-v-centenario-de-antonio\/\" \/>\n<meta property=\"og:locale\" content=\"es_ES\" \/>\n<meta property=\"og:type\" content=\"article\" \/>\n<meta property=\"og:title\" content=\"Lebrija y Nebrija, unidos en el V centenario de la muerte de Antonio de Nebrija - Actualidad Nebrija\" \/>\n<meta property=\"og:description\" content=\"La Universidad Nebrija y la Fundaci\u00f3n Antonio de Nebrija han firmado un convenio con el Ayuntamiento de Lebrija para la organizaci\u00f3n conjunta de actividades conmemorativas del V centenario de la muerte de Antonio de Nebrija. Han rubricado el acuerdo Jos\u00e9\" \/>\n<meta property=\"og:url\" content=\"https:\/\/www.nebrija.com\/medios\/actualidadnebrija\/2020\/03\/11\/lebrija-y-nebrija-unidos-en-el-v-centenario-de-antonio\/\" \/>\n<meta property=\"og:site_name\" content=\"Actualidad Nebrija\" \/>\n<meta property=\"article:published_time\" content=\"2020-03-11T11:22:04+00:00\" \/>\n<meta property=\"article:modified_time\" content=\"2024-07-15T09:06:46+00:00\" \/>\n<meta property=\"og:image\" content=\"https:\/\/www.nebrija.com\/medios\/actualidadnebrija\/wp-content\/uploads\/sites\/2\/2020\/03\/Firma-protocolo-Universidad-y-Fundaci\u00f3n-Nebrija-3.jpg\" \/>\n\t<meta property=\"og:image:width\" content=\"1500\" \/>\n\t<meta property=\"og:image:height\" content=\"843\" \/>\n\t<meta property=\"og:image:type\" content=\"image\/jpeg\" \/>\n<meta name=\"author\" content=\"jpicos\" \/>\n<meta name=\"twitter:card\" content=\"summary_large_image\" \/>\n<meta name=\"twitter:label1\" content=\"Escrito por\" \/>\n\t<meta name=\"twitter:data1\" content=\"jpicos\" \/>\n\t<meta name=\"twitter:label2\" content=\"Tiempo de lectura\" \/>\n\t<meta name=\"twitter:data2\" content=\"2 minutos\" \/>\n<!-- \/ Yoast SEO plugin. -->","yoast_head_json":{"title":"Lebrija y Nebrija, unidos en el V centenario de la muerte de Antonio de Nebrija - Actualidad Nebrija","robots":{"index":"index","follow":"follow","max-snippet":"max-snippet:-1","max-image-preview":"max-image-preview:large","max-video-preview":"max-video-preview:-1"},"canonical":"https:\/\/www.nebrija.com\/medios\/actualidadnebrija\/2020\/03\/11\/lebrija-y-nebrija-unidos-en-el-v-centenario-de-antonio\/","og_locale":"es_ES","og_type":"article","og_title":"Lebrija y Nebrija, unidos en el V centenario de la muerte de Antonio de Nebrija - Actualidad Nebrija","og_description":"La Universidad Nebrija y la Fundaci\u00f3n Antonio de Nebrija han firmado un convenio con el Ayuntamiento de Lebrija para la organizaci\u00f3n conjunta de actividades conmemorativas del V centenario de la muerte de Antonio de Nebrija. Han rubricado el acuerdo Jos\u00e9","og_url":"https:\/\/www.nebrija.com\/medios\/actualidadnebrija\/2020\/03\/11\/lebrija-y-nebrija-unidos-en-el-v-centenario-de-antonio\/","og_site_name":"Actualidad Nebrija","article_published_time":"2020-03-11T11:22:04+00:00","article_modified_time":"2024-07-15T09:06:46+00:00","og_image":[{"width":1500,"height":843,"url":"https:\/\/www.nebrija.com\/medios\/actualidadnebrija\/wp-content\/uploads\/sites\/2\/2020\/03\/Firma-protocolo-Universidad-y-Fundaci\u00f3n-Nebrija-3.jpg","type":"image\/jpeg"}],"author":"jpicos","twitter_card":"summary_large_image","twitter_misc":{"Escrito por":"jpicos","Tiempo de lectura":"2 minutos"},"schema":{"@context":"https:\/\/schema.org","@graph":[{"@type":"WebPage","@id":"https:\/\/www.nebrija.com\/medios\/actualidadnebrija\/2020\/03\/11\/lebrija-y-nebrija-unidos-en-el-v-centenario-de-antonio\/","url":"https:\/\/www.nebrija.com\/medios\/actualidadnebrija\/2020\/03\/11\/lebrija-y-nebrija-unidos-en-el-v-centenario-de-antonio\/","name":"Lebrija y Nebrija, unidos en el V centenario de la muerte de Antonio de Nebrija - Actualidad Nebrija","isPartOf":{"@id":"https:\/\/www.nebrija.com\/medios\/actualidadnebrija\/#website"},"datePublished":"2020-03-11T11:22:04+00:00","dateModified":"2024-07-15T09:06:46+00:00","author":{"@id":"https:\/\/www.nebrija.com\/medios\/actualidadnebrija\/#\/schema\/person\/0cd40b7dd3f54459e2cfc009dbd255c6"},"breadcrumb":{"@id":"https:\/\/www.nebrija.com\/medios\/actualidadnebrija\/2020\/03\/11\/lebrija-y-nebrija-unidos-en-el-v-centenario-de-antonio\/#breadcrumb"},"inLanguage":"es","potentialAction":[{"@type":"ReadAction","target":["https:\/\/www.nebrija.com\/medios\/actualidadnebrija\/2020\/03\/11\/lebrija-y-nebrija-unidos-en-el-v-centenario-de-antonio\/"]}]},{"@type":"BreadcrumbList","@id":"https:\/\/www.nebrija.com\/medios\/actualidadnebrija\/2020\/03\/11\/lebrija-y-nebrija-unidos-en-el-v-centenario-de-antonio\/#breadcrumb","itemListElement":[{"@type":"ListItem","position":1,"name":"Home","item":"https:\/\/www.nebrija.com\/medios\/actualidadnebrija\/"},{"@type":"ListItem","position":2,"name":"Lebrija y Nebrija, unidos en el V centenario de la muerte de Antonio de Nebrija"}]},{"@type":"WebSite","@id":"https:\/\/www.nebrija.com\/medios\/actualidadnebrija\/#website","url":"https:\/\/www.nebrija.com\/medios\/actualidadnebrija\/","name":"Actualidad Nebrija","description":"Noticias de la Universidad Nebrija","potentialAction":[{"@type":"SearchAction","target":{"@type":"EntryPoint","urlTemplate":"https:\/\/www.nebrija.com\/medios\/actualidadnebrija\/?s={search_term_string}"},"query-input":"required name=search_term_string"}],"inLanguage":"es"},{"@type":"Person","@id":"https:\/\/www.nebrija.com\/medios\/actualidadnebrija\/#\/schema\/person\/0cd40b7dd3f54459e2cfc009dbd255c6","name":"jpicos","image":{"@type":"ImageObject","inLanguage":"es","@id":"https:\/\/www.nebrija.com\/medios\/actualidadnebrija\/#\/schema\/person\/image\/","url":"https:\/\/secure.gravatar.com\/avatar\/c4a1005cff3fd9bb5185e9671f4f3e9b?s=96&d=mm&r=g","contentUrl":"https:\/\/secure.gravatar.com\/avatar\/c4a1005cff3fd9bb5185e9671f4f3e9b?s=96&d=mm&r=g","caption":"jpicos"},"url":"https:\/\/www.nebrija.com\/medios\/actualidadnebrija\/author\/jpicos\/"}]}},"_links":{"self":[{"href":"https:\/\/www.nebrija.com\/medios\/actualidadnebrija\/wp-json\/wp\/v2\/posts\/64638"}],"collection":[{"href":"https:\/\/www.nebrija.com\/medios\/actualidadnebrija\/wp-json\/wp\/v2\/posts"}],"about":[{"href":"https:\/\/www.nebrija.com\/medios\/actualidadnebrija\/wp-json\/wp\/v2\/types\/post"}],"author":[{"embeddable":true,"href":"https:\/\/www.nebrija.com\/medios\/actualidadnebrija\/wp-json\/wp\/v2\/users\/326"}],"replies":[{"embeddable":true,"href":"https:\/\/www.nebrija.com\/medios\/actualidadnebrija\/wp-json\/wp\/v2\/comments?post=64638"}],"version-history":[{"count":5,"href":"https:\/\/www.nebrija.com\/medios\/actualidadnebrija\/wp-json\/wp\/v2\/posts\/64638\/revisions"}],"predecessor-version":[{"id":94006,"href":"https:\/\/www.nebrija.com\/medios\/actualidadnebrija\/wp-json\/wp\/v2\/posts\/64638\/revisions\/94006"}],"wp:featuredmedia":[{"embeddable":true,"href":"https:\/\/www.nebrija.com\/medios\/actualidadnebrija\/wp-json\/wp\/v2\/media\/64639"}],"wp:attachment":[{"href":"https:\/\/www.nebrija.com\/medios\/actualidadnebrija\/wp-json\/wp\/v2\/media?parent=64638"}],"wp:term":[{"taxonomy":"category","embeddable":true,"href":"https:\/\/www.nebrija.com\/medios\/actualidadnebrija\/wp-json\/wp\/v2\/categories?post=64638"},{"taxonomy":"post_tag","embeddable":true,"href":"https:\/\/www.nebrija.com\/medios\/actualidadnebrija\/wp-json\/wp\/v2\/tags?post=64638"}],"curies":[{"name":"wp","href":"https:\/\/api.w.org\/{rel}","templated":true}]}}