{"id":64745,"date":"2020-03-18T18:23:26","date_gmt":"2020-03-18T17:23:26","guid":{"rendered":"https:\/\/www.nebrija.com\/medios\/actualidadnebrija\/?p=64745"},"modified":"2020-03-18T18:28:17","modified_gmt":"2020-03-18T17:28:17","slug":"nuevo-horario-de-apertura-de-nuestros-campus","status":"publish","type":"post","link":"https:\/\/www.nebrija.com\/medios\/actualidadnebrija\/2020\/03\/18\/nuevo-horario-de-apertura-de-nuestros-campus\/","title":{"rendered":"Nuevo horario de apertura de nuestros Campus"},"content":{"rendered":"<p>Atendiendo a las \u00faltimas recomendaciones sanitarias, procederemos a <strong>limitar a\u00fan m\u00e1s la presencia en nuestros Campus<\/strong>. Como ya adelantamos en los \u00faltimos comunicados, el <strong>Campus de Dehesa de la Villa y el Edificio Joaqu\u00edn Mar\u00eda L\u00f3pez permanecer\u00e1n cerrados.<\/strong><\/p>\n<p>El Campus de La <strong>Berzosa<\/strong> y el Campus de <strong>Madrid-Princesa<\/strong> continuar\u00e1n abiertos en horario de <strong>9:00 a 14:00<\/strong>, de lunes a viernes.<\/p>\n<p>La <strong>atenci\u00f3n telef\u00f3nica<\/strong> en estos dos Campus se har\u00e1 de forma remota en horario de <strong>09:00 a 18:00<\/strong>. Os recordamos que el telef\u00f3no del Campus de La Berzosa es 91 452 11 01 y el del Campus de Madrid-Princesa es 91 452 11 03.<\/p>\n<p>Ambos Campus contar\u00e1n con la <strong>\u00fanica presencia<\/strong> de una <strong>persona de mantenimiento<\/strong> que se encargar\u00e1 de la apertura y cierre, sin que ello suponga atender a las personas que puedan requerir otros servicios ajenos al \u00e1rea de Infraestructuras. Para ello se seguir\u00e1 prestando servicio a trav\u00e9s de los canales telem\u00e1ticos habituales, tales como sistema de tickets, mail, Skype empresarial o tel\u00e9fonos.<\/p>\n<p>Los campus tendr\u00e1n las puertas cerradas y en la puerta figurar\u00e1 un m\u00f3vil de la persona que se encuentra en su interior. Se solicita a todos aquellos que por necesidades concretas puedan <strong>requerir acudir al Campus<\/strong> para llevar a cabo alguna gesti\u00f3n soliciten el acceso, con <strong>al menos 24 horas de antelaci\u00f3n<\/strong>, a<strong> Javier Rodriguez de las Heras<\/strong> mediante correo electr\u00f3nico <strong><a href=\"mailto:jrodrigueh@nebrija.es\">jrodrigueh@nebrija.es<\/a><\/strong> o a llam\u00e1ndole al <strong>609.03.24.31<\/strong>.<\/p>\n<p>Se ruega <strong>no acudir<\/strong> a los campus solicitados <strong>hasta no recibir respuesta afirmativa<\/strong>. En caso de no ser posible, se dar\u00e1n opciones alternativas que faciliten el acceso sin riesgo para nadie.<\/p>\n<p>Reiteramos las medidas impuestas por el Gobierno y rogamos el estricto cumplimiento de ellas en pro de remitir la situaci\u00f3n actual cuanto antes<\/p>\n","protected":false},"excerpt":{"rendered":"<p>Atendiendo a las \u00faltimas recomendaciones sanitarias, procederemos a limitar a\u00fan m\u00e1s la presencia en nuestros Campus. Como ya adelantamos en los \u00faltimos comunicados, el Campus de Dehesa de la Villa y el Edificio Joaqu\u00edn Mar\u00eda L\u00f3pez permanecer\u00e1n cerrados. El Campus<\/p>\n","protected":false},"author":263,"featured_media":64748,"comment_status":"open","ping_status":"open","sticky":false,"template":"","format":"standard","meta":{"_acf_changed":false,"_monsterinsights_skip_tracking":false,"_monsterinsights_sitenote_active":false,"_monsterinsights_sitenote_note":"","_monsterinsights_sitenote_category":0,"footnotes":""},"categories":[3076],"tags":[],"acf":[],"yoast_head":"<!-- This site is optimized with the Yoast SEO plugin v22.1 - https:\/\/yoast.com\/wordpress\/plugins\/seo\/ -->\n<title>Nuevo horario de apertura de nuestros Campus - Actualidad Nebrija<\/title>\n<meta name=\"robots\" content=\"index, follow, max-snippet:-1, max-image-preview:large, max-video-preview:-1\" \/>\n<link rel=\"canonical\" href=\"https:\/\/www.nebrija.com\/medios\/actualidadnebrija\/2020\/03\/18\/nuevo-horario-de-apertura-de-nuestros-campus\/\" \/>\n<meta property=\"og:locale\" content=\"es_ES\" \/>\n<meta property=\"og:type\" content=\"article\" \/>\n<meta property=\"og:title\" content=\"Nuevo horario de apertura de nuestros Campus - Actualidad Nebrija\" \/>\n<meta property=\"og:description\" content=\"Atendiendo a las \u00faltimas recomendaciones sanitarias, procederemos a limitar a\u00fan m\u00e1s la presencia en nuestros Campus. Como ya adelantamos en los \u00faltimos comunicados, el Campus de Dehesa de la Villa y el Edificio Joaqu\u00edn Mar\u00eda L\u00f3pez permanecer\u00e1n cerrados. El Campus\" \/>\n<meta property=\"og:url\" content=\"https:\/\/www.nebrija.com\/medios\/actualidadnebrija\/2020\/03\/18\/nuevo-horario-de-apertura-de-nuestros-campus\/\" \/>\n<meta property=\"og:site_name\" content=\"Actualidad Nebrija\" \/>\n<meta property=\"article:published_time\" content=\"2020-03-18T17:23:26+00:00\" \/>\n<meta property=\"article:modified_time\" content=\"2020-03-18T17:28:17+00:00\" \/>\n<meta property=\"og:image\" content=\"https:\/\/www.nebrija.com\/medios\/actualidadnebrija\/wp-content\/uploads\/sites\/2\/2020\/03\/Princesa-recepcion.jpg\" \/>\n\t<meta property=\"og:image:width\" content=\"1000\" \/>\n\t<meta property=\"og:image:height\" content=\"667\" \/>\n\t<meta property=\"og:image:type\" content=\"image\/jpeg\" \/>\n<meta name=\"author\" content=\"pmartinezma\" \/>\n<meta name=\"twitter:card\" content=\"summary_large_image\" \/>\n<meta name=\"twitter:label1\" content=\"Escrito por\" \/>\n\t<meta name=\"twitter:data1\" content=\"pmartinezma\" \/>\n\t<meta name=\"twitter:label2\" content=\"Tiempo de lectura\" \/>\n\t<meta name=\"twitter:data2\" content=\"1 minuto\" \/>\n<!-- \/ Yoast SEO plugin. -->","yoast_head_json":{"title":"Nuevo horario de apertura de nuestros Campus - Actualidad Nebrija","robots":{"index":"index","follow":"follow","max-snippet":"max-snippet:-1","max-image-preview":"max-image-preview:large","max-video-preview":"max-video-preview:-1"},"canonical":"https:\/\/www.nebrija.com\/medios\/actualidadnebrija\/2020\/03\/18\/nuevo-horario-de-apertura-de-nuestros-campus\/","og_locale":"es_ES","og_type":"article","og_title":"Nuevo horario de apertura de nuestros Campus - Actualidad Nebrija","og_description":"Atendiendo a las \u00faltimas recomendaciones sanitarias, procederemos a limitar a\u00fan m\u00e1s la presencia en nuestros Campus. Como ya adelantamos en los \u00faltimos comunicados, el Campus de Dehesa de la Villa y el Edificio Joaqu\u00edn Mar\u00eda L\u00f3pez permanecer\u00e1n cerrados. El Campus","og_url":"https:\/\/www.nebrija.com\/medios\/actualidadnebrija\/2020\/03\/18\/nuevo-horario-de-apertura-de-nuestros-campus\/","og_site_name":"Actualidad Nebrija","article_published_time":"2020-03-18T17:23:26+00:00","article_modified_time":"2020-03-18T17:28:17+00:00","og_image":[{"width":1000,"height":667,"url":"https:\/\/www.nebrija.com\/medios\/actualidadnebrija\/wp-content\/uploads\/sites\/2\/2020\/03\/Princesa-recepcion.jpg","type":"image\/jpeg"}],"author":"pmartinezma","twitter_card":"summary_large_image","twitter_misc":{"Escrito por":"pmartinezma","Tiempo de lectura":"1 minuto"},"schema":{"@context":"https:\/\/schema.org","@graph":[{"@type":"WebPage","@id":"https:\/\/www.nebrija.com\/medios\/actualidadnebrija\/2020\/03\/18\/nuevo-horario-de-apertura-de-nuestros-campus\/","url":"https:\/\/www.nebrija.com\/medios\/actualidadnebrija\/2020\/03\/18\/nuevo-horario-de-apertura-de-nuestros-campus\/","name":"Nuevo horario de apertura de nuestros Campus - Actualidad Nebrija","isPartOf":{"@id":"https:\/\/www.nebrija.com\/medios\/actualidadnebrija\/#website"},"datePublished":"2020-03-18T17:23:26+00:00","dateModified":"2020-03-18T17:28:17+00:00","author":{"@id":"https:\/\/www.nebrija.com\/medios\/actualidadnebrija\/#\/schema\/person\/eece520e53a2d6b773c896d785ca10ad"},"breadcrumb":{"@id":"https:\/\/www.nebrija.com\/medios\/actualidadnebrija\/2020\/03\/18\/nuevo-horario-de-apertura-de-nuestros-campus\/#breadcrumb"},"inLanguage":"es","potentialAction":[{"@type":"ReadAction","target":["https:\/\/www.nebrija.com\/medios\/actualidadnebrija\/2020\/03\/18\/nuevo-horario-de-apertura-de-nuestros-campus\/"]}]},{"@type":"BreadcrumbList","@id":"https:\/\/www.nebrija.com\/medios\/actualidadnebrija\/2020\/03\/18\/nuevo-horario-de-apertura-de-nuestros-campus\/#breadcrumb","itemListElement":[{"@type":"ListItem","position":1,"name":"Home","item":"https:\/\/www.nebrija.com\/medios\/actualidadnebrija\/"},{"@type":"ListItem","position":2,"name":"Nuevo horario de apertura de nuestros Campus"}]},{"@type":"WebSite","@id":"https:\/\/www.nebrija.com\/medios\/actualidadnebrija\/#website","url":"https:\/\/www.nebrija.com\/medios\/actualidadnebrija\/","name":"Actualidad Nebrija","description":"Noticias de la Universidad Nebrija","potentialAction":[{"@type":"SearchAction","target":{"@type":"EntryPoint","urlTemplate":"https:\/\/www.nebrija.com\/medios\/actualidadnebrija\/?s={search_term_string}"},"query-input":"required name=search_term_string"}],"inLanguage":"es"},{"@type":"Person","@id":"https:\/\/www.nebrija.com\/medios\/actualidadnebrija\/#\/schema\/person\/eece520e53a2d6b773c896d785ca10ad","name":"pmartinezma","image":{"@type":"ImageObject","inLanguage":"es","@id":"https:\/\/www.nebrija.com\/medios\/actualidadnebrija\/#\/schema\/person\/image\/","url":"https:\/\/secure.gravatar.com\/avatar\/5feaacc0ce30f23dc14c8724dc28a01f?s=96&d=mm&r=g","contentUrl":"https:\/\/secure.gravatar.com\/avatar\/5feaacc0ce30f23dc14c8724dc28a01f?s=96&d=mm&r=g","caption":"pmartinezma"},"url":"https:\/\/www.nebrija.com\/medios\/actualidadnebrija\/author\/pmartinezma\/"}]}},"_links":{"self":[{"href":"https:\/\/www.nebrija.com\/medios\/actualidadnebrija\/wp-json\/wp\/v2\/posts\/64745"}],"collection":[{"href":"https:\/\/www.nebrija.com\/medios\/actualidadnebrija\/wp-json\/wp\/v2\/posts"}],"about":[{"href":"https:\/\/www.nebrija.com\/medios\/actualidadnebrija\/wp-json\/wp\/v2\/types\/post"}],"author":[{"embeddable":true,"href":"https:\/\/www.nebrija.com\/medios\/actualidadnebrija\/wp-json\/wp\/v2\/users\/263"}],"replies":[{"embeddable":true,"href":"https:\/\/www.nebrija.com\/medios\/actualidadnebrija\/wp-json\/wp\/v2\/comments?post=64745"}],"version-history":[{"count":1,"href":"https:\/\/www.nebrija.com\/medios\/actualidadnebrija\/wp-json\/wp\/v2\/posts\/64745\/revisions"}],"predecessor-version":[{"id":64747,"href":"https:\/\/www.nebrija.com\/medios\/actualidadnebrija\/wp-json\/wp\/v2\/posts\/64745\/revisions\/64747"}],"wp:featuredmedia":[{"embeddable":true,"href":"https:\/\/www.nebrija.com\/medios\/actualidadnebrija\/wp-json\/wp\/v2\/media\/64748"}],"wp:attachment":[{"href":"https:\/\/www.nebrija.com\/medios\/actualidadnebrija\/wp-json\/wp\/v2\/media?parent=64745"}],"wp:term":[{"taxonomy":"category","embeddable":true,"href":"https:\/\/www.nebrija.com\/medios\/actualidadnebrija\/wp-json\/wp\/v2\/categories?post=64745"},{"taxonomy":"post_tag","embeddable":true,"href":"https:\/\/www.nebrija.com\/medios\/actualidadnebrija\/wp-json\/wp\/v2\/tags?post=64745"}],"curies":[{"name":"wp","href":"https:\/\/api.w.org\/{rel}","templated":true}]}}